{"id":11469,"date":"2025-01-29T14:34:40","date_gmt":"2025-01-29T12:34:40","guid":{"rendered":"https:\/\/www.welovecycling.com\/es\/?p=11469"},"modified":"2025-01-26T15:15:29","modified_gmt":"2025-01-26T13:15:29","slug":"temporada-ciclismo-femenino-2025","status":"publish","type":"post","link":"https:\/\/www.welovecycling.com\/es\/2025\/01\/29\/temporada-ciclismo-femenino-2025\/","title":{"rendered":"La temporada de ciclismo femenino 2025 por Kasia Niewiadoma"},"content":{"rendered":"<p><strong>La pr\u00f3xima temporada se perfila como una de las m\u00e1s emocionantes que hemos visto nunca en el ciclismo femenino. Por primera vez en a\u00f1os, las 10 a 15 mejores corredoras de la clasificaci\u00f3n de la UCI est\u00e1n repartidas entre varios equipos. Hasta la temporada pasada, el SD Worx dominaba la escena con una lista de ciclistas de alto nivel. Ahora, muchos de esos corredores se han trasladado a equipos competitivos, lo que va a animar las cosas como nunca antes.<\/strong><\/p>\n<p><!--more--><\/p>\n<p>A la intriga se a\u00f1ade el regreso de Anna van der Breggen al ciclismo profesional despu\u00e9s de un par\u00e9ntesis de tres a\u00f1os y el cambio de disciplina de <a href=\"https:\/\/www.welovecycling.com\/es\/2025\/01\/23\/pauline-ferrand-prevot\/\">Pauline Ferrand-Pr\u00e9vot<\/a>. Ambas aportar\u00e1n una nueva din\u00e1mica a un estilo de competici\u00f3n ya de por s\u00ed intenso y agitado.<\/p>\n<p>La campa\u00f1a de primavera de este a\u00f1o promete acci\u00f3n incesante, con una carrera importante casi cada semana desde principios de marzo hasta finales de abril. Con tantos aspirantes a la victoria respaldados por potentes equipos, el nivel de la competici\u00f3n se disparar\u00e1, haciendo que las carreras sean emocionantes tanto para los aficionados como para los pilotos.<\/p>\n<h2><strong>La evoluci\u00f3n de la competici\u00f3n<\/strong><\/h2>\n<p>Cada invierno, los equipos perfeccionan sus estrategias y los pilotos se esfuerzan m\u00e1s que nunca. Siempre empiezo la temporada sinti\u00e9ndome m\u00e1s fuerte, m\u00e1s confiado y mejor preparado. Pero entonces, la primera carrera me recuerda que todo el mundo ha estado trabajando duro.<br \/>\nGanar a este nivel es tanto una batalla mental como f\u00edsica. Atr\u00e1s quedaron los d\u00edas en los que s\u00f3lo tres o cinco corredorss eran aut\u00e9nticas aspirantes. Ahora, hay m\u00e1s de diez grandes l\u00edderes a las que batir, cada uno con un equipo incre\u00edblemente fuerte. Ya no se trata s\u00f3lo de potencia, sino de qui\u00e9n puede sufrir m\u00e1s y jugar mejor el juego mental.<\/p>\n<h2><strong>Fichajes: El pelot\u00f3n se mueve<\/strong><\/h2>\n<p>Esta temporada, los traspasos de equipos han remodelado por completo el pelot\u00f3n. El paso de Demi Vollering del SD Worx al FDJ es uno de los cambios m\u00e1s sonados. Verla competir con Lotte Kopecky ser\u00e1 fascinante.<\/p>\n<p>Tambi\u00e9n destaca el traspaso de Marlen Reusser al Movistar. Reusser y sus antiguas compa\u00f1eras de equipo ser\u00e1n ahora rivales. <a href=\"https:\/\/www.welovecycling.com\/wide\/2024\/09\/26\/get-to-know-the-womens-peloton-elisa-longo-borghini\/\">Elisa Longo Borghini<\/a> se ha unido al UAE, dejando el Trek, lo que permitir\u00e1 a otras corredoras asumir funciones de liderazgo.<\/p>\n<p>Un equipo por el que siento especial curiosidad es el FDJ. Tiene una plantilla muy potente, llena de escaladoras con ambiciones similares. Ser\u00e1 interesante ver c\u00f3mo gestionan esos objetivos personales y encuentran un enfoque unificado de la carrera. Mi antigua compa\u00f1era de equipo, Elise Chabbey, tambi\u00e9n se ha unido al FDJ, y estoy deseando ver c\u00f3mo encaja. Su \u00e9xito podr\u00eda ser visible desde el principio, o puede que haga falta tiempo para que todo el mundo se integre. Los grandes cambios de este tipo siempre requieren cierta adaptaci\u00f3n, pero una vez que el equipo se adapta, puede llegar a ser imparable.<\/p>\n<p>En mi equipo, hemos dado la bienvenida a Cecilie Uttrup Ludwig, que a\u00f1ade profundidad y fuerza a nuestro grupo de escalada y cl\u00e1sicas. Por su parte, el fichaje de Pauline Ferrand-Pr\u00e9vot por el Jumbo-Visma ampl\u00eda a\u00fan m\u00e1s la cantera de talentos. Con tantos corredores potentes distribuidos en equipos competitivos, esta temporada va a ser brutal, muy disputada y absolutamente emocionante de ver.<\/p>\n<figure id=\"attachment_11445\" aria-describedby=\"caption-attachment-11445\" style=\"width: 990px\" class=\"wp-caption alignnone\"><a href=\"https:\/\/d2p6e6u75xmxt8.cloudfront.net\/6\/2025\/01\/Pauline-Ferrand-Prevot-MTB-Olympics-profimedia-0894769556.webp\"><img loading=\"lazy\" decoding=\"async\" class=\"wp-image-11445 size-full\" src=\"https:\/\/d2p6e6u75xmxt8.cloudfront.net\/6\/2025\/01\/Pauline-Ferrand-Prevot-MTB-Olympics-profimedia-0894769556.webp\" alt=\"Pauline-Ferrand Prevot\" width=\"990\" height=\"660\" srcset=\"https:\/\/d2p6e6u75xmxt8.cloudfront.net\/6\/2025\/01\/Pauline-Ferrand-Prevot-MTB-Olympics-profimedia-0894769556.webp 990w, https:\/\/d2p6e6u75xmxt8.cloudfront.net\/6\/2025\/01\/Pauline-Ferrand-Prevot-MTB-Olympics-profimedia-0894769556-300x200.webp 300w, https:\/\/d2p6e6u75xmxt8.cloudfront.net\/6\/2025\/01\/Pauline-Ferrand-Prevot-MTB-Olympics-profimedia-0894769556-768x512.webp 768w, https:\/\/d2p6e6u75xmxt8.cloudfront.net\/6\/2025\/01\/Pauline-Ferrand-Prevot-MTB-Olympics-profimedia-0894769556-400x267.webp 400w, https:\/\/d2p6e6u75xmxt8.cloudfront.net\/6\/2025\/01\/Pauline-Ferrand-Prevot-MTB-Olympics-profimedia-0894769556-272x182.webp 272w\" sizes=\"auto, (max-width: 990px) 100vw, 990px\" \/><\/a><figcaption id=\"caption-attachment-11445\" class=\"wp-caption-text\">Pauline Ferrand-Pr\u00e9vot, sin\u00f3nimo de dominio en m\u00faltiples disciplinas ciclistas, se prepara para su pr\u00f3ximo gran reto: conquistar el Tour de Francia Femenino con Zwift. \u00a9 Profimedia<\/figcaption><\/figure>\n<h2><strong><br \/>\nCarreras y nuevas pruebas<\/strong><\/h2>\n<p>En estos momentos, estoy centrada en la <a href=\"https:\/\/www.welovecycling.com\/es\/2018\/03\/16\/strade-bianche-cicloturista-carrera-profesional\/\">Strade Bianche<\/a>. Es mi cl\u00e1sica de primavera favorita y he estado a punto de ganarla en varias ocasiones. Este a\u00f1o, voy a por todas.<\/p>\n<p>Los organizadores de las carreras dise\u00f1an recorridos cada vez m\u00e1s exigentes, que favorecen a los ciclistas polivalentes, capaces de escalar y de esprintar. Las oportunidades para los velocistas puros o los especialistas en contrarreloj son cada vez menores, lo que lleva a muchos corredores a ajustar su entrenamiento e incluso a transformar sus cuerpos para seguir siendo competitivos.<\/p>\n<p>Adaptarse a estos cambios exige una innovaci\u00f3n constante en los m\u00e9todos de entrenamiento y recuperaci\u00f3n. Para los ciclistas de m\u00e1s edad, puede resultar especialmente dif\u00edcil seguir el ritmo de las exigencias cambiantes del pelot\u00f3n, pero eso es lo que hace que este deporte sea tan din\u00e1mico y emocionante.<\/p>\n<h2><strong>El crecimiento del ciclismo femenino<\/strong><\/h2>\n<p>El crecimiento mundial del ciclismo femenino es innegable. La cobertura televisiva diaria es cada vez mayor, lo que significa que m\u00e1s gente descubre y se enamora de este deporte. Con una mayor exposici\u00f3n aumenta el inter\u00e9s del p\u00fablico, y a medida que el ciclismo atrae a grupos m\u00e1s grandes de aficionados, atrae a patrocinadores m\u00e1s grandes que ayudan a que el deporte crezca a\u00fan m\u00e1s r\u00e1pido.<\/p>\n<p>Mi sue\u00f1o es vivir en un mundo en el que el ciclismo sea tan popular como el f\u00fatbol y nombres como Pogacar sean tan conocidos como Ronaldo. Para que eso ocurra, creo que la cobertura medi\u00e1tica podr\u00eda centrarse m\u00e1s en explicar los fundamentos del ciclismo a nuevos p\u00fablicos. Ayudar a la gente a entender las t\u00e1cticas y los matices de este deporte podr\u00eda hacerlo a\u00fan m\u00e1s accesible.<\/p>\n<h2><strong>Un mensaje para aficionados y aspirantes<\/strong><\/h2>\n<p>A los aficionados que siguen el ciclismo femenino m\u00e1s de cerca que nunca: \u00a1preparaos porque 2025 va a ser apasionante!<br \/>\nPara las aspirantes a ciclistas, los cambios en el deporte significan que ahora hay m\u00e1s oportunidades de unirse a los equipos adecuados y desarrollarse adecuadamente. Los equipos de hoy est\u00e1n dirigidos por l\u00edderes experimentados y con visi\u00f3n de futuro que pueden nutrir a los j\u00f3venes talentos de una forma que antes no era posible.<\/p>\n<p>Esto es s\u00f3lo el principio de una temporada incre\u00edble, y estoy impaciente por ver c\u00f3mo se desarrolla todo.<\/p>\n","protected":false},"excerpt":{"rendered":"<p>La pr\u00f3xima temporada se perfila como una de las m\u00e1s emocionantes que hemos visto nunca en el ciclismo femenino. Por [&hellip;]<\/p>\n","protected":false},"author":29,"featured_media":11473,"comment_status":"open","ping_status":"open","sticky":false,"template":"","format":"standard","meta":{"footnotes":""},"categories":[7],"tags":[],"global-categories":[],"class_list":["post-11469","post","type-post","status-publish","format-standard","has-post-thumbnail","hentry","category-carretera"],"yoast_head":"<!-- This site is optimized with the Yoast SEO Premium plugin v25.3 (Yoast SEO v25.9) - https:\/\/yoast.com\/wordpress\/plugins\/seo\/ -->\n<title>La temporada de ciclismo femenino 2025 por Kasia Niewiadoma<\/title>\n<meta name=\"description\" content=\"La temporada de ciclismo femenino 2025 por Kasia Niewiadoma. Nuevos fichajes, carreras interesantes y un pelot\u00f3n con futuro.\" \/>\n<meta name=\"robots\" content=\"index, follow, max-snippet:-1, max-image-preview:large, max-video-preview:-1\" \/>\n<link rel=\"canonical\" href=\"https:\/\/www.welovecycling.com\/es\/2025\/01\/29\/temporada-ciclismo-femenino-2025\/\" \/>\n<meta property=\"og:locale\" content=\"es_ES\" \/>\n<meta property=\"og:type\" content=\"article\" \/>\n<meta property=\"og:title\" content=\"La temporada de ciclismo femenino 2025 por Kasia Niewiadoma\" \/>\n<meta property=\"og:description\" content=\"La temporada de ciclismo femenino 2025 por Kasia Niewiadoma. Nuevos fichajes, carreras interesantes y un pelot\u00f3n con futuro.\" \/>\n<meta property=\"og:url\" content=\"https:\/\/www.welovecycling.com\/es\/2025\/01\/29\/temporada-ciclismo-femenino-2025\/\" \/>\n<meta property=\"og:site_name\" content=\"\u0160koda We Love Cycling - Spain\" \/>\n<meta property=\"article:published_time\" content=\"2025-01-29T12:34:40+00:00\" \/>\n<meta property=\"og:image\" content=\"https:\/\/d2p6e6u75xmxt8.cloudfront.net\/6\/2025\/01\/Kasia-Niewiadoma-Women39s-Peloton-profimedia-0913173869-CVR.webp\" \/>\n\t<meta property=\"og:image:width\" content=\"990\" \/>\n\t<meta property=\"og:image:height\" content=\"660\" \/>\n\t<meta property=\"og:image:type\" content=\"image\/webp\" \/>\n<meta name=\"author\" content=\"We Love Cycling Spain\" \/>\n<meta name=\"twitter:card\" content=\"summary_large_image\" \/>\n<meta name=\"twitter:description\" content=\"La temporada de ciclismo femenino 2025 por Kasia Niewiadoma. Nuevos fichajes, carreras interesantes y un pelot\u00f3n con futuro.\" \/>\n<meta name=\"twitter:label1\" content=\"Written by\" \/>\n\t<meta name=\"twitter:data1\" content=\"Kasia Niewiadoma\" \/>\n\t<meta name=\"twitter:label2\" content=\"Est. reading time\" \/>\n\t<meta name=\"twitter:data2\" content=\"3\" \/>\n<script type=\"application\/ld+json\" class=\"yoast-schema-graph\">{\"@context\":\"https:\/\/schema.org\",\"@graph\":[{\"@type\":\"WebPage\",\"@id\":\"https:\/\/www.welovecycling.com\/es\/2025\/01\/29\/temporada-ciclismo-femenino-2025\/\",\"url\":\"https:\/\/www.welovecycling.com\/es\/2025\/01\/29\/temporada-ciclismo-femenino-2025\/\",\"name\":\"La temporada de ciclismo femenino 2025 por Kasia Niewiadoma\",\"isPartOf\":{\"@id\":\"https:\/\/www.welovecycling.com\/es\/#website\"},\"primaryImageOfPage\":{\"@id\":\"https:\/\/www.welovecycling.com\/es\/2025\/01\/29\/temporada-ciclismo-femenino-2025\/#primaryimage\"},\"image\":{\"@id\":\"https:\/\/www.welovecycling.com\/es\/2025\/01\/29\/temporada-ciclismo-femenino-2025\/#primaryimage\"},\"thumbnailUrl\":\"https:\/\/d2p6e6u75xmxt8.cloudfront.net\/6\/2025\/01\/Kasia-Niewiadoma-Women39s-Peloton-profimedia-0913173869-CVR.webp\",\"datePublished\":\"2025-01-29T12:34:40+00:00\",\"author\":{\"@id\":\"https:\/\/www.welovecycling.com\/es\/#\/schema\/person\/deb61715b5812698ee79fb96f343ccd4\"},\"description\":\"La temporada de ciclismo femenino 2025 por Kasia Niewiadoma. Nuevos fichajes, carreras interesantes y un pelot\u00f3n con futuro.\",\"breadcrumb\":{\"@id\":\"https:\/\/www.welovecycling.com\/es\/2025\/01\/29\/temporada-ciclismo-femenino-2025\/#breadcrumb\"},\"inLanguage\":\"es-ES\",\"potentialAction\":[{\"@type\":\"ReadAction\",\"target\":[\"https:\/\/www.welovecycling.com\/es\/2025\/01\/29\/temporada-ciclismo-femenino-2025\/\"]}]},{\"@type\":\"ImageObject\",\"inLanguage\":\"es-ES\",\"@id\":\"https:\/\/www.welovecycling.com\/es\/2025\/01\/29\/temporada-ciclismo-femenino-2025\/#primaryimage\",\"url\":\"https:\/\/d2p6e6u75xmxt8.cloudfront.net\/6\/2025\/01\/Kasia-Niewiadoma-Women39s-Peloton-profimedia-0913173869-CVR.webp\",\"contentUrl\":\"https:\/\/d2p6e6u75xmxt8.cloudfront.net\/6\/2025\/01\/Kasia-Niewiadoma-Women39s-Peloton-profimedia-0913173869-CVR.webp\",\"width\":990,\"height\":660,\"caption\":\"Kasia Niewiadoma\"},{\"@type\":\"BreadcrumbList\",\"@id\":\"https:\/\/www.welovecycling.com\/es\/2025\/01\/29\/temporada-ciclismo-femenino-2025\/#breadcrumb\",\"itemListElement\":[{\"@type\":\"ListItem\",\"position\":1,\"name\":\"Home\",\"item\":\"https:\/\/www.welovecycling.com\/es\/\"},{\"@type\":\"ListItem\",\"position\":2,\"name\":\"La temporada de ciclismo femenino 2025 por Kasia Niewiadoma\"}]},{\"@type\":\"WebSite\",\"@id\":\"https:\/\/www.welovecycling.com\/es\/#website\",\"url\":\"https:\/\/www.welovecycling.com\/es\/\",\"name\":\"\u0160koda We Love Cycling - Spain\",\"description\":\"\u0160koda WeLoveCycling Spain\",\"potentialAction\":[{\"@type\":\"SearchAction\",\"target\":{\"@type\":\"EntryPoint\",\"urlTemplate\":\"https:\/\/www.welovecycling.com\/es\/?s={search_term_string}\"},\"query-input\":{\"@type\":\"PropertyValueSpecification\",\"valueRequired\":true,\"valueName\":\"search_term_string\"}}],\"inLanguage\":\"es-ES\"},{\"@type\":\"Person\",\"@id\":\"https:\/\/www.welovecycling.com\/es\/#\/schema\/person\/deb61715b5812698ee79fb96f343ccd4\",\"name\":\"We Love Cycling Spain\",\"image\":{\"@type\":\"ImageObject\",\"inLanguage\":\"es-ES\",\"@id\":\"https:\/\/www.welovecycling.com\/es\/#\/schema\/person\/image\/\",\"url\":\"https:\/\/secure.gravatar.com\/avatar\/c824b04e6df0e37a03219d0b6481672889df542894588964102459e46513159c?s=96&d=mm&r=g\",\"contentUrl\":\"https:\/\/secure.gravatar.com\/avatar\/c824b04e6df0e37a03219d0b6481672889df542894588964102459e46513159c?s=96&d=mm&r=g\",\"caption\":\"We Love Cycling Spain\"},\"url\":\"https:\/\/www.welovecycling.com\/es\/author\/amunoz\/\"}]}<\/script>\n<!-- \/ Yoast SEO Premium plugin. -->","yoast_head_json":{"title":"La temporada de ciclismo femenino 2025 por Kasia Niewiadoma","description":"La temporada de ciclismo femenino 2025 por Kasia Niewiadoma. Nuevos fichajes, carreras interesantes y un pelot\u00f3n con futuro.","robots":{"index":"index","follow":"follow","max-snippet":"max-snippet:-1","max-image-preview":"max-image-preview:large","max-video-preview":"max-video-preview:-1"},"canonical":"https:\/\/www.welovecycling.com\/es\/2025\/01\/29\/temporada-ciclismo-femenino-2025\/","og_locale":"es_ES","og_type":"article","og_title":"La temporada de ciclismo femenino 2025 por Kasia Niewiadoma","og_description":"La temporada de ciclismo femenino 2025 por Kasia Niewiadoma. Nuevos fichajes, carreras interesantes y un pelot\u00f3n con futuro.","og_url":"https:\/\/www.welovecycling.com\/es\/2025\/01\/29\/temporada-ciclismo-femenino-2025\/","og_site_name":"\u0160koda We Love Cycling - Spain","article_published_time":"2025-01-29T12:34:40+00:00","og_image":[{"width":990,"height":660,"url":"https:\/\/d2p6e6u75xmxt8.cloudfront.net\/6\/2025\/01\/Kasia-Niewiadoma-Women39s-Peloton-profimedia-0913173869-CVR.webp","type":"image\/webp"}],"author":"We Love Cycling Spain","twitter_card":"summary_large_image","twitter_description":"La temporada de ciclismo femenino 2025 por Kasia Niewiadoma. Nuevos fichajes, carreras interesantes y un pelot\u00f3n con futuro.","twitter_misc":{"Written by":"Kasia Niewiadoma","Est. reading time":"3"},"schema":{"@context":"https:\/\/schema.org","@graph":[{"@type":"WebPage","@id":"https:\/\/www.welovecycling.com\/es\/2025\/01\/29\/temporada-ciclismo-femenino-2025\/","url":"https:\/\/www.welovecycling.com\/es\/2025\/01\/29\/temporada-ciclismo-femenino-2025\/","name":"La temporada de ciclismo femenino 2025 por Kasia Niewiadoma","isPartOf":{"@id":"https:\/\/www.welovecycling.com\/es\/#website"},"primaryImageOfPage":{"@id":"https:\/\/www.welovecycling.com\/es\/2025\/01\/29\/temporada-ciclismo-femenino-2025\/#primaryimage"},"image":{"@id":"https:\/\/www.welovecycling.com\/es\/2025\/01\/29\/temporada-ciclismo-femenino-2025\/#primaryimage"},"thumbnailUrl":"https:\/\/d2p6e6u75xmxt8.cloudfront.net\/6\/2025\/01\/Kasia-Niewiadoma-Women39s-Peloton-profimedia-0913173869-CVR.webp","datePublished":"2025-01-29T12:34:40+00:00","author":{"@id":"https:\/\/www.welovecycling.com\/es\/#\/schema\/person\/deb61715b5812698ee79fb96f343ccd4"},"description":"La temporada de ciclismo femenino 2025 por Kasia Niewiadoma. Nuevos fichajes, carreras interesantes y un pelot\u00f3n con futuro.","breadcrumb":{"@id":"https:\/\/www.welovecycling.com\/es\/2025\/01\/29\/temporada-ciclismo-femenino-2025\/#breadcrumb"},"inLanguage":"es-ES","potentialAction":[{"@type":"ReadAction","target":["https:\/\/www.welovecycling.com\/es\/2025\/01\/29\/temporada-ciclismo-femenino-2025\/"]}]},{"@type":"ImageObject","inLanguage":"es-ES","@id":"https:\/\/www.welovecycling.com\/es\/2025\/01\/29\/temporada-ciclismo-femenino-2025\/#primaryimage","url":"https:\/\/d2p6e6u75xmxt8.cloudfront.net\/6\/2025\/01\/Kasia-Niewiadoma-Women39s-Peloton-profimedia-0913173869-CVR.webp","contentUrl":"https:\/\/d2p6e6u75xmxt8.cloudfront.net\/6\/2025\/01\/Kasia-Niewiadoma-Women39s-Peloton-profimedia-0913173869-CVR.webp","width":990,"height":660,"caption":"Kasia Niewiadoma"},{"@type":"BreadcrumbList","@id":"https:\/\/www.welovecycling.com\/es\/2025\/01\/29\/temporada-ciclismo-femenino-2025\/#breadcrumb","itemListElement":[{"@type":"ListItem","position":1,"name":"Home","item":"https:\/\/www.welovecycling.com\/es\/"},{"@type":"ListItem","position":2,"name":"La temporada de ciclismo femenino 2025 por Kasia Niewiadoma"}]},{"@type":"WebSite","@id":"https:\/\/www.welovecycling.com\/es\/#website","url":"https:\/\/www.welovecycling.com\/es\/","name":"\u0160koda We Love Cycling - Spain","description":"\u0160koda WeLoveCycling Spain","potentialAction":[{"@type":"SearchAction","target":{"@type":"EntryPoint","urlTemplate":"https:\/\/www.welovecycling.com\/es\/?s={search_term_string}"},"query-input":{"@type":"PropertyValueSpecification","valueRequired":true,"valueName":"search_term_string"}}],"inLanguage":"es-ES"},{"@type":"Person","@id":"https:\/\/www.welovecycling.com\/es\/#\/schema\/person\/deb61715b5812698ee79fb96f343ccd4","name":"We Love Cycling Spain","image":{"@type":"ImageObject","inLanguage":"es-ES","@id":"https:\/\/www.welovecycling.com\/es\/#\/schema\/person\/image\/","url":"https:\/\/secure.gravatar.com\/avatar\/c824b04e6df0e37a03219d0b6481672889df542894588964102459e46513159c?s=96&d=mm&r=g","contentUrl":"https:\/\/secure.gravatar.com\/avatar\/c824b04e6df0e37a03219d0b6481672889df542894588964102459e46513159c?s=96&d=mm&r=g","caption":"We Love Cycling Spain"},"url":"https:\/\/www.welovecycling.com\/es\/author\/amunoz\/"}]}},"_links":{"self":[{"href":"https:\/\/www.welovecycling.com\/es\/wp-json\/wp\/v2\/posts\/11469","targetHints":{"allow":["GET"]}}],"collection":[{"href":"https:\/\/www.welovecycling.com\/es\/wp-json\/wp\/v2\/posts"}],"about":[{"href":"https:\/\/www.welovecycling.com\/es\/wp-json\/wp\/v2\/types\/post"}],"author":[{"embeddable":true,"href":"https:\/\/www.welovecycling.com\/es\/wp-json\/wp\/v2\/users\/29"}],"replies":[{"embeddable":true,"href":"https:\/\/www.welovecycling.com\/es\/wp-json\/wp\/v2\/comments?post=11469"}],"version-history":[{"count":2,"href":"https:\/\/www.welovecycling.com\/es\/wp-json\/wp\/v2\/posts\/11469\/revisions"}],"predecessor-version":[{"id":11475,"href":"https:\/\/www.welovecycling.com\/es\/wp-json\/wp\/v2\/posts\/11469\/revisions\/11475"}],"wp:featuredmedia":[{"embeddable":true,"href":"https:\/\/www.welovecycling.com\/es\/wp-json\/wp\/v2\/media\/11473"}],"wp:attachment":[{"href":"https:\/\/www.welovecycling.com\/es\/wp-json\/wp\/v2\/media?parent=11469"}],"wp:term":[{"taxonomy":"category","embeddable":true,"href":"https:\/\/www.welovecycling.com\/es\/wp-json\/wp\/v2\/categories?post=11469"},{"taxonomy":"post_tag","embeddable":true,"href":"https:\/\/www.welovecycling.com\/es\/wp-json\/wp\/v2\/tags?post=11469"},{"taxonomy":"global-categories","embeddable":true,"href":"https:\/\/www.welovecycling.com\/es\/wp-json\/wp\/v2\/global-categories?post=11469"}],"curies":[{"name":"wp","href":"https:\/\/api.w.org\/{rel}","templated":true}]}}