{"id":11465,"date":"2025-01-26T12:59:11","date_gmt":"2025-01-26T10:59:11","guid":{"rendered":"https:\/\/www.welovecycling.com\/es\/?p=11465"},"modified":"2025-01-26T12:59:11","modified_gmt":"2025-01-26T10:59:11","slug":"la-generacion-z-del-ciclismo-espanol","status":"publish","type":"post","link":"https:\/\/www.welovecycling.com\/es\/2025\/01\/26\/la-generacion-z-del-ciclismo-espanol\/","title":{"rendered":"La Generaci\u00f3n Z del ciclismo espa\u00f1ol"},"content":{"rendered":"<p><strong>Abril de 2023. Paris Roubaix. El entonces seleccionador se conforma con ense\u00f1ar a los j\u00f3venes ciclistas de la Generaci\u00f3n Z los primeros tramos de adoquines de la carrera j\u00fanior. &#8220;Si luego en los \u00faltimos casi todos ir\u00e1n descolgados&#8221;, me dice. Pienso lo mismo. Jam\u00e1s han corrido all\u00ed y la participaci\u00f3n espa\u00f1ola, hist\u00f3ricamente, suele ser pobre. Solo un sexto puesto de Carlos Rodr\u00edguez en 2018. Demasiado poco para tener esperanzas. Sucedi\u00f3 todo lo contrario.<\/strong><\/p>\n<p><!--more--><\/p>\n<p>Aquel d\u00eda la Generaci\u00f3n Z del ciclismo espa\u00f1ol dio el primer ejemplo de que las cosas estaban cambiando. La Paris Roubaix junior se disputa el mismo d\u00eda que la prueba profesional masculina. La diferencia es que solo tiene 120 kil\u00f3metros y 17 tramos de adoquines, los siguientes al terror\u00edfico Bosque de Arenberg. La prueba se rompe y se vuelve a unir las mismas veces que en pro. A disputar la victoria en el vel\u00f3dromo de Roubaix llegan los elegidos y para un debutante en adoquines es casi imposible estar delante.\u00a0 Lo normal es que acabes subi\u00e9ndote al coche. Pues entraron cuatro entre los 25 primeros, un \u00e9xito. <strong>H\u00e9ctor \u00c1lvarez, Adri\u00e1 Pericas, Markel Beloki y Pablo Lospitao<\/strong>. Los tres primeros ya tienen contrato profesional y el cuarto, <strong>Pablo Lospitao,<\/strong> est\u00e1 en el filial del Caja Rural Alea. Marc Zafra, que acab\u00f3 en el puesto 46, ya corre para el filial del Soudal Quick Step&#8230;<\/p>\n<h2><b>\u00c1lvarez, Beloki, Pericas, Torres, Freire&#8230;<\/b><\/h2>\n<p>Al a\u00f1o siguiente, en 2024, repiti\u00f3 <a href=\"https:\/\/www.procyclingstats.com\/rider\/hector-alvarez-martinez\/start\">H\u00e9ctor \u00c1lvarez<\/a>, que en 2023 era de primer a\u00f1o. Mejor\u00f3 la prestaci\u00f3n. Noveno. A un minuto del grupo de cabeza. Fue casi su peor actuaci\u00f3n de una temporada en la que sum\u00f3 m\u00e1s de una decena de victorias, algunas tan prestigiosas como la Philippe Gilbert J\u00fanior belga o la Eroica italiana y termin\u00f3 segundo en el Campeonato de Europa y sexto en el Mundial. Ya ten\u00eda un acuerdo de colaboraci\u00f3n con el <strong>Lidl Trek<\/strong> desde diciembre de 2023, que le permit\u00eda entrenar y tener material del equipo. En diciembre, ya era ciclista de pleno derecho del equipo World Tour y solo una ca\u00edda entrenando y una fractura de clav\u00edcula le han impedido debutar en categor\u00eda profesional. Su sue\u00f1o, ganar la Paris Roubaix, una frontera a la que todav\u00eda no ha llegado el ciclismo espa\u00f1ol.<\/p>\n<p><img loading=\"lazy\" decoding=\"async\" class=\"alignnone size-extra-large\" src=\"https:\/\/s2.ppllstatics.com\/lasprovincias\/www\/multimedia\/2024\/12\/29\/hector%20alvarez-Rae9XQowUd8b3CwnidAKAKO-1200x840@Las%20Provincias.jpg\" width=\"1200\" height=\"840\" \/><\/p>\n<p>De aquella selecci\u00f3n de la Roubaix de 2023 el que si conoce el World Tour es <a href=\"https:\/\/www.procyclingstats.com\/rider\/markel-beloki\/2024\">Markel Beloki<\/a>. Es del a\u00f1o 2005 y cumpli\u00f3 los 19 enfundado en el maillot del <strong>Education First.<\/strong> Su salto fue directamente de j\u00fanior a World Tour, igual que Carlos Rodr\u00edguez. En su primer a\u00f1o ya estuvo compitiendo en carreras del m\u00e1ximo nivel como Itzulia, Klasikoa o el Tour de los Alpes y para este 2025 ha empezado en el Tour Down Under y apunta a la Paris Roubaix 2025.<\/p>\n<p><a href=\"https:\/\/www.procyclingstats.com\/rider\/adria-pericas-capdevila\">Adri\u00e1 Pericas<\/a> lo conocer\u00e1 en este 2025 enrolado en el equipo Generaci\u00f3n Z del UAE, con el que ya ten\u00eda un acuerdo previo para disfrutar de material y consejos de entrenamiento, igual que H\u00e9ctor \u00c1lvarez. El catal\u00e1n tambi\u00e9n se marc\u00f3 un 2024 con m\u00e1s de una decena de victorias en la categor\u00eda j\u00fanior, entre ellas la prestigiosa Vuelta al Besaya y el GP Baron italiano, adem\u00e1s de ser Campe\u00f3n de Espa\u00f1a Contrarreloj.<\/p>\n<figure style=\"width: 1600px\" class=\"wp-caption alignnone\"><img loading=\"lazy\" decoding=\"async\" src=\"https:\/\/a.storyblok.com\/f\/135147\/4585x3057\/9f8f38f431\/24-12-04-meet-ef-education-easypost-s-roster-for-2025_racing-9.jpg\/m\/1600x968\/filters:quality(75)\" alt=\"\" width=\"1600\" height=\"968\" \/><figcaption class=\"wp-caption-text\">Markel Beloki ya debut\u00f3 el World Tour en 2024<\/figcaption><\/figure>\n<p>En diciembre de 2024, ya como corredor profesional, estuvo en la concentraci\u00f3n del UAE junto a Tadej Pogacar en la Costa Blanca y compartiendo equipo de Generaci\u00f3n Z con Marcos Freire, que tambi\u00e9n ha dado el paso desde j\u00fanior a profesionales sin pasar por la categor\u00eda sub 23. El hijo del \u00d3scar Freire no tiene el palmar\u00e9s de los anteriores pero ya ha dado sus primeras pedaladas en profesionales en Castell\u00f3n y en la Cl\u00e1sica de la Comunidad Valenciana.<\/p>\n<p>Del equipo Generaci\u00f3n Z del UAE ha salido <a href=\"https:\/\/www.procyclingstats.com\/rider\/pablo-torres-arias\/2024\">Pablo Torres,<\/a> al que solo le ha hecho falta un a\u00f1o de formaci\u00f3n para pasar a ser parte del UAE de Pogacar y Ayuso. De la misma edad que <strong>Markel Beloki,<\/strong> en 2024 fue una de las sensaciones del pelot\u00f3n con aquella escapada m\u00edtica en la \u00faltima etapa del <a href=\"https:\/\/www.eurosport.es\/ciclismo\/tour-del-porvenir\/2006\/tour-porvenir-2024-final-6a-etapa-pablo-torres-firma-una-exhibicion-a-lo-froome-en-la-finestre-y-roza-una-heroicidad_vid2222677\/video.shtml\">Tour del Porvenir<\/a> en el Colle della Finestre, con mejores tiempos que Chris Froome. Solo 12 segundos le separaron de llevarse la carrera m\u00e1s prestigiosa en categor\u00eda sub-23 ante el brit\u00e1nico Blackmore. No fue una actuaci\u00f3n aislada. Ya hab\u00eda terminado segundo el Giro de Italia Next Gen y quinto en el monta\u00f1oso Giro de Aosta.<\/p>\n<p>La exhibici\u00f3n de <strong>Torres en la Finestre o el noveno puesto de H\u00e9ctor \u00c1lvarez en Roubaix<\/strong> con solo 17 y 18 a\u00f1os marca la nueva generaci\u00f3n del ciclismo espa\u00f1ol, que ya no tiene que esperar a los 24 o 25 a\u00f1os para fichar por los mejores equipos del World Tour, debutar en la m\u00e1xima categor\u00eda y aguardar un poco m\u00e1s para madurar como ciclista. La Generaci\u00f3n Z ya se ha saltado todos esos pasos. De j\u00fanior a profesionales sin pedalear en sub 23. Por eso la evoluci\u00f3n de Pablo Castrillo, ganador de dos etapas de monta\u00f1a en la Vuelta 2024, pero que que con 21 a\u00f1os en 2022 &#8216;todav\u00eda&#8217; estaba en el Lizarte \u00e9lite, ha sorprendido a los ojeadores del ciclismo, que ya fichan en carreras cadetes.<\/p>\n","protected":false},"excerpt":{"rendered":"<p>Abril de 2023. Paris Roubaix. El entonces seleccionador se conforma con ense\u00f1ar a los j\u00f3venes ciclistas de la Generaci\u00f3n Z [&hellip;]<\/p>\n","protected":false},"author":29,"featured_media":11467,"comment_status":"open","ping_status":"open","sticky":false,"template":"","format":"standard","meta":{"footnotes":""},"categories":[7],"tags":[],"global-categories":[1164],"class_list":["post-11465","post","type-post","status-publish","format-standard","has-post-thumbnail","hentry","category-carretera","global-categories-cycling"],"yoast_head":"<!-- This site is optimized with the Yoast SEO Premium plugin v25.3 (Yoast SEO v25.9) - https:\/\/yoast.com\/wordpress\/plugins\/seo\/ -->\n<title>La Generaci\u00f3n Z del ciclismo espa\u00f1ol - \u0160koda We Love Cycling - Spain<\/title>\n<meta name=\"description\" content=\"La Generaci\u00f3n Z del ciclismo espa\u00f1ol. Los ciclistas j\u00f3venes ya pasan de j\u00fanior a profesionales sin correr en sub-23.\" \/>\n<meta name=\"robots\" content=\"index, follow, max-snippet:-1, max-image-preview:large, max-video-preview:-1\" \/>\n<link rel=\"canonical\" href=\"https:\/\/www.welovecycling.com\/es\/2025\/01\/26\/la-generacion-z-del-ciclismo-espanol\/\" \/>\n<meta property=\"og:locale\" content=\"es_ES\" \/>\n<meta property=\"og:type\" content=\"article\" \/>\n<meta property=\"og:title\" content=\"La Generaci\u00f3n Z del ciclismo espa\u00f1ol\" \/>\n<meta property=\"og:description\" content=\"La Generaci\u00f3n Z del ciclismo espa\u00f1ol. Los ciclistas j\u00f3venes ya pasan de j\u00fanior a profesionales sin correr en sub-23.\" \/>\n<meta property=\"og:url\" content=\"https:\/\/www.welovecycling.com\/es\/2025\/01\/26\/la-generacion-z-del-ciclismo-espanol\/\" \/>\n<meta property=\"og:site_name\" content=\"\u0160koda We Love Cycling - Spain\" \/>\n<meta property=\"article:published_time\" content=\"2025-01-26T10:59:11+00:00\" \/>\n<meta property=\"og:image\" content=\"https:\/\/d2p6e6u75xmxt8.cloudfront.net\/6\/2025\/01\/junior-2.webp\" \/>\n\t<meta property=\"og:image:width\" content=\"828\" \/>\n\t<meta property=\"og:image:height\" content=\"552\" \/>\n\t<meta property=\"og:image:type\" content=\"image\/webp\" \/>\n<meta name=\"author\" content=\"We Love Cycling Spain\" \/>\n<meta name=\"twitter:card\" content=\"summary_large_image\" \/>\n<meta name=\"twitter:label1\" content=\"Written by\" \/>\n\t<meta name=\"twitter:data1\" content=\"Luis Ortega @ciclored\" \/>\n\t<meta name=\"twitter:label2\" content=\"Est. reading time\" \/>\n\t<meta name=\"twitter:data2\" content=\"5 minutes\" \/>\n<script type=\"application\/ld+json\" class=\"yoast-schema-graph\">{\"@context\":\"https:\/\/schema.org\",\"@graph\":[{\"@type\":\"WebPage\",\"@id\":\"https:\/\/www.welovecycling.com\/es\/2025\/01\/26\/la-generacion-z-del-ciclismo-espanol\/\",\"url\":\"https:\/\/www.welovecycling.com\/es\/2025\/01\/26\/la-generacion-z-del-ciclismo-espanol\/\",\"name\":\"La Generaci\u00f3n Z del ciclismo espa\u00f1ol - \u0160koda We Love Cycling - Spain\",\"isPartOf\":{\"@id\":\"https:\/\/www.welovecycling.com\/es\/#website\"},\"primaryImageOfPage\":{\"@id\":\"https:\/\/www.welovecycling.com\/es\/2025\/01\/26\/la-generacion-z-del-ciclismo-espanol\/#primaryimage\"},\"image\":{\"@id\":\"https:\/\/www.welovecycling.com\/es\/2025\/01\/26\/la-generacion-z-del-ciclismo-espanol\/#primaryimage\"},\"thumbnailUrl\":\"https:\/\/d2p6e6u75xmxt8.cloudfront.net\/6\/2025\/01\/junior-2.webp\",\"datePublished\":\"2025-01-26T10:59:11+00:00\",\"author\":{\"@id\":\"https:\/\/www.welovecycling.com\/es\/#\/schema\/person\/deb61715b5812698ee79fb96f343ccd4\"},\"description\":\"La Generaci\u00f3n Z del ciclismo espa\u00f1ol. Los ciclistas j\u00f3venes ya pasan de j\u00fanior a profesionales sin correr en sub-23.\",\"breadcrumb\":{\"@id\":\"https:\/\/www.welovecycling.com\/es\/2025\/01\/26\/la-generacion-z-del-ciclismo-espanol\/#breadcrumb\"},\"inLanguage\":\"es-ES\",\"potentialAction\":[{\"@type\":\"ReadAction\",\"target\":[\"https:\/\/www.welovecycling.com\/es\/2025\/01\/26\/la-generacion-z-del-ciclismo-espanol\/\"]}]},{\"@type\":\"ImageObject\",\"inLanguage\":\"es-ES\",\"@id\":\"https:\/\/www.welovecycling.com\/es\/2025\/01\/26\/la-generacion-z-del-ciclismo-espanol\/#primaryimage\",\"url\":\"https:\/\/d2p6e6u75xmxt8.cloudfront.net\/6\/2025\/01\/junior-2.webp\",\"contentUrl\":\"https:\/\/d2p6e6u75xmxt8.cloudfront.net\/6\/2025\/01\/junior-2.webp\",\"width\":828,\"height\":552},{\"@type\":\"BreadcrumbList\",\"@id\":\"https:\/\/www.welovecycling.com\/es\/2025\/01\/26\/la-generacion-z-del-ciclismo-espanol\/#breadcrumb\",\"itemListElement\":[{\"@type\":\"ListItem\",\"position\":1,\"name\":\"Home\",\"item\":\"https:\/\/www.welovecycling.com\/es\/\"},{\"@type\":\"ListItem\",\"position\":2,\"name\":\"La Generaci\u00f3n Z del ciclismo espa\u00f1ol\"}]},{\"@type\":\"WebSite\",\"@id\":\"https:\/\/www.welovecycling.com\/es\/#website\",\"url\":\"https:\/\/www.welovecycling.com\/es\/\",\"name\":\"\u0160koda We Love Cycling - Spain\",\"description\":\"\u0160koda WeLoveCycling Spain\",\"potentialAction\":[{\"@type\":\"SearchAction\",\"target\":{\"@type\":\"EntryPoint\",\"urlTemplate\":\"https:\/\/www.welovecycling.com\/es\/?s={search_term_string}\"},\"query-input\":{\"@type\":\"PropertyValueSpecification\",\"valueRequired\":true,\"valueName\":\"search_term_string\"}}],\"inLanguage\":\"es-ES\"},{\"@type\":\"Person\",\"@id\":\"https:\/\/www.welovecycling.com\/es\/#\/schema\/person\/deb61715b5812698ee79fb96f343ccd4\",\"name\":\"We Love Cycling Spain\",\"image\":{\"@type\":\"ImageObject\",\"inLanguage\":\"es-ES\",\"@id\":\"https:\/\/www.welovecycling.com\/es\/#\/schema\/person\/image\/\",\"url\":\"https:\/\/secure.gravatar.com\/avatar\/c824b04e6df0e37a03219d0b6481672889df542894588964102459e46513159c?s=96&d=mm&r=g\",\"contentUrl\":\"https:\/\/secure.gravatar.com\/avatar\/c824b04e6df0e37a03219d0b6481672889df542894588964102459e46513159c?s=96&d=mm&r=g\",\"caption\":\"We Love Cycling Spain\"},\"url\":\"https:\/\/www.welovecycling.com\/es\/author\/amunoz\/\"}]}<\/script>\n<!-- \/ Yoast SEO Premium plugin. -->","yoast_head_json":{"title":"La Generaci\u00f3n Z del ciclismo espa\u00f1ol - \u0160koda We Love Cycling - Spain","description":"La Generaci\u00f3n Z del ciclismo espa\u00f1ol. Los ciclistas j\u00f3venes ya pasan de j\u00fanior a profesionales sin correr en sub-23.","robots":{"index":"index","follow":"follow","max-snippet":"max-snippet:-1","max-image-preview":"max-image-preview:large","max-video-preview":"max-video-preview:-1"},"canonical":"https:\/\/www.welovecycling.com\/es\/2025\/01\/26\/la-generacion-z-del-ciclismo-espanol\/","og_locale":"es_ES","og_type":"article","og_title":"La Generaci\u00f3n Z del ciclismo espa\u00f1ol","og_description":"La Generaci\u00f3n Z del ciclismo espa\u00f1ol. Los ciclistas j\u00f3venes ya pasan de j\u00fanior a profesionales sin correr en sub-23.","og_url":"https:\/\/www.welovecycling.com\/es\/2025\/01\/26\/la-generacion-z-del-ciclismo-espanol\/","og_site_name":"\u0160koda We Love Cycling - Spain","article_published_time":"2025-01-26T10:59:11+00:00","og_image":[{"width":828,"height":552,"url":"https:\/\/d2p6e6u75xmxt8.cloudfront.net\/6\/2025\/01\/junior-2.webp","type":"image\/webp"}],"author":"We Love Cycling Spain","twitter_card":"summary_large_image","twitter_misc":{"Written by":"Luis Ortega @ciclored","Est. reading time":"5 minutes"},"schema":{"@context":"https:\/\/schema.org","@graph":[{"@type":"WebPage","@id":"https:\/\/www.welovecycling.com\/es\/2025\/01\/26\/la-generacion-z-del-ciclismo-espanol\/","url":"https:\/\/www.welovecycling.com\/es\/2025\/01\/26\/la-generacion-z-del-ciclismo-espanol\/","name":"La Generaci\u00f3n Z del ciclismo espa\u00f1ol - \u0160koda We Love Cycling - Spain","isPartOf":{"@id":"https:\/\/www.welovecycling.com\/es\/#website"},"primaryImageOfPage":{"@id":"https:\/\/www.welovecycling.com\/es\/2025\/01\/26\/la-generacion-z-del-ciclismo-espanol\/#primaryimage"},"image":{"@id":"https:\/\/www.welovecycling.com\/es\/2025\/01\/26\/la-generacion-z-del-ciclismo-espanol\/#primaryimage"},"thumbnailUrl":"https:\/\/d2p6e6u75xmxt8.cloudfront.net\/6\/2025\/01\/junior-2.webp","datePublished":"2025-01-26T10:59:11+00:00","author":{"@id":"https:\/\/www.welovecycling.com\/es\/#\/schema\/person\/deb61715b5812698ee79fb96f343ccd4"},"description":"La Generaci\u00f3n Z del ciclismo espa\u00f1ol. Los ciclistas j\u00f3venes ya pasan de j\u00fanior a profesionales sin correr en sub-23.","breadcrumb":{"@id":"https:\/\/www.welovecycling.com\/es\/2025\/01\/26\/la-generacion-z-del-ciclismo-espanol\/#breadcrumb"},"inLanguage":"es-ES","potentialAction":[{"@type":"ReadAction","target":["https:\/\/www.welovecycling.com\/es\/2025\/01\/26\/la-generacion-z-del-ciclismo-espanol\/"]}]},{"@type":"ImageObject","inLanguage":"es-ES","@id":"https:\/\/www.welovecycling.com\/es\/2025\/01\/26\/la-generacion-z-del-ciclismo-espanol\/#primaryimage","url":"https:\/\/d2p6e6u75xmxt8.cloudfront.net\/6\/2025\/01\/junior-2.webp","contentUrl":"https:\/\/d2p6e6u75xmxt8.cloudfront.net\/6\/2025\/01\/junior-2.webp","width":828,"height":552},{"@type":"BreadcrumbList","@id":"https:\/\/www.welovecycling.com\/es\/2025\/01\/26\/la-generacion-z-del-ciclismo-espanol\/#breadcrumb","itemListElement":[{"@type":"ListItem","position":1,"name":"Home","item":"https:\/\/www.welovecycling.com\/es\/"},{"@type":"ListItem","position":2,"name":"La Generaci\u00f3n Z del ciclismo espa\u00f1ol"}]},{"@type":"WebSite","@id":"https:\/\/www.welovecycling.com\/es\/#website","url":"https:\/\/www.welovecycling.com\/es\/","name":"\u0160koda We Love Cycling - Spain","description":"\u0160koda WeLoveCycling Spain","potentialAction":[{"@type":"SearchAction","target":{"@type":"EntryPoint","urlTemplate":"https:\/\/www.welovecycling.com\/es\/?s={search_term_string}"},"query-input":{"@type":"PropertyValueSpecification","valueRequired":true,"valueName":"search_term_string"}}],"inLanguage":"es-ES"},{"@type":"Person","@id":"https:\/\/www.welovecycling.com\/es\/#\/schema\/person\/deb61715b5812698ee79fb96f343ccd4","name":"We Love Cycling Spain","image":{"@type":"ImageObject","inLanguage":"es-ES","@id":"https:\/\/www.welovecycling.com\/es\/#\/schema\/person\/image\/","url":"https:\/\/secure.gravatar.com\/avatar\/c824b04e6df0e37a03219d0b6481672889df542894588964102459e46513159c?s=96&d=mm&r=g","contentUrl":"https:\/\/secure.gravatar.com\/avatar\/c824b04e6df0e37a03219d0b6481672889df542894588964102459e46513159c?s=96&d=mm&r=g","caption":"We Love Cycling Spain"},"url":"https:\/\/www.welovecycling.com\/es\/author\/amunoz\/"}]}},"_links":{"self":[{"href":"https:\/\/www.welovecycling.com\/es\/wp-json\/wp\/v2\/posts\/11465","targetHints":{"allow":["GET"]}}],"collection":[{"href":"https:\/\/www.welovecycling.com\/es\/wp-json\/wp\/v2\/posts"}],"about":[{"href":"https:\/\/www.welovecycling.com\/es\/wp-json\/wp\/v2\/types\/post"}],"author":[{"embeddable":true,"href":"https:\/\/www.welovecycling.com\/es\/wp-json\/wp\/v2\/users\/29"}],"replies":[{"embeddable":true,"href":"https:\/\/www.welovecycling.com\/es\/wp-json\/wp\/v2\/comments?post=11465"}],"version-history":[{"count":2,"href":"https:\/\/www.welovecycling.com\/es\/wp-json\/wp\/v2\/posts\/11465\/revisions"}],"predecessor-version":[{"id":11468,"href":"https:\/\/www.welovecycling.com\/es\/wp-json\/wp\/v2\/posts\/11465\/revisions\/11468"}],"wp:featuredmedia":[{"embeddable":true,"href":"https:\/\/www.welovecycling.com\/es\/wp-json\/wp\/v2\/media\/11467"}],"wp:attachment":[{"href":"https:\/\/www.welovecycling.com\/es\/wp-json\/wp\/v2\/media?parent=11465"}],"wp:term":[{"taxonomy":"category","embeddable":true,"href":"https:\/\/www.welovecycling.com\/es\/wp-json\/wp\/v2\/categories?post=11465"},{"taxonomy":"post_tag","embeddable":true,"href":"https:\/\/www.welovecycling.com\/es\/wp-json\/wp\/v2\/tags?post=11465"},{"taxonomy":"global-categories","embeddable":true,"href":"https:\/\/www.welovecycling.com\/es\/wp-json\/wp\/v2\/global-categories?post=11465"}],"curies":[{"name":"wp","href":"https:\/\/api.w.org\/{rel}","templated":true}]}}