{"id":11444,"date":"2025-01-21T00:03:33","date_gmt":"2025-01-20T22:03:33","guid":{"rendered":"https:\/\/www.welovecycling.com\/es\/?p=11444"},"modified":"2025-01-21T00:03:33","modified_gmt":"2025-01-20T22:03:33","slug":"tour-down-under","status":"publish","type":"post","link":"https:\/\/www.welovecycling.com\/es\/2025\/01\/21\/tour-down-under\/","title":{"rendered":"El Tour Down Under abre la temporada ciclista 2025"},"content":{"rendered":"<p style=\"font-weight: 400;\"><strong>La temporada 2025 de carreras en carretera comenz\u00f3 el viernes en Australia con el Santos Tour Down Under femenino, mientras que los hombres saldr\u00e1n a la carretera el martes 21 de enero en una carrera intrigante en la que al menos una docena de corredores tienen posibilidades reales de ganar el t\u00edtulo, al menos sobre el papel.<\/strong><\/p>\n<p><!--more--><\/p>\n<p style=\"font-weight: 400;\">\nLa carrera masculina consta de seis etapas, las cinco primeras con las subidas cortas y empinadas de una carrera cl\u00e1sica de primavera. La sexta etapa es llana y deber\u00eda acabar en un sprint final. La etapa 3 del mi\u00e9rcoles, 147,5 km de Norwood a Uraidla, tiene una subida de categor\u00eda 1, la Norton Summit (7,9 km al 4%), al principio, y una complicada subida de categor\u00eda 2, la Pound Reserve (2,7 km al 7,8%), que supondr\u00e1 una prueba temprana para los rivales de la general. Pero como en la carrera femenina, la decisi\u00f3n deber\u00eda llegar al final de la pen\u00faltima etapa, en la cima de <strong>Willunga Hill.<\/strong><\/p>\n<figure id=\"attachment_11446\" aria-describedby=\"caption-attachment-11446\" style=\"width: 990px\" class=\"wp-caption alignnone\"><a href=\"https:\/\/d2p6e6u75xmxt8.cloudfront.net\/6\/2025\/01\/2024-Tour-Down-Under-profimedia-0839999276-CVR.webp\"><img loading=\"lazy\" decoding=\"async\" class=\"wp-image-11446 size-full\" src=\"https:\/\/d2p6e6u75xmxt8.cloudfront.net\/6\/2025\/01\/2024-Tour-Down-Under-profimedia-0839999276-CVR.webp\" alt=\"2024 Tour Down Under\" width=\"990\" height=\"660\" srcset=\"https:\/\/d2p6e6u75xmxt8.cloudfront.net\/6\/2025\/01\/2024-Tour-Down-Under-profimedia-0839999276-CVR.webp 990w, https:\/\/d2p6e6u75xmxt8.cloudfront.net\/6\/2025\/01\/2024-Tour-Down-Under-profimedia-0839999276-CVR-300x200.webp 300w, https:\/\/d2p6e6u75xmxt8.cloudfront.net\/6\/2025\/01\/2024-Tour-Down-Under-profimedia-0839999276-CVR-768x512.webp 768w, https:\/\/d2p6e6u75xmxt8.cloudfront.net\/6\/2025\/01\/2024-Tour-Down-Under-profimedia-0839999276-CVR-400x267.webp 400w, https:\/\/d2p6e6u75xmxt8.cloudfront.net\/6\/2025\/01\/2024-Tour-Down-Under-profimedia-0839999276-CVR-272x182.webp 272w\" sizes=\"auto, (max-width: 990px) 100vw, 990px\" \/><\/a><figcaption id=\"caption-attachment-11446\" class=\"wp-caption-text\">La carrera tiene 6 etapas. \u00a9 Profimedia<\/figcaption><\/figure>\n<p>&nbsp;<\/p>\n<p>Pero nadie sabe qui\u00e9n ganar\u00e1 la carrera. Entre los contendientes figuran el ganador del a\u00f1o pasado, Stevie Williams (Israel-Premier Tech), Dylan van Baarle (Visma-Lease a Bike), Jay Vine y Jhonatan Narv\u00e1ez (UAE Team Emirates-XRG), el australiano Luke Plapp (Jayco AlUla), campe\u00f3n australiano de ITT y subcampe\u00f3n de carretera este a\u00f1o, y, por \u00faltimo, pero no por ello menos importante, el favorito sentimental de todos, <a href=\"https:\/\/www.welovecycling.com\/es\/2019\/07\/12\/primera-semana-de-tour\/\">Geraint Thomas<\/a> (INEOS Grenadiers), que disputa su \u00faltima temporada.<\/p>\n<p>Bueno, s\u00f3lo hay media docena de posibles ganadores, pero suficientes para que la carrera sea intrigante y llena de suspense. Me inclino por <a href=\"https:\/\/www.procyclingstats.com\/rider\/jhonatan-narvaez\">Narv\u00e1ez<\/a> que, como corredor del INEOS Grenadiers, gan\u00f3 el a\u00f1o pasado la Down Under Classic de un d\u00eda y ocho d\u00edas m\u00e1s tarde termin\u00f3 segundo por detr\u00e1s de Williams en esta carrera por s\u00f3lo 9 segundos. Tiene piernas y ganas, y querr\u00e1 causar buena impresi\u00f3n a su nuevo equipo y a su nuevo jefe de filas, Tadej Poga\u010dar.<\/p>\n<ol>\n<li><strong>Etapa 1<\/strong>: 21 de enero \u2013 De Prospect a Gumeracha (150,7 km)<\/li>\n<li><strong>Etapa 2<\/strong>: 22 de enero \u2013 Circuito en Tanunda (128,8 km).<\/li>\n<li><strong>Etapa 3<\/strong>: 23 de enero \u2013 De Norwood a Uraidla (147,5 km).<\/li>\n<li><strong>Etapa 4<\/strong>: 24 de enero \u2013 De Glenelg a Victor Harbor (157,2 km).<\/li>\n<li><strong>Etapa 5<\/strong>: 25 de enero \u2013 De McLaren Vale a Willunga Hill (145,7 km).<\/li>\n<li><strong>Etapa 6<\/strong>: 26 de enero \u2013 Circuito en Adelaide (90 km).<\/li>\n<\/ol>\n<p>Pero basta de charla. \u00a1Que ondee la bandera y empiece la temporada!<\/p>\n","protected":false},"excerpt":{"rendered":"<p>La temporada 2025 de carreras en carretera comenz\u00f3 el viernes en Australia con el Santos Tour Down Under femenino, mientras [&hellip;]<\/p>\n","protected":false},"author":29,"featured_media":11450,"comment_status":"open","ping_status":"open","sticky":false,"template":"","format":"standard","meta":{"footnotes":""},"categories":[7],"tags":[2337],"global-categories":[],"class_list":["post-11444","post","type-post","status-publish","format-standard","has-post-thumbnail","hentry","category-carretera","tag-tour-down-under"],"yoast_head":"<!-- This site is optimized with the Yoast SEO Premium plugin v25.3 (Yoast SEO v25.9) - https:\/\/yoast.com\/wordpress\/plugins\/seo\/ -->\n<title>El Tour Down Under abre la temporada ciclista 2025<\/title>\n<meta name=\"description\" content=\"El Tour Down Under abre la temporada ciclista 2025. Con un ramillete amplio de favoritos. De Narvaez a Geraint Thomas.\" \/>\n<meta name=\"robots\" content=\"index, follow, max-snippet:-1, max-image-preview:large, max-video-preview:-1\" \/>\n<link rel=\"canonical\" href=\"https:\/\/www.welovecycling.com\/es\/2025\/01\/21\/tour-down-under\/\" \/>\n<meta property=\"og:locale\" content=\"es_ES\" \/>\n<meta property=\"og:type\" content=\"article\" \/>\n<meta property=\"og:title\" content=\"El Tour Down Under abre la temporada ciclista 2025\" \/>\n<meta property=\"og:description\" content=\"El Tour Down Under abre la temporada ciclista 2025. Con un ramillete amplio de favoritos. De Narvaez a Geraint Thomas.\" \/>\n<meta property=\"og:url\" content=\"https:\/\/www.welovecycling.com\/es\/2025\/01\/21\/tour-down-under\/\" \/>\n<meta property=\"og:site_name\" content=\"\u0160koda We Love Cycling - Spain\" \/>\n<meta property=\"article:published_time\" content=\"2025-01-20T22:03:33+00:00\" \/>\n<meta property=\"og:image\" content=\"https:\/\/d2p6e6u75xmxt8.cloudfront.net\/6\/2025\/01\/2024-Tour-Down-Under-Women-profimedia-0750128256-CVR.webp\" \/>\n\t<meta property=\"og:image:width\" content=\"990\" \/>\n\t<meta property=\"og:image:height\" content=\"660\" \/>\n\t<meta property=\"og:image:type\" content=\"image\/webp\" \/>\n<meta name=\"author\" content=\"We Love Cycling Spain\" \/>\n<meta name=\"twitter:card\" content=\"summary_large_image\" \/>\n<meta name=\"twitter:description\" content=\"El Tour Down Under abre la temporada ciclista 2025. Con un ramillete amplio de favoritos. De Narvaez a Geraint Thomas.\" \/>\n<meta name=\"twitter:label1\" content=\"Written by\" \/>\n\t<meta name=\"twitter:data1\" content=\"Siegfried Mortkowitz\" \/>\n\t<meta name=\"twitter:label2\" content=\"Est. reading time\" \/>\n\t<meta name=\"twitter:data2\" content=\"3\" \/>\n<script type=\"application\/ld+json\" class=\"yoast-schema-graph\">{\"@context\":\"https:\/\/schema.org\",\"@graph\":[{\"@type\":\"WebPage\",\"@id\":\"https:\/\/www.welovecycling.com\/es\/2025\/01\/21\/tour-down-under\/\",\"url\":\"https:\/\/www.welovecycling.com\/es\/2025\/01\/21\/tour-down-under\/\",\"name\":\"El Tour Down Under abre la temporada ciclista 2025\",\"isPartOf\":{\"@id\":\"https:\/\/www.welovecycling.com\/es\/#website\"},\"primaryImageOfPage\":{\"@id\":\"https:\/\/www.welovecycling.com\/es\/2025\/01\/21\/tour-down-under\/#primaryimage\"},\"image\":{\"@id\":\"https:\/\/www.welovecycling.com\/es\/2025\/01\/21\/tour-down-under\/#primaryimage\"},\"thumbnailUrl\":\"https:\/\/d2p6e6u75xmxt8.cloudfront.net\/6\/2025\/01\/2024-Tour-Down-Under-Women-profimedia-0750128256-CVR.webp\",\"datePublished\":\"2025-01-20T22:03:33+00:00\",\"author\":{\"@id\":\"https:\/\/www.welovecycling.com\/es\/#\/schema\/person\/deb61715b5812698ee79fb96f343ccd4\"},\"description\":\"El Tour Down Under abre la temporada ciclista 2025. Con un ramillete amplio de favoritos. De Narvaez a Geraint Thomas.\",\"breadcrumb\":{\"@id\":\"https:\/\/www.welovecycling.com\/es\/2025\/01\/21\/tour-down-under\/#breadcrumb\"},\"inLanguage\":\"es-ES\",\"potentialAction\":[{\"@type\":\"ReadAction\",\"target\":[\"https:\/\/www.welovecycling.com\/es\/2025\/01\/21\/tour-down-under\/\"]}]},{\"@type\":\"ImageObject\",\"inLanguage\":\"es-ES\",\"@id\":\"https:\/\/www.welovecycling.com\/es\/2025\/01\/21\/tour-down-under\/#primaryimage\",\"url\":\"https:\/\/d2p6e6u75xmxt8.cloudfront.net\/6\/2025\/01\/2024-Tour-Down-Under-Women-profimedia-0750128256-CVR.webp\",\"contentUrl\":\"https:\/\/d2p6e6u75xmxt8.cloudfront.net\/6\/2025\/01\/2024-Tour-Down-Under-Women-profimedia-0750128256-CVR.webp\",\"width\":990,\"height\":660,\"caption\":\"Women's Tour Down Under\"},{\"@type\":\"BreadcrumbList\",\"@id\":\"https:\/\/www.welovecycling.com\/es\/2025\/01\/21\/tour-down-under\/#breadcrumb\",\"itemListElement\":[{\"@type\":\"ListItem\",\"position\":1,\"name\":\"Home\",\"item\":\"https:\/\/www.welovecycling.com\/es\/\"},{\"@type\":\"ListItem\",\"position\":2,\"name\":\"El Tour Down Under abre la temporada ciclista 2025\"}]},{\"@type\":\"WebSite\",\"@id\":\"https:\/\/www.welovecycling.com\/es\/#website\",\"url\":\"https:\/\/www.welovecycling.com\/es\/\",\"name\":\"\u0160koda We Love Cycling - Spain\",\"description\":\"\u0160koda WeLoveCycling Spain\",\"potentialAction\":[{\"@type\":\"SearchAction\",\"target\":{\"@type\":\"EntryPoint\",\"urlTemplate\":\"https:\/\/www.welovecycling.com\/es\/?s={search_term_string}\"},\"query-input\":{\"@type\":\"PropertyValueSpecification\",\"valueRequired\":true,\"valueName\":\"search_term_string\"}}],\"inLanguage\":\"es-ES\"},{\"@type\":\"Person\",\"@id\":\"https:\/\/www.welovecycling.com\/es\/#\/schema\/person\/deb61715b5812698ee79fb96f343ccd4\",\"name\":\"We Love Cycling Spain\",\"image\":{\"@type\":\"ImageObject\",\"inLanguage\":\"es-ES\",\"@id\":\"https:\/\/www.welovecycling.com\/es\/#\/schema\/person\/image\/\",\"url\":\"https:\/\/secure.gravatar.com\/avatar\/c824b04e6df0e37a03219d0b6481672889df542894588964102459e46513159c?s=96&d=mm&r=g\",\"contentUrl\":\"https:\/\/secure.gravatar.com\/avatar\/c824b04e6df0e37a03219d0b6481672889df542894588964102459e46513159c?s=96&d=mm&r=g\",\"caption\":\"We Love Cycling Spain\"},\"url\":\"https:\/\/www.welovecycling.com\/es\/author\/amunoz\/\"}]}<\/script>\n<!-- \/ Yoast SEO Premium plugin. -->","yoast_head_json":{"title":"El Tour Down Under abre la temporada ciclista 2025","description":"El Tour Down Under abre la temporada ciclista 2025. Con un ramillete amplio de favoritos. De Narvaez a Geraint Thomas.","robots":{"index":"index","follow":"follow","max-snippet":"max-snippet:-1","max-image-preview":"max-image-preview:large","max-video-preview":"max-video-preview:-1"},"canonical":"https:\/\/www.welovecycling.com\/es\/2025\/01\/21\/tour-down-under\/","og_locale":"es_ES","og_type":"article","og_title":"El Tour Down Under abre la temporada ciclista 2025","og_description":"El Tour Down Under abre la temporada ciclista 2025. Con un ramillete amplio de favoritos. De Narvaez a Geraint Thomas.","og_url":"https:\/\/www.welovecycling.com\/es\/2025\/01\/21\/tour-down-under\/","og_site_name":"\u0160koda We Love Cycling - Spain","article_published_time":"2025-01-20T22:03:33+00:00","og_image":[{"width":990,"height":660,"url":"https:\/\/d2p6e6u75xmxt8.cloudfront.net\/6\/2025\/01\/2024-Tour-Down-Under-Women-profimedia-0750128256-CVR.webp","type":"image\/webp"}],"author":"We Love Cycling Spain","twitter_card":"summary_large_image","twitter_description":"El Tour Down Under abre la temporada ciclista 2025. Con un ramillete amplio de favoritos. De Narvaez a Geraint Thomas.","twitter_misc":{"Written by":"Siegfried Mortkowitz","Est. reading time":"3"},"schema":{"@context":"https:\/\/schema.org","@graph":[{"@type":"WebPage","@id":"https:\/\/www.welovecycling.com\/es\/2025\/01\/21\/tour-down-under\/","url":"https:\/\/www.welovecycling.com\/es\/2025\/01\/21\/tour-down-under\/","name":"El Tour Down Under abre la temporada ciclista 2025","isPartOf":{"@id":"https:\/\/www.welovecycling.com\/es\/#website"},"primaryImageOfPage":{"@id":"https:\/\/www.welovecycling.com\/es\/2025\/01\/21\/tour-down-under\/#primaryimage"},"image":{"@id":"https:\/\/www.welovecycling.com\/es\/2025\/01\/21\/tour-down-under\/#primaryimage"},"thumbnailUrl":"https:\/\/d2p6e6u75xmxt8.cloudfront.net\/6\/2025\/01\/2024-Tour-Down-Under-Women-profimedia-0750128256-CVR.webp","datePublished":"2025-01-20T22:03:33+00:00","author":{"@id":"https:\/\/www.welovecycling.com\/es\/#\/schema\/person\/deb61715b5812698ee79fb96f343ccd4"},"description":"El Tour Down Under abre la temporada ciclista 2025. Con un ramillete amplio de favoritos. De Narvaez a Geraint Thomas.","breadcrumb":{"@id":"https:\/\/www.welovecycling.com\/es\/2025\/01\/21\/tour-down-under\/#breadcrumb"},"inLanguage":"es-ES","potentialAction":[{"@type":"ReadAction","target":["https:\/\/www.welovecycling.com\/es\/2025\/01\/21\/tour-down-under\/"]}]},{"@type":"ImageObject","inLanguage":"es-ES","@id":"https:\/\/www.welovecycling.com\/es\/2025\/01\/21\/tour-down-under\/#primaryimage","url":"https:\/\/d2p6e6u75xmxt8.cloudfront.net\/6\/2025\/01\/2024-Tour-Down-Under-Women-profimedia-0750128256-CVR.webp","contentUrl":"https:\/\/d2p6e6u75xmxt8.cloudfront.net\/6\/2025\/01\/2024-Tour-Down-Under-Women-profimedia-0750128256-CVR.webp","width":990,"height":660,"caption":"Women's Tour Down Under"},{"@type":"BreadcrumbList","@id":"https:\/\/www.welovecycling.com\/es\/2025\/01\/21\/tour-down-under\/#breadcrumb","itemListElement":[{"@type":"ListItem","position":1,"name":"Home","item":"https:\/\/www.welovecycling.com\/es\/"},{"@type":"ListItem","position":2,"name":"El Tour Down Under abre la temporada ciclista 2025"}]},{"@type":"WebSite","@id":"https:\/\/www.welovecycling.com\/es\/#website","url":"https:\/\/www.welovecycling.com\/es\/","name":"\u0160koda We Love Cycling - Spain","description":"\u0160koda WeLoveCycling Spain","potentialAction":[{"@type":"SearchAction","target":{"@type":"EntryPoint","urlTemplate":"https:\/\/www.welovecycling.com\/es\/?s={search_term_string}"},"query-input":{"@type":"PropertyValueSpecification","valueRequired":true,"valueName":"search_term_string"}}],"inLanguage":"es-ES"},{"@type":"Person","@id":"https:\/\/www.welovecycling.com\/es\/#\/schema\/person\/deb61715b5812698ee79fb96f343ccd4","name":"We Love Cycling Spain","image":{"@type":"ImageObject","inLanguage":"es-ES","@id":"https:\/\/www.welovecycling.com\/es\/#\/schema\/person\/image\/","url":"https:\/\/secure.gravatar.com\/avatar\/c824b04e6df0e37a03219d0b6481672889df542894588964102459e46513159c?s=96&d=mm&r=g","contentUrl":"https:\/\/secure.gravatar.com\/avatar\/c824b04e6df0e37a03219d0b6481672889df542894588964102459e46513159c?s=96&d=mm&r=g","caption":"We Love Cycling Spain"},"url":"https:\/\/www.welovecycling.com\/es\/author\/amunoz\/"}]}},"_links":{"self":[{"href":"https:\/\/www.welovecycling.com\/es\/wp-json\/wp\/v2\/posts\/11444","targetHints":{"allow":["GET"]}}],"collection":[{"href":"https:\/\/www.welovecycling.com\/es\/wp-json\/wp\/v2\/posts"}],"about":[{"href":"https:\/\/www.welovecycling.com\/es\/wp-json\/wp\/v2\/types\/post"}],"author":[{"embeddable":true,"href":"https:\/\/www.welovecycling.com\/es\/wp-json\/wp\/v2\/users\/29"}],"replies":[{"embeddable":true,"href":"https:\/\/www.welovecycling.com\/es\/wp-json\/wp\/v2\/comments?post=11444"}],"version-history":[{"count":2,"href":"https:\/\/www.welovecycling.com\/es\/wp-json\/wp\/v2\/posts\/11444\/revisions"}],"predecessor-version":[{"id":11451,"href":"https:\/\/www.welovecycling.com\/es\/wp-json\/wp\/v2\/posts\/11444\/revisions\/11451"}],"wp:featuredmedia":[{"embeddable":true,"href":"https:\/\/www.welovecycling.com\/es\/wp-json\/wp\/v2\/media\/11450"}],"wp:attachment":[{"href":"https:\/\/www.welovecycling.com\/es\/wp-json\/wp\/v2\/media?parent=11444"}],"wp:term":[{"taxonomy":"category","embeddable":true,"href":"https:\/\/www.welovecycling.com\/es\/wp-json\/wp\/v2\/categories?post=11444"},{"taxonomy":"post_tag","embeddable":true,"href":"https:\/\/www.welovecycling.com\/es\/wp-json\/wp\/v2\/tags?post=11444"},{"taxonomy":"global-categories","embeddable":true,"href":"https:\/\/www.welovecycling.com\/es\/wp-json\/wp\/v2\/global-categories?post=11444"}],"curies":[{"name":"wp","href":"https:\/\/api.w.org\/{rel}","templated":true}]}}