{"id":11443,"date":"2025-01-23T10:05:43","date_gmt":"2025-01-23T08:05:43","guid":{"rendered":"https:\/\/www.welovecycling.com\/es\/?p=11443"},"modified":"2025-01-21T00:14:20","modified_gmt":"2025-01-20T22:14:20","slug":"pauline-ferrand-prevot","status":"publish","type":"post","link":"https:\/\/www.welovecycling.com\/es\/2025\/01\/23\/pauline-ferrand-prevot\/","title":{"rendered":"Pauline Ferrand-Pr\u00e9vot vuelve a la carretera"},"content":{"rendered":"<p><strong>Pauline Ferrand-Pr\u00e9vot, sin\u00f3nimo de dominio en m\u00faltiples disciplinas ciclistas, se prepara para su pr\u00f3ximo gran reto: conquistar el Tour de Francia Femenino by Zwift. Tras consolidar su lugar en la historia como la primera ciclista -hombre o mujer- en ostentar simult\u00e1neamente t\u00edtulos mundiales en carretera, ciclismo de monta\u00f1a y ciclocross, Ferrand-Pr\u00e9vot vuelve ahora a centrar su atenci\u00f3n en la carretera.<\/strong><\/p>\n<p><!--more--><\/p>\n<p><span style=\"font-weight: 400;\">\u00a0A sus 33 a\u00f1os, aporta al equipo Visma | Lease a Bike Women una versatilidad sin igual, una gran experiencia y una renovada sed de \u00e9xitos. Con la vista puesta firmemente en ganar el<a href=\"http:\/\/letourfemmes.fr\"> Tour de Francia Femenino con Zwift,<\/a> este cap\u00edtulo de su carrera promete ser uno en el que querr\u00e1s estar enganchado. <\/span><\/p>\n<h2><b>Una carrera marcada por la polivalencia<\/b><\/h2>\n<p><span style=\"font-weight: 400;\">Nacida el 10 de febrero de 1992 en Reims (Francia), Ferrand-Pr\u00e9vot comenz\u00f3 su andadura en el ciclismo a una edad muy temprana. Su talento natural fue evidente desde el principio, y ascendi\u00f3 r\u00e1pidamente en las categor\u00edas inferiores de la competici\u00f3n. Cuando entr\u00f3 en la \u00e9lite, ya era una competidora formidable. En 2014, con solo 22 a\u00f1os, Ferrand-Pr\u00e9vot sorprendi\u00f3 al mundo del ciclismo al ganar los Campeonatos del Mundo en Ruta de la UCI, adjudic\u00e1ndose el codiciado maillot arco\u00edris y convirti\u00e9ndose en la primera mujer francesa desde Jeannie Longo en 1995 en ganar el t\u00edtulo mundial femenino. <\/span><\/p>\n<p>Ferrand-Pr\u00e9vot pas\u00f3 a dominar el ciclocross y el ciclismo de monta\u00f1a, convirti\u00e9ndose en 2015 en la primera ciclista en ostentar t\u00edtulos mundiales en las tres disciplinas simult\u00e1neamente. Esta extraordinaria haza\u00f1a consolid\u00f3 su reputaci\u00f3n como una de las ciclistas m\u00e1s vers\u00e1tiles y talentosas de la historia de este deporte.<\/p>\n<p>Sin embargo, su camino hacia la grandeza no ha estado exento de contratiempos. Tras un periodo de lesiones, enfermedades y actuaciones decepcionantes, <strong>Ferrand-Pr\u00e9vot tom\u00f3 la decisi\u00f3n de centrarse \u00fanicamente en el ciclismo de monta\u00f1a<\/strong>. Este giro se debi\u00f3 no s\u00f3lo a su amor por la disciplina, sino tambi\u00e9n al deseo de restablecer y reconstruir su confianza despu\u00e9s de los desaf\u00edos a los que se enfrent\u00f3 en la carretera. La transici\u00f3n no fue inmediata; Ferrand-Pr\u00e9vot tuvo que superar un dolor recurrente en la pierna causado por una endofibrosis de la arteria il\u00edaca, una enfermedad que requiri\u00f3 m\u00faltiples operaciones y una enorme dosis de paciencia f\u00edsica y mental.<\/p>\n<p>La recompensa lleg\u00f3 de forma espectacular en los Juegos Ol\u00edmpicos de Par\u00eds 2024. Ante un p\u00fablico entusiasta, Ferrand-Pr\u00e9vot ofreci\u00f3 una actuaci\u00f3n impecable, sorteando el t\u00e9cnico circuito de bicicleta de monta\u00f1a con precisi\u00f3n y potencia.<\/p>\n<figure id=\"attachment_11445\" aria-describedby=\"caption-attachment-11445\" style=\"width: 990px\" class=\"wp-caption alignnone\"><a href=\"https:\/\/d2p6e6u75xmxt8.cloudfront.net\/6\/2025\/01\/Pauline-Ferrand-Prevot-MTB-Olympics-profimedia-0894769556.webp\"><img loading=\"lazy\" decoding=\"async\" class=\"wp-image-11445 size-full\" src=\"https:\/\/d2p6e6u75xmxt8.cloudfront.net\/6\/2025\/01\/Pauline-Ferrand-Prevot-MTB-Olympics-profimedia-0894769556.webp\" alt=\" Pauline Ferrand-Pr\u00e9vot\" width=\"990\" height=\"660\" srcset=\"https:\/\/d2p6e6u75xmxt8.cloudfront.net\/6\/2025\/01\/Pauline-Ferrand-Prevot-MTB-Olympics-profimedia-0894769556.webp 990w, https:\/\/d2p6e6u75xmxt8.cloudfront.net\/6\/2025\/01\/Pauline-Ferrand-Prevot-MTB-Olympics-profimedia-0894769556-300x200.webp 300w, https:\/\/d2p6e6u75xmxt8.cloudfront.net\/6\/2025\/01\/Pauline-Ferrand-Prevot-MTB-Olympics-profimedia-0894769556-768x512.webp 768w, https:\/\/d2p6e6u75xmxt8.cloudfront.net\/6\/2025\/01\/Pauline-Ferrand-Prevot-MTB-Olympics-profimedia-0894769556-400x267.webp 400w, https:\/\/d2p6e6u75xmxt8.cloudfront.net\/6\/2025\/01\/Pauline-Ferrand-Prevot-MTB-Olympics-profimedia-0894769556-272x182.webp 272w\" sizes=\"auto, (max-width: 990px) 100vw, 990px\" \/><\/a><figcaption id=\"caption-attachment-11445\" class=\"wp-caption-text\">Ferrand-Pr\u00e9vot en los Juegos Ol\u00edmpicos de 2024. \u00a9 Profimedia<\/figcaption><\/figure>\n<h2><b><br \/>\nLa carretera le vuelve a llamar<\/b><\/h2>\n<p>Tras su \u00e9xito ol\u00edmpico, Ferrand-Pr\u00e9vot anunci\u00f3 su regreso a las carreras de carretera, firmando un contrato de tres a\u00f1os con Team Visma | Lease a Bike Women. Esta decisi\u00f3n marca su primera incursi\u00f3n seria en la carretera desde 2018, se\u00f1alando una nueva y audaz direcci\u00f3n en su carrera.<\/p>\n<p>\u00abFirm\u00e9 por tres a\u00f1os, y durante ese tiempo, realmente quiero ser lo mejor que pueda ser y apuntar a esa victoria\u00bb, explic\u00f3 Ferrand-Pr\u00e9vot en <a href=\"https:\/\/www.rouleur.cc\/blogs\/the-rouleur-journal\/pauline-ferrand-prevot-only-knows-how-to-win-and-the-tour-de-france-femmes-is-her-latest-target-i-want-to-be-the-best?srsltid=AfmBOopI-7Q3e0h4EnxgVmZY9O9foXn4Fj4FqhCQCxHsoHF6_qgK5ASz\">una entrevista reciente<\/a>. \u00abAhora se trata de trabajar duro, y s\u00e9 que soy capaz de realizar los intensos entrenamientos que se requieren. Nunca lo sabes hasta que lo das todo\u00bb.<\/p>\n<p>La decisi\u00f3n de unirse a Visma | Lease a Bike se alinea con los ambiciosos objetivos de Ferrand-Pr\u00e9vot. La configuraci\u00f3n profesional del equipo, combinada con su enfoque en el desarrollo de corredores para grandes vueltas y cl\u00e1sicas, le ofrece el entorno perfecto para adaptarse a los rigores de las carreras por etapas. El director del equipo, Rutger Tijssen, hizo hincapi\u00e9 en que dar\u00edan a Ferrand-Pr\u00e9vot el tiempo y el apoyo necesarios para la transici\u00f3n de vuelta a la competici\u00f3n en carretera, al tiempo que se fortalec\u00eda para el Tour de Francia Femenino con Zwift.<\/p>\n<h2><b>Los retos de la transici\u00f3n<\/b><\/h2>\n<p>Dicho esto, hay que se\u00f1alar que volver a las carreras de carretera despu\u00e9s de varios a\u00f1os dedicados a otras disciplinas presenta retos \u00fanicos. Las carreras por etapas como el Tour de Francia Femenino exigen resistencia, perspicacia t\u00e1ctica y capacidad para recuperarse r\u00e1pidamente durante d\u00edas consecutivos. Para Ferrand-Pr\u00e9vot, la atenci\u00f3n se centrar\u00e1 en desarrollar la resistencia necesaria para competir al m\u00e1s alto nivel en carreras por etapas, aprovechando al mismo tiempo sus puntos fuertes en escalada y habilidades t\u00e9cnicas.<\/p>\n<p>El apoyo de su equipo desempe\u00f1ar\u00e1 un papel fundamental en esta transici\u00f3n. \u00abLe daremos tiempo para que vuelva a ser una ciclista de carretera\u00bb, se\u00f1al\u00f3 Tijssen. El plan incluye un programa de entrenamiento a medida que incorpora tanto su experiencia anterior en carreras de carretera como las exigencias fisiol\u00f3gicas de su reciente carrera de ciclismo de monta\u00f1a. La determinaci\u00f3n y la capacidad de adaptaci\u00f3n de Ferrand-Pr\u00e9vot ser\u00e1n sin duda sus bazas en esta transici\u00f3n.<\/p>\n<h2><b>El Tour de Francia, el objetivo final<\/b><\/h2>\n<p>El Tour de Francia femenino 2025 promete ser una prueba agotadora de fuerza, habilidad y estrategia. Las nueve etapas de la carrera atravesar\u00e1n diversos terrenos, comenzando en Breta\u00f1a y culminando en los Alpes. Las etapas clave incluyen duras subidas al Col de Granier, La Madeleine y el emblem\u00e1tico Joux-Plane, ascensiones que ser\u00e1n decisivas para la clasificaci\u00f3n general.<\/p>\n<p>La versatilidad de Ferrand-Pr\u00e9vot podr\u00eda darle una ventaja estrat\u00e9gica en el Tour. Su destreza en la escalada, perfeccionada durante a\u00f1os de ciclismo de monta\u00f1a, y sus habilidades t\u00e9cnicas en los descensos la sit\u00faan como una seria aspirante al codiciado maillot amarillo. Adem\u00e1s, su resistencia mental y su capacidad para rendir bajo presi\u00f3n ser\u00e1n fundamentales para superar las exigencias de la carrera.<\/p>\n<h2><b>M\u00e1s impacto para el ciclismo femenino<\/b><\/h2>\n<p>El regreso de Ferrand-Pr\u00e9vot a la carretera se produce en un momento crucial para el ciclismo femenino. El resurgimiento del <strong>Tour de France Femmes avec Zwift<\/strong> y la creciente inversi\u00f3n en el pelot\u00f3n femenino han creado oportunidades para que las atletas brillen en la escena mundial.<\/p>\n<p>Mientras se prepara para la temporada 2025, el viaje de Ferrand-Pr\u00e9vot sirve como recordatorio de que incluso los atletas m\u00e1s consumados deben seguir evolucionando para prosperar. Su regreso a la carretera marca un cap\u00edtulo apasionante en una carrera ya de por s\u00ed extraordinaria. Independientemente de que consiga su objetivo final de hacerse con el maillot amarillo, su trayectoria enriquecer\u00e1 sin duda la narrativa del ciclismo femenino e inspirar\u00e1 a muchas otras a perseguir sus propios sue\u00f1os. Le deseamos todo lo mejor durante la pr\u00f3xima temporada.<\/p>\n","protected":false},"excerpt":{"rendered":"<p>Pauline Ferrand-Pr\u00e9vot, sin\u00f3nimo de dominio en m\u00faltiples disciplinas ciclistas, se prepara para su pr\u00f3ximo gran reto: conquistar el Tour de [&hellip;]<\/p>\n","protected":false},"author":29,"featured_media":11449,"comment_status":"open","ping_status":"open","sticky":false,"template":"","format":"standard","meta":{"footnotes":""},"categories":[7],"tags":[],"global-categories":[],"class_list":["post-11443","post","type-post","status-publish","format-standard","has-post-thumbnail","hentry","category-carretera"],"yoast_head":"<!-- This site is optimized with the Yoast SEO Premium plugin v25.3 (Yoast SEO v25.9) - https:\/\/yoast.com\/wordpress\/plugins\/seo\/ -->\n<title>Pauline Ferrand-Pr\u00e9vot vuelve a la carretera<\/title>\n<meta name=\"description\" content=\"Pauline Ferrand-Pr\u00e9vot vuelve a la carretera. Correr\u00e1 con el Visma y su objetivo final es ganar el Tour de Francia femenino.\" \/>\n<meta name=\"robots\" content=\"index, follow, max-snippet:-1, max-image-preview:large, max-video-preview:-1\" \/>\n<link rel=\"canonical\" href=\"https:\/\/www.welovecycling.com\/es\/2025\/01\/23\/pauline-ferrand-prevot\/\" \/>\n<meta property=\"og:locale\" content=\"es_ES\" \/>\n<meta property=\"og:type\" content=\"article\" \/>\n<meta property=\"og:title\" content=\"Pauline Ferrand-Pr\u00e9vot vuelve a la carretera\" \/>\n<meta property=\"og:description\" content=\"Pauline Ferrand-Pr\u00e9vot vuelve a la carretera. Correr\u00e1 con el Visma y su objetivo final es ganar el Tour de Francia femenino.\" \/>\n<meta property=\"og:url\" content=\"https:\/\/www.welovecycling.com\/es\/2025\/01\/23\/pauline-ferrand-prevot\/\" \/>\n<meta property=\"og:site_name\" content=\"\u0160koda We Love Cycling - Spain\" \/>\n<meta property=\"article:published_time\" content=\"2025-01-23T08:05:43+00:00\" \/>\n<meta property=\"og:image\" content=\"https:\/\/d2p6e6u75xmxt8.cloudfront.net\/6\/2025\/01\/Pauline-Ferrand-Prevot-profimedia-0913144919-CVR.webp\" \/>\n\t<meta property=\"og:image:width\" content=\"990\" \/>\n\t<meta property=\"og:image:height\" content=\"660\" \/>\n\t<meta property=\"og:image:type\" content=\"image\/webp\" \/>\n<meta name=\"author\" content=\"We Love Cycling Spain\" \/>\n<meta name=\"twitter:card\" content=\"summary_large_image\" \/>\n<meta name=\"twitter:description\" content=\"Pauline Ferrand-Pr\u00e9vot vuelve a la carretera. Correr\u00e1 con el Visma y su objetivo final es ganar el Tour de Francia femenino.\" \/>\n<meta name=\"twitter:label1\" content=\"Written by\" \/>\n\t<meta name=\"twitter:data1\" content=\"Megan Flottorp\" \/>\n\t<meta name=\"twitter:label2\" content=\"Est. reading time\" \/>\n\t<meta name=\"twitter:data2\" content=\"3\" \/>\n<script type=\"application\/ld+json\" class=\"yoast-schema-graph\">{\"@context\":\"https:\/\/schema.org\",\"@graph\":[{\"@type\":\"WebPage\",\"@id\":\"https:\/\/www.welovecycling.com\/es\/2025\/01\/23\/pauline-ferrand-prevot\/\",\"url\":\"https:\/\/www.welovecycling.com\/es\/2025\/01\/23\/pauline-ferrand-prevot\/\",\"name\":\"Pauline Ferrand-Pr\u00e9vot vuelve a la carretera\",\"isPartOf\":{\"@id\":\"https:\/\/www.welovecycling.com\/es\/#website\"},\"primaryImageOfPage\":{\"@id\":\"https:\/\/www.welovecycling.com\/es\/2025\/01\/23\/pauline-ferrand-prevot\/#primaryimage\"},\"image\":{\"@id\":\"https:\/\/www.welovecycling.com\/es\/2025\/01\/23\/pauline-ferrand-prevot\/#primaryimage\"},\"thumbnailUrl\":\"https:\/\/d2p6e6u75xmxt8.cloudfront.net\/6\/2025\/01\/Pauline-Ferrand-Prevot-profimedia-0913144919-CVR.webp\",\"datePublished\":\"2025-01-23T08:05:43+00:00\",\"author\":{\"@id\":\"https:\/\/www.welovecycling.com\/es\/#\/schema\/person\/deb61715b5812698ee79fb96f343ccd4\"},\"description\":\"Pauline Ferrand-Pr\u00e9vot vuelve a la carretera. Correr\u00e1 con el Visma y su objetivo final es ganar el Tour de Francia femenino.\",\"breadcrumb\":{\"@id\":\"https:\/\/www.welovecycling.com\/es\/2025\/01\/23\/pauline-ferrand-prevot\/#breadcrumb\"},\"inLanguage\":\"es-ES\",\"potentialAction\":[{\"@type\":\"ReadAction\",\"target\":[\"https:\/\/www.welovecycling.com\/es\/2025\/01\/23\/pauline-ferrand-prevot\/\"]}]},{\"@type\":\"ImageObject\",\"inLanguage\":\"es-ES\",\"@id\":\"https:\/\/www.welovecycling.com\/es\/2025\/01\/23\/pauline-ferrand-prevot\/#primaryimage\",\"url\":\"https:\/\/d2p6e6u75xmxt8.cloudfront.net\/6\/2025\/01\/Pauline-Ferrand-Prevot-profimedia-0913144919-CVR.webp\",\"contentUrl\":\"https:\/\/d2p6e6u75xmxt8.cloudfront.net\/6\/2025\/01\/Pauline-Ferrand-Prevot-profimedia-0913144919-CVR.webp\",\"width\":990,\"height\":660,\"caption\":\"Pauline-Ferrand-Prevot\"},{\"@type\":\"BreadcrumbList\",\"@id\":\"https:\/\/www.welovecycling.com\/es\/2025\/01\/23\/pauline-ferrand-prevot\/#breadcrumb\",\"itemListElement\":[{\"@type\":\"ListItem\",\"position\":1,\"name\":\"Home\",\"item\":\"https:\/\/www.welovecycling.com\/es\/\"},{\"@type\":\"ListItem\",\"position\":2,\"name\":\"Pauline Ferrand-Pr\u00e9vot vuelve a la carretera\"}]},{\"@type\":\"WebSite\",\"@id\":\"https:\/\/www.welovecycling.com\/es\/#website\",\"url\":\"https:\/\/www.welovecycling.com\/es\/\",\"name\":\"\u0160koda We Love Cycling - Spain\",\"description\":\"\u0160koda WeLoveCycling Spain\",\"potentialAction\":[{\"@type\":\"SearchAction\",\"target\":{\"@type\":\"EntryPoint\",\"urlTemplate\":\"https:\/\/www.welovecycling.com\/es\/?s={search_term_string}\"},\"query-input\":{\"@type\":\"PropertyValueSpecification\",\"valueRequired\":true,\"valueName\":\"search_term_string\"}}],\"inLanguage\":\"es-ES\"},{\"@type\":\"Person\",\"@id\":\"https:\/\/www.welovecycling.com\/es\/#\/schema\/person\/deb61715b5812698ee79fb96f343ccd4\",\"name\":\"We Love Cycling Spain\",\"image\":{\"@type\":\"ImageObject\",\"inLanguage\":\"es-ES\",\"@id\":\"https:\/\/www.welovecycling.com\/es\/#\/schema\/person\/image\/\",\"url\":\"https:\/\/secure.gravatar.com\/avatar\/c824b04e6df0e37a03219d0b6481672889df542894588964102459e46513159c?s=96&d=mm&r=g\",\"contentUrl\":\"https:\/\/secure.gravatar.com\/avatar\/c824b04e6df0e37a03219d0b6481672889df542894588964102459e46513159c?s=96&d=mm&r=g\",\"caption\":\"We Love Cycling Spain\"},\"url\":\"https:\/\/www.welovecycling.com\/es\/author\/amunoz\/\"}]}<\/script>\n<!-- \/ Yoast SEO Premium plugin. -->","yoast_head_json":{"title":"Pauline Ferrand-Pr\u00e9vot vuelve a la carretera","description":"Pauline Ferrand-Pr\u00e9vot vuelve a la carretera. Correr\u00e1 con el Visma y su objetivo final es ganar el Tour de Francia femenino.","robots":{"index":"index","follow":"follow","max-snippet":"max-snippet:-1","max-image-preview":"max-image-preview:large","max-video-preview":"max-video-preview:-1"},"canonical":"https:\/\/www.welovecycling.com\/es\/2025\/01\/23\/pauline-ferrand-prevot\/","og_locale":"es_ES","og_type":"article","og_title":"Pauline Ferrand-Pr\u00e9vot vuelve a la carretera","og_description":"Pauline Ferrand-Pr\u00e9vot vuelve a la carretera. Correr\u00e1 con el Visma y su objetivo final es ganar el Tour de Francia femenino.","og_url":"https:\/\/www.welovecycling.com\/es\/2025\/01\/23\/pauline-ferrand-prevot\/","og_site_name":"\u0160koda We Love Cycling - Spain","article_published_time":"2025-01-23T08:05:43+00:00","og_image":[{"width":990,"height":660,"url":"https:\/\/d2p6e6u75xmxt8.cloudfront.net\/6\/2025\/01\/Pauline-Ferrand-Prevot-profimedia-0913144919-CVR.webp","type":"image\/webp"}],"author":"We Love Cycling Spain","twitter_card":"summary_large_image","twitter_description":"Pauline Ferrand-Pr\u00e9vot vuelve a la carretera. Correr\u00e1 con el Visma y su objetivo final es ganar el Tour de Francia femenino.","twitter_misc":{"Written by":"Megan Flottorp","Est. reading time":"3"},"schema":{"@context":"https:\/\/schema.org","@graph":[{"@type":"WebPage","@id":"https:\/\/www.welovecycling.com\/es\/2025\/01\/23\/pauline-ferrand-prevot\/","url":"https:\/\/www.welovecycling.com\/es\/2025\/01\/23\/pauline-ferrand-prevot\/","name":"Pauline Ferrand-Pr\u00e9vot vuelve a la carretera","isPartOf":{"@id":"https:\/\/www.welovecycling.com\/es\/#website"},"primaryImageOfPage":{"@id":"https:\/\/www.welovecycling.com\/es\/2025\/01\/23\/pauline-ferrand-prevot\/#primaryimage"},"image":{"@id":"https:\/\/www.welovecycling.com\/es\/2025\/01\/23\/pauline-ferrand-prevot\/#primaryimage"},"thumbnailUrl":"https:\/\/d2p6e6u75xmxt8.cloudfront.net\/6\/2025\/01\/Pauline-Ferrand-Prevot-profimedia-0913144919-CVR.webp","datePublished":"2025-01-23T08:05:43+00:00","author":{"@id":"https:\/\/www.welovecycling.com\/es\/#\/schema\/person\/deb61715b5812698ee79fb96f343ccd4"},"description":"Pauline Ferrand-Pr\u00e9vot vuelve a la carretera. Correr\u00e1 con el Visma y su objetivo final es ganar el Tour de Francia femenino.","breadcrumb":{"@id":"https:\/\/www.welovecycling.com\/es\/2025\/01\/23\/pauline-ferrand-prevot\/#breadcrumb"},"inLanguage":"es-ES","potentialAction":[{"@type":"ReadAction","target":["https:\/\/www.welovecycling.com\/es\/2025\/01\/23\/pauline-ferrand-prevot\/"]}]},{"@type":"ImageObject","inLanguage":"es-ES","@id":"https:\/\/www.welovecycling.com\/es\/2025\/01\/23\/pauline-ferrand-prevot\/#primaryimage","url":"https:\/\/d2p6e6u75xmxt8.cloudfront.net\/6\/2025\/01\/Pauline-Ferrand-Prevot-profimedia-0913144919-CVR.webp","contentUrl":"https:\/\/d2p6e6u75xmxt8.cloudfront.net\/6\/2025\/01\/Pauline-Ferrand-Prevot-profimedia-0913144919-CVR.webp","width":990,"height":660,"caption":"Pauline-Ferrand-Prevot"},{"@type":"BreadcrumbList","@id":"https:\/\/www.welovecycling.com\/es\/2025\/01\/23\/pauline-ferrand-prevot\/#breadcrumb","itemListElement":[{"@type":"ListItem","position":1,"name":"Home","item":"https:\/\/www.welovecycling.com\/es\/"},{"@type":"ListItem","position":2,"name":"Pauline Ferrand-Pr\u00e9vot vuelve a la carretera"}]},{"@type":"WebSite","@id":"https:\/\/www.welovecycling.com\/es\/#website","url":"https:\/\/www.welovecycling.com\/es\/","name":"\u0160koda We Love Cycling - Spain","description":"\u0160koda WeLoveCycling Spain","potentialAction":[{"@type":"SearchAction","target":{"@type":"EntryPoint","urlTemplate":"https:\/\/www.welovecycling.com\/es\/?s={search_term_string}"},"query-input":{"@type":"PropertyValueSpecification","valueRequired":true,"valueName":"search_term_string"}}],"inLanguage":"es-ES"},{"@type":"Person","@id":"https:\/\/www.welovecycling.com\/es\/#\/schema\/person\/deb61715b5812698ee79fb96f343ccd4","name":"We Love Cycling Spain","image":{"@type":"ImageObject","inLanguage":"es-ES","@id":"https:\/\/www.welovecycling.com\/es\/#\/schema\/person\/image\/","url":"https:\/\/secure.gravatar.com\/avatar\/c824b04e6df0e37a03219d0b6481672889df542894588964102459e46513159c?s=96&d=mm&r=g","contentUrl":"https:\/\/secure.gravatar.com\/avatar\/c824b04e6df0e37a03219d0b6481672889df542894588964102459e46513159c?s=96&d=mm&r=g","caption":"We Love Cycling Spain"},"url":"https:\/\/www.welovecycling.com\/es\/author\/amunoz\/"}]}},"_links":{"self":[{"href":"https:\/\/www.welovecycling.com\/es\/wp-json\/wp\/v2\/posts\/11443","targetHints":{"allow":["GET"]}}],"collection":[{"href":"https:\/\/www.welovecycling.com\/es\/wp-json\/wp\/v2\/posts"}],"about":[{"href":"https:\/\/www.welovecycling.com\/es\/wp-json\/wp\/v2\/types\/post"}],"author":[{"embeddable":true,"href":"https:\/\/www.welovecycling.com\/es\/wp-json\/wp\/v2\/users\/29"}],"replies":[{"embeddable":true,"href":"https:\/\/www.welovecycling.com\/es\/wp-json\/wp\/v2\/comments?post=11443"}],"version-history":[{"count":2,"href":"https:\/\/www.welovecycling.com\/es\/wp-json\/wp\/v2\/posts\/11443\/revisions"}],"predecessor-version":[{"id":11452,"href":"https:\/\/www.welovecycling.com\/es\/wp-json\/wp\/v2\/posts\/11443\/revisions\/11452"}],"wp:featuredmedia":[{"embeddable":true,"href":"https:\/\/www.welovecycling.com\/es\/wp-json\/wp\/v2\/media\/11449"}],"wp:attachment":[{"href":"https:\/\/www.welovecycling.com\/es\/wp-json\/wp\/v2\/media?parent=11443"}],"wp:term":[{"taxonomy":"category","embeddable":true,"href":"https:\/\/www.welovecycling.com\/es\/wp-json\/wp\/v2\/categories?post=11443"},{"taxonomy":"post_tag","embeddable":true,"href":"https:\/\/www.welovecycling.com\/es\/wp-json\/wp\/v2\/tags?post=11443"},{"taxonomy":"global-categories","embeddable":true,"href":"https:\/\/www.welovecycling.com\/es\/wp-json\/wp\/v2\/global-categories?post=11443"}],"curies":[{"name":"wp","href":"https:\/\/api.w.org\/{rel}","templated":true}]}}