{"id":11430,"date":"2025-01-13T22:06:46","date_gmt":"2025-01-13T20:06:46","guid":{"rendered":"https:\/\/www.welovecycling.com\/es\/?p=11430"},"modified":"2025-01-15T15:53:08","modified_gmt":"2025-01-15T13:53:08","slug":"giro-de-italia-2025-de-albania-al-colle-delle-finestre","status":"publish","type":"post","link":"https:\/\/www.welovecycling.com\/es\/2025\/01\/13\/giro-de-italia-2025-de-albania-al-colle-delle-finestre\/","title":{"rendered":"Giro de Italia 2025. De Albania al Colle delle Finestre"},"content":{"rendered":"<p style=\"font-weight: 400;\"><strong>El Giro de Italia 2025 se abona a la f\u00f3rmula cl\u00e1sica con un final de carrera terror\u00edfico con cinco etapas de monta\u00f1a en siete d\u00edas por Dolomitas y Alpes con el Colle delle Finestre, Col de Joux y Mortirolo como puertos m\u00edticos. Antes, estreno de Albania como punto de salida, paso por los Apeninos, 30 kil\u00f3metros de sterrato en Siena y 42 kil\u00f3metros de contrarreloj individual divididos en dos etapas. Sobre el papel Roglic ser\u00e1 el principal favorito en una carrera que espera a <a href=\"https:\/\/www.welovecycling.com\/es\/2024\/07\/21\/pogacar-un-tour-sin-macula-y-un-giro-strade-lieja\/\">Pogacar,<\/a> aunque el esloveno todav\u00eda no se ha pronunciado, y que ha asegurado la participaci\u00f3n de Mikel Landa, Juan Ayuso, Richard Carapaz y los dos hermanos Yates como posibles animadores de la carrera.<\/strong><\/p>\n<p><!--more--><\/p>\n<p>La<a href=\"https:\/\/www.giroditalia.it\/es\/news\/giro-de-italia-una-historia-de-grandes-salidas\/\"> Grande Partenza desde Albania<\/a> no ser\u00e1 nada sencilla porque es un pa\u00eds con monta\u00f1as y claro, el Giro tiene que aprovecharlas. La primera etapa, el viernes 9 de mayo, une las dos grandes ciudades albaneses Durres y la capital Tirana, a trav\u00e9s de las monta\u00f1as albanesas por 164 kil\u00f3metros con un puerto de segunda el \u00a0<strong>Gracen<\/strong> (2\u00aa cat., 13,5 km al 5,2% con picos del 11%) y un circuito final en Tirana con dos pasadas por un tercera <strong>Surrel, que est\u00e1 a 12 de meta y tiene cuatro kil\u00f3metros al 4%. <\/strong>Al dia siguiente la <strong>primera crono, de 13 kil\u00f3metros <\/strong>por las calles de Tirana y para despedirse de Albania una etapa circular con salida y llegada en la mar\u00edtima<strong> Vlore y el Paso de Llogara, un primera de 10 kil\u00f3metros al 7,5% de media a 40 de meta. M\u00e1s que peligroso.<\/strong><\/p>\n<p>&nbsp;<\/p>\n<h2><strong>Apeninos, sterrato y tiempo para los velocistas<\/strong><\/h2>\n<p>El Giro retorna a Italia despu\u00e9s del primer d\u00eda de descanso con tres etapas que deben ser para velocistas, las que acaban en Lecce, Matera y N\u00e1poles, aunque esta \u00faltima atraviesa dos terceras de los Apeninos. Aunque la gran etapa de los Apeninos llega el viernes 16 de mayo con 170 kil\u00f3metros y m\u00e1s de 4000 metros de desnivel con el m\u00edtico Roccaraso, el puerto hist\u00f3rico de los Giros de los 40, <strong>Monte Urano, Vado della Forcella y final en el Tagliacozzo, un primera de 12 kil\u00f3metros con rampas de hasta el 14%.<\/strong><br \/>\n<img loading=\"lazy\" decoding=\"async\" class=\"alignnone size-extra-large\" src=\"https:\/\/static2.giroditalia.it\/wp-content\/uploads\/2024\/12\/fbkenuPT9SWByA2JHUVA_301224-105121.jpg?v=20241230115121\" width=\"1280\" height=\"852\" \/>Al d\u00eda siguiente otra etapa complicada por el centro de Italia con dos kil\u00f3metros, un primera, dos terceras y un cuarta a solo 10 kil\u00f3metros de la meta. Territorio comanche antes del sterrato de la <a href=\"https:\/\/www.giroditalia.it\/es\/el-recorrido\/\">Strade Bianche de Siena.<\/a> Esta vez con 30 kil\u00f3metros de tierra divididos en 5 tramos, todos utilizados por la carrera de los caminos blancos. Los dos \u00faltimos en subida,\u00a0 Monteaperti y Colle Pinzuto antes del final en la subida de Via Santa Caterina y la Piazza del Campo de Siena.<\/p>\n<h2><strong>Segunda semana tranquila y final dur\u00edsimo<\/strong><\/h2>\n<p>La segunda semana del Giro de Italia 2025 empieza el martes 20 de mayo con la segunda contrarreloj. Ser\u00e1 en la Toscana entre dos ciudades hist\u00f3ricas como Lucca y Pisa. 28 kil\u00f3metros y con un repecho en mitad. Despu\u00e9s hay una jornada de media monta\u00f1a complicada con un primera, <strong>Alpe de San Pellegrino<\/strong> y dos segundas, el \u00faltimo, Petra di Bismantova, a solo 6 kil\u00f3metros de la meta. Ser\u00e1 el \u00faltimo dia complicado para los favoritos que una semana que encadena tres etapas consecutivas por las llanuras del norte de italiano con previsible final al sprint. Del este al oeste para terminar el s\u00e1bado 24 de mayo en Gorizia (Eslovenia).<\/p>\n<p>Esta segunda semana &#8216;sencilla&#8217; provoca una tercera dur\u00edsima con cinco jornadas de alta monta\u00f1a por Dolomitas y Alpes y solo dos d\u00edas llanos, incluyendo el final el 1 de junio en Roma.<\/p>\n<p>La \u00faltima semana arranca el lunes 26 de mayo con una jornada de monta\u00f1a peligrosa aunque sea prealpina porque sube el <strong>Monte Grappa<\/strong> y despu\u00e9s al \u00a0Altopiano dei Sette Comuni (Meseta de los Siete Municipios). Desde su cima a la meta en Asiago hay 30 kil\u00f3metros de continuos repechos.<\/p>\n<p>La primera gran jornada alpina sumar\u00e1 5000 metros de desnivel en 200 kil\u00f3metros por el sur de los Dolomitas para acabar muy cerca del Lago di Garda. Encadenado con un tercera, un segunda y dos primeras el \u00faltimo el dur\u00edsimo Santa Barbara (o Monte Velo) antes de lasubida final <strong>a San Valentino desde Brentonico con 17 kil\u00f3metros y tramos con rampas de m\u00e1s del 14%.<\/strong><br \/>\n<img loading=\"lazy\" decoding=\"async\" class=\"alignnone size-extra-large\" src=\"https:\/\/static2.giroditalia.it\/wp-content\/uploads\/2024\/12\/hAT4fVeNwKd2rF2K0rSg_301224-025002.jpg?v=20241230155002\" width=\"1280\" height=\"852\" \/>El mi\u00e9rcoles 28 de mayo ser\u00e1 al tercera jornada consecutiva de monta\u00f1a. Esta vez con la subida a un primera, el Tonale, larga y tendida. El m\u00edtico <a href=\"https:\/\/www.giroditalia.it\/es\/mortirolo\/\">Mortirolo,<\/a> por su vertiente menos conocida, la de <strong>Monno, la que se descend\u00eda en los Giros que ganaron Indurain o Contador<\/strong> y despu\u00e9s de bajar hasta Grosio un terreno muy complicado, siempre ascendente camino de la meta de Bormio. Eso s\u00ed, sin un puerto para romper la carrera si no ha habido diferencias en el Mortirolo. En otros Giros se habr\u00eda acabado en<strong> Stelvio o Gavia, que empiezan justo despu\u00e9s de la meta de Bormio,<\/strong> pero esto es el ciclismo moderno. Al d\u00eda siguiente toca recuperaci\u00f3n en una etapa para velocistas antes de la traca final.<\/p>\n<p><img loading=\"lazy\" decoding=\"async\" class=\"alignnone size-extra-large\" src=\"https:\/\/static2.giroditalia.it\/wp-content\/uploads\/2024\/12\/vPBWQwbxvznZ6zJSRQLs_301224-025356.jpg?v=20241230155356\" width=\"1280\" height=\"852\" \/><\/p>\n<p>El Giro de Italia 2025 se resolver\u00e1 en el Valle de Aosta con dos etapas terror\u00edficas de alta monta\u00f1a. La primera el viernes 30 de mayo, de solo 155 kil\u00f3metros pero m\u00e1s de 4.000 metros desnivel con un enlazado de puertos digno del Giro de Italia. Tres primeras casi id\u00e9nticos de 15 kil\u00f3metros al 7,5% de media. C<strong>ol de Tzecore, Col de Saint Pantale\u00f3n y el Col de Joux, despu\u00e9s de este una corta bajada antes de subir a Antagnod,<\/strong> un segunda de m\u00e1s de nueve kil\u00f3metros y bajar cuatro kil\u00f3metros hasta la meta de Champoluc, casi en la frontera con Suiza. <img loading=\"lazy\" decoding=\"async\" class=\"alignnone size-extra-large\" src=\"https:\/\/static2.giroditalia.it\/wp-content\/uploads\/2024\/12\/FCRrn6e8fDQxZGmT7FoR_301224-031621.jpg?v=20241230161622\" width=\"1280\" height=\"852\" \/><\/p>\n<p>La \u00faltima etapa decisiva del Giro de Italia 2025 apostar\u00e1 por el sterrato del <a href=\"https:\/\/www.giroditalia.it\/es\/colle-delle-finestre\/\">Colle delle Finestre<\/a> para decidir la maglia rosa. Un puerto que siempre ha causado problemas a los favoritos con sus \u00faltimos 10 kil\u00f3metros de tierra casi siempre por encima del 10%. Que ya hizo sufrir a Contador frente a Mikel Landa y Fabio Aru y que fue clave para que Chris Froome ganase el Giro 2018, que parec\u00eda tener en el bolsillo Simon Yates. Ser\u00e1n 200 kil\u00f3metros, los primeros 100 pr\u00e1cticamente llanos, pero con el final enlazado con <strong>Finestre y Sestriere,<\/strong> el \u00faltimo puerto del Giro antes del largo traslado desde la frontera con Francia hasta Roma para una \u00faltima etapa por el centro de la ciudad eterna. <img loading=\"lazy\" decoding=\"async\" class=\"alignnone size-extra-large\" src=\"https:\/\/static2.giroditalia.it\/wp-content\/uploads\/2024\/12\/04up4UpDvNUaLHlgk69m_301224-031928.jpg?v=20241230161928\" width=\"1280\" height=\"852\" \/><\/p>\n","protected":false},"excerpt":{"rendered":"<p>El Giro de Italia 2025 se abona a la f\u00f3rmula cl\u00e1sica con un final de carrera terror\u00edfico con cinco etapas [&hellip;]<\/p>\n","protected":false},"author":29,"featured_media":11431,"comment_status":"open","ping_status":"open","sticky":false,"template":"","format":"standard","meta":{"footnotes":""},"categories":[7],"tags":[2336,2240],"global-categories":[1164],"class_list":["post-11430","post","type-post","status-publish","format-standard","has-post-thumbnail","hentry","category-carretera","tag-giro-2025","tag-giro-de-italia","global-categories-cycling"],"yoast_head":"<!-- This site is optimized with the Yoast SEO Premium plugin v25.3 (Yoast SEO v25.9) - https:\/\/yoast.com\/wordpress\/plugins\/seo\/ -->\n<title>Giro de Italia 2025. De Albania al Colle delle Finestre - \u0160koda We Love Cycling - Spain<\/title>\n<meta name=\"description\" content=\"Giro de Italia 2025. De Albania al Colle delle Finestre. El Giro prepara una \u00faltima semana terrof\u00edca de alta monta\u00f1a en los Alpes.\" \/>\n<meta name=\"robots\" content=\"index, follow, max-snippet:-1, max-image-preview:large, max-video-preview:-1\" \/>\n<link rel=\"canonical\" href=\"https:\/\/www.welovecycling.com\/es\/2025\/01\/13\/giro-de-italia-2025-de-albania-al-colle-delle-finestre\/\" \/>\n<meta property=\"og:locale\" content=\"es_ES\" \/>\n<meta property=\"og:type\" content=\"article\" \/>\n<meta property=\"og:title\" content=\"Giro de Italia 2025. De Albania al Colle delle Finestre\" \/>\n<meta property=\"og:description\" content=\"Giro de Italia 2025. De Albania al Colle delle Finestre. El Giro prepara una \u00faltima semana terrof\u00edca de alta monta\u00f1a en los Alpes.\" \/>\n<meta property=\"og:url\" content=\"https:\/\/www.welovecycling.com\/es\/2025\/01\/13\/giro-de-italia-2025-de-albania-al-colle-delle-finestre\/\" \/>\n<meta property=\"og:site_name\" content=\"\u0160koda We Love Cycling - Spain\" \/>\n<meta property=\"article:published_time\" content=\"2025-01-13T20:06:46+00:00\" \/>\n<meta property=\"article:modified_time\" content=\"2025-01-15T13:53:08+00:00\" \/>\n<meta property=\"og:image\" content=\"https:\/\/d2p6e6u75xmxt8.cloudfront.net\/6\/2025\/01\/Giro-2025-mapa.webp\" \/>\n\t<meta property=\"og:image:width\" content=\"1280\" \/>\n\t<meta property=\"og:image:height\" content=\"640\" \/>\n\t<meta property=\"og:image:type\" content=\"image\/webp\" \/>\n<meta name=\"author\" content=\"We Love Cycling Spain\" \/>\n<meta name=\"twitter:card\" content=\"summary_large_image\" \/>\n<meta name=\"twitter:label1\" content=\"Written by\" \/>\n\t<meta name=\"twitter:data1\" content=\"Luis Ortega @Ciclored\" \/>\n\t<meta name=\"twitter:label2\" content=\"Est. reading time\" \/>\n\t<meta name=\"twitter:data2\" content=\"5 minutes\" \/>\n<script type=\"application\/ld+json\" class=\"yoast-schema-graph\">{\"@context\":\"https:\/\/schema.org\",\"@graph\":[{\"@type\":\"WebPage\",\"@id\":\"https:\/\/www.welovecycling.com\/es\/2025\/01\/13\/giro-de-italia-2025-de-albania-al-colle-delle-finestre\/\",\"url\":\"https:\/\/www.welovecycling.com\/es\/2025\/01\/13\/giro-de-italia-2025-de-albania-al-colle-delle-finestre\/\",\"name\":\"Giro de Italia 2025. De Albania al Colle delle Finestre - \u0160koda We Love Cycling - Spain\",\"isPartOf\":{\"@id\":\"https:\/\/www.welovecycling.com\/es\/#website\"},\"primaryImageOfPage\":{\"@id\":\"https:\/\/www.welovecycling.com\/es\/2025\/01\/13\/giro-de-italia-2025-de-albania-al-colle-delle-finestre\/#primaryimage\"},\"image\":{\"@id\":\"https:\/\/www.welovecycling.com\/es\/2025\/01\/13\/giro-de-italia-2025-de-albania-al-colle-delle-finestre\/#primaryimage\"},\"thumbnailUrl\":\"https:\/\/d2p6e6u75xmxt8.cloudfront.net\/6\/2025\/01\/Giro-2025-mapa.webp\",\"datePublished\":\"2025-01-13T20:06:46+00:00\",\"dateModified\":\"2025-01-15T13:53:08+00:00\",\"author\":{\"@id\":\"https:\/\/www.welovecycling.com\/es\/#\/schema\/person\/deb61715b5812698ee79fb96f343ccd4\"},\"description\":\"Giro de Italia 2025. De Albania al Colle delle Finestre. El Giro prepara una \u00faltima semana terrof\u00edca de alta monta\u00f1a en los Alpes.\",\"breadcrumb\":{\"@id\":\"https:\/\/www.welovecycling.com\/es\/2025\/01\/13\/giro-de-italia-2025-de-albania-al-colle-delle-finestre\/#breadcrumb\"},\"inLanguage\":\"es-ES\",\"potentialAction\":[{\"@type\":\"ReadAction\",\"target\":[\"https:\/\/www.welovecycling.com\/es\/2025\/01\/13\/giro-de-italia-2025-de-albania-al-colle-delle-finestre\/\"]}]},{\"@type\":\"ImageObject\",\"inLanguage\":\"es-ES\",\"@id\":\"https:\/\/www.welovecycling.com\/es\/2025\/01\/13\/giro-de-italia-2025-de-albania-al-colle-delle-finestre\/#primaryimage\",\"url\":\"https:\/\/d2p6e6u75xmxt8.cloudfront.net\/6\/2025\/01\/Giro-2025-mapa.webp\",\"contentUrl\":\"https:\/\/d2p6e6u75xmxt8.cloudfront.net\/6\/2025\/01\/Giro-2025-mapa.webp\",\"width\":1280,\"height\":640},{\"@type\":\"BreadcrumbList\",\"@id\":\"https:\/\/www.welovecycling.com\/es\/2025\/01\/13\/giro-de-italia-2025-de-albania-al-colle-delle-finestre\/#breadcrumb\",\"itemListElement\":[{\"@type\":\"ListItem\",\"position\":1,\"name\":\"Home\",\"item\":\"https:\/\/www.welovecycling.com\/es\/\"},{\"@type\":\"ListItem\",\"position\":2,\"name\":\"Giro de Italia 2025. De Albania al Colle delle Finestre\"}]},{\"@type\":\"WebSite\",\"@id\":\"https:\/\/www.welovecycling.com\/es\/#website\",\"url\":\"https:\/\/www.welovecycling.com\/es\/\",\"name\":\"\u0160koda We Love Cycling - Spain\",\"description\":\"\u0160koda WeLoveCycling Spain\",\"potentialAction\":[{\"@type\":\"SearchAction\",\"target\":{\"@type\":\"EntryPoint\",\"urlTemplate\":\"https:\/\/www.welovecycling.com\/es\/?s={search_term_string}\"},\"query-input\":{\"@type\":\"PropertyValueSpecification\",\"valueRequired\":true,\"valueName\":\"search_term_string\"}}],\"inLanguage\":\"es-ES\"},{\"@type\":\"Person\",\"@id\":\"https:\/\/www.welovecycling.com\/es\/#\/schema\/person\/deb61715b5812698ee79fb96f343ccd4\",\"name\":\"We Love Cycling Spain\",\"image\":{\"@type\":\"ImageObject\",\"inLanguage\":\"es-ES\",\"@id\":\"https:\/\/www.welovecycling.com\/es\/#\/schema\/person\/image\/\",\"url\":\"https:\/\/secure.gravatar.com\/avatar\/c824b04e6df0e37a03219d0b6481672889df542894588964102459e46513159c?s=96&d=mm&r=g\",\"contentUrl\":\"https:\/\/secure.gravatar.com\/avatar\/c824b04e6df0e37a03219d0b6481672889df542894588964102459e46513159c?s=96&d=mm&r=g\",\"caption\":\"We Love Cycling Spain\"},\"url\":\"https:\/\/www.welovecycling.com\/es\/author\/amunoz\/\"}]}<\/script>\n<!-- \/ Yoast SEO Premium plugin. -->","yoast_head_json":{"title":"Giro de Italia 2025. De Albania al Colle delle Finestre - \u0160koda We Love Cycling - Spain","description":"Giro de Italia 2025. De Albania al Colle delle Finestre. El Giro prepara una \u00faltima semana terrof\u00edca de alta monta\u00f1a en los Alpes.","robots":{"index":"index","follow":"follow","max-snippet":"max-snippet:-1","max-image-preview":"max-image-preview:large","max-video-preview":"max-video-preview:-1"},"canonical":"https:\/\/www.welovecycling.com\/es\/2025\/01\/13\/giro-de-italia-2025-de-albania-al-colle-delle-finestre\/","og_locale":"es_ES","og_type":"article","og_title":"Giro de Italia 2025. De Albania al Colle delle Finestre","og_description":"Giro de Italia 2025. De Albania al Colle delle Finestre. El Giro prepara una \u00faltima semana terrof\u00edca de alta monta\u00f1a en los Alpes.","og_url":"https:\/\/www.welovecycling.com\/es\/2025\/01\/13\/giro-de-italia-2025-de-albania-al-colle-delle-finestre\/","og_site_name":"\u0160koda We Love Cycling - Spain","article_published_time":"2025-01-13T20:06:46+00:00","article_modified_time":"2025-01-15T13:53:08+00:00","og_image":[{"width":1280,"height":640,"url":"https:\/\/d2p6e6u75xmxt8.cloudfront.net\/6\/2025\/01\/Giro-2025-mapa.webp","type":"image\/webp"}],"author":"We Love Cycling Spain","twitter_card":"summary_large_image","twitter_misc":{"Written by":"Luis Ortega @Ciclored","Est. reading time":"5 minutes"},"schema":{"@context":"https:\/\/schema.org","@graph":[{"@type":"WebPage","@id":"https:\/\/www.welovecycling.com\/es\/2025\/01\/13\/giro-de-italia-2025-de-albania-al-colle-delle-finestre\/","url":"https:\/\/www.welovecycling.com\/es\/2025\/01\/13\/giro-de-italia-2025-de-albania-al-colle-delle-finestre\/","name":"Giro de Italia 2025. De Albania al Colle delle Finestre - \u0160koda We Love Cycling - Spain","isPartOf":{"@id":"https:\/\/www.welovecycling.com\/es\/#website"},"primaryImageOfPage":{"@id":"https:\/\/www.welovecycling.com\/es\/2025\/01\/13\/giro-de-italia-2025-de-albania-al-colle-delle-finestre\/#primaryimage"},"image":{"@id":"https:\/\/www.welovecycling.com\/es\/2025\/01\/13\/giro-de-italia-2025-de-albania-al-colle-delle-finestre\/#primaryimage"},"thumbnailUrl":"https:\/\/d2p6e6u75xmxt8.cloudfront.net\/6\/2025\/01\/Giro-2025-mapa.webp","datePublished":"2025-01-13T20:06:46+00:00","dateModified":"2025-01-15T13:53:08+00:00","author":{"@id":"https:\/\/www.welovecycling.com\/es\/#\/schema\/person\/deb61715b5812698ee79fb96f343ccd4"},"description":"Giro de Italia 2025. De Albania al Colle delle Finestre. El Giro prepara una \u00faltima semana terrof\u00edca de alta monta\u00f1a en los Alpes.","breadcrumb":{"@id":"https:\/\/www.welovecycling.com\/es\/2025\/01\/13\/giro-de-italia-2025-de-albania-al-colle-delle-finestre\/#breadcrumb"},"inLanguage":"es-ES","potentialAction":[{"@type":"ReadAction","target":["https:\/\/www.welovecycling.com\/es\/2025\/01\/13\/giro-de-italia-2025-de-albania-al-colle-delle-finestre\/"]}]},{"@type":"ImageObject","inLanguage":"es-ES","@id":"https:\/\/www.welovecycling.com\/es\/2025\/01\/13\/giro-de-italia-2025-de-albania-al-colle-delle-finestre\/#primaryimage","url":"https:\/\/d2p6e6u75xmxt8.cloudfront.net\/6\/2025\/01\/Giro-2025-mapa.webp","contentUrl":"https:\/\/d2p6e6u75xmxt8.cloudfront.net\/6\/2025\/01\/Giro-2025-mapa.webp","width":1280,"height":640},{"@type":"BreadcrumbList","@id":"https:\/\/www.welovecycling.com\/es\/2025\/01\/13\/giro-de-italia-2025-de-albania-al-colle-delle-finestre\/#breadcrumb","itemListElement":[{"@type":"ListItem","position":1,"name":"Home","item":"https:\/\/www.welovecycling.com\/es\/"},{"@type":"ListItem","position":2,"name":"Giro de Italia 2025. De Albania al Colle delle Finestre"}]},{"@type":"WebSite","@id":"https:\/\/www.welovecycling.com\/es\/#website","url":"https:\/\/www.welovecycling.com\/es\/","name":"\u0160koda We Love Cycling - Spain","description":"\u0160koda WeLoveCycling Spain","potentialAction":[{"@type":"SearchAction","target":{"@type":"EntryPoint","urlTemplate":"https:\/\/www.welovecycling.com\/es\/?s={search_term_string}"},"query-input":{"@type":"PropertyValueSpecification","valueRequired":true,"valueName":"search_term_string"}}],"inLanguage":"es-ES"},{"@type":"Person","@id":"https:\/\/www.welovecycling.com\/es\/#\/schema\/person\/deb61715b5812698ee79fb96f343ccd4","name":"We Love Cycling Spain","image":{"@type":"ImageObject","inLanguage":"es-ES","@id":"https:\/\/www.welovecycling.com\/es\/#\/schema\/person\/image\/","url":"https:\/\/secure.gravatar.com\/avatar\/c824b04e6df0e37a03219d0b6481672889df542894588964102459e46513159c?s=96&d=mm&r=g","contentUrl":"https:\/\/secure.gravatar.com\/avatar\/c824b04e6df0e37a03219d0b6481672889df542894588964102459e46513159c?s=96&d=mm&r=g","caption":"We Love Cycling Spain"},"url":"https:\/\/www.welovecycling.com\/es\/author\/amunoz\/"}]}},"_links":{"self":[{"href":"https:\/\/www.welovecycling.com\/es\/wp-json\/wp\/v2\/posts\/11430","targetHints":{"allow":["GET"]}}],"collection":[{"href":"https:\/\/www.welovecycling.com\/es\/wp-json\/wp\/v2\/posts"}],"about":[{"href":"https:\/\/www.welovecycling.com\/es\/wp-json\/wp\/v2\/types\/post"}],"author":[{"embeddable":true,"href":"https:\/\/www.welovecycling.com\/es\/wp-json\/wp\/v2\/users\/29"}],"replies":[{"embeddable":true,"href":"https:\/\/www.welovecycling.com\/es\/wp-json\/wp\/v2\/comments?post=11430"}],"version-history":[{"count":4,"href":"https:\/\/www.welovecycling.com\/es\/wp-json\/wp\/v2\/posts\/11430\/revisions"}],"predecessor-version":[{"id":11436,"href":"https:\/\/www.welovecycling.com\/es\/wp-json\/wp\/v2\/posts\/11430\/revisions\/11436"}],"wp:featuredmedia":[{"embeddable":true,"href":"https:\/\/www.welovecycling.com\/es\/wp-json\/wp\/v2\/media\/11431"}],"wp:attachment":[{"href":"https:\/\/www.welovecycling.com\/es\/wp-json\/wp\/v2\/media?parent=11430"}],"wp:term":[{"taxonomy":"category","embeddable":true,"href":"https:\/\/www.welovecycling.com\/es\/wp-json\/wp\/v2\/categories?post=11430"},{"taxonomy":"post_tag","embeddable":true,"href":"https:\/\/www.welovecycling.com\/es\/wp-json\/wp\/v2\/tags?post=11430"},{"taxonomy":"global-categories","embeddable":true,"href":"https:\/\/www.welovecycling.com\/es\/wp-json\/wp\/v2\/global-categories?post=11430"}],"curies":[{"name":"wp","href":"https:\/\/api.w.org\/{rel}","templated":true}]}}