{"id":11420,"date":"2025-01-05T17:43:40","date_gmt":"2025-01-05T15:43:40","guid":{"rendered":"https:\/\/www.welovecycling.com\/es\/?p=11420"},"modified":"2025-01-05T17:43:40","modified_gmt":"2025-01-05T15:43:40","slug":"ciclismo-2025","status":"publish","type":"post","link":"https:\/\/www.welovecycling.com\/es\/2025\/01\/05\/ciclismo-2025\/","title":{"rendered":"Qu\u00e9 le espera al ciclismo en 2025"},"content":{"rendered":"<p><strong>\u00a1Bienvenidos a 2025, amigos! Como comunidad ciclista, nos alegra entrar en el nuevo a\u00f1o llenos de \u00edmpetu, entusiasmo y mucha determinaci\u00f3n. El a\u00f1o pasado nos trajo actuaciones revolucionarias de pesos pesados consagrados y estrellas emergentes, una mayor atenci\u00f3n a la sostenibilidad y la respuesta de la comunidad ciclista a los retos mundiales.<\/strong><\/p>\n<p><!--more--><\/p>\n<p>Desde los circuitos profesionales hasta los desplazamientos locales, 2024 reafirm\u00f3 el lugar del ciclismo como piedra angular de la vida activa, el transporte ecol\u00f3gico y un lugar donde los atletas de ambos sexos siguen superando los l\u00edmites. De cara al a\u00f1o que viene, varias tendencias y aspiraciones van a dar forma al deporte y a la cultura del ciclismo. Desde la incorporaci\u00f3n de nuevas tecnolog\u00edas hasta la ampliaci\u00f3n de la inclusividad del deporte, estos son los prop\u00f3sitos para el ciclismo que creemos que definir\u00e1n 2025.<\/p>\n<h2><b>La sostenibilidad, protagonista<\/b><\/h2>\n<p>El ciclismo ha sido durante mucho tiempo sin\u00f3nimo de conciencia ecol\u00f3gica, pero 2025 promete un \u00e9nfasis a\u00fan mayor en la sostenibilidad. Grandes eventos como el Tour de Francia han liderado la iniciativa de reducir los residuos y aplicar pr\u00e1cticas neutras en carbono. En 2024, el Tour introdujo medidas para racionalizar la log\u00edstica, promover el reciclaje y reducir el uso de pl\u00e1sticos, marcando un cambio para que los eventos ciclistas mundiales sigan el ejemplo.<\/p>\n<p>M\u00e1s all\u00e1 de los eventos, las marcas est\u00e1n dando un paso adelante. Empresas como Specialized y Trek est\u00e1n desarrollando bicicletas con materiales reciclados o upcycled y comprometi\u00e9ndose con procesos de fabricaci\u00f3n m\u00e1s sostenibles. Las empresas de ropa tambi\u00e9n est\u00e1n adoptando tejidos org\u00e1nicos y reciclados, abordando tanto el rendimiento como el impacto ambiental.<\/p>\n<p>En las ciudades, los programas de bicicletas compartidas se asocian con proveedores de energ\u00edas renovables para reducir su huella de carbono. El programa Velib de Par\u00eds, por ejemplo, utiliza una flota de veh\u00edculos de mantenimiento y regulaci\u00f3n 100% el\u00e9ctricos o de gas natural. Y las partes de las bicicletas que ya no se utilizan se reciclan y transforman: los neum\u00e1ticos se convierten en cinturones y las c\u00e1maras de aire en bolsas o carteras. Es probable que este a\u00f1o m\u00e1s ciudades adopten pr\u00e1cticas similares, alineando la infraestructura ciclista urbana con los objetivos clim\u00e1ticos.<\/p>\n<h2><b>Avances de la tecnolog\u00eda ciclista<\/b><\/h2>\n<p>La innovaci\u00f3n sigue transformando nuestra forma de montar en bicicleta, y 2025 se perfila como un a\u00f1o hist\u00f3rico para la tecnolog\u00eda ciclista. Los cascos inteligentes, ahora equipados con sistemas de comunicaci\u00f3n, detecci\u00f3n de colisiones y luces integradas, son cada vez m\u00e1s accesibles para los ciclistas de a pie. Marcas como Lumos y Unit 1 lideran esta tendencia, garantizando que los ciclistas se mantengan seguros y conectados en la carretera.<\/p>\n<p>Las herramientas de entrenamiento asistidas por IA se est\u00e1n convirtiendo en indispensables para los ciclistas centrados en el rendimiento. Plataformas como Zwift y SYSTM de Wahoo ofrecen programas de entrenamiento personalizados basados en los datos del ciclista, combinando recorridos virtuales con mejoras en el mundo real. La IA tambi\u00e9n est\u00e1 dejando su huella en el mantenimiento predictivo, con sensores que controlan el desgaste de las bicicletas y avisan a los ciclistas cuando es necesario sustituirlas o repararlas.<\/p>\n<p>Mientras tanto, la aerodin\u00e1mica y los materiales ligeros est\u00e1n mejorando el rendimiento de las bicicletas. Los cuadros y neum\u00e1ticos con grafeno prometen ser m\u00e1s ligeros y duraderos. Estas tecnolog\u00edas no se limitan a las carreras profesionales, sino que se est\u00e1n introduciendo en las bicicletas de ocio y de uso diario, haciendo que el ciclismo sea m\u00e1s accesible y agradable para todos.<\/p>\n<h2><b>Diversidad e inclusi\u00f3n<\/b><\/h2>\n<p>El ciclismo ha sido criticado a menudo por ser un deporte exclusivo, pero las cosas est\u00e1n cambiando lenta pero constantemente. Los esfuerzos por diversificar el deporte cobraron impulso en 2024, y 2025 est\u00e1 llamado a ampliar estas bases.<\/p>\n<p>Organizaciones como la Asociaci\u00f3n Nacional de Ciclismo Interescolar (NICA) est\u00e1n creando v\u00edas para que los grupos infrarrepresentados participen en el deporte, especialmente en programas juveniles. Mientras tanto, iniciativas de base est\u00e1n fomentando comunidades ciclistas locales en zonas donde este deporte ha estado hist\u00f3ricamente infrarrepresentado, como en partes de \u00c1frica, Asia y Sudam\u00e9rica.<\/p>\n<p>Los equipos y eventos profesionales tambi\u00e9n dan prioridad a la representaci\u00f3n. Por ejemplo, la UCI sigue trabajando para ampliar el alcance del ciclismo a nivel mundial, a\u00f1adiendo nuevos eventos en diversos lugares y garantizando la visibilidad de los atletas de todos los or\u00edgenes. Las marcas destacan cada vez m\u00e1s a embajadores diversos en sus campa\u00f1as de marketing, lo que refleja la realidad de una comunidad ciclista mundial.<\/p>\n<h2><b>El ciclismo femenino sigue creciendo<\/b><\/h2>\n<p>El ciclismo femenino sigue floreciendo en esta era de transformaci\u00f3n. El \u00e9xito del <a href=\"http:\/\/letourfemmes.fr\">Tour de France Femmes avec Zwift<\/a> en 2024 puso de relieve la demanda y el aprecio por las competiciones femeninas. Este a\u00f1o, el deporte aspira a aprovechar ese impulso.<\/p>\n<p>Aunque la disparidad de premios en met\u00e1lico sigue siendo un reto, se est\u00e1 reduciendo, y los patrocinadores est\u00e1n invirtiendo m\u00e1s en equipos femeninos. La adici\u00f3n de nuevas carreras del UCI Women&#8217;s WorldTour en 2025 refleja un compromiso cada vez mayor para elevar el calendario femenino.<\/p>\n<p>Los esfuerzos de base tambi\u00e9n son fundamentales. Los programas que animan a las j\u00f3venes a iniciarse en el ciclismo est\u00e1n floreciendo, con iniciativas como Little Bellas en Estados Unidos y programas similares en Europa y Asia que inspiran a la pr\u00f3xima generaci\u00f3n de ciclistas femeninas. La visibilidad sigue siendo clave, y a medida que las cadenas de televisi\u00f3n ampl\u00eden su cobertura de los eventos femeninos, la audiencia y la influencia de este deporte crecer\u00e1n sin duda.<\/p>\n<h2><b>Auge del gravel y del ciclismo aventura<\/b><\/h2>\n<p>El ciclismo de monta\u00f1a y de aventura se ha consolidado como uno de los pilares del mundo del ciclismo. Con su \u00e9nfasis en la exploraci\u00f3n y la accesibilidad, estas disciplinas atraen a un amplio p\u00fablico, desde profesionales experimentados hasta aventureros de fin de semana.<\/p>\n<p>Eventos como Unbound Gravel y los Campeonatos del Mundo de Gravel est\u00e1n ganando prestigio y atraen tanto a deportistas de \u00e9lite como a aficionados. La naturaleza inclusiva del ciclismo sobre grava -donde la comunidad a menudo valora m\u00e1s la participaci\u00f3n que la competici\u00f3n- sigue siendo un importante atractivo.<\/p>\n<p>Los fabricantes de bicicletas est\u00e1n respondiendo a la demanda con modelos especializados en gravel, con cubiertas m\u00e1s anchas, geometr\u00eda orientada a la resistencia y mayor versatilidad. El ciclismo de aventura tambi\u00e9n se est\u00e1 expandiendo, con la aparici\u00f3n en todo el mundo de excursiones guiadas y rutas para mochileros, que ofrecen a los ciclistas nuevas formas de conectar con la naturaleza.<\/p>\n<h2><b>Bicicleta urbana y movilidad<\/b><\/h2>\n<p>Mientras las ciudades luchan contra el cambio clim\u00e1tico y la congesti\u00f3n, la bicicleta se perfila como piedra angular de la movilidad urbana sostenible. En 2024, Par\u00eds anunci\u00f3 planes para ampliar su ya extensa red ciclista, con el objetivo de alcanzar el 100% de accesibilidad en bicicleta para 2030. Otras ciudades, como Copenhague, \u00c1msterdam y Bogot\u00e1, siguen sirviendo de modelo para integrar la bicicleta en la vida urbana.<\/p>\n<p>Enfoques innovadores como las \u00absuperautopistas ciclistas\u00bb de Londres y los incentivos para desplazarse al trabajo en Berl\u00edn est\u00e1n animando a m\u00e1s personas a abandonar el coche en favor de la bicicleta. Las bicicletas el\u00e9ctricas tambi\u00e9n est\u00e1n desempe\u00f1ando un papel transformador, convirtiendo la bicicleta en una opci\u00f3n viable para los desplazamientos m\u00e1s largos y para diversos grupos de edad. Es probable que este a\u00f1o haya a\u00fan m\u00e1s ciudades que den prioridad al uso de la bicicleta en sus estrategias de planificaci\u00f3n urbana.<\/p>\n<h2><b>Lecciones de\u00a0 2024<\/b><\/h2>\n<p>Al reflexionar sobre 2024, destacan varios momentos cruciales. En el Tour de Francia se batieron r\u00e9cords, y tanto las estrellas en ciernes como los atletas m\u00e1s veteranos superaron los l\u00edmites. En el pelot\u00f3n femenino, <a href=\"https:\/\/www.welovecycling.com\/es\/2024\/11\/12\/lotte-kopecky\/\">Lotte Kopecky<\/a> se consolid\u00f3 como la ciclista de cl\u00e1sicas a batir: tras ganar el UAE Tour, se impuso en Strade Bianche y Nokere Koerse. En cuanto a los hombres, el dominio de Tadej Poga\u010dar en las carreras de la \u00abTriple Corona\u00bb (Giro de Italia, Tour de Francia y Campeonatos del Mundo) estableci\u00f3 <a href=\"https:\/\/www.welovecycling.com\/es\/2024\/12\/27\/velo-d-or\/\">nuevos hitos de excelencia<\/a>.<\/p>\n<p>Fuera de los circuitos, el cicloturismo experiment\u00f3 un importante auge. Destinos como Francia e Italia siguieron atrayendo a los aficionados, mientras que los mercados emergentes del sudeste asi\u00e1tico y Sudam\u00e9rica ofrec\u00edan experiencias \u00fanicas a los ciclistas aventureros. El inter\u00e9s del sector por contar historias -conectando el ciclismo con la cultura, la historia y la sostenibilidad- est\u00e1 calando en una nueva generaci\u00f3n de ciclistas.<\/p>\n<p>Los prop\u00f3sitos del ciclismo para 2025 son ambiciosos pero alcanzables. Adoptando la sostenibilidad, defendiendo la inclusi\u00f3n, aprovechando la tecnolog\u00eda y ampliando los horizontes de lo que el ciclismo puede llegar a ser, el deporte y la cultura est\u00e1n llamados a prosperar. Feliz a\u00f1o nuevo a todos, \u00a1hagamos juntos que 2025 quede grabado en los libros de historia!<\/p>\n","protected":false},"excerpt":{"rendered":"<p>\u00a1Bienvenidos a 2025, amigos! Como comunidad ciclista, nos alegra entrar en el nuevo a\u00f1o llenos de \u00edmpetu, entusiasmo y mucha [&hellip;]<\/p>\n","protected":false},"author":29,"featured_media":11421,"comment_status":"open","ping_status":"open","sticky":false,"template":"","format":"standard","meta":{"footnotes":""},"categories":[7,9],"tags":[],"global-categories":[],"class_list":["post-11420","post","type-post","status-publish","format-standard","has-post-thumbnail","hentry","category-carretera","category-mtb-aventura"],"yoast_head":"<!-- This site is optimized with the Yoast SEO Premium plugin v25.3 (Yoast SEO v25.9) - https:\/\/yoast.com\/wordpress\/plugins\/seo\/ -->\n<title>Qu\u00e9 le espera al ciclismo en 2025<\/title>\n<meta name=\"description\" content=\"Qu\u00e9 le espera al ciclismo en 2025. Desde las mejoras tecnol\u00f3gicas a las aplicaciones con IA o el ciclismo femeino.\" \/>\n<meta name=\"robots\" content=\"index, follow, max-snippet:-1, max-image-preview:large, max-video-preview:-1\" \/>\n<link rel=\"canonical\" href=\"https:\/\/www.welovecycling.com\/es\/2025\/01\/05\/ciclismo-2025\/\" \/>\n<meta property=\"og:locale\" content=\"es_ES\" \/>\n<meta property=\"og:type\" content=\"article\" \/>\n<meta property=\"og:title\" content=\"Qu\u00e9 le espera al ciclismo en 2025\" \/>\n<meta property=\"og:description\" content=\"Qu\u00e9 le espera al ciclismo en 2025\" \/>\n<meta property=\"og:url\" content=\"https:\/\/www.welovecycling.com\/es\/2025\/01\/05\/ciclismo-2025\/\" \/>\n<meta property=\"og:site_name\" content=\"\u0160koda We Love Cycling - Spain\" \/>\n<meta property=\"article:published_time\" content=\"2025-01-05T15:43:40+00:00\" \/>\n<meta property=\"og:image\" content=\"https:\/\/d2p6e6u75xmxt8.cloudfront.net\/6\/2025\/01\/Christmas-bicycle-profimedia-0487403489-CVR.webp\" \/>\n\t<meta property=\"og:image:width\" content=\"900\" \/>\n\t<meta property=\"og:image:height\" content=\"600\" \/>\n\t<meta property=\"og:image:type\" content=\"image\/webp\" \/>\n<meta name=\"author\" content=\"We Love Cycling Spain\" \/>\n<meta name=\"twitter:card\" content=\"summary_large_image\" \/>\n<meta name=\"twitter:description\" content=\"Qu\u00e9 le espera al ciclismo en 2025\" \/>\n<meta name=\"twitter:label1\" content=\"Written by\" \/>\n\t<meta name=\"twitter:data1\" content=\"Megan Flottorp\" \/>\n\t<meta name=\"twitter:label2\" content=\"Est. reading time\" \/>\n\t<meta name=\"twitter:data2\" content=\"4\" \/>\n<script type=\"application\/ld+json\" class=\"yoast-schema-graph\">{\"@context\":\"https:\/\/schema.org\",\"@graph\":[{\"@type\":\"WebPage\",\"@id\":\"https:\/\/www.welovecycling.com\/es\/2025\/01\/05\/ciclismo-2025\/\",\"url\":\"https:\/\/www.welovecycling.com\/es\/2025\/01\/05\/ciclismo-2025\/\",\"name\":\"Qu\u00e9 le espera al ciclismo en 2025\",\"isPartOf\":{\"@id\":\"https:\/\/www.welovecycling.com\/es\/#website\"},\"primaryImageOfPage\":{\"@id\":\"https:\/\/www.welovecycling.com\/es\/2025\/01\/05\/ciclismo-2025\/#primaryimage\"},\"image\":{\"@id\":\"https:\/\/www.welovecycling.com\/es\/2025\/01\/05\/ciclismo-2025\/#primaryimage\"},\"thumbnailUrl\":\"https:\/\/d2p6e6u75xmxt8.cloudfront.net\/6\/2025\/01\/Christmas-bicycle-profimedia-0487403489-CVR.webp\",\"datePublished\":\"2025-01-05T15:43:40+00:00\",\"author\":{\"@id\":\"https:\/\/www.welovecycling.com\/es\/#\/schema\/person\/deb61715b5812698ee79fb96f343ccd4\"},\"description\":\"Qu\u00e9 le espera al ciclismo en 2025. Desde las mejoras tecnol\u00f3gicas a las aplicaciones con IA o el ciclismo femeino.\",\"breadcrumb\":{\"@id\":\"https:\/\/www.welovecycling.com\/es\/2025\/01\/05\/ciclismo-2025\/#breadcrumb\"},\"inLanguage\":\"es-ES\",\"potentialAction\":[{\"@type\":\"ReadAction\",\"target\":[\"https:\/\/www.welovecycling.com\/es\/2025\/01\/05\/ciclismo-2025\/\"]}]},{\"@type\":\"ImageObject\",\"inLanguage\":\"es-ES\",\"@id\":\"https:\/\/www.welovecycling.com\/es\/2025\/01\/05\/ciclismo-2025\/#primaryimage\",\"url\":\"https:\/\/d2p6e6u75xmxt8.cloudfront.net\/6\/2025\/01\/Christmas-bicycle-profimedia-0487403489-CVR.webp\",\"contentUrl\":\"https:\/\/d2p6e6u75xmxt8.cloudfront.net\/6\/2025\/01\/Christmas-bicycle-profimedia-0487403489-CVR.webp\",\"width\":900,\"height\":600,\"caption\":\"Bike handlebars\"},{\"@type\":\"BreadcrumbList\",\"@id\":\"https:\/\/www.welovecycling.com\/es\/2025\/01\/05\/ciclismo-2025\/#breadcrumb\",\"itemListElement\":[{\"@type\":\"ListItem\",\"position\":1,\"name\":\"Home\",\"item\":\"https:\/\/www.welovecycling.com\/es\/\"},{\"@type\":\"ListItem\",\"position\":2,\"name\":\"Qu\u00e9 le espera al ciclismo en 2025\"}]},{\"@type\":\"WebSite\",\"@id\":\"https:\/\/www.welovecycling.com\/es\/#website\",\"url\":\"https:\/\/www.welovecycling.com\/es\/\",\"name\":\"\u0160koda We Love Cycling - Spain\",\"description\":\"\u0160koda WeLoveCycling Spain\",\"potentialAction\":[{\"@type\":\"SearchAction\",\"target\":{\"@type\":\"EntryPoint\",\"urlTemplate\":\"https:\/\/www.welovecycling.com\/es\/?s={search_term_string}\"},\"query-input\":{\"@type\":\"PropertyValueSpecification\",\"valueRequired\":true,\"valueName\":\"search_term_string\"}}],\"inLanguage\":\"es-ES\"},{\"@type\":\"Person\",\"@id\":\"https:\/\/www.welovecycling.com\/es\/#\/schema\/person\/deb61715b5812698ee79fb96f343ccd4\",\"name\":\"We Love Cycling Spain\",\"image\":{\"@type\":\"ImageObject\",\"inLanguage\":\"es-ES\",\"@id\":\"https:\/\/www.welovecycling.com\/es\/#\/schema\/person\/image\/\",\"url\":\"https:\/\/secure.gravatar.com\/avatar\/c824b04e6df0e37a03219d0b6481672889df542894588964102459e46513159c?s=96&d=mm&r=g\",\"contentUrl\":\"https:\/\/secure.gravatar.com\/avatar\/c824b04e6df0e37a03219d0b6481672889df542894588964102459e46513159c?s=96&d=mm&r=g\",\"caption\":\"We Love Cycling Spain\"},\"url\":\"https:\/\/www.welovecycling.com\/es\/author\/amunoz\/\"}]}<\/script>\n<!-- \/ Yoast SEO Premium plugin. -->","yoast_head_json":{"title":"Qu\u00e9 le espera al ciclismo en 2025","description":"Qu\u00e9 le espera al ciclismo en 2025. Desde las mejoras tecnol\u00f3gicas a las aplicaciones con IA o el ciclismo femeino.","robots":{"index":"index","follow":"follow","max-snippet":"max-snippet:-1","max-image-preview":"max-image-preview:large","max-video-preview":"max-video-preview:-1"},"canonical":"https:\/\/www.welovecycling.com\/es\/2025\/01\/05\/ciclismo-2025\/","og_locale":"es_ES","og_type":"article","og_title":"Qu\u00e9 le espera al ciclismo en 2025","og_description":"Qu\u00e9 le espera al ciclismo en 2025","og_url":"https:\/\/www.welovecycling.com\/es\/2025\/01\/05\/ciclismo-2025\/","og_site_name":"\u0160koda We Love Cycling - Spain","article_published_time":"2025-01-05T15:43:40+00:00","og_image":[{"width":900,"height":600,"url":"https:\/\/d2p6e6u75xmxt8.cloudfront.net\/6\/2025\/01\/Christmas-bicycle-profimedia-0487403489-CVR.webp","type":"image\/webp"}],"author":"We Love Cycling Spain","twitter_card":"summary_large_image","twitter_description":"Qu\u00e9 le espera al ciclismo en 2025","twitter_misc":{"Written by":"Megan Flottorp","Est. reading time":"4"},"schema":{"@context":"https:\/\/schema.org","@graph":[{"@type":"WebPage","@id":"https:\/\/www.welovecycling.com\/es\/2025\/01\/05\/ciclismo-2025\/","url":"https:\/\/www.welovecycling.com\/es\/2025\/01\/05\/ciclismo-2025\/","name":"Qu\u00e9 le espera al ciclismo en 2025","isPartOf":{"@id":"https:\/\/www.welovecycling.com\/es\/#website"},"primaryImageOfPage":{"@id":"https:\/\/www.welovecycling.com\/es\/2025\/01\/05\/ciclismo-2025\/#primaryimage"},"image":{"@id":"https:\/\/www.welovecycling.com\/es\/2025\/01\/05\/ciclismo-2025\/#primaryimage"},"thumbnailUrl":"https:\/\/d2p6e6u75xmxt8.cloudfront.net\/6\/2025\/01\/Christmas-bicycle-profimedia-0487403489-CVR.webp","datePublished":"2025-01-05T15:43:40+00:00","author":{"@id":"https:\/\/www.welovecycling.com\/es\/#\/schema\/person\/deb61715b5812698ee79fb96f343ccd4"},"description":"Qu\u00e9 le espera al ciclismo en 2025. Desde las mejoras tecnol\u00f3gicas a las aplicaciones con IA o el ciclismo femeino.","breadcrumb":{"@id":"https:\/\/www.welovecycling.com\/es\/2025\/01\/05\/ciclismo-2025\/#breadcrumb"},"inLanguage":"es-ES","potentialAction":[{"@type":"ReadAction","target":["https:\/\/www.welovecycling.com\/es\/2025\/01\/05\/ciclismo-2025\/"]}]},{"@type":"ImageObject","inLanguage":"es-ES","@id":"https:\/\/www.welovecycling.com\/es\/2025\/01\/05\/ciclismo-2025\/#primaryimage","url":"https:\/\/d2p6e6u75xmxt8.cloudfront.net\/6\/2025\/01\/Christmas-bicycle-profimedia-0487403489-CVR.webp","contentUrl":"https:\/\/d2p6e6u75xmxt8.cloudfront.net\/6\/2025\/01\/Christmas-bicycle-profimedia-0487403489-CVR.webp","width":900,"height":600,"caption":"Bike handlebars"},{"@type":"BreadcrumbList","@id":"https:\/\/www.welovecycling.com\/es\/2025\/01\/05\/ciclismo-2025\/#breadcrumb","itemListElement":[{"@type":"ListItem","position":1,"name":"Home","item":"https:\/\/www.welovecycling.com\/es\/"},{"@type":"ListItem","position":2,"name":"Qu\u00e9 le espera al ciclismo en 2025"}]},{"@type":"WebSite","@id":"https:\/\/www.welovecycling.com\/es\/#website","url":"https:\/\/www.welovecycling.com\/es\/","name":"\u0160koda We Love Cycling - Spain","description":"\u0160koda WeLoveCycling Spain","potentialAction":[{"@type":"SearchAction","target":{"@type":"EntryPoint","urlTemplate":"https:\/\/www.welovecycling.com\/es\/?s={search_term_string}"},"query-input":{"@type":"PropertyValueSpecification","valueRequired":true,"valueName":"search_term_string"}}],"inLanguage":"es-ES"},{"@type":"Person","@id":"https:\/\/www.welovecycling.com\/es\/#\/schema\/person\/deb61715b5812698ee79fb96f343ccd4","name":"We Love Cycling Spain","image":{"@type":"ImageObject","inLanguage":"es-ES","@id":"https:\/\/www.welovecycling.com\/es\/#\/schema\/person\/image\/","url":"https:\/\/secure.gravatar.com\/avatar\/c824b04e6df0e37a03219d0b6481672889df542894588964102459e46513159c?s=96&d=mm&r=g","contentUrl":"https:\/\/secure.gravatar.com\/avatar\/c824b04e6df0e37a03219d0b6481672889df542894588964102459e46513159c?s=96&d=mm&r=g","caption":"We Love Cycling Spain"},"url":"https:\/\/www.welovecycling.com\/es\/author\/amunoz\/"}]}},"_links":{"self":[{"href":"https:\/\/www.welovecycling.com\/es\/wp-json\/wp\/v2\/posts\/11420","targetHints":{"allow":["GET"]}}],"collection":[{"href":"https:\/\/www.welovecycling.com\/es\/wp-json\/wp\/v2\/posts"}],"about":[{"href":"https:\/\/www.welovecycling.com\/es\/wp-json\/wp\/v2\/types\/post"}],"author":[{"embeddable":true,"href":"https:\/\/www.welovecycling.com\/es\/wp-json\/wp\/v2\/users\/29"}],"replies":[{"embeddable":true,"href":"https:\/\/www.welovecycling.com\/es\/wp-json\/wp\/v2\/comments?post=11420"}],"version-history":[{"count":1,"href":"https:\/\/www.welovecycling.com\/es\/wp-json\/wp\/v2\/posts\/11420\/revisions"}],"predecessor-version":[{"id":11422,"href":"https:\/\/www.welovecycling.com\/es\/wp-json\/wp\/v2\/posts\/11420\/revisions\/11422"}],"wp:featuredmedia":[{"embeddable":true,"href":"https:\/\/www.welovecycling.com\/es\/wp-json\/wp\/v2\/media\/11421"}],"wp:attachment":[{"href":"https:\/\/www.welovecycling.com\/es\/wp-json\/wp\/v2\/media?parent=11420"}],"wp:term":[{"taxonomy":"category","embeddable":true,"href":"https:\/\/www.welovecycling.com\/es\/wp-json\/wp\/v2\/categories?post=11420"},{"taxonomy":"post_tag","embeddable":true,"href":"https:\/\/www.welovecycling.com\/es\/wp-json\/wp\/v2\/tags?post=11420"},{"taxonomy":"global-categories","embeddable":true,"href":"https:\/\/www.welovecycling.com\/es\/wp-json\/wp\/v2\/global-categories?post=11420"}],"curies":[{"name":"wp","href":"https:\/\/api.w.org\/{rel}","templated":true}]}}