{"id":11396,"date":"2024-12-27T10:45:41","date_gmt":"2024-12-27T08:45:41","guid":{"rendered":"https:\/\/www.welovecycling.com\/es\/?p=11396"},"modified":"2024-12-26T21:53:12","modified_gmt":"2024-12-26T19:53:12","slug":"velo-d-or","status":"publish","type":"post","link":"https:\/\/www.welovecycling.com\/es\/2024\/12\/27\/velo-d-or\/","title":{"rendered":"El Velo d\u2019Or, el \u00fanico premio donde no tiene el r\u00e9cord Merckx"},"content":{"rendered":"<div class=\"flex-1 overflow-hidden @container\/thread\">\n<div class=\"h-full\">\n<div class=\"react-scroll-to-bottom--css-epror-79elbk h-full\">\n<div class=\"react-scroll-to-bottom--css-epror-1n7m0yu\">\n<div class=\"flex flex-col text-sm md:pb-9\">\n<article class=\"w-full scroll-mb-[var(--thread-trailing-height,150px)] text-token-text-primary focus-visible:outline-2 focus-visible:outline-offset-[-4px]\" dir=\"auto\" data-testid=\"conversation-turn-15\" data-scroll-anchor=\"true\">\n<div class=\"m-auto text-base py-[18px] px-3 md:px-4 w-full md:px-5 lg:px-4 xl:px-5\">\n<div class=\"mx-auto flex flex-1 gap-4 text-base md:gap-5 lg:gap-6 md:max-w-3xl lg:max-w-[40rem] xl:max-w-[48rem]\">\n<div class=\"group\/conversation-turn relative flex w-full min-w-0 flex-col agent-turn\">\n<div class=\"flex-col gap-1 md:gap-3\">\n<div class=\"flex max-w-full flex-col flex-grow\">\n<div class=\"min-h-8 text-message flex w-full flex-col items-end gap-2 whitespace-normal break-words text-start [.text-message+&amp;]:mt-5\" dir=\"auto\" data-message-author-role=\"assistant\" data-message-id=\"beedb2fe-3dc5-4cdb-98ba-aa64f858ea74\" data-message-model-slug=\"gpt-4o\">\n<div class=\"flex w-full flex-col gap-1 empty:hidden first:pt-[3px]\">\n<div class=\"markdown prose w-full break-words dark:prose-invert light\">\n<p><strong>El Bal\u00f3n de Oro del ciclismo se llama Velo d&#8217;Or y se entrega en el mes de diciembre. Los ganadores tambi\u00e9n pasan por el filtro de una revista francesa <a href=\"https:\/\/www.lequipe.fr\/abonnement\/kiosque\/V%C3%A9lo-Magazine\">V\u00e9lo Magazine<\/a> (igual que en el f\u00fatbol), pero en el caso del ciclismo su historia se remonta a solo 33 ediciones, desde 1992, por lo que su historial no est\u00e1 copado por Eddy Merckx, el Can\u00edbal del ciclismo, ni tampoco aparecen hist\u00f3ricos como Hinault, Poulidor, Bahamontes, Coppi, Bartali o Gimondi. Es un galard\u00f3n del ciclismo moderno que todav\u00eda lucha por ganarse el prestigio, aunque ahora en la era de la redes sociales aparecer en una foto o v\u00eddeo con un premio ya es relevante para los medios y los patrocinadores, y estos \u00faltimos en el ciclismo son important\u00edsimos.<br \/>\n<!--more--><\/strong><\/p>\n<p>El <strong>V\u00e9lo d\u2019Or<\/strong>, al igual que el Bal\u00f3n de Oro, ha premiado en esta \u00faltimas tres d\u00e9cadas a los corredores que marcaron la temporada por sus haza\u00f1as, constancia y victorias, aunque no ha estado exento de controversias y debates. Sobre todo porque en el ciclismo lo m\u00e1s importante siempre es ganar el Tour, claro, pero se puede optar si eres un clasic\u00f3mano de copete y te llevas tres monumentos y el Mundial, o si ganas Vuelta y Giro a la vez. O si eres capaz de vencer en muchos terrenos y terminar la temporada con dos decenas de triunfos al m\u00e1ximo nivel.<\/p>\n<hr \/>\n<h3><strong>El nacimiento de un premio emblem\u00e1tico<\/strong><\/h3>\n<p>El V\u00e9lo d\u2019Or, lo cre\u00f3 el grupo ASO, due\u00f1o del Tour, del peri\u00f3dico L&#8217;Equipe y de la revista Le Velo. Surgi\u00f3 en un momento en que el ciclismo necesitaba un reconocimiento global que destacara a los mejores competidores de todas las disciplinas: carretera, pista, monta\u00f1a y ciclocross. Desde su primera edici\u00f3n, el galard\u00f3n ha capturado la atenci\u00f3n de aficionados y expertos, convirti\u00e9ndose en un indicador del rendimiento y la popularidad de los grandes nombres del ciclismo. Era como comparar al ganador de la Copa del Mundo (el que sumaba m\u00e1s puntos en una decena de Cl\u00e1sicas) con los dominadores de las Grandes Vueltas. Porque en los <a href=\"https:\/\/www.welovecycling.com\/es\/2021\/01\/29\/idolos-ciclistas-80-90\/\"><strong>90 Indurain, Rominger o Chiappucci<\/strong> <\/a>solo aparec\u00edan en contadas ocasiones en el territorio de <strong>Musseeuw, Bartoli o Argentin<\/strong>. Solo <strong>Jalabert<\/strong> tocaba los dos palos, Cl\u00e1sicas y General de Grandes Vueltas y <strong>Bugno<\/strong> al final de su carrera, cuando ya sab\u00eda que Miguel era imbatible.<\/p>\n<figure id=\"attachment_9114\" aria-describedby=\"caption-attachment-9114\" style=\"width: 1000px\" class=\"wp-caption aligncenter\"><a href=\"https:\/\/d2p6e6u75xmxt8.cloudfront.net\/6\/2022\/07\/Riis-Indurain-1996-Tour-profimedia-0068506801.jpg\"><img loading=\"lazy\" decoding=\"async\" class=\"size-full wp-image-9114\" src=\"https:\/\/d2p6e6u75xmxt8.cloudfront.net\/6\/2022\/07\/Riis-Indurain-1996-Tour-profimedia-0068506801.jpg\" alt=\"Riis and Indurain at 1996\" width=\"1000\" height=\"740\" srcset=\"https:\/\/d2p6e6u75xmxt8.cloudfront.net\/6\/2022\/07\/Riis-Indurain-1996-Tour-profimedia-0068506801.jpg 1000w, https:\/\/d2p6e6u75xmxt8.cloudfront.net\/6\/2022\/07\/Riis-Indurain-1996-Tour-profimedia-0068506801-300x222.jpg 300w, https:\/\/d2p6e6u75xmxt8.cloudfront.net\/6\/2022\/07\/Riis-Indurain-1996-Tour-profimedia-0068506801-768x568.jpg 768w\" sizes=\"auto, (max-width: 1000px) 100vw, 1000px\" \/><\/a><figcaption id=\"caption-attachment-9114\" class=\"wp-caption-text\"><em>Indurain fue el primer ganador del Velo d Or.<\/em><\/figcaption><\/figure>\n<p>Por eso en su palmares hay desde ganadores de Tour que no aparec\u00edan en las Cl\u00e1sicas de un d\u00eda como <strong>Riis, Contador, Pantani, Froome o Bernal,<\/strong> hasta ciclistas completos que brillaban en las cl\u00e1sicas y que no aspiraban a generales como <strong>Bettini, Gilbert, Cancellara o <a href=\"https:\/\/www.welovecycling.com\/es\/2024\/10\/03\/peter-sagan-abre-el-cartel-de-la-skoda-titan-desert-almeria-2024\/\">Peter Sagan<\/a>.\u00a0<\/strong><\/p>\n<hr \/>\n<h3><strong>Los m\u00e1s premiados<\/strong><\/h3>\n<ul>\n<li><strong>Lance Armstrong (7 premios)<\/strong>: Aunque oficialmente despose\u00eddo de sus t\u00edtulos debido a su dopaje, Armstrong domin\u00f3 el V\u00e9lo d\u2019Or entre 1999 y 2005, coincidiendo con sus victorias (tambi\u00e9n revocadas) en el Tour de Francia.<\/li>\n<li><strong>Alberto Contador (4 premios)<\/strong>: El de Pinto, famoso por su agresivo estilo de correr, se llev\u00f3 el galard\u00f3n en 2007, 2008, 2009 y 2014.<\/li>\n<li><strong>Chris Froome (3 premios)<\/strong>: Gracias a sus victorias en el Tour de Francia y otras grandes vueltas, Froome acumul\u00f3 el V\u00e9lo d\u2019Or en 2013, 2015 y 2017.<\/li>\n<\/ul>\n<hr \/>\n<h3><strong><br \/>\nAn\u00e9cdotas y pol\u00e9micas<\/strong><\/h3>\n<ul>\n<li><strong>1997: La &#8220;injusticia&#8221; contra Jan Ullrich<\/strong><br \/>\nEn 1997, Jan Ullrich gan\u00f3 su primer y \u00fanico Tour de Francia con una actuaci\u00f3n demoledora y con m\u00e1s de siete minutos sobre el segundo, pero el V\u00e9lo d\u2019Or fue para Laurent Jalabert, que ese a\u00f1o gan\u00f3 desde Paris Niza en marzo al Giro de Lombardia en octubre con el Mundial de Contrarreloj, dos etapas en La Vuelta, la Milan Torino y dos etapas en la Itzulia. La nacionalidad francesa de Jaja fue visto como clave para ganar el Trofeo.<\/li>\n<li><strong>2012: Bradley Wiggins vs. Peter Sagan<\/strong><br \/>\nBradley Wiggins, ganador del Tour de Francia y oro ol\u00edmpico en contrarreloj, se llev\u00f3 el V\u00e9lo d\u2019Or, pero algunos argumentaron que Peter Sagan, con su impresionante debut en el Tour con tres victorias y maillot verde y m\u00faltiples victorias en Vuelta a Suiza, Tour de California merec\u00eda m\u00e1s el galard\u00f3n.<\/li>\n<li><strong>2019: Julian Alaphilippe, el favorito del p\u00fablico<\/strong><br \/>\nAunque el premio fue para Egan Bernal tras su hist\u00f3rica victoria en el Tour de Francia, fue el primer colombiano en conseguirlo, muchos aficionados creyeron que Julian Alaphilippe merec\u00eda el galard\u00f3n por su espectacular temporada, especialmente por liderar el Tour durante 14 d\u00edas con dos victorias de etapa y sumar Strade Bianche, Milan\u00a0 SanRemo, Flecha Valona y victorias de etapa de prestigio en Itzulia, Dauphine y Tirreno Adri\u00e1tico.<\/li>\n<\/ul>\n<hr \/>\n<h3><strong>Expansi\u00f3n al ciclismo femenino<\/strong><\/h3>\n<p>En 2022, el V\u00e9lo d\u2019Or introdujo una categor\u00eda femenina, reflejando el creciente reconocimiento y desarrollo del ciclismo femenino. La neerlandesa Annemiek van Vleuten, con un triplete hist\u00f3rico en el Giro, Tour y Vuelta, fue la primera en recibir este galard\u00f3n.<br \/>\n<img loading=\"lazy\" decoding=\"async\" class=\"alignnone size-extra-large\" src=\"https:\/\/cdn.todomountainbike.net\/images\/articles\/2024\/ganadores-premios-velo-or-2024.jpg\" width=\"1200\" height=\"1500\" \/><\/p>\n<h3><strong>Temporada 2024<\/strong><\/h3>\n<p>En la edici\u00f3n de 2024 a nadie sorprendi\u00f3 que <a href=\"https:\/\/www.welovecycling.com\/es\/2024\/07\/21\/pogacar-un-tour-sin-macula-y-un-giro-strade-lieja\/\">Tadej Pogacar<\/a> ganase el t\u00edtulo masculino con una temporada digna de enmarcar. Giro, Tour, Mundial y dos Monumentos, Lieja y Lombard\u00eda, adem\u00e1s de Strade Bianche y Volta a Catalunya. Pr\u00e1cticamente casi todo lo que ha corrido. En mujeres el premio ha sido para <a href=\"https:\/\/www.welovecycling.com\/es\/2024\/11\/12\/lotte-kopecky\/\">Lotte Kopecky<\/a>, que no gan\u00f3 el Tour, ese t\u00edtulo fue para Kasia Niewiadoma, pero que ha hecho una temporada para enmarcar con medallas ol\u00edmpicas, Mundial y dominio de las cl\u00e1sicas del norte.<\/p>\n<p>Adem\u00e1s de los premios principales, tambi\u00e9n se entregaron otros reconocimientos que refuerzan el prestigio del ciclismo internacional. Romain Bardet obtuvo el Trofeo Bernard Hinault, Pauline Ferrand-Pr\u00e9vot el Premio Daniel Morelon, Harrie Lavreysen el Premio Chris, Alexandre L\u00e9aut\u00e9 destac\u00f3 en el ciclismo adaptado franc\u00e9s y Luis \u00c1ngel Mat\u00e9 recibi\u00f3 el Premio Gino M\u00e4der.<\/p>\n<hr \/>\n<h3><strong>Lista de ganadores del Velo d\u2019Or<\/strong><\/h3>\n<h4><strong>Categor\u00eda masculina<\/strong><\/h4>\n<ul>\n<li><strong>1992<\/strong>: Miguel Indurain (Espa\u00f1a)<\/li>\n<li><strong>1993<\/strong>: Tony Rominger (Suiza)<\/li>\n<li><strong>1994<\/strong>: Tony Rominger (Suiza)<\/li>\n<li><strong>1995<\/strong>: Laurent Jalabert (Francia)<\/li>\n<li><strong>1996<\/strong>: Bjarne Riis (Dinamarca)<\/li>\n<li><strong>1997<\/strong>: Laurent Jalabert (Francia)<\/li>\n<li><strong>1998<\/strong>: Marco Pantani (Italia)<\/li>\n<li><strong>1999<\/strong>: Lance Armstrong (EE. UU.) <em>(despose\u00eddo)<\/em><\/li>\n<li><strong>2000<\/strong>: Lance Armstrong (EE. UU.) <em>(despose\u00eddo)<\/em><\/li>\n<li><strong>2001<\/strong>: Lance Armstrong (EE. UU.) <em>(despose\u00eddo)<\/em><\/li>\n<li><strong>2002<\/strong>: Lance Armstrong (EE. UU.) <em>(despose\u00eddo)<\/em><\/li>\n<li><strong>2003<\/strong>: Lance Armstrong (EE. UU.) <em>(despose\u00eddo)<\/em><\/li>\n<li><strong>2004<\/strong>: Lance Armstrong (EE. UU.) <em>(despose\u00eddo)<\/em><\/li>\n<li><strong>2005<\/strong>: Lance Armstrong (EE. UU.) <em>(despose\u00eddo)<\/em><\/li>\n<li><strong>2006<\/strong>: Paolo Bettini (Italia)<\/li>\n<li><strong>2007<\/strong>: Alberto Contador (Espa\u00f1a)<\/li>\n<li><strong>2008<\/strong>: Alberto Contador (Espa\u00f1a)<\/li>\n<li><strong>2009<\/strong>: Alberto Contador (Espa\u00f1a)<\/li>\n<li><strong>2010<\/strong>: Fabian Cancellara (Suiza)<\/li>\n<li><strong>2011<\/strong>: Philippe Gilbert (B\u00e9lgica)<\/li>\n<li><strong>2012<\/strong>: Bradley Wiggins (Reino Unido)<\/li>\n<li><strong>2013<\/strong>: Chris Froome (Reino Unido)<\/li>\n<li><strong>2014<\/strong>: Alberto Contador (Espa\u00f1a)<\/li>\n<li><strong>2015<\/strong>: Chris Froome (Reino Unido)<\/li>\n<li><strong>2016<\/strong>: Peter Sagan (Eslovaquia)<\/li>\n<li><strong>2017<\/strong>: Chris Froome (Reino Unido)<\/li>\n<li><strong>2018<\/strong>: Geraint Thomas (Reino Unido)<\/li>\n<li><strong>2019<\/strong>: Egan Bernal (Colombia)<\/li>\n<li><strong>2020<\/strong>: Primo\u017e Rogli\u010d (Eslovenia)<\/li>\n<li><strong>2021<\/strong>: Tadej Poga\u010dar (Eslovenia)<\/li>\n<li><strong>2022<\/strong>: Remco Evenepoel (B\u00e9lgica)<\/li>\n<li><strong>2023<\/strong>: Jonas Vingegaard (Dinamarca)<\/li>\n<li><strong>2024<\/strong>: Tadej Poga\u010dar (Eslovenia)<\/li>\n<\/ul>\n<h4><strong>Categor\u00eda femenina<\/strong><\/h4>\n<ul>\n<li><strong>2022<\/strong>: Annemiek van Vleuten (Pa\u00edses Bajos)<\/li>\n<li><strong>2023<\/strong>: Demi Vollering (Pa\u00edses Bajos)<\/li>\n<li><strong>2024<\/strong>: Lotte Kopecky (B\u00e9lgica)<\/li>\n<\/ul>\n<hr \/>\n<p>&nbsp;<\/p>\n<\/div>\n<\/div>\n<\/div>\n<\/div>\n<\/div>\n<\/div>\n<\/div>\n<\/div>\n<\/article>\n<\/div>\n<\/div>\n<\/div>\n<\/div>\n<\/div>\n<div class=\"md:pt-0 dark:border-white\/20 md:border-transparent md:dark:border-transparent w-full\">\n<div>\n<div class=\"m-auto text-base px-3 md:px-4 w-full md:px-5 lg:px-4 xl:px-5\">\n<div class=\"mx-auto flex flex-1 gap-4 text-base md:gap-5 lg:gap-6 md:max-w-3xl lg:max-w-[40rem] xl:max-w-[48rem]\">\n<form class=\"w-full\" aria-haspopup=\"dialog\" aria-expanded=\"false\" aria-controls=\"radix-:r33:\" data-state=\"closed\">\n<div class=\"relative flex h-full max-w-full flex-1 flex-col\">\n<div class=\"group relative flex w-full items-center\">\n<div class=\"w-full\">\n<div id=\"composer-background\" class=\"flex w-full cursor-text flex-col rounded-3xl px-2.5 py-1 transition-colors contain-inline-size bg-[#f4f4f4] dark:bg-token-main-surface-secondary\">\n<div class=\"flex h-[44px] items-center justify-between\">\n<div class=\"min-w-8\">\n<div class=\"relative h-8 w-8\">\n<div class=\"flex h-full w-full items-center justify-center rounded-full\">\n<div class=\"relative h-full w-full\">\n<div class=\"absolute inset-0 flex items-center justify-center\"><\/div>\n<\/div>\n<\/div>\n<\/div>\n<\/div>\n<\/div>\n<\/div>\n<\/div>\n<\/div>\n<\/div>\n<\/form>\n<\/div>\n<\/div>\n<div class=\"relative w-full px-2 py-2 text-center text-xs text-token-text-secondary empty:hidden md:px-[60px]\">\n<div class=\"min-h-4\">\n<div><\/div>\n<\/div>\n<\/div>\n<\/div>\n<\/div>\n","protected":false},"excerpt":{"rendered":"<p>El Bal\u00f3n de Oro del ciclismo se llama Velo d&#8217;Or y se entrega en el mes de diciembre. Los ganadores [&hellip;]<\/p>\n","protected":false},"author":29,"featured_media":11021,"comment_status":"open","ping_status":"open","sticky":false,"template":"","format":"standard","meta":{"footnotes":""},"categories":[7],"tags":[2334],"global-categories":[],"class_list":["post-11396","post","type-post","status-publish","format-standard","has-post-thumbnail","hentry","category-carretera","tag-velo-d-or"],"yoast_head":"<!-- This site is optimized with the Yoast SEO Premium plugin v25.3 (Yoast SEO v25.9) - https:\/\/yoast.com\/wordpress\/plugins\/seo\/ -->\n<title>El Velo d\u2019Or, el \u00fanico premio donde no tiene el r\u00e9cord Merckx - \u0160koda We Love Cycling - Spain<\/title>\n<meta name=\"description\" content=\"El Velo d\u2019Or, el \u00fanico premio ciclista donde no tiene el r\u00e9cord Merckx. Historia y an\u00e9cdotas del bal\u00f3n de oro del ciclismo.\" \/>\n<meta name=\"robots\" content=\"index, follow, max-snippet:-1, max-image-preview:large, max-video-preview:-1\" \/>\n<link rel=\"canonical\" href=\"https:\/\/www.welovecycling.com\/es\/2024\/12\/27\/velo-d-or\/\" \/>\n<meta property=\"og:locale\" content=\"es_ES\" \/>\n<meta property=\"og:type\" content=\"article\" \/>\n<meta property=\"og:title\" content=\"El Velo d\u2019Or, el \u00fanico premio donde no tiene el r\u00e9cord Merckx\" \/>\n<meta property=\"og:description\" content=\"El Velo d\u2019Or, el \u00fanico premio ciclista donde no tiene el r\u00e9cord Merckx. Historia y an\u00e9cdotas del bal\u00f3n de oro del ciclismo.\" \/>\n<meta property=\"og:url\" content=\"https:\/\/www.welovecycling.com\/es\/2024\/12\/27\/velo-d-or\/\" \/>\n<meta property=\"og:site_name\" content=\"\u0160koda We Love Cycling - Spain\" \/>\n<meta property=\"article:published_time\" content=\"2024-12-27T08:45:41+00:00\" \/>\n<meta property=\"og:image\" content=\"https:\/\/d2p6e6u75xmxt8.cloudfront.net\/6\/2024\/07\/pogacar-Tour-2024.webp\" \/>\n\t<meta property=\"og:image:width\" content=\"1000\" \/>\n\t<meta property=\"og:image:height\" content=\"667\" \/>\n\t<meta property=\"og:image:type\" content=\"image\/webp\" \/>\n<meta name=\"author\" content=\"We Love Cycling Spain\" \/>\n<meta name=\"twitter:card\" content=\"summary_large_image\" \/>\n<meta name=\"twitter:description\" content=\"El Velo d\u2019Or, el \u00fanico premio ciclista donde no tiene el r\u00e9cord Merckx. Historia y an\u00e9cdotas del bal\u00f3n de oro del ciclismo.\" \/>\n<meta name=\"twitter:label1\" content=\"Written by\" \/>\n\t<meta name=\"twitter:data1\" content=\"Luis Ortega @ciclored\" \/>\n\t<meta name=\"twitter:label2\" content=\"Est. reading time\" \/>\n\t<meta name=\"twitter:data2\" content=\"6 minutes\" \/>\n<script type=\"application\/ld+json\" class=\"yoast-schema-graph\">{\"@context\":\"https:\/\/schema.org\",\"@graph\":[{\"@type\":\"WebPage\",\"@id\":\"https:\/\/www.welovecycling.com\/es\/2024\/12\/27\/velo-d-or\/\",\"url\":\"https:\/\/www.welovecycling.com\/es\/2024\/12\/27\/velo-d-or\/\",\"name\":\"El Velo d\u2019Or, el \u00fanico premio donde no tiene el r\u00e9cord Merckx - \u0160koda We Love Cycling - Spain\",\"isPartOf\":{\"@id\":\"https:\/\/www.welovecycling.com\/es\/#website\"},\"primaryImageOfPage\":{\"@id\":\"https:\/\/www.welovecycling.com\/es\/2024\/12\/27\/velo-d-or\/#primaryimage\"},\"image\":{\"@id\":\"https:\/\/www.welovecycling.com\/es\/2024\/12\/27\/velo-d-or\/#primaryimage\"},\"thumbnailUrl\":\"https:\/\/d2p6e6u75xmxt8.cloudfront.net\/6\/2024\/07\/pogacar-Tour-2024.webp\",\"datePublished\":\"2024-12-27T08:45:41+00:00\",\"author\":{\"@id\":\"https:\/\/www.welovecycling.com\/es\/#\/schema\/person\/deb61715b5812698ee79fb96f343ccd4\"},\"description\":\"El Velo d\u2019Or, el \u00fanico premio ciclista donde no tiene el r\u00e9cord Merckx. Historia y an\u00e9cdotas del bal\u00f3n de oro del ciclismo.\",\"breadcrumb\":{\"@id\":\"https:\/\/www.welovecycling.com\/es\/2024\/12\/27\/velo-d-or\/#breadcrumb\"},\"inLanguage\":\"es-ES\",\"potentialAction\":[{\"@type\":\"ReadAction\",\"target\":[\"https:\/\/www.welovecycling.com\/es\/2024\/12\/27\/velo-d-or\/\"]}]},{\"@type\":\"ImageObject\",\"inLanguage\":\"es-ES\",\"@id\":\"https:\/\/www.welovecycling.com\/es\/2024\/12\/27\/velo-d-or\/#primaryimage\",\"url\":\"https:\/\/d2p6e6u75xmxt8.cloudfront.net\/6\/2024\/07\/pogacar-Tour-2024.webp\",\"contentUrl\":\"https:\/\/d2p6e6u75xmxt8.cloudfront.net\/6\/2024\/07\/pogacar-Tour-2024.webp\",\"width\":1000,\"height\":667},{\"@type\":\"BreadcrumbList\",\"@id\":\"https:\/\/www.welovecycling.com\/es\/2024\/12\/27\/velo-d-or\/#breadcrumb\",\"itemListElement\":[{\"@type\":\"ListItem\",\"position\":1,\"name\":\"Home\",\"item\":\"https:\/\/www.welovecycling.com\/es\/\"},{\"@type\":\"ListItem\",\"position\":2,\"name\":\"El Velo d\u2019Or, el \u00fanico premio donde no tiene el r\u00e9cord Merckx\"}]},{\"@type\":\"WebSite\",\"@id\":\"https:\/\/www.welovecycling.com\/es\/#website\",\"url\":\"https:\/\/www.welovecycling.com\/es\/\",\"name\":\"\u0160koda We Love Cycling - Spain\",\"description\":\"\u0160koda WeLoveCycling Spain\",\"potentialAction\":[{\"@type\":\"SearchAction\",\"target\":{\"@type\":\"EntryPoint\",\"urlTemplate\":\"https:\/\/www.welovecycling.com\/es\/?s={search_term_string}\"},\"query-input\":{\"@type\":\"PropertyValueSpecification\",\"valueRequired\":true,\"valueName\":\"search_term_string\"}}],\"inLanguage\":\"es-ES\"},{\"@type\":\"Person\",\"@id\":\"https:\/\/www.welovecycling.com\/es\/#\/schema\/person\/deb61715b5812698ee79fb96f343ccd4\",\"name\":\"We Love Cycling Spain\",\"image\":{\"@type\":\"ImageObject\",\"inLanguage\":\"es-ES\",\"@id\":\"https:\/\/www.welovecycling.com\/es\/#\/schema\/person\/image\/\",\"url\":\"https:\/\/secure.gravatar.com\/avatar\/c824b04e6df0e37a03219d0b6481672889df542894588964102459e46513159c?s=96&d=mm&r=g\",\"contentUrl\":\"https:\/\/secure.gravatar.com\/avatar\/c824b04e6df0e37a03219d0b6481672889df542894588964102459e46513159c?s=96&d=mm&r=g\",\"caption\":\"We Love Cycling Spain\"},\"url\":\"https:\/\/www.welovecycling.com\/es\/author\/amunoz\/\"}]}<\/script>\n<!-- \/ Yoast SEO Premium plugin. -->","yoast_head_json":{"title":"El Velo d\u2019Or, el \u00fanico premio donde no tiene el r\u00e9cord Merckx - \u0160koda We Love Cycling - Spain","description":"El Velo d\u2019Or, el \u00fanico premio ciclista donde no tiene el r\u00e9cord Merckx. Historia y an\u00e9cdotas del bal\u00f3n de oro del ciclismo.","robots":{"index":"index","follow":"follow","max-snippet":"max-snippet:-1","max-image-preview":"max-image-preview:large","max-video-preview":"max-video-preview:-1"},"canonical":"https:\/\/www.welovecycling.com\/es\/2024\/12\/27\/velo-d-or\/","og_locale":"es_ES","og_type":"article","og_title":"El Velo d\u2019Or, el \u00fanico premio donde no tiene el r\u00e9cord Merckx","og_description":"El Velo d\u2019Or, el \u00fanico premio ciclista donde no tiene el r\u00e9cord Merckx. Historia y an\u00e9cdotas del bal\u00f3n de oro del ciclismo.","og_url":"https:\/\/www.welovecycling.com\/es\/2024\/12\/27\/velo-d-or\/","og_site_name":"\u0160koda We Love Cycling - Spain","article_published_time":"2024-12-27T08:45:41+00:00","og_image":[{"width":1000,"height":667,"url":"https:\/\/d2p6e6u75xmxt8.cloudfront.net\/6\/2024\/07\/pogacar-Tour-2024.webp","type":"image\/webp"}],"author":"We Love Cycling Spain","twitter_card":"summary_large_image","twitter_description":"El Velo d\u2019Or, el \u00fanico premio ciclista donde no tiene el r\u00e9cord Merckx. Historia y an\u00e9cdotas del bal\u00f3n de oro del ciclismo.","twitter_misc":{"Written by":"Luis Ortega @ciclored","Est. reading time":"6 minutes"},"schema":{"@context":"https:\/\/schema.org","@graph":[{"@type":"WebPage","@id":"https:\/\/www.welovecycling.com\/es\/2024\/12\/27\/velo-d-or\/","url":"https:\/\/www.welovecycling.com\/es\/2024\/12\/27\/velo-d-or\/","name":"El Velo d\u2019Or, el \u00fanico premio donde no tiene el r\u00e9cord Merckx - \u0160koda We Love Cycling - Spain","isPartOf":{"@id":"https:\/\/www.welovecycling.com\/es\/#website"},"primaryImageOfPage":{"@id":"https:\/\/www.welovecycling.com\/es\/2024\/12\/27\/velo-d-or\/#primaryimage"},"image":{"@id":"https:\/\/www.welovecycling.com\/es\/2024\/12\/27\/velo-d-or\/#primaryimage"},"thumbnailUrl":"https:\/\/d2p6e6u75xmxt8.cloudfront.net\/6\/2024\/07\/pogacar-Tour-2024.webp","datePublished":"2024-12-27T08:45:41+00:00","author":{"@id":"https:\/\/www.welovecycling.com\/es\/#\/schema\/person\/deb61715b5812698ee79fb96f343ccd4"},"description":"El Velo d\u2019Or, el \u00fanico premio ciclista donde no tiene el r\u00e9cord Merckx. Historia y an\u00e9cdotas del bal\u00f3n de oro del ciclismo.","breadcrumb":{"@id":"https:\/\/www.welovecycling.com\/es\/2024\/12\/27\/velo-d-or\/#breadcrumb"},"inLanguage":"es-ES","potentialAction":[{"@type":"ReadAction","target":["https:\/\/www.welovecycling.com\/es\/2024\/12\/27\/velo-d-or\/"]}]},{"@type":"ImageObject","inLanguage":"es-ES","@id":"https:\/\/www.welovecycling.com\/es\/2024\/12\/27\/velo-d-or\/#primaryimage","url":"https:\/\/d2p6e6u75xmxt8.cloudfront.net\/6\/2024\/07\/pogacar-Tour-2024.webp","contentUrl":"https:\/\/d2p6e6u75xmxt8.cloudfront.net\/6\/2024\/07\/pogacar-Tour-2024.webp","width":1000,"height":667},{"@type":"BreadcrumbList","@id":"https:\/\/www.welovecycling.com\/es\/2024\/12\/27\/velo-d-or\/#breadcrumb","itemListElement":[{"@type":"ListItem","position":1,"name":"Home","item":"https:\/\/www.welovecycling.com\/es\/"},{"@type":"ListItem","position":2,"name":"El Velo d\u2019Or, el \u00fanico premio donde no tiene el r\u00e9cord Merckx"}]},{"@type":"WebSite","@id":"https:\/\/www.welovecycling.com\/es\/#website","url":"https:\/\/www.welovecycling.com\/es\/","name":"\u0160koda We Love Cycling - Spain","description":"\u0160koda WeLoveCycling Spain","potentialAction":[{"@type":"SearchAction","target":{"@type":"EntryPoint","urlTemplate":"https:\/\/www.welovecycling.com\/es\/?s={search_term_string}"},"query-input":{"@type":"PropertyValueSpecification","valueRequired":true,"valueName":"search_term_string"}}],"inLanguage":"es-ES"},{"@type":"Person","@id":"https:\/\/www.welovecycling.com\/es\/#\/schema\/person\/deb61715b5812698ee79fb96f343ccd4","name":"We Love Cycling Spain","image":{"@type":"ImageObject","inLanguage":"es-ES","@id":"https:\/\/www.welovecycling.com\/es\/#\/schema\/person\/image\/","url":"https:\/\/secure.gravatar.com\/avatar\/c824b04e6df0e37a03219d0b6481672889df542894588964102459e46513159c?s=96&d=mm&r=g","contentUrl":"https:\/\/secure.gravatar.com\/avatar\/c824b04e6df0e37a03219d0b6481672889df542894588964102459e46513159c?s=96&d=mm&r=g","caption":"We Love Cycling Spain"},"url":"https:\/\/www.welovecycling.com\/es\/author\/amunoz\/"}]}},"_links":{"self":[{"href":"https:\/\/www.welovecycling.com\/es\/wp-json\/wp\/v2\/posts\/11396","targetHints":{"allow":["GET"]}}],"collection":[{"href":"https:\/\/www.welovecycling.com\/es\/wp-json\/wp\/v2\/posts"}],"about":[{"href":"https:\/\/www.welovecycling.com\/es\/wp-json\/wp\/v2\/types\/post"}],"author":[{"embeddable":true,"href":"https:\/\/www.welovecycling.com\/es\/wp-json\/wp\/v2\/users\/29"}],"replies":[{"embeddable":true,"href":"https:\/\/www.welovecycling.com\/es\/wp-json\/wp\/v2\/comments?post=11396"}],"version-history":[{"count":3,"href":"https:\/\/www.welovecycling.com\/es\/wp-json\/wp\/v2\/posts\/11396\/revisions"}],"predecessor-version":[{"id":11405,"href":"https:\/\/www.welovecycling.com\/es\/wp-json\/wp\/v2\/posts\/11396\/revisions\/11405"}],"wp:featuredmedia":[{"embeddable":true,"href":"https:\/\/www.welovecycling.com\/es\/wp-json\/wp\/v2\/media\/11021"}],"wp:attachment":[{"href":"https:\/\/www.welovecycling.com\/es\/wp-json\/wp\/v2\/media?parent=11396"}],"wp:term":[{"taxonomy":"category","embeddable":true,"href":"https:\/\/www.welovecycling.com\/es\/wp-json\/wp\/v2\/categories?post=11396"},{"taxonomy":"post_tag","embeddable":true,"href":"https:\/\/www.welovecycling.com\/es\/wp-json\/wp\/v2\/tags?post=11396"},{"taxonomy":"global-categories","embeddable":true,"href":"https:\/\/www.welovecycling.com\/es\/wp-json\/wp\/v2\/global-categories?post=11396"}],"curies":[{"name":"wp","href":"https:\/\/api.w.org\/{rel}","templated":true}]}}