{"id":11385,"date":"2024-12-20T12:19:16","date_gmt":"2024-12-20T10:19:16","guid":{"rendered":"https:\/\/www.welovecycling.com\/es\/?p=11385"},"modified":"2024-12-20T12:24:54","modified_gmt":"2024-12-20T10:24:54","slug":"la-vuelta-2025-se-vuelve-vintage","status":"publish","type":"post","link":"https:\/\/www.welovecycling.com\/es\/2024\/12\/20\/la-vuelta-2025-se-vuelve-vintage\/","title":{"rendered":"La Vuelta 2025 se vuelve vintage"},"content":{"rendered":"<p style=\"font-weight: 400;\"><strong>La Vuelta 2025 cumple el 90 aniversario de la primera edici\u00f3n y para celebrarlo ha decidido desempolvar los recorridos de anta\u00f1o y recuperar puertos casi olvidados. La Vuelta oler\u00e1 a ciclismo de cambio mec\u00e1nico y rastrales en Cerler, Valdezcaray, Morredero, Pal o la Bola del Mundo, que llevaban m\u00e1s de una d\u00e9cada sin aparecer. Las rampas m\u00e1s duras volver\u00e1n a ser las del Angliru, que estren\u00f3 el Chava en el 2000. No hay puertos nuevos, solo los de las cuatro primeras etapas entre el Piamonte italiano y los Alpes franceses, pero sin estridencias.<\/strong><\/p>\n<p><!--more--><\/p>\n<p style=\"font-weight: 400;\">La Vuelta naci\u00f3 en 1935. Desde entonces han pasado 89 a\u00f1os, pero la edici\u00f3n de 2025 ser\u00e1 la n\u00famero 80. Se par\u00f3 por la Guerra Civil y por los problemas econ\u00f3micos y organizativos de los 40. Estuvo a punto de quedarse varada en los 70, pero ahora se ha convertido en un evento de relevancia mundial que suma por segundo a\u00f1o consecutivo una salida fuera de las fronteras espa\u00f1olas. Esta vez ser\u00e1 en el <strong>Piamonte italiano, la regi\u00f3n de Coppi y Saronni,<\/strong> que en tres a\u00f1os ha tenido el inicio de Giro, Tour y Vuelta y que asegura que el retorno econ\u00f3mico que da el ciclismo es tan alto que les merece la pena llevarse que el 23 de agosto la ronda espa\u00f1ola parta de Torino y dispute tres etapas por su territorio.<br \/>\nEn la segunda ya habr\u00e1 final en alto, un segunda largo y sin grandes desniveles y en la tercera se acerca a los Alpes tambi\u00e9n tiene un final complicado para los velocistas.<\/p>\n<p>El cuarto d\u00eda se sab\u00eda que la carrera part\u00eda de la ciudad italiana de Susa, al pie del Colle de la Finestre y del infinito Iseran. Dos puertos demasiado duros para inicio de carrera, por eso La Vuelta ha optado por la opci\u00f3n menos complicada, <strong>Montgenevre y Lautaret, igual que en el Tour 2024<\/strong>, pero luego largu\u00edsimo descenso hasta Voiron, cerca de Grenoble, donde coger\u00e1n un avi\u00f3n hacia Espa\u00f1a para evitar un d\u00eda de descanso.<\/p>\n<h2 style=\"font-weight: 400;\"><strong>Pirineos y la Cruz de la Demanda<\/strong><\/h2>\n<p style=\"font-weight: 400;\">La Vuelta retorna a Espa\u00f1a con su formato m\u00e1s corto. Una crono por equipos tard\u00eda en Figueras, para que de tiempo de descansar a los corredores y a los auxiliares a llegar a tiempo por carretera. Ser\u00e1n solo 20 kil\u00f3metros y pr\u00e1cticamente planos, con lo que tendr\u00e1n menos consecuencias en la general que una crono individual.<\/p>\n<p>El jueves 28 de agosto comienzan los homenajes a los puertos hist\u00f3ricos. La raz\u00f3n por la que La Vuelta reuni\u00f3 en su presentaci\u00f3n a <strong>Tamames, Lejarreta, Jalabert, Zulle, Pino, Perico, Olano, Heras, Aru, Contador, Nairo Quintana y Chris Froome,<\/strong> los dos \u00fanicos que todav\u00eda sigues en activo. Ser\u00e1 con la primera gran etapa de monta\u00f1a con final en el <strong>andorrano Pal<\/strong>, donde ganaba el<strong> Chava a finales de los 90,<\/strong> previo paso de la Collada de Toses y La Comella. Al d\u00eda siguiente m\u00e1s monta\u00f1a pirenaica con el Port de Cant\u00f3 de salida y luego el encadenado de Por de la Creu de Perves y Coll de la Espina antes de entrar en Arag\u00f3n y subir a <strong>Cerler<\/strong>, que se convirti\u00f3 en leyenda en los ochenta con Perico, Marino, Fabio Parra, Lucho Herrera y compa\u00f1\u00eda, y que permanec\u00eda &#8216;olvidado&#8217; desde hace m\u00e1s de 20 a\u00f1os.<\/p>\n<p><img loading=\"lazy\" decoding=\"async\" class=\"alignnone size-extra-large\" src=\"https:\/\/img.aso.fr\/core_app\/img-cycling-vue-jpg\/7\/23894\/0:0,1884:1090-960-0-90\/d1b04\" width=\"960\" height=\"555\" \/>La carrera se tomar\u00e1 &#8216;descanso&#8217; para los escaladores el s\u00e1bado 30 de agosto con el final llano de <strong>Zaragoza<\/strong>, que ha recibido en 49 ocasiones la carrera y que siempre promete abanicos a poco que le de al cierzo por soplar. Ser\u00e1 un peque\u00f1o par\u00e9ntesis para los velocistas, que solo van a encontrar cuatro etapas llanas en la Vuelta 2025. Porque al d\u00eda siguiente vuelve la monta\u00f1a con otro final de anta\u00f1o,<strong> Valdezcaray<\/strong>. A la cima riojana se llega en una jornada sin dificultades y no es el puerto m\u00e1s duro, pero all\u00ed han ganado escaladores puros como Cubino, Farf\u00e1n o Purito y cimentaron su victoria en la Vuelta Marco Giovanneti y Melchor Mauri.<\/p>\n<p>Habr\u00e1 descanso el lunes uno de septiembre y La Vuelta retoma la carrera al d\u00eda siguiente con otra etapa unipuerto, esta vez para despedir los <strong>Pirineos en la cima de <a href=\"https:\/\/www.welovecycling.com\/es\/2023\/09\/03\/evenepoel-la-vuelta\/\">Larra Belagua<\/a><\/strong>, donde gan\u00f3 Remco Evenepoel en 2023 pero esta sin dificultades previas y en un puerto que casi todo el pelot\u00f3n puede subir &#8216;a plato&#8217;<\/p>\n<h2 style=\"font-weight: 400;\"><strong>Pa\u00eds Vasco, Cantabria y las etapas asturianas<\/strong><\/h2>\n<p style=\"font-weight: 400;\">La Vuelta retorn\u00f3 al Pa\u00eds Vasco hace m\u00e1s de una d\u00e9cada y lo hizo incorporando el Alto del Vivero, que se ha convertido en referencia para la carrera espa\u00f1ola y para el Tour de Francia, que en 2023 lo tom\u00f3 prestado para lanzar la Grande Boucle junto a Pike Bidea. La und\u00e9cima etapa de La Vuelta ser\u00e1 similar al inicio del Tour, con salida y meta en Bilbao, bucle por las cimas de Vizcaya pero esta vez con doble paso por <a href=\"https:\/\/www.welovecycling.com\/es\/2023\/01\/26\/letape-bilbao-calentando-motores\/\"><strong>El Vivero antes de Pike Bidea<\/strong><\/a> a solo ocho de meta. Un d\u00eda que puede ser m\u00e1s complicado de lo que parece.<\/p>\n<p>Igual que la etapa c\u00e1ntabra del d\u00eda siguiente. Con paso por el <strong>Puerto de Alisas de salida y con la cima de la Collada de Brenes<\/strong> a s\u00f3lo 20 kil\u00f3metros de la meta de Corrales de Buelna. A eso le puede unir que la bajada del puerto c\u00e1ntabro es m\u00e1s que complicada, sobre todo con agua, y tienes el cocktel de una etapa que se acaba complicando cuando parec\u00eda un d\u00eda m\u00e1s sencillo.\u00a0 Porque adem\u00e1s da paso a las dos jornadas asturianas de La Vuelta. Esta vez ser\u00e1n el viernes 5 y el s\u00e1bado 6 de agosto.<\/p>\n<p>Vuelve el <a href=\"https:\/\/www.welovecycling.com\/es\/2023\/09\/17\/sepp-kuss\/\"><strong>Angliru<\/strong><\/a> en la que ser\u00e1 su d\u00e9cima presencia en La Vuelta desde aquella m\u00edtica del 99 con el Chava Jim\u00e9nez. Lo hace con una etapa larga para los tiempos actuales, 200 kil\u00f3metros, y pese a que de inicio no hay puertos importantes desde la salida en Cabez\u00f3n de la Sal, en los \u00faltimos cincuenta kil\u00f3metros hay dos primeras, Mozqueta y Cordal, previos al m\u00edtico Angliru.<br \/>\n<img loading=\"lazy\" decoding=\"async\" class=\"alignnone size-extra-large\" src=\"https:\/\/img.aso.fr\/core_app\/img-cycling-vue-jpg\/13\/23900\/0:0,2013:874-960-0-90\/50831\" width=\"960\" height=\"417\" \/><br \/>\nAl d\u00eda siguiente llega quiz\u00e1 la <strong>etapa m\u00e1s complicada de La Vuelta<\/strong> porque es muy corta, solo 135 kil\u00f3metros y con m\u00e1s de 4000 metros de desnivel. Ser\u00e1 dif\u00edcil de controlar porque el tercera Tenebreo ya es un puerto con grandes desniveles, igual que la parte final de la<strong> subida a San Lorenzo,<\/strong> cuando la carretera se pone siempre por encima del 10%, adem\u00e1s la bajada no es nada sencilla para enlazar con La<strong> Farrapona<\/strong>. Un puerto largo de casi 20 kil\u00f3metros y con un final complicado que sirvi\u00f3 a Contador en 2014 para derrotar a Froome en aquella Vuelta, la \u00fanica ocasi\u00f3n que pudo el de Pinto con el brit\u00e1nico. Un d\u00eda para los velocistas con final en Monforte de Lemos servir\u00e1 para dar paso al \u00faltimo d\u00eda de descanso de La Vuelta.<\/p>\n<p><img loading=\"lazy\" decoding=\"async\" class=\"alignnone size-extra-large\" src=\"https:\/\/img.aso.fr\/core_app\/img-cycling-vue-jpg\/14\/23901\/0:0,1429:1002-960-0-90\/17ca2\" width=\"960\" height=\"673\" \/><\/p>\n<h2 style=\"font-weight: 400;\"><strong>Galicia, Morredero, Crono y La Bola del Mundo<\/strong><\/h2>\n<p style=\"font-weight: 400;\">Esta vez la \u00faltima semana de La Vuelta no es tan dura como las anteriores. Bueno, no es tan extrema como la de 2024, en la que no hubo ni final para velocistas en Madrid, pero tampoco quiere decir que sea sencilla. De <strong>salida la &#8216;Etapa-Lieja&#8217;<\/strong> que se suele sacar de la manga \u00d3scar Pereiro en Galicia y que ya cambi\u00f3 el podio en La Vuelta de 2021. 170 kil\u00f3metros, m\u00e1s de 4.000 metros de desnivel, ni un cent\u00edmetro llano, tres puertos de monta\u00f1a y final en el <strong>Alto de Herville en Mos.<\/strong> Al d\u00eda siguiente, mi\u00e9rcoles 10 de septiembre, una etapa corta por la monta\u00f1a leonesa con terreno m\u00e1s que complicado antes de la<strong> subida final a Morredero.<\/strong> Un puerto largo de m\u00e1s de 20 kil\u00f3metros con algunos tramos duros por encima del 10% y un final m\u00e1s tendido al que no se ha vuelto desde 2006, cuando gan\u00f3 Valverde y que solo hab\u00eda sido final en otra ocasi\u00f3n en el 97 cuando venci\u00f3 Roberto Heras.<\/p>\n<p>La crono de Valladolid, de 26 kil\u00f3metros y totalmente plana imita en parte a la de 2023, que fue clave para la victoria de Sepp Kuss. Ser\u00e1 el tercer esfuerzo consecutivo para los hombres de la general y dependiendo de qui\u00e9n est\u00e9 peleando por llevarse la carrera puede suponer un vuelco con solo un d\u00eda para solventarlo. Por el viernes 12 de septiembre los velocistas se jugar\u00e1n su tercer sprint en Guijuelo y a los de la general solo les restar\u00e1 la etapa reina de La Vuelta.<\/p>\n<p>La carrera retorna a La Bola del Mundo. La cima fue el sue\u00f1o h\u00famedo de los organizadores durante a\u00f1os y solo consiguieron dos veces, en 2010 y 2012, que la carrera acabase all\u00ed antes de bajar a Madrid. En ninguna ocasi\u00f3n fue decisiva para la general. <strong>Nibali<\/strong> ya la ten\u00eda asegurada en 2010 pese a que aquel d\u00eda gan\u00f3 su m\u00e1ximo rival, Ezequiel Mosquera y en 2012 <strong>Alberto Contador<\/strong> ten\u00eda margen suficiente sobre Purito despu\u00e9s del d\u00eda de Fuente D\u00e9 y dej\u00f3 tiempo a la escapada para que no hubiese bonificaci\u00f3n. Ha pasado m\u00e1s de una d\u00e9cada y <a href=\"http:\/\/historia.lavuelta.com\/es\/puerto.asp?p=Bola%20del%20Mundo\"><strong>La Bola<\/strong><\/a> ha pasado a ser un puerto vintage. Vendr\u00e1 precedido de una etapa realmente dura con La Escondida, La Paradilla, el Alto del Le\u00f3n y doble paso por Navacerrada, primero por la vertiente segoviana de las Siete Revueltas y despu\u00e9s desde el lado madrile\u00f1o de Becerril de la Sierra. Sum<strong>ado a los tres kil\u00f3metros al 13% de La Bola<\/strong> lo convierten en un puerto de m\u00e1s de 20 y que puede ser decisivo para vestir de rojo al ganador en Madrid.<\/p>\n<p><img loading=\"lazy\" decoding=\"async\" class=\"alignnone size-extra-large\" src=\"https:\/\/img.aso.fr\/core_app\/img-cycling-vue-jpg\/20\/23907\/0:0,1635:1126-960-0-90\/891a8\" width=\"960\" height=\"661\" \/><\/p>\n","protected":false},"excerpt":{"rendered":"<p>La Vuelta 2025 cumple el 90 aniversario de la primera edici\u00f3n y para celebrarlo ha decidido desempolvar los recorridos de [&hellip;]<\/p>\n","protected":false},"author":29,"featured_media":11388,"comment_status":"open","ping_status":"open","sticky":false,"template":"","format":"standard","meta":{"footnotes":""},"categories":[7],"tags":[44,2332],"global-categories":[1164],"class_list":["post-11385","post","type-post","status-publish","format-standard","has-post-thumbnail","hentry","category-carretera","tag-la-vuelta","tag-la-vuelta-2025","global-categories-cycling"],"yoast_head":"<!-- This site is optimized with the Yoast SEO Premium plugin v25.3 (Yoast SEO v25.9) - https:\/\/yoast.com\/wordpress\/plugins\/seo\/ -->\n<title>La Vuelta 2025 se vuelve vintage - \u0160koda We Love Cycling - Spain<\/title>\n<meta name=\"description\" content=\"La Vuelta 2025 se vuelve vintage en el 90 aniversario y recupera puertos m\u00edticos como Pal, La Bola, Cerler o Valdezcaray.\" \/>\n<meta name=\"robots\" content=\"index, follow, max-snippet:-1, max-image-preview:large, max-video-preview:-1\" \/>\n<link rel=\"canonical\" href=\"https:\/\/www.welovecycling.com\/es\/2024\/12\/20\/la-vuelta-2025-se-vuelve-vintage\/\" \/>\n<meta property=\"og:locale\" content=\"es_ES\" \/>\n<meta property=\"og:type\" content=\"article\" \/>\n<meta property=\"og:title\" content=\"La Vuelta 2025 se vuelve vintage\" \/>\n<meta property=\"og:description\" content=\"La Vuelta 2025 se vuelve vintage en el 90 aniversario y recupera puertos m\u00edticos como Pal, La Bola, Cerler o Valdezcaray.\" \/>\n<meta property=\"og:url\" content=\"https:\/\/www.welovecycling.com\/es\/2024\/12\/20\/la-vuelta-2025-se-vuelve-vintage\/\" \/>\n<meta property=\"og:site_name\" content=\"\u0160koda We Love Cycling - Spain\" \/>\n<meta property=\"article:published_time\" content=\"2024-12-20T10:19:16+00:00\" \/>\n<meta property=\"article:modified_time\" content=\"2024-12-20T10:24:54+00:00\" \/>\n<meta property=\"og:image\" content=\"https:\/\/d2p6e6u75xmxt8.cloudfront.net\/6\/2024\/12\/mapa_la_vuelta2025.webp\" \/>\n\t<meta property=\"og:image:width\" content=\"2400\" \/>\n\t<meta property=\"og:image:height\" content=\"2400\" \/>\n\t<meta property=\"og:image:type\" content=\"image\/webp\" \/>\n<meta name=\"author\" content=\"We Love Cycling Spain\" \/>\n<meta name=\"twitter:card\" content=\"summary_large_image\" \/>\n<meta name=\"twitter:description\" content=\"La Vuelta 2025 se vuelve vintage en el 90 aniversario y recupera puertos m\u00edticos como Pal, La Bola, Cerler o Valdezcaray.\" \/>\n<meta name=\"twitter:label1\" content=\"Written by\" \/>\n\t<meta name=\"twitter:data1\" content=\"Luis Ortega @ciclored\" \/>\n\t<meta name=\"twitter:label2\" content=\"Est. reading time\" \/>\n\t<meta name=\"twitter:data2\" content=\"8 minutes\" \/>\n<script type=\"application\/ld+json\" class=\"yoast-schema-graph\">{\"@context\":\"https:\/\/schema.org\",\"@graph\":[{\"@type\":\"WebPage\",\"@id\":\"https:\/\/www.welovecycling.com\/es\/2024\/12\/20\/la-vuelta-2025-se-vuelve-vintage\/\",\"url\":\"https:\/\/www.welovecycling.com\/es\/2024\/12\/20\/la-vuelta-2025-se-vuelve-vintage\/\",\"name\":\"La Vuelta 2025 se vuelve vintage - \u0160koda We Love Cycling - Spain\",\"isPartOf\":{\"@id\":\"https:\/\/www.welovecycling.com\/es\/#website\"},\"primaryImageOfPage\":{\"@id\":\"https:\/\/www.welovecycling.com\/es\/2024\/12\/20\/la-vuelta-2025-se-vuelve-vintage\/#primaryimage\"},\"image\":{\"@id\":\"https:\/\/www.welovecycling.com\/es\/2024\/12\/20\/la-vuelta-2025-se-vuelve-vintage\/#primaryimage\"},\"thumbnailUrl\":\"https:\/\/d2p6e6u75xmxt8.cloudfront.net\/6\/2024\/12\/mapa_la_vuelta2025.webp\",\"datePublished\":\"2024-12-20T10:19:16+00:00\",\"dateModified\":\"2024-12-20T10:24:54+00:00\",\"author\":{\"@id\":\"https:\/\/www.welovecycling.com\/es\/#\/schema\/person\/deb61715b5812698ee79fb96f343ccd4\"},\"description\":\"La Vuelta 2025 se vuelve vintage en el 90 aniversario y recupera puertos m\u00edticos como Pal, La Bola, Cerler o Valdezcaray.\",\"breadcrumb\":{\"@id\":\"https:\/\/www.welovecycling.com\/es\/2024\/12\/20\/la-vuelta-2025-se-vuelve-vintage\/#breadcrumb\"},\"inLanguage\":\"es-ES\",\"potentialAction\":[{\"@type\":\"ReadAction\",\"target\":[\"https:\/\/www.welovecycling.com\/es\/2024\/12\/20\/la-vuelta-2025-se-vuelve-vintage\/\"]}]},{\"@type\":\"ImageObject\",\"inLanguage\":\"es-ES\",\"@id\":\"https:\/\/www.welovecycling.com\/es\/2024\/12\/20\/la-vuelta-2025-se-vuelve-vintage\/#primaryimage\",\"url\":\"https:\/\/d2p6e6u75xmxt8.cloudfront.net\/6\/2024\/12\/mapa_la_vuelta2025.webp\",\"contentUrl\":\"https:\/\/d2p6e6u75xmxt8.cloudfront.net\/6\/2024\/12\/mapa_la_vuelta2025.webp\",\"width\":2400,\"height\":2400},{\"@type\":\"BreadcrumbList\",\"@id\":\"https:\/\/www.welovecycling.com\/es\/2024\/12\/20\/la-vuelta-2025-se-vuelve-vintage\/#breadcrumb\",\"itemListElement\":[{\"@type\":\"ListItem\",\"position\":1,\"name\":\"Home\",\"item\":\"https:\/\/www.welovecycling.com\/es\/\"},{\"@type\":\"ListItem\",\"position\":2,\"name\":\"La Vuelta 2025 se vuelve vintage\"}]},{\"@type\":\"WebSite\",\"@id\":\"https:\/\/www.welovecycling.com\/es\/#website\",\"url\":\"https:\/\/www.welovecycling.com\/es\/\",\"name\":\"\u0160koda We Love Cycling - Spain\",\"description\":\"\u0160koda WeLoveCycling Spain\",\"potentialAction\":[{\"@type\":\"SearchAction\",\"target\":{\"@type\":\"EntryPoint\",\"urlTemplate\":\"https:\/\/www.welovecycling.com\/es\/?s={search_term_string}\"},\"query-input\":{\"@type\":\"PropertyValueSpecification\",\"valueRequired\":true,\"valueName\":\"search_term_string\"}}],\"inLanguage\":\"es-ES\"},{\"@type\":\"Person\",\"@id\":\"https:\/\/www.welovecycling.com\/es\/#\/schema\/person\/deb61715b5812698ee79fb96f343ccd4\",\"name\":\"We Love Cycling Spain\",\"image\":{\"@type\":\"ImageObject\",\"inLanguage\":\"es-ES\",\"@id\":\"https:\/\/www.welovecycling.com\/es\/#\/schema\/person\/image\/\",\"url\":\"https:\/\/secure.gravatar.com\/avatar\/c824b04e6df0e37a03219d0b6481672889df542894588964102459e46513159c?s=96&d=mm&r=g\",\"contentUrl\":\"https:\/\/secure.gravatar.com\/avatar\/c824b04e6df0e37a03219d0b6481672889df542894588964102459e46513159c?s=96&d=mm&r=g\",\"caption\":\"We Love Cycling Spain\"},\"url\":\"https:\/\/www.welovecycling.com\/es\/author\/amunoz\/\"}]}<\/script>\n<!-- \/ Yoast SEO Premium plugin. -->","yoast_head_json":{"title":"La Vuelta 2025 se vuelve vintage - \u0160koda We Love Cycling - Spain","description":"La Vuelta 2025 se vuelve vintage en el 90 aniversario y recupera puertos m\u00edticos como Pal, La Bola, Cerler o Valdezcaray.","robots":{"index":"index","follow":"follow","max-snippet":"max-snippet:-1","max-image-preview":"max-image-preview:large","max-video-preview":"max-video-preview:-1"},"canonical":"https:\/\/www.welovecycling.com\/es\/2024\/12\/20\/la-vuelta-2025-se-vuelve-vintage\/","og_locale":"es_ES","og_type":"article","og_title":"La Vuelta 2025 se vuelve vintage","og_description":"La Vuelta 2025 se vuelve vintage en el 90 aniversario y recupera puertos m\u00edticos como Pal, La Bola, Cerler o Valdezcaray.","og_url":"https:\/\/www.welovecycling.com\/es\/2024\/12\/20\/la-vuelta-2025-se-vuelve-vintage\/","og_site_name":"\u0160koda We Love Cycling - Spain","article_published_time":"2024-12-20T10:19:16+00:00","article_modified_time":"2024-12-20T10:24:54+00:00","og_image":[{"width":2400,"height":2400,"url":"https:\/\/d2p6e6u75xmxt8.cloudfront.net\/6\/2024\/12\/mapa_la_vuelta2025.webp","type":"image\/webp"}],"author":"We Love Cycling Spain","twitter_card":"summary_large_image","twitter_description":"La Vuelta 2025 se vuelve vintage en el 90 aniversario y recupera puertos m\u00edticos como Pal, La Bola, Cerler o Valdezcaray.","twitter_misc":{"Written by":"Luis Ortega @ciclored","Est. reading time":"8 minutes"},"schema":{"@context":"https:\/\/schema.org","@graph":[{"@type":"WebPage","@id":"https:\/\/www.welovecycling.com\/es\/2024\/12\/20\/la-vuelta-2025-se-vuelve-vintage\/","url":"https:\/\/www.welovecycling.com\/es\/2024\/12\/20\/la-vuelta-2025-se-vuelve-vintage\/","name":"La Vuelta 2025 se vuelve vintage - \u0160koda We Love Cycling - Spain","isPartOf":{"@id":"https:\/\/www.welovecycling.com\/es\/#website"},"primaryImageOfPage":{"@id":"https:\/\/www.welovecycling.com\/es\/2024\/12\/20\/la-vuelta-2025-se-vuelve-vintage\/#primaryimage"},"image":{"@id":"https:\/\/www.welovecycling.com\/es\/2024\/12\/20\/la-vuelta-2025-se-vuelve-vintage\/#primaryimage"},"thumbnailUrl":"https:\/\/d2p6e6u75xmxt8.cloudfront.net\/6\/2024\/12\/mapa_la_vuelta2025.webp","datePublished":"2024-12-20T10:19:16+00:00","dateModified":"2024-12-20T10:24:54+00:00","author":{"@id":"https:\/\/www.welovecycling.com\/es\/#\/schema\/person\/deb61715b5812698ee79fb96f343ccd4"},"description":"La Vuelta 2025 se vuelve vintage en el 90 aniversario y recupera puertos m\u00edticos como Pal, La Bola, Cerler o Valdezcaray.","breadcrumb":{"@id":"https:\/\/www.welovecycling.com\/es\/2024\/12\/20\/la-vuelta-2025-se-vuelve-vintage\/#breadcrumb"},"inLanguage":"es-ES","potentialAction":[{"@type":"ReadAction","target":["https:\/\/www.welovecycling.com\/es\/2024\/12\/20\/la-vuelta-2025-se-vuelve-vintage\/"]}]},{"@type":"ImageObject","inLanguage":"es-ES","@id":"https:\/\/www.welovecycling.com\/es\/2024\/12\/20\/la-vuelta-2025-se-vuelve-vintage\/#primaryimage","url":"https:\/\/d2p6e6u75xmxt8.cloudfront.net\/6\/2024\/12\/mapa_la_vuelta2025.webp","contentUrl":"https:\/\/d2p6e6u75xmxt8.cloudfront.net\/6\/2024\/12\/mapa_la_vuelta2025.webp","width":2400,"height":2400},{"@type":"BreadcrumbList","@id":"https:\/\/www.welovecycling.com\/es\/2024\/12\/20\/la-vuelta-2025-se-vuelve-vintage\/#breadcrumb","itemListElement":[{"@type":"ListItem","position":1,"name":"Home","item":"https:\/\/www.welovecycling.com\/es\/"},{"@type":"ListItem","position":2,"name":"La Vuelta 2025 se vuelve vintage"}]},{"@type":"WebSite","@id":"https:\/\/www.welovecycling.com\/es\/#website","url":"https:\/\/www.welovecycling.com\/es\/","name":"\u0160koda We Love Cycling - Spain","description":"\u0160koda WeLoveCycling Spain","potentialAction":[{"@type":"SearchAction","target":{"@type":"EntryPoint","urlTemplate":"https:\/\/www.welovecycling.com\/es\/?s={search_term_string}"},"query-input":{"@type":"PropertyValueSpecification","valueRequired":true,"valueName":"search_term_string"}}],"inLanguage":"es-ES"},{"@type":"Person","@id":"https:\/\/www.welovecycling.com\/es\/#\/schema\/person\/deb61715b5812698ee79fb96f343ccd4","name":"We Love Cycling Spain","image":{"@type":"ImageObject","inLanguage":"es-ES","@id":"https:\/\/www.welovecycling.com\/es\/#\/schema\/person\/image\/","url":"https:\/\/secure.gravatar.com\/avatar\/c824b04e6df0e37a03219d0b6481672889df542894588964102459e46513159c?s=96&d=mm&r=g","contentUrl":"https:\/\/secure.gravatar.com\/avatar\/c824b04e6df0e37a03219d0b6481672889df542894588964102459e46513159c?s=96&d=mm&r=g","caption":"We Love Cycling Spain"},"url":"https:\/\/www.welovecycling.com\/es\/author\/amunoz\/"}]}},"_links":{"self":[{"href":"https:\/\/www.welovecycling.com\/es\/wp-json\/wp\/v2\/posts\/11385","targetHints":{"allow":["GET"]}}],"collection":[{"href":"https:\/\/www.welovecycling.com\/es\/wp-json\/wp\/v2\/posts"}],"about":[{"href":"https:\/\/www.welovecycling.com\/es\/wp-json\/wp\/v2\/types\/post"}],"author":[{"embeddable":true,"href":"https:\/\/www.welovecycling.com\/es\/wp-json\/wp\/v2\/users\/29"}],"replies":[{"embeddable":true,"href":"https:\/\/www.welovecycling.com\/es\/wp-json\/wp\/v2\/comments?post=11385"}],"version-history":[{"count":4,"href":"https:\/\/www.welovecycling.com\/es\/wp-json\/wp\/v2\/posts\/11385\/revisions"}],"predecessor-version":[{"id":11390,"href":"https:\/\/www.welovecycling.com\/es\/wp-json\/wp\/v2\/posts\/11385\/revisions\/11390"}],"wp:featuredmedia":[{"embeddable":true,"href":"https:\/\/www.welovecycling.com\/es\/wp-json\/wp\/v2\/media\/11388"}],"wp:attachment":[{"href":"https:\/\/www.welovecycling.com\/es\/wp-json\/wp\/v2\/media?parent=11385"}],"wp:term":[{"taxonomy":"category","embeddable":true,"href":"https:\/\/www.welovecycling.com\/es\/wp-json\/wp\/v2\/categories?post=11385"},{"taxonomy":"post_tag","embeddable":true,"href":"https:\/\/www.welovecycling.com\/es\/wp-json\/wp\/v2\/tags?post=11385"},{"taxonomy":"global-categories","embeddable":true,"href":"https:\/\/www.welovecycling.com\/es\/wp-json\/wp\/v2\/global-categories?post=11385"}],"curies":[{"name":"wp","href":"https:\/\/api.w.org\/{rel}","templated":true}]}}