{"id":11359,"date":"2024-12-14T21:30:24","date_gmt":"2024-12-14T19:30:24","guid":{"rendered":"https:\/\/www.welovecycling.com\/es\/?p=11359"},"modified":"2024-12-12T21:37:22","modified_gmt":"2024-12-12T19:37:22","slug":"pros-y-contras-del-uso-del-azucar-ciclistas","status":"publish","type":"post","link":"https:\/\/www.welovecycling.com\/es\/2024\/12\/14\/pros-y-contras-del-uso-del-azucar-ciclistas\/","title":{"rendered":"Pros y contras del uso del az\u00facar en ciclistas"},"content":{"rendered":"<p style=\"font-weight: 400;\"><strong>Todos hemos o\u00eddo que comer az\u00facar en exceso es malo para la salud. Pero, \u00bfy si te aseguras de que tu ingesta de calor\u00edas coincide con tu gasto cal\u00f3rico? \u00bfEs malo el az\u00facar aunque est\u00e9s en equilibrio cal\u00f3rico o incluso perdiendo peso? Vas a ver los pros y contras del uso del az\u00facar en ciclistas<\/strong><\/p>\n<p><!--more--><\/p>\n<h2><strong>No hay pruebas de que el az\u00facar sea malo cuando se est\u00e1 en equilibrio energ\u00e9tico<\/strong><\/h2>\n<p>Como ya comentamos en el art\u00edculo anterior, muchas investigaciones demuestran los efectos negativos del az\u00facar cuando se consume en exceso y con super\u00e1vit cal\u00f3rico. Pero muchos ciclistas mantienen bien el peso o incluso lo pierden. Esto significa que est\u00e1n en equilibrio energ\u00e9tico o incluso en d\u00e9ficit cal\u00f3rico, pero siguen consumiendo mucho az\u00facar para alimentar sus salidas. \u00bfQu\u00e9 sabemos sobre los efectos del az\u00facar en estas condiciones?<\/p>\n<p>La <a href=\"https:\/\/pubmed.ncbi.nlm.nih.gov\/27152734\/\">mayor\u00eda de las investigaciones<\/a> analizan los efectos del az\u00facar durante una sobrealimentaci\u00f3n controlada o en condiciones de vida libre en las que, por desgracia, la gente suele consumir en exceso. Hay muchos menos estudios que analicen el az\u00facar en condiciones de equilibrio energ\u00e9tico. No parece haber pruebas convincentes de que el az\u00facar tenga efectos negativos sobre la salud en esas condiciones.<\/p>\n<p style=\"font-weight: 400;\">Esto podr\u00eda deberse a que la cantidad de az\u00facar ingerida es s\u00f3lo uno de los diversos efectos que influyen en c\u00f3mo responde el organismo al az\u00facar ingerido. Si el simple hecho de comer mucho az\u00facar fuera garant\u00eda de problemas de salud, ver\u00edamos la mayor\u00eda de los problemas de salud en ciclistas y triatletas, porque son personas que ingieren algunas de las mayores cantidades de az\u00facar libre. Sin embargo, las investigaciones demuestran que, de hecho, las personas que practican estos deportes de forma regular y activa se encuentran entre las que mejor gestionan la ingesta de az\u00facar de forma saludable.<\/p>\n<h2><strong>\u00bfEs malo el az\u00facar si est\u00e1s perdiendo peso?<\/strong><\/h2>\n<p style=\"font-weight: 400;\">Las investigaciones demuestran que los marcadores de salud mejoran incluso en las personas con un consumo de az\u00facar relativamente alto, siempre y cuando est\u00e9n perdiendo peso. Esto sugiere que el exceso de calor\u00edas es un problema mucho mayor que la cantidad de az\u00facar en la dieta. Esto significa que puedes utilizar esos geles y bebidas energ\u00e9ticas mientras vas en bici para perder peso. S\u00f3lo tienes que vigilar tu equilibrio energ\u00e9tico general.<\/p>\n<h2><strong>P\u00e9rdida de nutrientes importantes<\/strong><\/h2>\n<p style=\"font-weight: 400;\">Es importante mencionar que esto no significa que puedas comer todo el az\u00facar que quieras siempre que evites un exceso de calor\u00edas. El az\u00facar libre suele presentarse en forma de alimentos de alto rendimiento, bebidas azucaradas o postres y tentempi\u00e9s dulces. Este tipo de alimentos suelen ser muy pobres en nutrientes esenciales como vitaminas, minerales y amino\u00e1cidos. Tener demasiados de estos alimentos en tu dieta significa que te est\u00e1s perdiendo nutrientes importantes y eso tambi\u00e9n supone un riesgo para la salud.<\/p>\n<h2><strong>\u00bfQu\u00e9 puedo hacer para mantener el equilibrio energ\u00e9tico?<\/strong><\/h2>\n<p style=\"font-weight: 400;\">\u00bfC\u00f3mo controlar las calor\u00edas si se necesita az\u00facar para alimentar las salidas duras y las carreras? En primer lugar, no siempre se necesita az\u00facar cuando se pedalea, se pueden hacer recorridos f\u00e1ciles sin mucha az\u00facar. Asegurate de ingerir s\u00f3lo la cantidad de az\u00facar que te permita completar el entrenamiento que deseas realizar y no m\u00e1s. Tambi\u00e9n debes ajustar la ingesta de az\u00facar en funci\u00f3n de la fase de entrenamiento a lo largo de la temporada. Consulta <a href=\"https:\/\/www.welovecycling.com\/es\/2024\/12\/04\/azucar-ciclismo\/\">nuestro art\u00edculo anterior<\/a> para obtener una visi\u00f3n m\u00e1s detallada.<\/p>\n","protected":false},"excerpt":{"rendered":"<p>Todos hemos o\u00eddo que comer az\u00facar en exceso es malo para la salud. Pero, \u00bfy si te aseguras de que [&hellip;]<\/p>\n","protected":false},"author":29,"featured_media":11364,"comment_status":"open","ping_status":"open","sticky":false,"template":"","format":"standard","meta":{"footnotes":""},"categories":[7,8,9],"tags":[120],"global-categories":[],"class_list":["post-11359","post","type-post","status-publish","format-standard","has-post-thumbnail","hentry","category-carretera","category-life-style","category-mtb-aventura","tag-nutricion-ciclista"],"yoast_head":"<!-- This site is optimized with the Yoast SEO Premium plugin v25.3 (Yoast SEO v25.9) - https:\/\/yoast.com\/wordpress\/plugins\/seo\/ -->\n<title>Pros y contras del uso del az\u00facar en ciclistas<\/title>\n<meta name=\"description\" content=\"Pros y contras del uso del az\u00facar en ciclistas. A veces el exceso de az\u00facar, si hay balance cal\u00f3rico, no es negativo para ciclistas.\" \/>\n<meta name=\"robots\" content=\"index, follow, max-snippet:-1, max-image-preview:large, max-video-preview:-1\" \/>\n<link rel=\"canonical\" href=\"https:\/\/www.welovecycling.com\/es\/2024\/12\/14\/pros-y-contras-del-uso-del-azucar-ciclistas\/\" \/>\n<meta property=\"og:locale\" content=\"es_ES\" \/>\n<meta property=\"og:type\" content=\"article\" \/>\n<meta property=\"og:title\" content=\"Pros y contras del uso del az\u00facar en ciclistas\" \/>\n<meta property=\"og:description\" content=\"Pros y contras del uso del az\u00facar en ciclistas. A veces el exceso de az\u00facar, si hay balance cal\u00f3rico, no es negativo para ciclistas.\" \/>\n<meta property=\"og:url\" content=\"https:\/\/www.welovecycling.com\/es\/2024\/12\/14\/pros-y-contras-del-uso-del-azucar-ciclistas\/\" \/>\n<meta property=\"og:site_name\" content=\"\u0160koda We Love Cycling - Spain\" \/>\n<meta property=\"article:published_time\" content=\"2024-12-14T19:30:24+00:00\" \/>\n<meta property=\"og:image\" content=\"https:\/\/d2p6e6u75xmxt8.cloudfront.net\/6\/2024\/12\/Energy-bar-cyclist-profimedia-0452373444-CVR.webp\" \/>\n\t<meta property=\"og:image:width\" content=\"990\" \/>\n\t<meta property=\"og:image:height\" content=\"660\" \/>\n\t<meta property=\"og:image:type\" content=\"image\/webp\" \/>\n<meta name=\"author\" content=\"We Love Cycling Spain\" \/>\n<meta name=\"twitter:card\" content=\"summary_large_image\" \/>\n<meta name=\"twitter:description\" content=\"Pros y contras del uso del az\u00facar en ciclistas. A veces el exceso de az\u00facar, si hay balance cal\u00f3rico, no es negativo para ciclistas.\" \/>\n<meta name=\"twitter:label1\" content=\"Written by\" \/>\n\t<meta name=\"twitter:data1\" content=\"Jiri Kaloc\" \/>\n\t<meta name=\"twitter:label2\" content=\"Est. reading time\" \/>\n\t<meta name=\"twitter:data2\" content=\"2\" \/>\n<script type=\"application\/ld+json\" class=\"yoast-schema-graph\">{\"@context\":\"https:\/\/schema.org\",\"@graph\":[{\"@type\":\"WebPage\",\"@id\":\"https:\/\/www.welovecycling.com\/es\/2024\/12\/14\/pros-y-contras-del-uso-del-azucar-ciclistas\/\",\"url\":\"https:\/\/www.welovecycling.com\/es\/2024\/12\/14\/pros-y-contras-del-uso-del-azucar-ciclistas\/\",\"name\":\"Pros y contras del uso del az\u00facar en ciclistas\",\"isPartOf\":{\"@id\":\"https:\/\/www.welovecycling.com\/es\/#website\"},\"primaryImageOfPage\":{\"@id\":\"https:\/\/www.welovecycling.com\/es\/2024\/12\/14\/pros-y-contras-del-uso-del-azucar-ciclistas\/#primaryimage\"},\"image\":{\"@id\":\"https:\/\/www.welovecycling.com\/es\/2024\/12\/14\/pros-y-contras-del-uso-del-azucar-ciclistas\/#primaryimage\"},\"thumbnailUrl\":\"https:\/\/d2p6e6u75xmxt8.cloudfront.net\/6\/2024\/12\/Energy-bar-cyclist-profimedia-0452373444-CVR.webp\",\"datePublished\":\"2024-12-14T19:30:24+00:00\",\"author\":{\"@id\":\"https:\/\/www.welovecycling.com\/es\/#\/schema\/person\/deb61715b5812698ee79fb96f343ccd4\"},\"description\":\"Pros y contras del uso del az\u00facar en ciclistas. A veces el exceso de az\u00facar, si hay balance cal\u00f3rico, no es negativo para ciclistas.\",\"breadcrumb\":{\"@id\":\"https:\/\/www.welovecycling.com\/es\/2024\/12\/14\/pros-y-contras-del-uso-del-azucar-ciclistas\/#breadcrumb\"},\"inLanguage\":\"es-ES\",\"potentialAction\":[{\"@type\":\"ReadAction\",\"target\":[\"https:\/\/www.welovecycling.com\/es\/2024\/12\/14\/pros-y-contras-del-uso-del-azucar-ciclistas\/\"]}]},{\"@type\":\"ImageObject\",\"inLanguage\":\"es-ES\",\"@id\":\"https:\/\/www.welovecycling.com\/es\/2024\/12\/14\/pros-y-contras-del-uso-del-azucar-ciclistas\/#primaryimage\",\"url\":\"https:\/\/d2p6e6u75xmxt8.cloudfront.net\/6\/2024\/12\/Energy-bar-cyclist-profimedia-0452373444-CVR.webp\",\"contentUrl\":\"https:\/\/d2p6e6u75xmxt8.cloudfront.net\/6\/2024\/12\/Energy-bar-cyclist-profimedia-0452373444-CVR.webp\",\"width\":990,\"height\":660,\"caption\":\"Energy bar\"},{\"@type\":\"BreadcrumbList\",\"@id\":\"https:\/\/www.welovecycling.com\/es\/2024\/12\/14\/pros-y-contras-del-uso-del-azucar-ciclistas\/#breadcrumb\",\"itemListElement\":[{\"@type\":\"ListItem\",\"position\":1,\"name\":\"Home\",\"item\":\"https:\/\/www.welovecycling.com\/es\/\"},{\"@type\":\"ListItem\",\"position\":2,\"name\":\"Pros y contras del uso del az\u00facar en ciclistas\"}]},{\"@type\":\"WebSite\",\"@id\":\"https:\/\/www.welovecycling.com\/es\/#website\",\"url\":\"https:\/\/www.welovecycling.com\/es\/\",\"name\":\"\u0160koda We Love Cycling - Spain\",\"description\":\"\u0160koda WeLoveCycling Spain\",\"potentialAction\":[{\"@type\":\"SearchAction\",\"target\":{\"@type\":\"EntryPoint\",\"urlTemplate\":\"https:\/\/www.welovecycling.com\/es\/?s={search_term_string}\"},\"query-input\":{\"@type\":\"PropertyValueSpecification\",\"valueRequired\":true,\"valueName\":\"search_term_string\"}}],\"inLanguage\":\"es-ES\"},{\"@type\":\"Person\",\"@id\":\"https:\/\/www.welovecycling.com\/es\/#\/schema\/person\/deb61715b5812698ee79fb96f343ccd4\",\"name\":\"We Love Cycling Spain\",\"image\":{\"@type\":\"ImageObject\",\"inLanguage\":\"es-ES\",\"@id\":\"https:\/\/www.welovecycling.com\/es\/#\/schema\/person\/image\/\",\"url\":\"https:\/\/secure.gravatar.com\/avatar\/c824b04e6df0e37a03219d0b6481672889df542894588964102459e46513159c?s=96&d=mm&r=g\",\"contentUrl\":\"https:\/\/secure.gravatar.com\/avatar\/c824b04e6df0e37a03219d0b6481672889df542894588964102459e46513159c?s=96&d=mm&r=g\",\"caption\":\"We Love Cycling Spain\"},\"url\":\"https:\/\/www.welovecycling.com\/es\/author\/amunoz\/\"}]}<\/script>\n<!-- \/ Yoast SEO Premium plugin. -->","yoast_head_json":{"title":"Pros y contras del uso del az\u00facar en ciclistas","description":"Pros y contras del uso del az\u00facar en ciclistas. A veces el exceso de az\u00facar, si hay balance cal\u00f3rico, no es negativo para ciclistas.","robots":{"index":"index","follow":"follow","max-snippet":"max-snippet:-1","max-image-preview":"max-image-preview:large","max-video-preview":"max-video-preview:-1"},"canonical":"https:\/\/www.welovecycling.com\/es\/2024\/12\/14\/pros-y-contras-del-uso-del-azucar-ciclistas\/","og_locale":"es_ES","og_type":"article","og_title":"Pros y contras del uso del az\u00facar en ciclistas","og_description":"Pros y contras del uso del az\u00facar en ciclistas. A veces el exceso de az\u00facar, si hay balance cal\u00f3rico, no es negativo para ciclistas.","og_url":"https:\/\/www.welovecycling.com\/es\/2024\/12\/14\/pros-y-contras-del-uso-del-azucar-ciclistas\/","og_site_name":"\u0160koda We Love Cycling - Spain","article_published_time":"2024-12-14T19:30:24+00:00","og_image":[{"width":990,"height":660,"url":"https:\/\/d2p6e6u75xmxt8.cloudfront.net\/6\/2024\/12\/Energy-bar-cyclist-profimedia-0452373444-CVR.webp","type":"image\/webp"}],"author":"We Love Cycling Spain","twitter_card":"summary_large_image","twitter_description":"Pros y contras del uso del az\u00facar en ciclistas. A veces el exceso de az\u00facar, si hay balance cal\u00f3rico, no es negativo para ciclistas.","twitter_misc":{"Written by":"Jiri Kaloc","Est. reading time":"2"},"schema":{"@context":"https:\/\/schema.org","@graph":[{"@type":"WebPage","@id":"https:\/\/www.welovecycling.com\/es\/2024\/12\/14\/pros-y-contras-del-uso-del-azucar-ciclistas\/","url":"https:\/\/www.welovecycling.com\/es\/2024\/12\/14\/pros-y-contras-del-uso-del-azucar-ciclistas\/","name":"Pros y contras del uso del az\u00facar en ciclistas","isPartOf":{"@id":"https:\/\/www.welovecycling.com\/es\/#website"},"primaryImageOfPage":{"@id":"https:\/\/www.welovecycling.com\/es\/2024\/12\/14\/pros-y-contras-del-uso-del-azucar-ciclistas\/#primaryimage"},"image":{"@id":"https:\/\/www.welovecycling.com\/es\/2024\/12\/14\/pros-y-contras-del-uso-del-azucar-ciclistas\/#primaryimage"},"thumbnailUrl":"https:\/\/d2p6e6u75xmxt8.cloudfront.net\/6\/2024\/12\/Energy-bar-cyclist-profimedia-0452373444-CVR.webp","datePublished":"2024-12-14T19:30:24+00:00","author":{"@id":"https:\/\/www.welovecycling.com\/es\/#\/schema\/person\/deb61715b5812698ee79fb96f343ccd4"},"description":"Pros y contras del uso del az\u00facar en ciclistas. A veces el exceso de az\u00facar, si hay balance cal\u00f3rico, no es negativo para ciclistas.","breadcrumb":{"@id":"https:\/\/www.welovecycling.com\/es\/2024\/12\/14\/pros-y-contras-del-uso-del-azucar-ciclistas\/#breadcrumb"},"inLanguage":"es-ES","potentialAction":[{"@type":"ReadAction","target":["https:\/\/www.welovecycling.com\/es\/2024\/12\/14\/pros-y-contras-del-uso-del-azucar-ciclistas\/"]}]},{"@type":"ImageObject","inLanguage":"es-ES","@id":"https:\/\/www.welovecycling.com\/es\/2024\/12\/14\/pros-y-contras-del-uso-del-azucar-ciclistas\/#primaryimage","url":"https:\/\/d2p6e6u75xmxt8.cloudfront.net\/6\/2024\/12\/Energy-bar-cyclist-profimedia-0452373444-CVR.webp","contentUrl":"https:\/\/d2p6e6u75xmxt8.cloudfront.net\/6\/2024\/12\/Energy-bar-cyclist-profimedia-0452373444-CVR.webp","width":990,"height":660,"caption":"Energy bar"},{"@type":"BreadcrumbList","@id":"https:\/\/www.welovecycling.com\/es\/2024\/12\/14\/pros-y-contras-del-uso-del-azucar-ciclistas\/#breadcrumb","itemListElement":[{"@type":"ListItem","position":1,"name":"Home","item":"https:\/\/www.welovecycling.com\/es\/"},{"@type":"ListItem","position":2,"name":"Pros y contras del uso del az\u00facar en ciclistas"}]},{"@type":"WebSite","@id":"https:\/\/www.welovecycling.com\/es\/#website","url":"https:\/\/www.welovecycling.com\/es\/","name":"\u0160koda We Love Cycling - Spain","description":"\u0160koda WeLoveCycling Spain","potentialAction":[{"@type":"SearchAction","target":{"@type":"EntryPoint","urlTemplate":"https:\/\/www.welovecycling.com\/es\/?s={search_term_string}"},"query-input":{"@type":"PropertyValueSpecification","valueRequired":true,"valueName":"search_term_string"}}],"inLanguage":"es-ES"},{"@type":"Person","@id":"https:\/\/www.welovecycling.com\/es\/#\/schema\/person\/deb61715b5812698ee79fb96f343ccd4","name":"We Love Cycling Spain","image":{"@type":"ImageObject","inLanguage":"es-ES","@id":"https:\/\/www.welovecycling.com\/es\/#\/schema\/person\/image\/","url":"https:\/\/secure.gravatar.com\/avatar\/c824b04e6df0e37a03219d0b6481672889df542894588964102459e46513159c?s=96&d=mm&r=g","contentUrl":"https:\/\/secure.gravatar.com\/avatar\/c824b04e6df0e37a03219d0b6481672889df542894588964102459e46513159c?s=96&d=mm&r=g","caption":"We Love Cycling Spain"},"url":"https:\/\/www.welovecycling.com\/es\/author\/amunoz\/"}]}},"_links":{"self":[{"href":"https:\/\/www.welovecycling.com\/es\/wp-json\/wp\/v2\/posts\/11359","targetHints":{"allow":["GET"]}}],"collection":[{"href":"https:\/\/www.welovecycling.com\/es\/wp-json\/wp\/v2\/posts"}],"about":[{"href":"https:\/\/www.welovecycling.com\/es\/wp-json\/wp\/v2\/types\/post"}],"author":[{"embeddable":true,"href":"https:\/\/www.welovecycling.com\/es\/wp-json\/wp\/v2\/users\/29"}],"replies":[{"embeddable":true,"href":"https:\/\/www.welovecycling.com\/es\/wp-json\/wp\/v2\/comments?post=11359"}],"version-history":[{"count":2,"href":"https:\/\/www.welovecycling.com\/es\/wp-json\/wp\/v2\/posts\/11359\/revisions"}],"predecessor-version":[{"id":11367,"href":"https:\/\/www.welovecycling.com\/es\/wp-json\/wp\/v2\/posts\/11359\/revisions\/11367"}],"wp:featuredmedia":[{"embeddable":true,"href":"https:\/\/www.welovecycling.com\/es\/wp-json\/wp\/v2\/media\/11364"}],"wp:attachment":[{"href":"https:\/\/www.welovecycling.com\/es\/wp-json\/wp\/v2\/media?parent=11359"}],"wp:term":[{"taxonomy":"category","embeddable":true,"href":"https:\/\/www.welovecycling.com\/es\/wp-json\/wp\/v2\/categories?post=11359"},{"taxonomy":"post_tag","embeddable":true,"href":"https:\/\/www.welovecycling.com\/es\/wp-json\/wp\/v2\/tags?post=11359"},{"taxonomy":"global-categories","embeddable":true,"href":"https:\/\/www.welovecycling.com\/es\/wp-json\/wp\/v2\/global-categories?post=11359"}],"curies":[{"name":"wp","href":"https:\/\/api.w.org\/{rel}","templated":true}]}}