{"id":11358,"date":"2024-12-12T21:28:04","date_gmt":"2024-12-12T19:28:04","guid":{"rendered":"https:\/\/www.welovecycling.com\/es\/?p=11358"},"modified":"2024-12-12T21:28:04","modified_gmt":"2024-12-12T19:28:04","slug":"van-aert-retornara-antes-navidad-2024","status":"publish","type":"post","link":"https:\/\/www.welovecycling.com\/es\/2024\/12\/12\/van-aert-retornara-antes-navidad-2024\/","title":{"rendered":"Van Aert retornar\u00e1 antes de la Navidad de 2024"},"content":{"rendered":"<p><strong>Tras la grave lesi\u00f3n de rodilla sufrida en la Vuelta a Espa\u00f1a, Wout van Aert tiene previsto regresar a la competici\u00f3n justo antes de Navidad, en la primera de las seis carreras de ciclocross en las que intentar\u00e1 reencontrarse con el ciclismo tras un desastroso 2024.<\/strong><\/p>\n<p><!--more--><\/p>\n<p>En un comunicado de prensa publicado en el <a href=\"https:\/\/www.teamvismaleaseabike.com\/news\/news\/wout-van-aert-to-race-six-cyclo-cross-races-in-preparation-for-road-season\/\">sitio web<\/a> de Visma-Lease a Bike, el equipo anunci\u00f3 que la primera carrera de su regreso ser\u00eda el Superprestigio de ciclocross en Mol el 23 de diciembre. A \u00e9sta le seguir\u00edan otras cinco carreras de &#8216;cross&#8217;, en Loenhout (27 de diciembre), Gullegem (4 de enero de 2025), Dendermonde (5 de enero) y terminando con las carreras de la Copa del Mundo en Benidorm (19 de enero) y Maasmechelen (25 de enero).<\/p>\n<p>Van Aert pasar\u00e1 las dos semanas entre las carreras de Dendermonde y Benidorm en un campo de entrenamiento de Visma, aparentemente con el deseo de estar en su mejor momento para las dos carreras de la Copa del Mundo.<\/p>\n<p>\u00abEl ciclocross sigue siendo mi primer amor, y por eso me gusta volver a \u00e9l cada invierno\u00bb, afirma Van Aert en el comunicado de prensa. \u00abEste invierno, hemos optado por un calendario compacto de seis carreras que se adaptan bien a mi plan de entrenamiento. Ser\u00e1 una temporada de ciclocross que afronto por puro amor a este deporte, pero con ambiciones modestas. Despu\u00e9s de mi ca\u00edda en la Vuelta y mi lesi\u00f3n de rodilla, es esencial aprovechar al m\u00e1ximo el tiempo de que dispongo para preparar la temporada de carretera. Algunas carreras de ciclocross encajan bien en ese plan, pero el calendario es deliberadamente m\u00e1s limitado que en a\u00f1os anteriores\u00bb.<\/p>\n<p>Suponiendo que todo vaya bien, van Aert se preparar\u00e1 para las cl\u00e1sicas de primavera y el resto de la temporada de carretera, que presumiblemente incluir\u00e1 un regreso al <a href=\"https:\/\/www.welovecycling.com\/es\/2024\/06\/24\/vingegaard-vs-pogacar-2\/\">Tour de Francia<\/a> con su jefe de equipo, Jonas Vingegaard. La temporada 2025 ser\u00e1 de una importancia monumental para van Aert porque tiene que demostrarse a s\u00ed mismo, al equipo y a sus numerosos seguidores que todav\u00eda puede contarse entre las superestrellas de este deporte.<\/p>\n<p>El a\u00f1o pasado fue desastroso para \u00e9l porque sufri\u00f3 una ca\u00edda a finales de marzo en la Dwars door Vlaanderen y no recuper\u00f3 su mejor forma hasta la Vuelta, a finales de agosto. Gan\u00f3 tres etapas carrera y ten\u00eda el maillot verde en el bolsillo cuando se estrell\u00f3 en un descenso mojado en la etapa 16, lesion\u00e1ndose gravemente la rodilla derecha.<\/p>\n<p>En el ciclocross, van Aert siempre ha sido uno de los mejores ciclistas del pelot\u00f3n, por lo que las dos graves ca\u00eddas de 2024 (m\u00e1s una no muy grave en el Tour) son signos preocupantes, a menos que este a\u00f1o haya sido un caso at\u00edpico, por razones desconocidas. Despu\u00e9s de todo, todo el equipo sufri\u00f3 ca\u00eddas en la carretera y, en consecuencia, tuvo, para su alto nivel, una mala temporada.<\/p>\n<p>Pero sus resultados tambi\u00e9n hab\u00edan deca\u00eddo. Despu\u00e9s de ganar siete carreras de un d\u00eda entre 2020 y 2022, solo gan\u00f3 una en 2023-24, aunque fue una victoria importante, superando a Mathieu van der Poel (Alpecin-Deceunick) y Tadej Poga\u010dar (UAE Team Emirates) en la E3 Saxo Bank Classic. Adem\u00e1s, no gana una etapa del Tour de Francia desde 2022, cuando se hizo con el maillot verde del Skoda y ayud\u00f3 a Vingegaard a ganar su primer maillot amarillo.<\/p>\n<div class=\"embed-controller-wrapper\">\n<blockquote class=\"twitter-tweet\" data-width=\"500\" data-dnt=\"true\">\n<p lang=\"en\" dir=\"ltr\">\u23f1\ufe0f You&#39;ve all been waiting for this &#8230;<\/p>\n<p>Here&#39;s Wout cyclocross calendar <a href=\"https:\/\/t.co\/fDRBqj1hYr\">pic.twitter.com\/fDRBqj1hYr<\/a><\/p>\n<p>&mdash; Team Visma | Lease a Bike (@vismaleaseabike) <a href=\"https:\/\/twitter.com\/vismaleaseabike\/status\/1865031228396593334?ref_src=twsrc%5Etfw\">December 6, 2024<\/a><\/p><\/blockquote>\n<p><script async data-src=\"https:\/\/platform.twitter.com\/widgets.js\" charset=\"utf-8\"><\/script><\/div>\n<p>\u00bfPodr\u00eda ser que su equipo le haya estado pidiendo demasiado? Despu\u00e9s de todo, \u00bfqu\u00e9 otro ciclista corre las cl\u00e1sicas de primavera para ganar, y luego va al Tour de Francia para ganar etapas y ayudar al l\u00edder de su equipo en la monta\u00f1a? Como el propio van Aert ha dicho, no tiene el f\u00edsico de un escalador y no lo quiere, pero \u00bfcu\u00e1ntas veces se le vio en las desalentadoras monta\u00f1as del Tour, ya fuera liderando a Vingegaard en una subida empinada o al frente de una escapada, llevando el ritmo para suavizar la oposici\u00f3n de Vingegaard?<\/p>\n<p>Las respuestas a estas dos preguntas son \u00abning\u00fan otro corredor\u00bb tiene una carga similar y \u00aba menudo\u00bb. Van der Poel corre las cl\u00e1sicas y luego el Tour como gregario de su compa\u00f1ero de equipo Jasper Philipsen, pero se lo toma con calma en las subidas y no va a por todas para ganar etapas. De hecho, ha ganado exactamente una etapa del Tour (y de la Gran Vuelta); van Aert ha ganado cuatro etapas del Tour y las tres de la Vuelta de este a\u00f1o. Van der Poel gestiona su temporada en funci\u00f3n de su calendario, sus ambiciones y su forma f\u00edsica. Pero van Aert tiene que adaptar su calendario a las exigencias de su equipo y a las necesidades de su jefe de filas.<\/p>\n<p>La cuesti\u00f3n ahora es c\u00f3mo las m\u00faltiples ca\u00eddas de esta temporada han afectado tanto a van Aert como al equipo. El a\u00f1o que viene ser\u00e1 un a\u00f1o importante para ambos, ya que intentar\u00e1n volver al \u00e9xito que les tuvo en la cima del mundo de las carreras durante varios a\u00f1os. Para el equipo, la cuesti\u00f3n es si tiene la potencia necesaria para competir con Poga\u010dar y su poderoso equipo de apoyo y los medios para evitar ca\u00eddas en serie. Si uno o dos ciclistas de un equipo se caen, es la naturaleza del deporte. Pero cuando una docena de corredores sufren lesiones graves, el equipo debe examinar sus m\u00e9todos.<\/p>\n<p>Lo mismo se aplica a van Aert. Bas\u00e1ndonos en su rendimiento en la Vuelta, todav\u00eda tiene piernas para competir con los mejores corredores de la carretera. La cuesti\u00f3n es si todav\u00eda tiene las habilidades de conducci\u00f3n y la compostura para evitar ca\u00eddas y lesiones. La respuesta a esta pregunta determinar\u00e1 su futuro en este deporte.<\/p>\n","protected":false},"excerpt":{"rendered":"<p>Tras la grave lesi\u00f3n de rodilla sufrida en la Vuelta a Espa\u00f1a, Wout van Aert tiene previsto regresar a la [&hellip;]<\/p>\n","protected":false},"author":29,"featured_media":11362,"comment_status":"open","ping_status":"open","sticky":false,"template":"","format":"standard","meta":{"footnotes":""},"categories":[7],"tags":[],"global-categories":[],"class_list":["post-11358","post","type-post","status-publish","format-standard","has-post-thumbnail","hentry","category-carretera"],"yoast_head":"<!-- This site is optimized with the Yoast SEO Premium plugin v25.3 (Yoast SEO v25.9) - https:\/\/yoast.com\/wordpress\/plugins\/seo\/ -->\n<title>Van Aert retornar\u00e1 antes de la Navidad de 2024 - \u0160koda We Love Cycling - Spain<\/title>\n<meta name=\"description\" content=\"Van Aert retornar\u00e1 antes de la Navidad de 2024. El calendario del belga incluye varias carreras de ciclocross.\" \/>\n<meta name=\"robots\" content=\"index, follow, max-snippet:-1, max-image-preview:large, max-video-preview:-1\" \/>\n<link rel=\"canonical\" href=\"https:\/\/www.welovecycling.com\/es\/2024\/12\/12\/van-aert-retornara-antes-navidad-2024\/\" \/>\n<meta property=\"og:locale\" content=\"es_ES\" \/>\n<meta property=\"og:type\" content=\"article\" \/>\n<meta property=\"og:title\" content=\"Van Aert retornar\u00e1 antes de la Navidad de 2024\" \/>\n<meta property=\"og:description\" content=\"Van Aert retornar\u00e1 antes de la Navidad de 2024. El calendario del belga incluye varias carreras de ciclocross.\" \/>\n<meta property=\"og:url\" content=\"https:\/\/www.welovecycling.com\/es\/2024\/12\/12\/van-aert-retornara-antes-navidad-2024\/\" \/>\n<meta property=\"og:site_name\" content=\"\u0160koda We Love Cycling - Spain\" \/>\n<meta property=\"article:published_time\" content=\"2024-12-12T19:28:04+00:00\" \/>\n<meta property=\"og:image\" content=\"https:\/\/d2p6e6u75xmxt8.cloudfront.net\/6\/2024\/12\/Wout-van-Aert-profimedia-0904575158-CVR.webp\" \/>\n\t<meta property=\"og:image:width\" content=\"990\" \/>\n\t<meta property=\"og:image:height\" content=\"660\" \/>\n\t<meta property=\"og:image:type\" content=\"image\/webp\" \/>\n<meta name=\"author\" content=\"We Love Cycling Spain\" \/>\n<meta name=\"twitter:card\" content=\"summary_large_image\" \/>\n<meta name=\"twitter:description\" content=\"Van Aert retornar\u00e1 antes de la Navidad de 2024. El calendario del belga incluye varias carreras de ciclocross.\" \/>\n<meta name=\"twitter:label1\" content=\"Written by\" \/>\n\t<meta name=\"twitter:data1\" content=\"Siegfried Mortkowitz\" \/>\n\t<meta name=\"twitter:label2\" content=\"Est. reading time\" \/>\n\t<meta name=\"twitter:data2\" content=\"2\" \/>\n<script type=\"application\/ld+json\" class=\"yoast-schema-graph\">{\"@context\":\"https:\/\/schema.org\",\"@graph\":[{\"@type\":\"WebPage\",\"@id\":\"https:\/\/www.welovecycling.com\/es\/2024\/12\/12\/van-aert-retornara-antes-navidad-2024\/\",\"url\":\"https:\/\/www.welovecycling.com\/es\/2024\/12\/12\/van-aert-retornara-antes-navidad-2024\/\",\"name\":\"Van Aert retornar\u00e1 antes de la Navidad de 2024 - \u0160koda We Love Cycling - Spain\",\"isPartOf\":{\"@id\":\"https:\/\/www.welovecycling.com\/es\/#website\"},\"primaryImageOfPage\":{\"@id\":\"https:\/\/www.welovecycling.com\/es\/2024\/12\/12\/van-aert-retornara-antes-navidad-2024\/#primaryimage\"},\"image\":{\"@id\":\"https:\/\/www.welovecycling.com\/es\/2024\/12\/12\/van-aert-retornara-antes-navidad-2024\/#primaryimage\"},\"thumbnailUrl\":\"https:\/\/d2p6e6u75xmxt8.cloudfront.net\/6\/2024\/12\/Wout-van-Aert-profimedia-0904575158-CVR.webp\",\"datePublished\":\"2024-12-12T19:28:04+00:00\",\"author\":{\"@id\":\"https:\/\/www.welovecycling.com\/es\/#\/schema\/person\/deb61715b5812698ee79fb96f343ccd4\"},\"description\":\"Van Aert retornar\u00e1 antes de la Navidad de 2024. El calendario del belga incluye varias carreras de ciclocross.\",\"breadcrumb\":{\"@id\":\"https:\/\/www.welovecycling.com\/es\/2024\/12\/12\/van-aert-retornara-antes-navidad-2024\/#breadcrumb\"},\"inLanguage\":\"es-ES\",\"potentialAction\":[{\"@type\":\"ReadAction\",\"target\":[\"https:\/\/www.welovecycling.com\/es\/2024\/12\/12\/van-aert-retornara-antes-navidad-2024\/\"]}]},{\"@type\":\"ImageObject\",\"inLanguage\":\"es-ES\",\"@id\":\"https:\/\/www.welovecycling.com\/es\/2024\/12\/12\/van-aert-retornara-antes-navidad-2024\/#primaryimage\",\"url\":\"https:\/\/d2p6e6u75xmxt8.cloudfront.net\/6\/2024\/12\/Wout-van-Aert-profimedia-0904575158-CVR.webp\",\"contentUrl\":\"https:\/\/d2p6e6u75xmxt8.cloudfront.net\/6\/2024\/12\/Wout-van-Aert-profimedia-0904575158-CVR.webp\",\"width\":990,\"height\":660,\"caption\":\"Wout van Aert\"},{\"@type\":\"BreadcrumbList\",\"@id\":\"https:\/\/www.welovecycling.com\/es\/2024\/12\/12\/van-aert-retornara-antes-navidad-2024\/#breadcrumb\",\"itemListElement\":[{\"@type\":\"ListItem\",\"position\":1,\"name\":\"Home\",\"item\":\"https:\/\/www.welovecycling.com\/es\/\"},{\"@type\":\"ListItem\",\"position\":2,\"name\":\"Van Aert retornar\u00e1 antes de la Navidad de 2024\"}]},{\"@type\":\"WebSite\",\"@id\":\"https:\/\/www.welovecycling.com\/es\/#website\",\"url\":\"https:\/\/www.welovecycling.com\/es\/\",\"name\":\"\u0160koda We Love Cycling - Spain\",\"description\":\"\u0160koda WeLoveCycling Spain\",\"potentialAction\":[{\"@type\":\"SearchAction\",\"target\":{\"@type\":\"EntryPoint\",\"urlTemplate\":\"https:\/\/www.welovecycling.com\/es\/?s={search_term_string}\"},\"query-input\":{\"@type\":\"PropertyValueSpecification\",\"valueRequired\":true,\"valueName\":\"search_term_string\"}}],\"inLanguage\":\"es-ES\"},{\"@type\":\"Person\",\"@id\":\"https:\/\/www.welovecycling.com\/es\/#\/schema\/person\/deb61715b5812698ee79fb96f343ccd4\",\"name\":\"We Love Cycling Spain\",\"image\":{\"@type\":\"ImageObject\",\"inLanguage\":\"es-ES\",\"@id\":\"https:\/\/www.welovecycling.com\/es\/#\/schema\/person\/image\/\",\"url\":\"https:\/\/secure.gravatar.com\/avatar\/c824b04e6df0e37a03219d0b6481672889df542894588964102459e46513159c?s=96&d=mm&r=g\",\"contentUrl\":\"https:\/\/secure.gravatar.com\/avatar\/c824b04e6df0e37a03219d0b6481672889df542894588964102459e46513159c?s=96&d=mm&r=g\",\"caption\":\"We Love Cycling Spain\"},\"url\":\"https:\/\/www.welovecycling.com\/es\/author\/amunoz\/\"}]}<\/script>\n<!-- \/ Yoast SEO Premium plugin. -->","yoast_head_json":{"title":"Van Aert retornar\u00e1 antes de la Navidad de 2024 - \u0160koda We Love Cycling - Spain","description":"Van Aert retornar\u00e1 antes de la Navidad de 2024. El calendario del belga incluye varias carreras de ciclocross.","robots":{"index":"index","follow":"follow","max-snippet":"max-snippet:-1","max-image-preview":"max-image-preview:large","max-video-preview":"max-video-preview:-1"},"canonical":"https:\/\/www.welovecycling.com\/es\/2024\/12\/12\/van-aert-retornara-antes-navidad-2024\/","og_locale":"es_ES","og_type":"article","og_title":"Van Aert retornar\u00e1 antes de la Navidad de 2024","og_description":"Van Aert retornar\u00e1 antes de la Navidad de 2024. El calendario del belga incluye varias carreras de ciclocross.","og_url":"https:\/\/www.welovecycling.com\/es\/2024\/12\/12\/van-aert-retornara-antes-navidad-2024\/","og_site_name":"\u0160koda We Love Cycling - Spain","article_published_time":"2024-12-12T19:28:04+00:00","og_image":[{"width":990,"height":660,"url":"https:\/\/d2p6e6u75xmxt8.cloudfront.net\/6\/2024\/12\/Wout-van-Aert-profimedia-0904575158-CVR.webp","type":"image\/webp"}],"author":"We Love Cycling Spain","twitter_card":"summary_large_image","twitter_description":"Van Aert retornar\u00e1 antes de la Navidad de 2024. El calendario del belga incluye varias carreras de ciclocross.","twitter_misc":{"Written by":"Siegfried Mortkowitz","Est. reading time":"2"},"schema":{"@context":"https:\/\/schema.org","@graph":[{"@type":"WebPage","@id":"https:\/\/www.welovecycling.com\/es\/2024\/12\/12\/van-aert-retornara-antes-navidad-2024\/","url":"https:\/\/www.welovecycling.com\/es\/2024\/12\/12\/van-aert-retornara-antes-navidad-2024\/","name":"Van Aert retornar\u00e1 antes de la Navidad de 2024 - \u0160koda We Love Cycling - Spain","isPartOf":{"@id":"https:\/\/www.welovecycling.com\/es\/#website"},"primaryImageOfPage":{"@id":"https:\/\/www.welovecycling.com\/es\/2024\/12\/12\/van-aert-retornara-antes-navidad-2024\/#primaryimage"},"image":{"@id":"https:\/\/www.welovecycling.com\/es\/2024\/12\/12\/van-aert-retornara-antes-navidad-2024\/#primaryimage"},"thumbnailUrl":"https:\/\/d2p6e6u75xmxt8.cloudfront.net\/6\/2024\/12\/Wout-van-Aert-profimedia-0904575158-CVR.webp","datePublished":"2024-12-12T19:28:04+00:00","author":{"@id":"https:\/\/www.welovecycling.com\/es\/#\/schema\/person\/deb61715b5812698ee79fb96f343ccd4"},"description":"Van Aert retornar\u00e1 antes de la Navidad de 2024. El calendario del belga incluye varias carreras de ciclocross.","breadcrumb":{"@id":"https:\/\/www.welovecycling.com\/es\/2024\/12\/12\/van-aert-retornara-antes-navidad-2024\/#breadcrumb"},"inLanguage":"es-ES","potentialAction":[{"@type":"ReadAction","target":["https:\/\/www.welovecycling.com\/es\/2024\/12\/12\/van-aert-retornara-antes-navidad-2024\/"]}]},{"@type":"ImageObject","inLanguage":"es-ES","@id":"https:\/\/www.welovecycling.com\/es\/2024\/12\/12\/van-aert-retornara-antes-navidad-2024\/#primaryimage","url":"https:\/\/d2p6e6u75xmxt8.cloudfront.net\/6\/2024\/12\/Wout-van-Aert-profimedia-0904575158-CVR.webp","contentUrl":"https:\/\/d2p6e6u75xmxt8.cloudfront.net\/6\/2024\/12\/Wout-van-Aert-profimedia-0904575158-CVR.webp","width":990,"height":660,"caption":"Wout van Aert"},{"@type":"BreadcrumbList","@id":"https:\/\/www.welovecycling.com\/es\/2024\/12\/12\/van-aert-retornara-antes-navidad-2024\/#breadcrumb","itemListElement":[{"@type":"ListItem","position":1,"name":"Home","item":"https:\/\/www.welovecycling.com\/es\/"},{"@type":"ListItem","position":2,"name":"Van Aert retornar\u00e1 antes de la Navidad de 2024"}]},{"@type":"WebSite","@id":"https:\/\/www.welovecycling.com\/es\/#website","url":"https:\/\/www.welovecycling.com\/es\/","name":"\u0160koda We Love Cycling - Spain","description":"\u0160koda WeLoveCycling Spain","potentialAction":[{"@type":"SearchAction","target":{"@type":"EntryPoint","urlTemplate":"https:\/\/www.welovecycling.com\/es\/?s={search_term_string}"},"query-input":{"@type":"PropertyValueSpecification","valueRequired":true,"valueName":"search_term_string"}}],"inLanguage":"es-ES"},{"@type":"Person","@id":"https:\/\/www.welovecycling.com\/es\/#\/schema\/person\/deb61715b5812698ee79fb96f343ccd4","name":"We Love Cycling Spain","image":{"@type":"ImageObject","inLanguage":"es-ES","@id":"https:\/\/www.welovecycling.com\/es\/#\/schema\/person\/image\/","url":"https:\/\/secure.gravatar.com\/avatar\/c824b04e6df0e37a03219d0b6481672889df542894588964102459e46513159c?s=96&d=mm&r=g","contentUrl":"https:\/\/secure.gravatar.com\/avatar\/c824b04e6df0e37a03219d0b6481672889df542894588964102459e46513159c?s=96&d=mm&r=g","caption":"We Love Cycling Spain"},"url":"https:\/\/www.welovecycling.com\/es\/author\/amunoz\/"}]}},"_links":{"self":[{"href":"https:\/\/www.welovecycling.com\/es\/wp-json\/wp\/v2\/posts\/11358","targetHints":{"allow":["GET"]}}],"collection":[{"href":"https:\/\/www.welovecycling.com\/es\/wp-json\/wp\/v2\/posts"}],"about":[{"href":"https:\/\/www.welovecycling.com\/es\/wp-json\/wp\/v2\/types\/post"}],"author":[{"embeddable":true,"href":"https:\/\/www.welovecycling.com\/es\/wp-json\/wp\/v2\/users\/29"}],"replies":[{"embeddable":true,"href":"https:\/\/www.welovecycling.com\/es\/wp-json\/wp\/v2\/comments?post=11358"}],"version-history":[{"count":1,"href":"https:\/\/www.welovecycling.com\/es\/wp-json\/wp\/v2\/posts\/11358\/revisions"}],"predecessor-version":[{"id":11365,"href":"https:\/\/www.welovecycling.com\/es\/wp-json\/wp\/v2\/posts\/11358\/revisions\/11365"}],"wp:featuredmedia":[{"embeddable":true,"href":"https:\/\/www.welovecycling.com\/es\/wp-json\/wp\/v2\/media\/11362"}],"wp:attachment":[{"href":"https:\/\/www.welovecycling.com\/es\/wp-json\/wp\/v2\/media?parent=11358"}],"wp:term":[{"taxonomy":"category","embeddable":true,"href":"https:\/\/www.welovecycling.com\/es\/wp-json\/wp\/v2\/categories?post=11358"},{"taxonomy":"post_tag","embeddable":true,"href":"https:\/\/www.welovecycling.com\/es\/wp-json\/wp\/v2\/tags?post=11358"},{"taxonomy":"global-categories","embeddable":true,"href":"https:\/\/www.welovecycling.com\/es\/wp-json\/wp\/v2\/global-categories?post=11358"}],"curies":[{"name":"wp","href":"https:\/\/api.w.org\/{rel}","templated":true}]}}