{"id":11343,"date":"2024-12-03T13:13:18","date_gmt":"2024-12-03T11:13:18","guid":{"rendered":"https:\/\/www.welovecycling.com\/es\/?p=11343"},"modified":"2024-12-03T13:13:18","modified_gmt":"2024-12-03T11:13:18","slug":"vacaciones-ciclistas-invernales-en-familia","status":"publish","type":"post","link":"https:\/\/www.welovecycling.com\/es\/2024\/12\/03\/vacaciones-ciclistas-invernales-en-familia\/","title":{"rendered":"Vacaciones ciclistas invernales en familia"},"content":{"rendered":"<div>\n<p class=\"Textbody\"><strong>El ciclismo no es s\u00f3lo para los d\u00edas soleados y las brisas c\u00e1lidas; el ciclismo de invierno puede ser una experiencia estimulante para toda la familia, abriendo una perspectiva totalmente nueva de la vida al aire libre. Imag\u00ednese aire fresco, senderos cubiertos de nieve y la tranquila belleza de los paisajes invernales. Planear unas vacaciones ciclistas invernales en familia requiere un poco de creatividad, adaptabilidad y sentido de la maravilla. He aqu\u00ed c\u00f3mo sacar el m\u00e1ximo partido a un paseo invernal en familia, m\u00e1s all\u00e1 de abrigarse.<\/strong><\/p>\n<\/div>\n<p><!--more--><\/p>\n<div>\n<h2><strong>1. <span class=\"StrongEmphasis\">Elige una ruta esc\u00e9nica invernal<\/span><\/strong><\/h2>\n<\/div>\n<div>\n<p class=\"Textbody\">En invierno, la naturaleza adquiere una transformaci\u00f3n m\u00e1gica. Busca rutas que muestren la belleza de la estaci\u00f3n: lagos helados, bosques cubiertos de nieve o un apacible sendero junto a un r\u00edo. Muchos parques nacionales y senderos rurales son tan hermosos en invierno como en verano, si no m\u00e1s. Aseg\u00farate de que tu ruta sea apta para toda la familia, evitando las cuestas empinadas o los descensos potencialmente helados, y aseg\u00farate de que tenga lugares para detenerse y apreciar las vistas. La aventura no consiste en ir r\u00e1pido, sino en disfrutar de las maravillas que te rodean.<\/p>\n<\/div>\n<div>\n<h2><strong>2. <span class=\"StrongEmphasis\">Incorpora actividades divertidas<\/span><\/strong><\/h2>\n<\/div>\n<div>\n<p class=\"Textbody\">Convierte tu viaje en una exploraci\u00f3n planificando actividades que interrumpan el trayecto. Puedes llevar un termo de chocolate caliente y buscar un lugar perfecto para un picnic invernal. Preparar una sencilla b\u00fasqueda del tesoro invernal, animando a los ni\u00f1os a encontrar elementos invernales concretos, como un car\u00e1mbano, huellas de animales en la nieve o un \u00e1rbol de hoja perenne. Tambi\u00e9n puedes hacer una parada en un campo nevado para que los ni\u00f1os hagan \u00e1ngeles de nieve o construyan un peque\u00f1o mu\u00f1eco de nieve antes de continuar. Estas pausas no s\u00f3lo calentar\u00e1n a todos, sino que tambi\u00e9n crear\u00e1n momentos m\u00e1gicos para los ni\u00f1os.<\/p>\n<\/div>\n<div>\n<h2><strong>3. <span class=\"StrongEmphasis\">Acepta los retos \u00fanicos del invierno<\/span><\/strong><\/h2>\n<\/div>\n<div>El ciclismo de invierno conlleva sus propios retos, que pueden convertirse en oportunidades para estrechar los lazos familiares. Atravesar una ligera capa de nieve es una forma estupenda de ense\u00f1ar a los ni\u00f1os a mantener el equilibrio y a conducir con cuidado. Encontrar el camino en un sendero neblinoso o nevado anima a todos a trabajar juntos y fomenta el sentido de la aventura. Ense\u00f1a a tus hijos a apreciar la tranquilidad y la calma que aporta el invierno: escucha el crujido de la nieve bajo los neum\u00e1ticos o el lejano canto de los p\u00e1jaros invernales. No es s\u00f3lo un paseo, es un ejercicio de<\/p>\n<p class=\"Textbody\"><a href=\"https:\/\/www.apa.org\/topics\/mindfulness\">mindfulness.<\/a><\/p>\n<figure id=\"attachment_11345\" aria-describedby=\"caption-attachment-11345\" style=\"width: 900px\" class=\"wp-caption alignnone\"><a href=\"https:\/\/d2p6e6u75xmxt8.cloudfront.net\/6\/2024\/12\/Family-winter-cycling-profimedia-0497041556-CVR.webp\"><img loading=\"lazy\" decoding=\"async\" class=\"wp-image-11345 size-full\" src=\"https:\/\/d2p6e6u75xmxt8.cloudfront.net\/6\/2024\/12\/Family-winter-cycling-profimedia-0497041556-CVR.webp\" alt=\"Winter cycling\" width=\"900\" height=\"600\" srcset=\"https:\/\/d2p6e6u75xmxt8.cloudfront.net\/6\/2024\/12\/Family-winter-cycling-profimedia-0497041556-CVR.webp 900w, https:\/\/d2p6e6u75xmxt8.cloudfront.net\/6\/2024\/12\/Family-winter-cycling-profimedia-0497041556-CVR-300x200.webp 300w, https:\/\/d2p6e6u75xmxt8.cloudfront.net\/6\/2024\/12\/Family-winter-cycling-profimedia-0497041556-CVR-768x512.webp 768w, https:\/\/d2p6e6u75xmxt8.cloudfront.net\/6\/2024\/12\/Family-winter-cycling-profimedia-0497041556-CVR-400x267.webp 400w, https:\/\/d2p6e6u75xmxt8.cloudfront.net\/6\/2024\/12\/Family-winter-cycling-profimedia-0497041556-CVR-272x182.webp 272w\" sizes=\"auto, (max-width: 900px) 100vw, 900px\" \/><\/a><figcaption id=\"caption-attachment-11345\" class=\"wp-caption-text\">Busca senderos que muestren la belleza de la estaci\u00f3n: lagos helados, bosques nevados o un apacible camino junto al r\u00edo.. \u00a9 Profimedia<\/figcaption><\/figure>\n<\/div>\n<div>\n<h2><strong><br \/>\n4. <span class=\"StrongEmphasis\">Planifica las paradas para estar c\u00f3modo y abrigado<\/span><\/strong><\/h2>\n<\/div>\n<div>\n<p class=\"Textbody\">Una de las claves del \u00e9xito de una aventura invernal en bicicleta es gestionar la comodidad de todos. Elige una ruta que pase por una cafeter\u00eda, un refugio del parque o un centro comunitario. Planif\u00edcalos como pausas de calentamiento en las que puedas quitarte los guantes y disfrutar de un tentempi\u00e9 al aire libre. Un descanso en un lugar c\u00e1lido puede cambiar mucho el estado de \u00e1nimo y los niveles de energ\u00eda, especialmente en el caso de los ni\u00f1os m\u00e1s peque\u00f1os. Convierte cada parada en un juego: \u00ab\u00bfQu\u00e9 bebida caliente ser\u00e1 la favorita de la familia?\u00bb o \u00ab\u00bfQui\u00e9n consigue calentarse las manos m\u00e1s r\u00e1pido?\u00bb.<\/p>\n<\/div>\n<div>\n<h2><strong>5. <span class=\"StrongEmphasis\">Observa la fauna invernal<\/span><\/strong><\/h2>\n<\/div>\n<div>\n<p class=\"Textbody\">El invierno ofrece una oportunidad \u00fanica de ver fauna y flora que podr\u00eda perderse en el ajetreo de otras estaciones. Lleva prism\u00e1ticos para avistar p\u00e1jaros, ciervos o incluso un zorro. A los ni\u00f1os les suele gustar ver animales en su h\u00e1bitat natural, y en invierno es m\u00e1s f\u00e1cil ver criaturas que se confunden con la vegetaci\u00f3n estival. Aprovecha esta oportunidad para hablar de c\u00f3mo se adaptan los animales a las condiciones invernales: un plus educativo envuelto en la aventura.<\/p>\n<\/div>\n<div>\n<h2><strong>6. <span class=\"StrongEmphasis\">Ropa<\/span><\/strong><\/h2>\n<\/div>\n<div>\n<p class=\"Textbody\">Aunque la ropa no es la estrella del viaje, merece la pena mencionarla para que todo el mundo vaya c\u00f3modo. La <a href=\"https:\/\/www.welovecycling.com\/wide\/2023\/03\/03\/expert-answers-your-winter-clothing-and-layering-questions\/\">superposici\u00f3n de capas es clave para el ciclismo invernal<\/a>: capas interiores t\u00e9rmicas, capas intermedias c\u00e1lidas y capas exteriores impermeables. Aseg\u00farate de que todo el mundo lleva unos buenos guantes, calcetines calientes y un gorro que quepa debajo del casco. El objetivo es ir abrigado pero flexible, para que los ni\u00f1os puedan seguir disfrutando jugando en la nieve durante los descansos.<\/p>\n<\/div>\n<div>\n<h2><strong>7. <span class=\"StrongEmphasis\">Capta la aventura<\/span><\/strong><\/h2>\n<\/div>\n<div>\n<p class=\"Textbody\">No olvides capturar los momentos especiales de tu aventura ciclista invernal. La luz del invierno puede ser preciosa, y una foto de familia rodeados de un paisaje nevado o junto a un mu\u00f1eco de nieve que hay\u00e1is hecho ser\u00e1 un recuerdo inolvidable. A los ni\u00f1os tambi\u00e9n les encanta ver sus propios progresos, as\u00ed que quiz\u00e1 puedas hacerles unas cuantas fotos de acci\u00f3n recorriendo el sendero nevado o tomando chocolate caliente durante un descanso.<\/p>\n<\/div>\n<div>\n<h2><strong>8. <span class=\"StrongEmphasis\">Termina con una recompensa<\/span><\/strong><\/h2>\n<\/div>\n<div>\n<p>Es imprescindible terminar la aventura con una nota alta. Cuando termines el paseo, prepara algo c\u00e1lido y reconfortante en casa, como una pel\u00edcula familiar y sopa casera o chocolate caliente. Celebrad el viaje juntos, hablad de los mejores momentos y empezad a so\u00f1ar con la pr\u00f3xima aventura.<\/p>\n<p>El ciclismo de invierno en familia no consiste s\u00f3lo en llegar a un destino, sino en conectar con la naturaleza y con los dem\u00e1s. La nieve, el aire fresco y la tranquilidad de la estaci\u00f3n convierten un simple paseo en una aventura familiar memorable. As\u00ed que prep\u00e1rate, disfruta del fr\u00edo invernal y deja que la magia de la estaci\u00f3n se despliegue sobre dos ruedas.<\/p>\n<\/div>\n","protected":false},"excerpt":{"rendered":"<p>El ciclismo no es s\u00f3lo para los d\u00edas soleados y las brisas c\u00e1lidas; el ciclismo de invierno puede ser una [&hellip;]<\/p>\n","protected":false},"author":29,"featured_media":11347,"comment_status":"open","ping_status":"open","sticky":false,"template":"","format":"standard","meta":{"footnotes":""},"categories":[8],"tags":[],"global-categories":[],"class_list":["post-11343","post","type-post","status-publish","format-standard","has-post-thumbnail","hentry","category-life-style"],"yoast_head":"<!-- This site is optimized with the Yoast SEO Premium plugin v25.3 (Yoast SEO v25.9) - https:\/\/yoast.com\/wordpress\/plugins\/seo\/ -->\n<title>Vacaciones ciclistas invernales en familia - \u0160koda We Love Cycling - Spain<\/title>\n<meta name=\"description\" content=\"Vacaciones ciclistas invernales en familia. Consejos para planificar una ruta o un viaje en bicicleta para estas vacaciones.\" \/>\n<meta name=\"robots\" content=\"index, follow, max-snippet:-1, max-image-preview:large, max-video-preview:-1\" \/>\n<link rel=\"canonical\" href=\"https:\/\/www.welovecycling.com\/es\/2024\/12\/03\/vacaciones-ciclistas-invernales-en-familia\/\" \/>\n<meta property=\"og:locale\" content=\"es_ES\" \/>\n<meta property=\"og:type\" content=\"article\" \/>\n<meta property=\"og:title\" content=\"Vacaciones ciclistas invernales en familia\" \/>\n<meta property=\"og:description\" content=\"Vacaciones ciclistas invernales en familia. Consejos para planificar una ruta o un viaje en bicicleta para estas vacaciones.\" \/>\n<meta property=\"og:url\" content=\"https:\/\/www.welovecycling.com\/es\/2024\/12\/03\/vacaciones-ciclistas-invernales-en-familia\/\" \/>\n<meta property=\"og:site_name\" content=\"\u0160koda We Love Cycling - Spain\" \/>\n<meta property=\"article:published_time\" content=\"2024-12-03T11:13:18+00:00\" \/>\n<meta property=\"og:image\" content=\"https:\/\/d2p6e6u75xmxt8.cloudfront.net\/6\/2024\/12\/Family-Cycling-in-Winter-profimedia-0845816189-CVR.webp\" \/>\n\t<meta property=\"og:image:width\" content=\"990\" \/>\n\t<meta property=\"og:image:height\" content=\"660\" \/>\n\t<meta property=\"og:image:type\" content=\"image\/webp\" \/>\n<meta name=\"author\" content=\"We Love Cycling Spain\" \/>\n<meta name=\"twitter:card\" content=\"summary_large_image\" \/>\n<meta name=\"twitter:description\" content=\"Vacaciones ciclistas invernales en familia. Consejos para planificar una ruta o un viaje en bicicleta para estas vacaciones.\" \/>\n<meta name=\"twitter:label1\" content=\"Written by\" \/>\n\t<meta name=\"twitter:data1\" content=\"Monica Buck\" \/>\n\t<meta name=\"twitter:label2\" content=\"Est. reading time\" \/>\n\t<meta name=\"twitter:data2\" content=\"3\" \/>\n<script type=\"application\/ld+json\" class=\"yoast-schema-graph\">{\"@context\":\"https:\/\/schema.org\",\"@graph\":[{\"@type\":\"WebPage\",\"@id\":\"https:\/\/www.welovecycling.com\/es\/2024\/12\/03\/vacaciones-ciclistas-invernales-en-familia\/\",\"url\":\"https:\/\/www.welovecycling.com\/es\/2024\/12\/03\/vacaciones-ciclistas-invernales-en-familia\/\",\"name\":\"Vacaciones ciclistas invernales en familia - \u0160koda We Love Cycling - Spain\",\"isPartOf\":{\"@id\":\"https:\/\/www.welovecycling.com\/es\/#website\"},\"primaryImageOfPage\":{\"@id\":\"https:\/\/www.welovecycling.com\/es\/2024\/12\/03\/vacaciones-ciclistas-invernales-en-familia\/#primaryimage\"},\"image\":{\"@id\":\"https:\/\/www.welovecycling.com\/es\/2024\/12\/03\/vacaciones-ciclistas-invernales-en-familia\/#primaryimage\"},\"thumbnailUrl\":\"https:\/\/d2p6e6u75xmxt8.cloudfront.net\/6\/2024\/12\/Family-Cycling-in-Winter-profimedia-0845816189-CVR.webp\",\"datePublished\":\"2024-12-03T11:13:18+00:00\",\"author\":{\"@id\":\"https:\/\/www.welovecycling.com\/es\/#\/schema\/person\/deb61715b5812698ee79fb96f343ccd4\"},\"description\":\"Vacaciones ciclistas invernales en familia. Consejos para planificar una ruta o un viaje en bicicleta para estas vacaciones.\",\"breadcrumb\":{\"@id\":\"https:\/\/www.welovecycling.com\/es\/2024\/12\/03\/vacaciones-ciclistas-invernales-en-familia\/#breadcrumb\"},\"inLanguage\":\"es-ES\",\"potentialAction\":[{\"@type\":\"ReadAction\",\"target\":[\"https:\/\/www.welovecycling.com\/es\/2024\/12\/03\/vacaciones-ciclistas-invernales-en-familia\/\"]}]},{\"@type\":\"ImageObject\",\"inLanguage\":\"es-ES\",\"@id\":\"https:\/\/www.welovecycling.com\/es\/2024\/12\/03\/vacaciones-ciclistas-invernales-en-familia\/#primaryimage\",\"url\":\"https:\/\/d2p6e6u75xmxt8.cloudfront.net\/6\/2024\/12\/Family-Cycling-in-Winter-profimedia-0845816189-CVR.webp\",\"contentUrl\":\"https:\/\/d2p6e6u75xmxt8.cloudfront.net\/6\/2024\/12\/Family-Cycling-in-Winter-profimedia-0845816189-CVR.webp\",\"width\":990,\"height\":660,\"caption\":\"Family cycling\"},{\"@type\":\"BreadcrumbList\",\"@id\":\"https:\/\/www.welovecycling.com\/es\/2024\/12\/03\/vacaciones-ciclistas-invernales-en-familia\/#breadcrumb\",\"itemListElement\":[{\"@type\":\"ListItem\",\"position\":1,\"name\":\"Home\",\"item\":\"https:\/\/www.welovecycling.com\/es\/\"},{\"@type\":\"ListItem\",\"position\":2,\"name\":\"Vacaciones ciclistas invernales en familia\"}]},{\"@type\":\"WebSite\",\"@id\":\"https:\/\/www.welovecycling.com\/es\/#website\",\"url\":\"https:\/\/www.welovecycling.com\/es\/\",\"name\":\"\u0160koda We Love Cycling - Spain\",\"description\":\"\u0160koda WeLoveCycling Spain\",\"potentialAction\":[{\"@type\":\"SearchAction\",\"target\":{\"@type\":\"EntryPoint\",\"urlTemplate\":\"https:\/\/www.welovecycling.com\/es\/?s={search_term_string}\"},\"query-input\":{\"@type\":\"PropertyValueSpecification\",\"valueRequired\":true,\"valueName\":\"search_term_string\"}}],\"inLanguage\":\"es-ES\"},{\"@type\":\"Person\",\"@id\":\"https:\/\/www.welovecycling.com\/es\/#\/schema\/person\/deb61715b5812698ee79fb96f343ccd4\",\"name\":\"We Love Cycling Spain\",\"image\":{\"@type\":\"ImageObject\",\"inLanguage\":\"es-ES\",\"@id\":\"https:\/\/www.welovecycling.com\/es\/#\/schema\/person\/image\/\",\"url\":\"https:\/\/secure.gravatar.com\/avatar\/c824b04e6df0e37a03219d0b6481672889df542894588964102459e46513159c?s=96&d=mm&r=g\",\"contentUrl\":\"https:\/\/secure.gravatar.com\/avatar\/c824b04e6df0e37a03219d0b6481672889df542894588964102459e46513159c?s=96&d=mm&r=g\",\"caption\":\"We Love Cycling Spain\"},\"url\":\"https:\/\/www.welovecycling.com\/es\/author\/amunoz\/\"}]}<\/script>\n<!-- \/ Yoast SEO Premium plugin. -->","yoast_head_json":{"title":"Vacaciones ciclistas invernales en familia - \u0160koda We Love Cycling - Spain","description":"Vacaciones ciclistas invernales en familia. Consejos para planificar una ruta o un viaje en bicicleta para estas vacaciones.","robots":{"index":"index","follow":"follow","max-snippet":"max-snippet:-1","max-image-preview":"max-image-preview:large","max-video-preview":"max-video-preview:-1"},"canonical":"https:\/\/www.welovecycling.com\/es\/2024\/12\/03\/vacaciones-ciclistas-invernales-en-familia\/","og_locale":"es_ES","og_type":"article","og_title":"Vacaciones ciclistas invernales en familia","og_description":"Vacaciones ciclistas invernales en familia. Consejos para planificar una ruta o un viaje en bicicleta para estas vacaciones.","og_url":"https:\/\/www.welovecycling.com\/es\/2024\/12\/03\/vacaciones-ciclistas-invernales-en-familia\/","og_site_name":"\u0160koda We Love Cycling - Spain","article_published_time":"2024-12-03T11:13:18+00:00","og_image":[{"width":990,"height":660,"url":"https:\/\/d2p6e6u75xmxt8.cloudfront.net\/6\/2024\/12\/Family-Cycling-in-Winter-profimedia-0845816189-CVR.webp","type":"image\/webp"}],"author":"We Love Cycling Spain","twitter_card":"summary_large_image","twitter_description":"Vacaciones ciclistas invernales en familia. Consejos para planificar una ruta o un viaje en bicicleta para estas vacaciones.","twitter_misc":{"Written by":"Monica Buck","Est. reading time":"3"},"schema":{"@context":"https:\/\/schema.org","@graph":[{"@type":"WebPage","@id":"https:\/\/www.welovecycling.com\/es\/2024\/12\/03\/vacaciones-ciclistas-invernales-en-familia\/","url":"https:\/\/www.welovecycling.com\/es\/2024\/12\/03\/vacaciones-ciclistas-invernales-en-familia\/","name":"Vacaciones ciclistas invernales en familia - \u0160koda We Love Cycling - Spain","isPartOf":{"@id":"https:\/\/www.welovecycling.com\/es\/#website"},"primaryImageOfPage":{"@id":"https:\/\/www.welovecycling.com\/es\/2024\/12\/03\/vacaciones-ciclistas-invernales-en-familia\/#primaryimage"},"image":{"@id":"https:\/\/www.welovecycling.com\/es\/2024\/12\/03\/vacaciones-ciclistas-invernales-en-familia\/#primaryimage"},"thumbnailUrl":"https:\/\/d2p6e6u75xmxt8.cloudfront.net\/6\/2024\/12\/Family-Cycling-in-Winter-profimedia-0845816189-CVR.webp","datePublished":"2024-12-03T11:13:18+00:00","author":{"@id":"https:\/\/www.welovecycling.com\/es\/#\/schema\/person\/deb61715b5812698ee79fb96f343ccd4"},"description":"Vacaciones ciclistas invernales en familia. Consejos para planificar una ruta o un viaje en bicicleta para estas vacaciones.","breadcrumb":{"@id":"https:\/\/www.welovecycling.com\/es\/2024\/12\/03\/vacaciones-ciclistas-invernales-en-familia\/#breadcrumb"},"inLanguage":"es-ES","potentialAction":[{"@type":"ReadAction","target":["https:\/\/www.welovecycling.com\/es\/2024\/12\/03\/vacaciones-ciclistas-invernales-en-familia\/"]}]},{"@type":"ImageObject","inLanguage":"es-ES","@id":"https:\/\/www.welovecycling.com\/es\/2024\/12\/03\/vacaciones-ciclistas-invernales-en-familia\/#primaryimage","url":"https:\/\/d2p6e6u75xmxt8.cloudfront.net\/6\/2024\/12\/Family-Cycling-in-Winter-profimedia-0845816189-CVR.webp","contentUrl":"https:\/\/d2p6e6u75xmxt8.cloudfront.net\/6\/2024\/12\/Family-Cycling-in-Winter-profimedia-0845816189-CVR.webp","width":990,"height":660,"caption":"Family cycling"},{"@type":"BreadcrumbList","@id":"https:\/\/www.welovecycling.com\/es\/2024\/12\/03\/vacaciones-ciclistas-invernales-en-familia\/#breadcrumb","itemListElement":[{"@type":"ListItem","position":1,"name":"Home","item":"https:\/\/www.welovecycling.com\/es\/"},{"@type":"ListItem","position":2,"name":"Vacaciones ciclistas invernales en familia"}]},{"@type":"WebSite","@id":"https:\/\/www.welovecycling.com\/es\/#website","url":"https:\/\/www.welovecycling.com\/es\/","name":"\u0160koda We Love Cycling - Spain","description":"\u0160koda WeLoveCycling Spain","potentialAction":[{"@type":"SearchAction","target":{"@type":"EntryPoint","urlTemplate":"https:\/\/www.welovecycling.com\/es\/?s={search_term_string}"},"query-input":{"@type":"PropertyValueSpecification","valueRequired":true,"valueName":"search_term_string"}}],"inLanguage":"es-ES"},{"@type":"Person","@id":"https:\/\/www.welovecycling.com\/es\/#\/schema\/person\/deb61715b5812698ee79fb96f343ccd4","name":"We Love Cycling Spain","image":{"@type":"ImageObject","inLanguage":"es-ES","@id":"https:\/\/www.welovecycling.com\/es\/#\/schema\/person\/image\/","url":"https:\/\/secure.gravatar.com\/avatar\/c824b04e6df0e37a03219d0b6481672889df542894588964102459e46513159c?s=96&d=mm&r=g","contentUrl":"https:\/\/secure.gravatar.com\/avatar\/c824b04e6df0e37a03219d0b6481672889df542894588964102459e46513159c?s=96&d=mm&r=g","caption":"We Love Cycling Spain"},"url":"https:\/\/www.welovecycling.com\/es\/author\/amunoz\/"}]}},"_links":{"self":[{"href":"https:\/\/www.welovecycling.com\/es\/wp-json\/wp\/v2\/posts\/11343","targetHints":{"allow":["GET"]}}],"collection":[{"href":"https:\/\/www.welovecycling.com\/es\/wp-json\/wp\/v2\/posts"}],"about":[{"href":"https:\/\/www.welovecycling.com\/es\/wp-json\/wp\/v2\/types\/post"}],"author":[{"embeddable":true,"href":"https:\/\/www.welovecycling.com\/es\/wp-json\/wp\/v2\/users\/29"}],"replies":[{"embeddable":true,"href":"https:\/\/www.welovecycling.com\/es\/wp-json\/wp\/v2\/comments?post=11343"}],"version-history":[{"count":2,"href":"https:\/\/www.welovecycling.com\/es\/wp-json\/wp\/v2\/posts\/11343\/revisions"}],"predecessor-version":[{"id":11348,"href":"https:\/\/www.welovecycling.com\/es\/wp-json\/wp\/v2\/posts\/11343\/revisions\/11348"}],"wp:featuredmedia":[{"embeddable":true,"href":"https:\/\/www.welovecycling.com\/es\/wp-json\/wp\/v2\/media\/11347"}],"wp:attachment":[{"href":"https:\/\/www.welovecycling.com\/es\/wp-json\/wp\/v2\/media?parent=11343"}],"wp:term":[{"taxonomy":"category","embeddable":true,"href":"https:\/\/www.welovecycling.com\/es\/wp-json\/wp\/v2\/categories?post=11343"},{"taxonomy":"post_tag","embeddable":true,"href":"https:\/\/www.welovecycling.com\/es\/wp-json\/wp\/v2\/tags?post=11343"},{"taxonomy":"global-categories","embeddable":true,"href":"https:\/\/www.welovecycling.com\/es\/wp-json\/wp\/v2\/global-categories?post=11343"}],"curies":[{"name":"wp","href":"https:\/\/api.w.org\/{rel}","templated":true}]}}