{"id":11335,"date":"2024-11-28T21:05:13","date_gmt":"2024-11-28T19:05:13","guid":{"rendered":"https:\/\/www.welovecycling.com\/es\/?p=11335"},"modified":"2024-11-28T21:06:30","modified_gmt":"2024-11-28T19:06:30","slug":"mercado-fichajes-ciclistas-24-25","status":"publish","type":"post","link":"https:\/\/www.welovecycling.com\/es\/2024\/11\/28\/mercado-fichajes-ciclistas-24-25\/","title":{"rendered":"Astana y Tudor animan el mercado de fichajes ciclistas 24\/25"},"content":{"rendered":"<p><strong>Se acaba noviembre y en diciembre empiezan todas las concentraciones de los equipos profesionales. El Astana y el Tudor son los que han animado el mercado de fichajes ciclistas 24\/25 y en sus concentraciones es donde se ver\u00e1n a m\u00e1s corredores con los colores de otros equipos, porque ya sabes, pese a que entrenes por el conjunto por el que has fichado para la temporada 25, debes seguir vistiendo la equipaci\u00f3n de tu equipo anterior equipo porque los contratos no expiran hasta el 31 de diciembre.<\/strong><\/p>\n<p><!--more--><\/p>\n<p>Un anacronismo del ciclismo que todav\u00eda se mantiene y que permite ver por las carreteras de la Costa Blanca, donde entrenan el 70% de los equipos, a grupetas de lo m\u00e1s coloridas y a ciclistas &#8216;escondiendose&#8217; de fot\u00f3grafos ajenos para no romper el contrato de patrocinio de la temporada ya acabada.<\/p>\n<p><strong>Para 2025 toca revisi\u00f3n de fichas del World Tour<\/strong>. Es decir, ver qu\u00e9 equipos van a descender y cuales pueden ascender y eso ha hecho que el mercado se mueva, sobre todo en dos sentidos. Astana ha fichado para conseguir puntos que eviten su descenso y el Tudor para ser el conjunto que se gane el derecho a estar en el World Tour en 2026, lo que significa poder correr todas las grandes y el calendario de cl\u00e1sicas, el sue\u00f1o de cualquier patrocinador en busca de la m\u00e1xima visibilidad de su marca. Tambi\u00e9n se ha movido el mercado franc\u00e9s, con Guillaume Martin y Lenny Mart\u00ednez, que cambian de equipo. O Ben O&#8217;Connor, que deja el Decathlon<\/p>\n<h2><b>Ascenso y descenso<\/b><\/h2>\n<p>Durante las tres \u00faltimas temporadas el <a href=\"https:\/\/www.welovecycling.com\/es\/2024\/11\/08\/astana-descenso\/\">Astana<\/a> ha sido, con diferencia, el peor equipo del World Tour. Tanto que ahora mismo est\u00e1 muy lejos de poder renovar la licencia en la m\u00e1xima categor\u00eda en 2025. Necesita un milagro o un gran rendimiento de sus ciclistas y para ello se ha lanzado al mercado a fichar corredores contrastados, movido tambi\u00e9n por el capital econ\u00f3mico llegado de un inversor chino, que tambi\u00e9n va a provocar que cambien de marca de bicicletas (si, dejan Wilier y llevar\u00e1n bicis chinas). Para sumar puntos han fichado a tres llegadores, Alberto Bettiol, Diego Ulissi y Sergio Higuita, m\u00e1s tres ciclistas veteranos que tendr\u00e1n libertad Wout Poels, Cl\u00e9ment Champoussin y Fausto Masnada. Se quedan sin un hombre r\u00e1pido como Cavendish, aunque Mike Teunissen intentar\u00e1 sumar en las llegadas masivas.<\/p>\n<p><a href=\"https:\/\/d2p6e6u75xmxt8.cloudfront.net\/6\/2024\/11\/Astana-Qazaqstan-profimedia-0924321378-CVR.webp\"><img loading=\"lazy\" decoding=\"async\" class=\"aligncenter size-full wp-image-11292\" src=\"https:\/\/d2p6e6u75xmxt8.cloudfront.net\/6\/2024\/11\/Astana-Qazaqstan-profimedia-0924321378-CVR.webp\" alt=\"Team Astana Qazaqstan\" width=\"990\" height=\"660\" srcset=\"https:\/\/d2p6e6u75xmxt8.cloudfront.net\/6\/2024\/11\/Astana-Qazaqstan-profimedia-0924321378-CVR.webp 990w, https:\/\/d2p6e6u75xmxt8.cloudfront.net\/6\/2024\/11\/Astana-Qazaqstan-profimedia-0924321378-CVR-300x200.webp 300w, https:\/\/d2p6e6u75xmxt8.cloudfront.net\/6\/2024\/11\/Astana-Qazaqstan-profimedia-0924321378-CVR-768x512.webp 768w, https:\/\/d2p6e6u75xmxt8.cloudfront.net\/6\/2024\/11\/Astana-Qazaqstan-profimedia-0924321378-CVR-400x267.webp 400w, https:\/\/d2p6e6u75xmxt8.cloudfront.net\/6\/2024\/11\/Astana-Qazaqstan-profimedia-0924321378-CVR-272x182.webp 272w\" sizes=\"auto, (max-width: 990px) 100vw, 990px\" \/><\/a><\/p>\n<p>El Tudor, equipo Continental Pro, est\u00e1 en la situaci\u00f3n contraria. Necesita sumar para subir y ha echado la casa por la ventana. El equipo de Cancellara ha pescado a su compatriota <strong>Marc Hirschi (UAE)<\/strong> que se aburri\u00f3 de ganar carreras a finales de la temporada 2024 y a <strong>Julian Alaphilippe,<\/strong> que siempre es un seguro de vida a la hora de conseguir puntos. El franc\u00e9s adem\u00e1s puso con el fichaje fin al culebr\u00f3n sobre su salida del Soudal Quick Step.<\/p>\n<h2><b>Refuerzos para Pogacar, Vingegaard y Evenepoel<\/b><\/h2>\n<p>El tr\u00edo que cop\u00f3 el podio del Tour en 2024 ha conseguido refuerzos de cara a la pr\u00f3xima temporada. El que menos ha movido el mercado ha sido <strong>UAE<\/strong>. Solo tres fichajes de categor\u00eda y la mayor\u00eda para la temporada de cl\u00e1sicas: Jhonatan Narv\u00e1ez (INEOS Grenadiers), Florian Vermeersch (Lotto Dstny), Rune Herregodts (Intermarch\u00e9 &#8211; Wanty), mientras que asciende del filial Pablo Torres, que ya hizo un gran 2024 con su exhibici\u00f3n en el Tour del Porvenir.<\/p>\n<p>El <strong>UAE<\/strong> fue el mejor equipo de 2024, pero el <a href=\"https:\/\/www.procyclingstats.com\/team\/team-visma-lease-a-bike-2025\"><strong>Visma<\/strong><\/a> perdi\u00f3 fuelle y ha apostado fuerte para intentar hacer frente a Pogacar en el Tour. Al lado de Vingegaard estar\u00e1 Simon Yates, un clon de su hermano Adam, que ha sido clave para el esloveno en los tres \u00faltimos Tours. Tambi\u00e9n llega Campenaerts, gregario perfecto para los d\u00edas de llano y para Van Aert en las cl\u00e1sicas y el rapid\u00edsimo Axel Zingle.<\/p>\n<p>El <a href=\"https:\/\/www.procyclingstats.com\/team\/soudal-quick-step-2025\"><strong>Soudal Quick Step<\/strong><\/a> completa en 2025 su transici\u00f3n a equipo de grandes vueltas con la llegada de Ethan Hayter, Valentin Paret-Peintre y Maximilian Schachmann para ayudar a Remco Evenepoel. Y dejan marcha a dos clasic\u00f3manos, Kasper Asgreen y Gianni Moscon.<\/p>\n<p>Otro de los equipos con alto presupuesto, el <strong>Red Bull-Bora<\/strong>, sigue fichando para ser uno de los grandes, aunque para 2025 ha invertido menos. Llegan buenos corredores, pero ninguna gran estrella como Roglic. Oier Lazkano Finn Fisher-Black, Jan Tratnik, Mick van Dijke, Tim van Dijke, Gianni Moscon , Laurence Pithie y Giulio Pellizzari.<\/p>\n<p>El <strong>Ineos,<\/strong> pese a hacer uno de las peores temporadas de los \u00faltimos a\u00f1os, no se ha reforzado en exceso. Hamilton, Jungels o Langelotti no mejoran mucho lo que ya tienen los ingleses, que adem\u00e1s viven pendientes de la<strong> posible salida de Pidcock<\/strong> despu\u00e9s de la pol\u00e9mica abierta en el Giro de Lombardia. Si perdiesen al ingl\u00e9s deber\u00edan salir al mercado.<\/p>\n<p><a href=\"https:\/\/d2p6e6u75xmxt8.cloudfront.net\/6\/2024\/04\/Tom-Pidcock-profimedia-0852935310.webp\"><img loading=\"lazy\" decoding=\"async\" class=\"aligncenter size-large wp-image-10690\" src=\"https:\/\/d2p6e6u75xmxt8.cloudfront.net\/6\/2024\/04\/Tom-Pidcock-profimedia-0852935310-1024x682.webp\" alt=\"Tom Pidcock\" width=\"1024\" height=\"682\" srcset=\"https:\/\/d2p6e6u75xmxt8.cloudfront.net\/6\/2024\/04\/Tom-Pidcock-profimedia-0852935310-1024x682.webp 1024w, https:\/\/d2p6e6u75xmxt8.cloudfront.net\/6\/2024\/04\/Tom-Pidcock-profimedia-0852935310-300x200.webp 300w, https:\/\/d2p6e6u75xmxt8.cloudfront.net\/6\/2024\/04\/Tom-Pidcock-profimedia-0852935310-768x511.webp 768w, https:\/\/d2p6e6u75xmxt8.cloudfront.net\/6\/2024\/04\/Tom-Pidcock-profimedia-0852935310-400x266.webp 400w, https:\/\/d2p6e6u75xmxt8.cloudfront.net\/6\/2024\/04\/Tom-Pidcock-profimedia-0852935310-272x182.webp 272w, https:\/\/d2p6e6u75xmxt8.cloudfront.net\/6\/2024\/04\/Tom-Pidcock-profimedia-0852935310.webp 1400w\" sizes=\"auto, (max-width: 1024px) 100vw, 1024px\" \/><\/a><\/p>\n<h2><b>Mercado franc\u00e9s y Movistar Team<\/b><\/h2>\n<p>En Francia si se han movido ciclistas ilustres. Cofidis ha dejado marchar a <strong>Guillaume Martin<\/strong>, que correr\u00e1 en la FDJ, pero se ha reforzado con Aramburu, Samitier, Dylan Teuns y Emmanuel Buchman. Lenny Martinez ha dejado el FDJ por el Bahrein y Ben O&#8217;Connor, uno de los triunfadores de 2024, cambia el Decathlon por el Jayco, aunque esto ya se sab\u00eda antes de su gran Vuelta a Espa\u00f1a. El equipo franc\u00e9s sube a <a href=\"https:\/\/www.procyclingstats.com\/rider\/paul-seixas\/start\">Paul Seixas<\/a>, una de las sensaciones de la categor\u00eda junior. El Arkea, que anunci\u00f3 problemas financieros, se ha desprendido de sus m\u00e1ximas estrellas y todas sus altas son del equipo filial continental.<\/p>\n<p><strong>Movistar Team ha fichado a Pablo Castrillo,<\/strong> la gran sensaci\u00f3n de La Vuelta 2024, y al r\u00e1pido venezolano Orluis Aular, que viene del Caja Rural, aunque pierde a hombres importantes.<\/p>\n<p>Ahora tambi\u00e9n hay que estar muy atento a los ciclistas que vienen de la categor\u00eda j\u00fanior. El Lidl Trek se ha reforzado con\u00a0 Lennard K\u00e4mna, S\u00f8ren Kragh Andersen y Tim Torn Teutenberg. Aunque las miradas est\u00e1n puestas en<a href=\"https:\/\/www.procyclingstats.com\/rider\/albert-withen-philipsen\"> <strong>Albert Withen Philipsen<\/strong>,<\/a> que est\u00e1 llamado a ser el pr\u00f3ximo dominador de las cl\u00e1sicas.<\/p>\n","protected":false},"excerpt":{"rendered":"<p>Se acaba noviembre y en diciembre empiezan todas las concentraciones de los equipos profesionales. El Astana y el Tudor son [&hellip;]<\/p>\n","protected":false},"author":29,"featured_media":5659,"comment_status":"open","ping_status":"open","sticky":false,"template":"","format":"standard","meta":{"footnotes":""},"categories":[7],"tags":[2331],"global-categories":[1164],"class_list":["post-11335","post","type-post","status-publish","format-standard","has-post-thumbnail","hentry","category-carretera","tag-fichajes-ciclistas-2025","global-categories-cycling"],"yoast_head":"<!-- This site is optimized with the Yoast SEO Premium plugin v25.3 (Yoast SEO v25.9) - https:\/\/yoast.com\/wordpress\/plugins\/seo\/ -->\n<title>Astana y Tudor animan el mercado de fichajes ciclistas 24\/25 - \u0160koda We Love Cycling - Spain<\/title>\n<meta name=\"description\" content=\"Astana y Tudor animan el mercado de fichajes ciclistas 24\/25. Los movimientos de Sim\u00f3n Yates y Ben O&#039;Connor, los m\u00e1s destacadas hasta ahora.\" \/>\n<meta name=\"robots\" content=\"index, follow, max-snippet:-1, max-image-preview:large, max-video-preview:-1\" \/>\n<link rel=\"canonical\" href=\"https:\/\/www.welovecycling.com\/es\/2024\/11\/28\/mercado-fichajes-ciclistas-24-25\/\" \/>\n<meta property=\"og:locale\" content=\"es_ES\" \/>\n<meta property=\"og:type\" content=\"article\" \/>\n<meta property=\"og:title\" content=\"Astana y Tudor animan el mercado de fichajes ciclistas 24\/25\" \/>\n<meta property=\"og:description\" content=\"Astana y Tudor animan el mercado de fichajes ciclistas 24\/25. Los movimientos de Sim\u00f3n Yates y Ben O&#039;Connor, los m\u00e1s destacadas hasta ahora.\" \/>\n<meta property=\"og:url\" content=\"https:\/\/www.welovecycling.com\/es\/2024\/11\/28\/mercado-fichajes-ciclistas-24-25\/\" \/>\n<meta property=\"og:site_name\" content=\"\u0160koda We Love Cycling - Spain\" \/>\n<meta property=\"article:published_time\" content=\"2024-11-28T19:05:13+00:00\" \/>\n<meta property=\"article:modified_time\" content=\"2024-11-28T19:06:30+00:00\" \/>\n<meta property=\"og:image\" content=\"https:\/\/d2p6e6u75xmxt8.cloudfront.net\/6\/2019\/12\/Alaphilippe-CVR-profimedia-0460070833.jpg\" \/>\n\t<meta property=\"og:image:width\" content=\"1366\" \/>\n\t<meta property=\"og:image:height\" content=\"600\" \/>\n\t<meta property=\"og:image:type\" content=\"image\/jpeg\" \/>\n<meta name=\"author\" content=\"We Love Cycling Spain\" \/>\n<meta name=\"twitter:card\" content=\"summary_large_image\" \/>\n<meta name=\"twitter:description\" content=\"Astana y Tudor animan el mercado de fichajes ciclistas 24\/25. Los movimientos de Sim\u00f3n Yates y Ben O&#039;Connor, los m\u00e1s destacadas hasta ahora.\" \/>\n<meta name=\"twitter:label1\" content=\"Written by\" \/>\n\t<meta name=\"twitter:data1\" content=\"Luis Ortega @ciclored\" \/>\n\t<meta name=\"twitter:label2\" content=\"Est. reading time\" \/>\n\t<meta name=\"twitter:data2\" content=\"5 minutes\" \/>\n<script type=\"application\/ld+json\" class=\"yoast-schema-graph\">{\"@context\":\"https:\/\/schema.org\",\"@graph\":[{\"@type\":\"WebPage\",\"@id\":\"https:\/\/www.welovecycling.com\/es\/2024\/11\/28\/mercado-fichajes-ciclistas-24-25\/\",\"url\":\"https:\/\/www.welovecycling.com\/es\/2024\/11\/28\/mercado-fichajes-ciclistas-24-25\/\",\"name\":\"Astana y Tudor animan el mercado de fichajes ciclistas 24\/25 - \u0160koda We Love Cycling - Spain\",\"isPartOf\":{\"@id\":\"https:\/\/www.welovecycling.com\/es\/#website\"},\"primaryImageOfPage\":{\"@id\":\"https:\/\/www.welovecycling.com\/es\/2024\/11\/28\/mercado-fichajes-ciclistas-24-25\/#primaryimage\"},\"image\":{\"@id\":\"https:\/\/www.welovecycling.com\/es\/2024\/11\/28\/mercado-fichajes-ciclistas-24-25\/#primaryimage\"},\"thumbnailUrl\":\"https:\/\/d2p6e6u75xmxt8.cloudfront.net\/6\/2019\/12\/Alaphilippe-CVR-profimedia-0460070833.jpg\",\"datePublished\":\"2024-11-28T19:05:13+00:00\",\"dateModified\":\"2024-11-28T19:06:30+00:00\",\"author\":{\"@id\":\"https:\/\/www.welovecycling.com\/es\/#\/schema\/person\/deb61715b5812698ee79fb96f343ccd4\"},\"description\":\"Astana y Tudor animan el mercado de fichajes ciclistas 24\/25. Los movimientos de Sim\u00f3n Yates y Ben O'Connor, los m\u00e1s destacadas hasta ahora.\",\"breadcrumb\":{\"@id\":\"https:\/\/www.welovecycling.com\/es\/2024\/11\/28\/mercado-fichajes-ciclistas-24-25\/#breadcrumb\"},\"inLanguage\":\"es-ES\",\"potentialAction\":[{\"@type\":\"ReadAction\",\"target\":[\"https:\/\/www.welovecycling.com\/es\/2024\/11\/28\/mercado-fichajes-ciclistas-24-25\/\"]}]},{\"@type\":\"ImageObject\",\"inLanguage\":\"es-ES\",\"@id\":\"https:\/\/www.welovecycling.com\/es\/2024\/11\/28\/mercado-fichajes-ciclistas-24-25\/#primaryimage\",\"url\":\"https:\/\/d2p6e6u75xmxt8.cloudfront.net\/6\/2019\/12\/Alaphilippe-CVR-profimedia-0460070833.jpg\",\"contentUrl\":\"https:\/\/d2p6e6u75xmxt8.cloudfront.net\/6\/2019\/12\/Alaphilippe-CVR-profimedia-0460070833.jpg\",\"width\":1366,\"height\":600},{\"@type\":\"BreadcrumbList\",\"@id\":\"https:\/\/www.welovecycling.com\/es\/2024\/11\/28\/mercado-fichajes-ciclistas-24-25\/#breadcrumb\",\"itemListElement\":[{\"@type\":\"ListItem\",\"position\":1,\"name\":\"Home\",\"item\":\"https:\/\/www.welovecycling.com\/es\/\"},{\"@type\":\"ListItem\",\"position\":2,\"name\":\"Astana y Tudor animan el mercado de fichajes ciclistas 24\/25\"}]},{\"@type\":\"WebSite\",\"@id\":\"https:\/\/www.welovecycling.com\/es\/#website\",\"url\":\"https:\/\/www.welovecycling.com\/es\/\",\"name\":\"\u0160koda We Love Cycling - Spain\",\"description\":\"\u0160koda WeLoveCycling Spain\",\"potentialAction\":[{\"@type\":\"SearchAction\",\"target\":{\"@type\":\"EntryPoint\",\"urlTemplate\":\"https:\/\/www.welovecycling.com\/es\/?s={search_term_string}\"},\"query-input\":{\"@type\":\"PropertyValueSpecification\",\"valueRequired\":true,\"valueName\":\"search_term_string\"}}],\"inLanguage\":\"es-ES\"},{\"@type\":\"Person\",\"@id\":\"https:\/\/www.welovecycling.com\/es\/#\/schema\/person\/deb61715b5812698ee79fb96f343ccd4\",\"name\":\"We Love Cycling Spain\",\"image\":{\"@type\":\"ImageObject\",\"inLanguage\":\"es-ES\",\"@id\":\"https:\/\/www.welovecycling.com\/es\/#\/schema\/person\/image\/\",\"url\":\"https:\/\/secure.gravatar.com\/avatar\/c824b04e6df0e37a03219d0b6481672889df542894588964102459e46513159c?s=96&d=mm&r=g\",\"contentUrl\":\"https:\/\/secure.gravatar.com\/avatar\/c824b04e6df0e37a03219d0b6481672889df542894588964102459e46513159c?s=96&d=mm&r=g\",\"caption\":\"We Love Cycling Spain\"},\"url\":\"https:\/\/www.welovecycling.com\/es\/author\/amunoz\/\"}]}<\/script>\n<!-- \/ Yoast SEO Premium plugin. -->","yoast_head_json":{"title":"Astana y Tudor animan el mercado de fichajes ciclistas 24\/25 - \u0160koda We Love Cycling - Spain","description":"Astana y Tudor animan el mercado de fichajes ciclistas 24\/25. Los movimientos de Sim\u00f3n Yates y Ben O'Connor, los m\u00e1s destacadas hasta ahora.","robots":{"index":"index","follow":"follow","max-snippet":"max-snippet:-1","max-image-preview":"max-image-preview:large","max-video-preview":"max-video-preview:-1"},"canonical":"https:\/\/www.welovecycling.com\/es\/2024\/11\/28\/mercado-fichajes-ciclistas-24-25\/","og_locale":"es_ES","og_type":"article","og_title":"Astana y Tudor animan el mercado de fichajes ciclistas 24\/25","og_description":"Astana y Tudor animan el mercado de fichajes ciclistas 24\/25. Los movimientos de Sim\u00f3n Yates y Ben O'Connor, los m\u00e1s destacadas hasta ahora.","og_url":"https:\/\/www.welovecycling.com\/es\/2024\/11\/28\/mercado-fichajes-ciclistas-24-25\/","og_site_name":"\u0160koda We Love Cycling - Spain","article_published_time":"2024-11-28T19:05:13+00:00","article_modified_time":"2024-11-28T19:06:30+00:00","og_image":[{"width":1366,"height":600,"url":"https:\/\/d2p6e6u75xmxt8.cloudfront.net\/6\/2019\/12\/Alaphilippe-CVR-profimedia-0460070833.jpg","type":"image\/jpeg"}],"author":"We Love Cycling Spain","twitter_card":"summary_large_image","twitter_description":"Astana y Tudor animan el mercado de fichajes ciclistas 24\/25. Los movimientos de Sim\u00f3n Yates y Ben O'Connor, los m\u00e1s destacadas hasta ahora.","twitter_misc":{"Written by":"Luis Ortega @ciclored","Est. reading time":"5 minutes"},"schema":{"@context":"https:\/\/schema.org","@graph":[{"@type":"WebPage","@id":"https:\/\/www.welovecycling.com\/es\/2024\/11\/28\/mercado-fichajes-ciclistas-24-25\/","url":"https:\/\/www.welovecycling.com\/es\/2024\/11\/28\/mercado-fichajes-ciclistas-24-25\/","name":"Astana y Tudor animan el mercado de fichajes ciclistas 24\/25 - \u0160koda We Love Cycling - Spain","isPartOf":{"@id":"https:\/\/www.welovecycling.com\/es\/#website"},"primaryImageOfPage":{"@id":"https:\/\/www.welovecycling.com\/es\/2024\/11\/28\/mercado-fichajes-ciclistas-24-25\/#primaryimage"},"image":{"@id":"https:\/\/www.welovecycling.com\/es\/2024\/11\/28\/mercado-fichajes-ciclistas-24-25\/#primaryimage"},"thumbnailUrl":"https:\/\/d2p6e6u75xmxt8.cloudfront.net\/6\/2019\/12\/Alaphilippe-CVR-profimedia-0460070833.jpg","datePublished":"2024-11-28T19:05:13+00:00","dateModified":"2024-11-28T19:06:30+00:00","author":{"@id":"https:\/\/www.welovecycling.com\/es\/#\/schema\/person\/deb61715b5812698ee79fb96f343ccd4"},"description":"Astana y Tudor animan el mercado de fichajes ciclistas 24\/25. Los movimientos de Sim\u00f3n Yates y Ben O'Connor, los m\u00e1s destacadas hasta ahora.","breadcrumb":{"@id":"https:\/\/www.welovecycling.com\/es\/2024\/11\/28\/mercado-fichajes-ciclistas-24-25\/#breadcrumb"},"inLanguage":"es-ES","potentialAction":[{"@type":"ReadAction","target":["https:\/\/www.welovecycling.com\/es\/2024\/11\/28\/mercado-fichajes-ciclistas-24-25\/"]}]},{"@type":"ImageObject","inLanguage":"es-ES","@id":"https:\/\/www.welovecycling.com\/es\/2024\/11\/28\/mercado-fichajes-ciclistas-24-25\/#primaryimage","url":"https:\/\/d2p6e6u75xmxt8.cloudfront.net\/6\/2019\/12\/Alaphilippe-CVR-profimedia-0460070833.jpg","contentUrl":"https:\/\/d2p6e6u75xmxt8.cloudfront.net\/6\/2019\/12\/Alaphilippe-CVR-profimedia-0460070833.jpg","width":1366,"height":600},{"@type":"BreadcrumbList","@id":"https:\/\/www.welovecycling.com\/es\/2024\/11\/28\/mercado-fichajes-ciclistas-24-25\/#breadcrumb","itemListElement":[{"@type":"ListItem","position":1,"name":"Home","item":"https:\/\/www.welovecycling.com\/es\/"},{"@type":"ListItem","position":2,"name":"Astana y Tudor animan el mercado de fichajes ciclistas 24\/25"}]},{"@type":"WebSite","@id":"https:\/\/www.welovecycling.com\/es\/#website","url":"https:\/\/www.welovecycling.com\/es\/","name":"\u0160koda We Love Cycling - Spain","description":"\u0160koda WeLoveCycling Spain","potentialAction":[{"@type":"SearchAction","target":{"@type":"EntryPoint","urlTemplate":"https:\/\/www.welovecycling.com\/es\/?s={search_term_string}"},"query-input":{"@type":"PropertyValueSpecification","valueRequired":true,"valueName":"search_term_string"}}],"inLanguage":"es-ES"},{"@type":"Person","@id":"https:\/\/www.welovecycling.com\/es\/#\/schema\/person\/deb61715b5812698ee79fb96f343ccd4","name":"We Love Cycling Spain","image":{"@type":"ImageObject","inLanguage":"es-ES","@id":"https:\/\/www.welovecycling.com\/es\/#\/schema\/person\/image\/","url":"https:\/\/secure.gravatar.com\/avatar\/c824b04e6df0e37a03219d0b6481672889df542894588964102459e46513159c?s=96&d=mm&r=g","contentUrl":"https:\/\/secure.gravatar.com\/avatar\/c824b04e6df0e37a03219d0b6481672889df542894588964102459e46513159c?s=96&d=mm&r=g","caption":"We Love Cycling Spain"},"url":"https:\/\/www.welovecycling.com\/es\/author\/amunoz\/"}]}},"_links":{"self":[{"href":"https:\/\/www.welovecycling.com\/es\/wp-json\/wp\/v2\/posts\/11335","targetHints":{"allow":["GET"]}}],"collection":[{"href":"https:\/\/www.welovecycling.com\/es\/wp-json\/wp\/v2\/posts"}],"about":[{"href":"https:\/\/www.welovecycling.com\/es\/wp-json\/wp\/v2\/types\/post"}],"author":[{"embeddable":true,"href":"https:\/\/www.welovecycling.com\/es\/wp-json\/wp\/v2\/users\/29"}],"replies":[{"embeddable":true,"href":"https:\/\/www.welovecycling.com\/es\/wp-json\/wp\/v2\/comments?post=11335"}],"version-history":[{"count":2,"href":"https:\/\/www.welovecycling.com\/es\/wp-json\/wp\/v2\/posts\/11335\/revisions"}],"predecessor-version":[{"id":11337,"href":"https:\/\/www.welovecycling.com\/es\/wp-json\/wp\/v2\/posts\/11335\/revisions\/11337"}],"wp:featuredmedia":[{"embeddable":true,"href":"https:\/\/www.welovecycling.com\/es\/wp-json\/wp\/v2\/media\/5659"}],"wp:attachment":[{"href":"https:\/\/www.welovecycling.com\/es\/wp-json\/wp\/v2\/media?parent=11335"}],"wp:term":[{"taxonomy":"category","embeddable":true,"href":"https:\/\/www.welovecycling.com\/es\/wp-json\/wp\/v2\/categories?post=11335"},{"taxonomy":"post_tag","embeddable":true,"href":"https:\/\/www.welovecycling.com\/es\/wp-json\/wp\/v2\/tags?post=11335"},{"taxonomy":"global-categories","embeddable":true,"href":"https:\/\/www.welovecycling.com\/es\/wp-json\/wp\/v2\/global-categories?post=11335"}],"curies":[{"name":"wp","href":"https:\/\/api.w.org\/{rel}","templated":true}]}}