{"id":11330,"date":"2024-11-28T19:52:54","date_gmt":"2024-11-28T17:52:54","guid":{"rendered":"https:\/\/www.welovecycling.com\/es\/?p=11330"},"modified":"2024-11-28T19:52:54","modified_gmt":"2024-11-28T17:52:54","slug":"fariba-hashimi","status":"publish","type":"post","link":"https:\/\/www.welovecycling.com\/es\/2024\/11\/28\/fariba-hashimi\/","title":{"rendered":"Fariba Hashimi, de Afganist\u00e1n a la gloria ciclista"},"content":{"rendered":"<p><strong>Cuando Fariba Hashimi cruz\u00f3 en primer lugar la l\u00ednea de meta del Mont Loz\u00e8re en el Tour de l&#8217;Ard\u00e8che de septiembre, hizo historia como el primer afgano -hombre o mujer- en ganar una carrera internacional de la UCI. Para Fariba, una joven de 21 a\u00f1os de la conservadora y aislada provincia de Faryab, esta victoria significa mucho m\u00e1s que un triunfo en el circuito ciclista. En un pa\u00eds en el que las mujeres se enfrentan a importantes barreras para practicar deporte, su camino desde Afganist\u00e1n hasta el podio en Francia pone de manifiesto su talento y el esp\u00edritu inquebrantable de las mujeres que luchan por sus sue\u00f1os contra viento y marea.<\/strong><\/p>\n<p><!--more--><\/p>\n<p>Para celebrar esta inspiradora determinaci\u00f3n, hemos querido compartir la extraordinaria historia de Fariba, desde sus primeros d\u00edas en Afganist\u00e1n hasta los retos a los que se enfrent\u00f3 mientras practicaba el ciclismo, y c\u00f3mo su reciente \u00e9xito inspira a una nueva generaci\u00f3n de mujeres deportistas.<\/p>\n<h2><b>El camino al estrellado desde Faryab<\/b><\/h2>\n<p>Fariba y su hermana Yulduz se enamoraron del ciclismo cuando eran adolescentes. Al crecer en una de las regiones m\u00e1s remotas y tradicionales de Afganist\u00e1n, ninguna de las dos hab\u00eda imaginado nunca que la bicicleta cambiar\u00eda sus vidas. Descubrieron el deporte a trav\u00e9s de un evento ciclista local que les llam\u00f3 la atenci\u00f3n y les pareci\u00f3 divertido. Sin embargo, al no tener bicicletas ni experiencia en ciclismo, se vieron obligados a convertirse en ciclistas incre\u00edblemente ingeniosas desde el primer d\u00eda. Tomaron prestada en secreto la bicicleta de un vecino para aprender, todo ello mientras se cubr\u00edan con ropa demasiado grande y bufandas para ocultar sus identidades. A pesar de estas barreras, sobresalieron y acabaron primera y segunda en su primera carrera. \u00abFue incre\u00edble\u00bb, declar\u00f3 Fariba <a href=\"https:\/\/www.bbc.com\/news\/articles\/c720jxej1ewo\">a la BBC.<\/a> \u00abMe sent\u00ed como un p\u00e1jaro que pod\u00eda volar\u00bb.<\/p>\n<h2><b>Contra la resistencia y el peligro<\/b><\/h2>\n<p>A pesar de un comienzo prometedor, el viaje de las hermanas al mundo del ciclismo no estuvo exento de resistencia y hostilidad. Su familia, sujeta a las normas locales, las inst\u00f3 en un principio a que lo dejaran en cuanto descubrieron la nueva afici\u00f3n poco convencional de sus hijas. \u00abMe pidieron que dejara de montar en bici\u00bb, cuenta Fariba, pero ella sab\u00eda que hab\u00eda encontrado una pasi\u00f3n por la que merec\u00eda la pena desafiar las normas.<\/p>\n<p>A medida que aumentaba su determinaci\u00f3n, el ciclismo atrajo la atenci\u00f3n del p\u00fablico, y no todo fue apoyo. Adem\u00e1s de la reacci\u00f3n, ella y su hermana sufrieron acoso e incluso peligro f\u00edsico por parte de personas de su comunidad que cre\u00edan que el ciclismo no era un lugar para las mujeres. \u00abLa gente intentaba atropellarnos con los coches o nos tiraba piedras mientras \u00edbamos en bici\u00bb, recuerda Yulduz, poniendo de relieve los riesgos cotidianos a los que se enfrentaban por el mero hecho de practicar su deporte.<\/p>\n<figure id=\"attachment_11331\" aria-describedby=\"caption-attachment-11331\" style=\"width: 990px\" class=\"wp-caption alignnone\"><a href=\"https:\/\/d2p6e6u75xmxt8.cloudfront.net\/6\/2024\/11\/Fariba-Hashimi-profimedia-0906201965.webp\"><img loading=\"lazy\" decoding=\"async\" class=\"wp-image-11331 size-full\" src=\"https:\/\/d2p6e6u75xmxt8.cloudfront.net\/6\/2024\/11\/Fariba-Hashimi-profimedia-0906201965.webp\" alt=\"Fariba Hashimi\" width=\"990\" height=\"660\" srcset=\"https:\/\/d2p6e6u75xmxt8.cloudfront.net\/6\/2024\/11\/Fariba-Hashimi-profimedia-0906201965.webp 990w, https:\/\/d2p6e6u75xmxt8.cloudfront.net\/6\/2024\/11\/Fariba-Hashimi-profimedia-0906201965-300x200.webp 300w, https:\/\/d2p6e6u75xmxt8.cloudfront.net\/6\/2024\/11\/Fariba-Hashimi-profimedia-0906201965-768x512.webp 768w, https:\/\/d2p6e6u75xmxt8.cloudfront.net\/6\/2024\/11\/Fariba-Hashimi-profimedia-0906201965-400x267.webp 400w, https:\/\/d2p6e6u75xmxt8.cloudfront.net\/6\/2024\/11\/Fariba-Hashimi-profimedia-0906201965-272x182.webp 272w\" sizes=\"auto, (max-width: 990px) 100vw, 990px\" \/><\/a><figcaption id=\"caption-attachment-11331\" class=\"wp-caption-text\">La victoria de Hashimi en el Tour de l&#8217;Ard\u00e8che. \u00a9 Profimedia<\/figcaption><\/figure>\n<h2><b><br \/>\nHuir de Afganist\u00e1n y encontrar futuro en Italia<\/b><\/h2>\n<p>En 2021, sus vidas dieron otro giro dr\u00e1stico cuando los talibanes recuperaron el control de Afganist\u00e1n e impusieron restricciones radicales a los derechos de las mujeres. A las mujeres se les prohibi\u00f3 participar en deportes, educaci\u00f3n, viajes y muchos otros aspectos de la vida p\u00fablica. Al darse cuenta de que ya no pod\u00edan perseguir sus sue\u00f1os ciclistas en casa, Fariba y Yulduz supieron que ten\u00edan que escapar.<\/p>\n<p>\u00abLo m\u00e1s duro para m\u00ed es estar lejos de mi madre\u00bb, <a href=\"https:\/\/www.bbc.com\/news\/articles\/c720jxej1ewo\">explica<\/a> Fariba. \u00abNunca pens\u00e9 que por el ciclismo me separar\u00eda de mis hermanos y hermanas&#8230; He sacrificado mucho\u00bb.<\/p>\n<p>Gracias a contactos en la comunidad ciclista internacional, pudieron conseguir plaza en un vuelo de evacuaci\u00f3n a Italia. Una vez en Italia, las hermanas se unieron a un equipo ciclista profesional y recibieron entrenamiento formal por primera vez. Fue una experiencia transformadora que les permiti\u00f3 perfeccionar sus habilidades como nunca antes hab\u00edan podido. \u00abEn Afganist\u00e1n no ten\u00edamos formaci\u00f3n profesional\u00bb, se\u00f1ala Yulduz. \u00abLo \u00fanico que hac\u00edamos era coger nuestras bicis y montar\u00bb.<\/p>\n<p>Aunque dejar a su familia y su patria fue profundamente doloroso, Fariba se aferr\u00f3 a su sue\u00f1o de competir internacionalmente, una decisi\u00f3n que pronto la llevar\u00eda a alcanzar logros sin precedentes.<\/p>\n<h2><b>Victoria en el Tour de l\u2019Ard\u00e8che<\/b><\/h2>\n<p><span style=\"font-weight: 400;\">La dedicaci\u00f3n de Fariba al ciclismo culmin\u00f3 con una incre\u00edble victoria este septiembre en la etapa reina del Tour Feminin l&#8217;Ard\u00e8che. Se enfrent\u00f3 al Mont Loz\u00e8re y se demostr\u00f3 a s\u00ed misma y al mundo lo que las <a href=\"https:\/\/www.welovecycling.com\/wide\/2021\/09\/10\/afghan-all-girl-cycling-team-evacuated-after-taliban-outlaws-womens-sport\/\">mujeres afganas<\/a> eran capaces de conseguir. Este logro sigui\u00f3 a una temporada impresionante en la que qued\u00f3 8\u00aa en el Tour de l&#8217;Avenir Femmes y 10\u00aa en el Giro Mediterr\u00e1neo de Rosa, afirmando su potencial en el mundo del ciclismo de competici\u00f3n.\u00a0<\/span><\/p>\n<h2><b>Representando a Afganist\u00e1n en Paris<\/b><\/h2>\n<p><span style=\"font-weight: 400;\">Tambi\u00e9n causaron sensaci\u00f3n en los Juegos Ol\u00edmpicos de Par\u00eds, donde ella y su hermana representaron a Afganist\u00e1n, una decisi\u00f3n que lleg\u00f3 tras complejas conversaciones con el Comit\u00e9 Ol\u00edmpico Internacional (COI). Representar a Afganist\u00e1n en lugar de al Equipo Ol\u00edmpico de Refugiados fue muy significativo para Fariba, que quer\u00eda destacar la fuerza de las mujeres afganas ante una audiencia mundial. \u00abNuestro logro pertenece a Afganist\u00e1n\u00bb, declar\u00f3. \u00abEsto pertenece a las mujeres afganas. Voy a los Juegos Ol\u00edmpicos por ellas\u00bb.\u201d<\/span><\/p>\n<h2><b>Rompiendo techos para una nueva generaci\u00f3n<\/b><\/h2>\n<p>De hecho, el viaje de Fariba es un poderoso testimonio del coraje y la perseverancia de las mujeres afganas y los atletas de comunidades marginadas de todo el mundo. Ahora entrena con el Centro Mundial de Ciclismo y forma parte de un equipo de desarrollo de \u00e9lite, muy lejos de los d\u00edas en que iba disfrazada en una bicicleta prestada. Sin embargo, a pesar de sus logros y de las modernas instalaciones de Aigle (Suiza), Fariba no pierde de vista sus humildes or\u00edgenes. \u00abSomos la fuerza de la otra\u00bb, dice Yulduz sobre su v\u00ednculo con Fariba. \u00abYo la apoyo, y ella me apoya a m\u00ed\u00bb.<\/p>\n<h2><b>\u00bfCu\u00e1l es su futuro?<\/b><\/h2>\n<p>A medida que la reputaci\u00f3n de Fariba sigue aumentando, crecen las especulaciones sobre su futuro en el deporte. Sus notables actuaciones esta temporada la han situado como una prometedora candidata a un codiciado contrato WorldTour. Con s\u00f3lo 21 a\u00f1os, Fariba tiene toda una carrera por delante, y su viaje no ha hecho m\u00e1s que empezar.<\/p>\n","protected":false},"excerpt":{"rendered":"<p>Cuando Fariba Hashimi cruz\u00f3 en primer lugar la l\u00ednea de meta del Mont Loz\u00e8re en el Tour de l&#8217;Ard\u00e8che de [&hellip;]<\/p>\n","protected":false},"author":29,"featured_media":11333,"comment_status":"open","ping_status":"open","sticky":false,"template":"","format":"standard","meta":{"footnotes":""},"categories":[7],"tags":[],"global-categories":[],"class_list":["post-11330","post","type-post","status-publish","format-standard","has-post-thumbnail","hentry","category-carretera"],"yoast_head":"<!-- This site is optimized with the Yoast SEO Premium plugin v25.3 (Yoast SEO v25.9) - https:\/\/yoast.com\/wordpress\/plugins\/seo\/ -->\n<title>Fariba Hashimi, de Afganist\u00e1n a la gloria ciclista - \u0160koda We Love Cycling - Spain<\/title>\n<meta name=\"description\" content=\"Fariba Hashimi, de Afganist\u00e1n a la gloria ciclista. Con solo 21 a\u00f1os ya ha ganado en Europa y suena para el World Tour.\" \/>\n<meta name=\"robots\" content=\"index, follow, max-snippet:-1, max-image-preview:large, max-video-preview:-1\" \/>\n<link rel=\"canonical\" href=\"https:\/\/www.welovecycling.com\/es\/2024\/11\/28\/fariba-hashimi\/\" \/>\n<meta property=\"og:locale\" content=\"es_ES\" \/>\n<meta property=\"og:type\" content=\"article\" \/>\n<meta property=\"og:title\" content=\"Fariba Hashimi, de Afganist\u00e1n a la gloria ciclista\" \/>\n<meta property=\"og:description\" content=\"Fariba Hashimi, de Afganist\u00e1n a la gloria ciclista. Con solo 21 a\u00f1os ya ha ganado en Europa y suena para el World Tour.\" \/>\n<meta property=\"og:url\" content=\"https:\/\/www.welovecycling.com\/es\/2024\/11\/28\/fariba-hashimi\/\" \/>\n<meta property=\"og:site_name\" content=\"\u0160koda We Love Cycling - Spain\" \/>\n<meta property=\"article:published_time\" content=\"2024-11-28T17:52:54+00:00\" \/>\n<meta property=\"og:image\" content=\"https:\/\/d2p6e6u75xmxt8.cloudfront.net\/6\/2024\/11\/Fariba-Hashimi-profimedia-0904802309-CVR.webp\" \/>\n\t<meta property=\"og:image:width\" content=\"990\" \/>\n\t<meta property=\"og:image:height\" content=\"660\" \/>\n\t<meta property=\"og:image:type\" content=\"image\/webp\" \/>\n<meta name=\"author\" content=\"We Love Cycling Spain\" \/>\n<meta name=\"twitter:card\" content=\"summary_large_image\" \/>\n<meta name=\"twitter:description\" content=\"Fariba Hashimi, de Afganist\u00e1n a la gloria ciclista. Con solo 21 a\u00f1os ya ha ganado en Europa y suena para el World Tour.\" \/>\n<meta name=\"twitter:label1\" content=\"Written by\" \/>\n\t<meta name=\"twitter:data1\" content=\"Megan Flottorp\" \/>\n\t<meta name=\"twitter:label2\" content=\"Est. reading time\" \/>\n\t<meta name=\"twitter:data2\" content=\"3\" \/>\n<script type=\"application\/ld+json\" class=\"yoast-schema-graph\">{\"@context\":\"https:\/\/schema.org\",\"@graph\":[{\"@type\":\"WebPage\",\"@id\":\"https:\/\/www.welovecycling.com\/es\/2024\/11\/28\/fariba-hashimi\/\",\"url\":\"https:\/\/www.welovecycling.com\/es\/2024\/11\/28\/fariba-hashimi\/\",\"name\":\"Fariba Hashimi, de Afganist\u00e1n a la gloria ciclista - \u0160koda We Love Cycling - Spain\",\"isPartOf\":{\"@id\":\"https:\/\/www.welovecycling.com\/es\/#website\"},\"primaryImageOfPage\":{\"@id\":\"https:\/\/www.welovecycling.com\/es\/2024\/11\/28\/fariba-hashimi\/#primaryimage\"},\"image\":{\"@id\":\"https:\/\/www.welovecycling.com\/es\/2024\/11\/28\/fariba-hashimi\/#primaryimage\"},\"thumbnailUrl\":\"https:\/\/d2p6e6u75xmxt8.cloudfront.net\/6\/2024\/11\/Fariba-Hashimi-profimedia-0904802309-CVR.webp\",\"datePublished\":\"2024-11-28T17:52:54+00:00\",\"author\":{\"@id\":\"https:\/\/www.welovecycling.com\/es\/#\/schema\/person\/deb61715b5812698ee79fb96f343ccd4\"},\"description\":\"Fariba Hashimi, de Afganist\u00e1n a la gloria ciclista. Con solo 21 a\u00f1os ya ha ganado en Europa y suena para el World Tour.\",\"breadcrumb\":{\"@id\":\"https:\/\/www.welovecycling.com\/es\/2024\/11\/28\/fariba-hashimi\/#breadcrumb\"},\"inLanguage\":\"es-ES\",\"potentialAction\":[{\"@type\":\"ReadAction\",\"target\":[\"https:\/\/www.welovecycling.com\/es\/2024\/11\/28\/fariba-hashimi\/\"]}]},{\"@type\":\"ImageObject\",\"inLanguage\":\"es-ES\",\"@id\":\"https:\/\/www.welovecycling.com\/es\/2024\/11\/28\/fariba-hashimi\/#primaryimage\",\"url\":\"https:\/\/d2p6e6u75xmxt8.cloudfront.net\/6\/2024\/11\/Fariba-Hashimi-profimedia-0904802309-CVR.webp\",\"contentUrl\":\"https:\/\/d2p6e6u75xmxt8.cloudfront.net\/6\/2024\/11\/Fariba-Hashimi-profimedia-0904802309-CVR.webp\",\"width\":990,\"height\":660,\"caption\":\"Fariba Hashimi\"},{\"@type\":\"BreadcrumbList\",\"@id\":\"https:\/\/www.welovecycling.com\/es\/2024\/11\/28\/fariba-hashimi\/#breadcrumb\",\"itemListElement\":[{\"@type\":\"ListItem\",\"position\":1,\"name\":\"Home\",\"item\":\"https:\/\/www.welovecycling.com\/es\/\"},{\"@type\":\"ListItem\",\"position\":2,\"name\":\"Fariba Hashimi, de Afganist\u00e1n a la gloria ciclista\"}]},{\"@type\":\"WebSite\",\"@id\":\"https:\/\/www.welovecycling.com\/es\/#website\",\"url\":\"https:\/\/www.welovecycling.com\/es\/\",\"name\":\"\u0160koda We Love Cycling - Spain\",\"description\":\"\u0160koda WeLoveCycling Spain\",\"potentialAction\":[{\"@type\":\"SearchAction\",\"target\":{\"@type\":\"EntryPoint\",\"urlTemplate\":\"https:\/\/www.welovecycling.com\/es\/?s={search_term_string}\"},\"query-input\":{\"@type\":\"PropertyValueSpecification\",\"valueRequired\":true,\"valueName\":\"search_term_string\"}}],\"inLanguage\":\"es-ES\"},{\"@type\":\"Person\",\"@id\":\"https:\/\/www.welovecycling.com\/es\/#\/schema\/person\/deb61715b5812698ee79fb96f343ccd4\",\"name\":\"We Love Cycling Spain\",\"image\":{\"@type\":\"ImageObject\",\"inLanguage\":\"es-ES\",\"@id\":\"https:\/\/www.welovecycling.com\/es\/#\/schema\/person\/image\/\",\"url\":\"https:\/\/secure.gravatar.com\/avatar\/c824b04e6df0e37a03219d0b6481672889df542894588964102459e46513159c?s=96&d=mm&r=g\",\"contentUrl\":\"https:\/\/secure.gravatar.com\/avatar\/c824b04e6df0e37a03219d0b6481672889df542894588964102459e46513159c?s=96&d=mm&r=g\",\"caption\":\"We Love Cycling Spain\"},\"url\":\"https:\/\/www.welovecycling.com\/es\/author\/amunoz\/\"}]}<\/script>\n<!-- \/ Yoast SEO Premium plugin. -->","yoast_head_json":{"title":"Fariba Hashimi, de Afganist\u00e1n a la gloria ciclista - \u0160koda We Love Cycling - Spain","description":"Fariba Hashimi, de Afganist\u00e1n a la gloria ciclista. Con solo 21 a\u00f1os ya ha ganado en Europa y suena para el World Tour.","robots":{"index":"index","follow":"follow","max-snippet":"max-snippet:-1","max-image-preview":"max-image-preview:large","max-video-preview":"max-video-preview:-1"},"canonical":"https:\/\/www.welovecycling.com\/es\/2024\/11\/28\/fariba-hashimi\/","og_locale":"es_ES","og_type":"article","og_title":"Fariba Hashimi, de Afganist\u00e1n a la gloria ciclista","og_description":"Fariba Hashimi, de Afganist\u00e1n a la gloria ciclista. Con solo 21 a\u00f1os ya ha ganado en Europa y suena para el World Tour.","og_url":"https:\/\/www.welovecycling.com\/es\/2024\/11\/28\/fariba-hashimi\/","og_site_name":"\u0160koda We Love Cycling - Spain","article_published_time":"2024-11-28T17:52:54+00:00","og_image":[{"width":990,"height":660,"url":"https:\/\/d2p6e6u75xmxt8.cloudfront.net\/6\/2024\/11\/Fariba-Hashimi-profimedia-0904802309-CVR.webp","type":"image\/webp"}],"author":"We Love Cycling Spain","twitter_card":"summary_large_image","twitter_description":"Fariba Hashimi, de Afganist\u00e1n a la gloria ciclista. Con solo 21 a\u00f1os ya ha ganado en Europa y suena para el World Tour.","twitter_misc":{"Written by":"Megan Flottorp","Est. reading time":"3"},"schema":{"@context":"https:\/\/schema.org","@graph":[{"@type":"WebPage","@id":"https:\/\/www.welovecycling.com\/es\/2024\/11\/28\/fariba-hashimi\/","url":"https:\/\/www.welovecycling.com\/es\/2024\/11\/28\/fariba-hashimi\/","name":"Fariba Hashimi, de Afganist\u00e1n a la gloria ciclista - \u0160koda We Love Cycling - Spain","isPartOf":{"@id":"https:\/\/www.welovecycling.com\/es\/#website"},"primaryImageOfPage":{"@id":"https:\/\/www.welovecycling.com\/es\/2024\/11\/28\/fariba-hashimi\/#primaryimage"},"image":{"@id":"https:\/\/www.welovecycling.com\/es\/2024\/11\/28\/fariba-hashimi\/#primaryimage"},"thumbnailUrl":"https:\/\/d2p6e6u75xmxt8.cloudfront.net\/6\/2024\/11\/Fariba-Hashimi-profimedia-0904802309-CVR.webp","datePublished":"2024-11-28T17:52:54+00:00","author":{"@id":"https:\/\/www.welovecycling.com\/es\/#\/schema\/person\/deb61715b5812698ee79fb96f343ccd4"},"description":"Fariba Hashimi, de Afganist\u00e1n a la gloria ciclista. Con solo 21 a\u00f1os ya ha ganado en Europa y suena para el World Tour.","breadcrumb":{"@id":"https:\/\/www.welovecycling.com\/es\/2024\/11\/28\/fariba-hashimi\/#breadcrumb"},"inLanguage":"es-ES","potentialAction":[{"@type":"ReadAction","target":["https:\/\/www.welovecycling.com\/es\/2024\/11\/28\/fariba-hashimi\/"]}]},{"@type":"ImageObject","inLanguage":"es-ES","@id":"https:\/\/www.welovecycling.com\/es\/2024\/11\/28\/fariba-hashimi\/#primaryimage","url":"https:\/\/d2p6e6u75xmxt8.cloudfront.net\/6\/2024\/11\/Fariba-Hashimi-profimedia-0904802309-CVR.webp","contentUrl":"https:\/\/d2p6e6u75xmxt8.cloudfront.net\/6\/2024\/11\/Fariba-Hashimi-profimedia-0904802309-CVR.webp","width":990,"height":660,"caption":"Fariba Hashimi"},{"@type":"BreadcrumbList","@id":"https:\/\/www.welovecycling.com\/es\/2024\/11\/28\/fariba-hashimi\/#breadcrumb","itemListElement":[{"@type":"ListItem","position":1,"name":"Home","item":"https:\/\/www.welovecycling.com\/es\/"},{"@type":"ListItem","position":2,"name":"Fariba Hashimi, de Afganist\u00e1n a la gloria ciclista"}]},{"@type":"WebSite","@id":"https:\/\/www.welovecycling.com\/es\/#website","url":"https:\/\/www.welovecycling.com\/es\/","name":"\u0160koda We Love Cycling - Spain","description":"\u0160koda WeLoveCycling Spain","potentialAction":[{"@type":"SearchAction","target":{"@type":"EntryPoint","urlTemplate":"https:\/\/www.welovecycling.com\/es\/?s={search_term_string}"},"query-input":{"@type":"PropertyValueSpecification","valueRequired":true,"valueName":"search_term_string"}}],"inLanguage":"es-ES"},{"@type":"Person","@id":"https:\/\/www.welovecycling.com\/es\/#\/schema\/person\/deb61715b5812698ee79fb96f343ccd4","name":"We Love Cycling Spain","image":{"@type":"ImageObject","inLanguage":"es-ES","@id":"https:\/\/www.welovecycling.com\/es\/#\/schema\/person\/image\/","url":"https:\/\/secure.gravatar.com\/avatar\/c824b04e6df0e37a03219d0b6481672889df542894588964102459e46513159c?s=96&d=mm&r=g","contentUrl":"https:\/\/secure.gravatar.com\/avatar\/c824b04e6df0e37a03219d0b6481672889df542894588964102459e46513159c?s=96&d=mm&r=g","caption":"We Love Cycling Spain"},"url":"https:\/\/www.welovecycling.com\/es\/author\/amunoz\/"}]}},"_links":{"self":[{"href":"https:\/\/www.welovecycling.com\/es\/wp-json\/wp\/v2\/posts\/11330","targetHints":{"allow":["GET"]}}],"collection":[{"href":"https:\/\/www.welovecycling.com\/es\/wp-json\/wp\/v2\/posts"}],"about":[{"href":"https:\/\/www.welovecycling.com\/es\/wp-json\/wp\/v2\/types\/post"}],"author":[{"embeddable":true,"href":"https:\/\/www.welovecycling.com\/es\/wp-json\/wp\/v2\/users\/29"}],"replies":[{"embeddable":true,"href":"https:\/\/www.welovecycling.com\/es\/wp-json\/wp\/v2\/comments?post=11330"}],"version-history":[{"count":2,"href":"https:\/\/www.welovecycling.com\/es\/wp-json\/wp\/v2\/posts\/11330\/revisions"}],"predecessor-version":[{"id":11334,"href":"https:\/\/www.welovecycling.com\/es\/wp-json\/wp\/v2\/posts\/11330\/revisions\/11334"}],"wp:featuredmedia":[{"embeddable":true,"href":"https:\/\/www.welovecycling.com\/es\/wp-json\/wp\/v2\/media\/11333"}],"wp:attachment":[{"href":"https:\/\/www.welovecycling.com\/es\/wp-json\/wp\/v2\/media?parent=11330"}],"wp:term":[{"taxonomy":"category","embeddable":true,"href":"https:\/\/www.welovecycling.com\/es\/wp-json\/wp\/v2\/categories?post=11330"},{"taxonomy":"post_tag","embeddable":true,"href":"https:\/\/www.welovecycling.com\/es\/wp-json\/wp\/v2\/tags?post=11330"},{"taxonomy":"global-categories","embeddable":true,"href":"https:\/\/www.welovecycling.com\/es\/wp-json\/wp\/v2\/global-categories?post=11330"}],"curies":[{"name":"wp","href":"https:\/\/api.w.org\/{rel}","templated":true}]}}