{"id":11316,"date":"2024-11-12T19:25:04","date_gmt":"2024-11-12T17:25:04","guid":{"rendered":"https:\/\/www.welovecycling.com\/es\/?p=11316"},"modified":"2024-11-12T19:25:04","modified_gmt":"2024-11-12T17:25:04","slug":"lotte-kopecky","status":"publish","type":"post","link":"https:\/\/www.welovecycling.com\/es\/2024\/11\/12\/lotte-kopecky\/","title":{"rendered":"La temporada casi perfecta de Lotte Kopecky"},"content":{"rendered":"<p><strong>La temporada 2024 de Lotte Kopecky parece el gui\u00f3n de un sue\u00f1o hecho realidad. Liderando desde el principio el WorldTour femenino hasta el final, se labr\u00f3 un impresionante curr\u00edculum de logros que abarcaban desde su segundo t\u00edtulo mundial hasta una medalla ol\u00edmpica, pasando por el primer campeonato europeo contrarreloj de su carrera. Cada victoria a lo largo del camino puso de relieve su fuerza, resistencia y compromiso con la excelencia, acerc\u00e1ndola al singular honor de terminar el a\u00f1o como la ciclista femenina con mas puntos.<\/strong><\/p>\n<p><!--more--><\/p>\n<p>Para cualquiera que haya seguido la trayectoria de Kopecky en los \u00faltimos a\u00f1os, su dominio actual puede parecer casi inevitable, pero el camino no siempre fue f\u00e1cil. Nacida en Rumst (B\u00e9lgica) en 1995, se hizo profesional a los 19 a\u00f1os en el equipo continental belga Topsport-Vlaanderen-Pro-Duo y poco a poco fue haci\u00e9ndose un hueco en el pelot\u00f3n. Su primera victoria, en el Trofeo Maarten Wynants en 2016, dej\u00f3 entrever su potencial, pero los a\u00f1os siguientes fueron una mezcla de triunfos y reveses.<\/p>\n<p>Al final, incluso con sus desaf\u00edos, 2020 fue una temporada decisiva para ella. Consigui\u00f3 el t\u00edtulo nacional belga de ciclismo en ruta y, por segunda vez de las cuatro siguientes, el t\u00edtulo nacional de contrarreloj. Ese a\u00f1o tambi\u00e9n consigui\u00f3 una victoria de etapa en el Giro de Italia Donne y subi\u00f3 al podio en cl\u00e1sicas como Le Samyn des Dames, Gent-Wevelgem, el Tour de Flandes y Brujas-De Panne.<\/p>\n<p>Sus \u00e9xitos en 2020 prepararon el terreno para un nuevo cap\u00edtulo en 2021, cuando se uni\u00f3 al Liv Racing, su primer equipo mundial femenino, con un contrato de un a\u00f1o tras a\u00f1os con el Lotto Soudal Ladies. Esa temporada, volvi\u00f3 a conquistar los t\u00edtulos nacionales belgas de ciclismo en ruta y contrarreloj, consolidando su lugar como una fuerza en el escenario nacional.<\/p>\n<p>En 2022, Kopecky encontr\u00f3 su verdadero camino en las cl\u00e1sicas de un d\u00eda tras unirse al equipo SD Worx. Su rendimiento ese a\u00f1o le proporcion\u00f3 victorias que definieron su carrera, con triunfos en la Ronde van Vlaanderen y la Strade Bianche. En la Par\u00eds-Roubaix se qued\u00f3 a las puertas del primer puesto, terminando segunda, y culmin\u00f3 la temporada con una plata en los Campeonatos del Mundo de ciclismo en ruta. Estos logros, combinados con la resistencia personal que demostr\u00f3, sentaron las bases para sus estelares temporadas 2023 y 2024.<\/p>\n<h2><b>2024: Victorias estrat\u00e9gicas y momentos estelares<\/b><\/h2>\n<p>La magia comenz\u00f3 a principios de a\u00f1o con su actuaci\u00f3n dominante en la Strade Bianche, donde se asegur\u00f3 su posici\u00f3n como aspirante clave para las cl\u00e1sicas y demostr\u00f3 sus puntos fuertes en las carreteras de tierra de la Toscana. Poco despu\u00e9s, a\u00f1adi\u00f3 Nokere Koerse a su lista de victorias, y cuando lleg\u00f3 Par\u00eds-Roubaix, Kopecky ya estaba en la cresta de la ola. Su victoria no fue f\u00e1cil, sobre todo teniendo en cuenta las exigencias f\u00edsicas y mentales de la emblem\u00e1tica carrera adoquinada. Sin embargo, la conquist\u00f3 con la garra que la caracteriza, a\u00f1adiendo otra cl\u00e1sica monumental a su palmar\u00e9s<\/p>\n<figure id=\"attachment_11318\" aria-describedby=\"caption-attachment-11318\" style=\"width: 990px\" class=\"wp-caption alignnone\"><a href=\"https:\/\/d2p6e6u75xmxt8.cloudfront.net\/6\/2024\/11\/Lotte-Kopecky-profimedia-0863037686-CVR.webp\"><img loading=\"lazy\" decoding=\"async\" class=\"wp-image-11318 size-full\" src=\"https:\/\/d2p6e6u75xmxt8.cloudfront.net\/6\/2024\/11\/Lotte-Kopecky-profimedia-0863037686-CVR.webp\" alt=\"Lotte Kopecky\" width=\"990\" height=\"657\" srcset=\"https:\/\/d2p6e6u75xmxt8.cloudfront.net\/6\/2024\/11\/Lotte-Kopecky-profimedia-0863037686-CVR.webp 990w, https:\/\/d2p6e6u75xmxt8.cloudfront.net\/6\/2024\/11\/Lotte-Kopecky-profimedia-0863037686-CVR-300x199.webp 300w, https:\/\/d2p6e6u75xmxt8.cloudfront.net\/6\/2024\/11\/Lotte-Kopecky-profimedia-0863037686-CVR-768x510.webp 768w, https:\/\/d2p6e6u75xmxt8.cloudfront.net\/6\/2024\/11\/Lotte-Kopecky-profimedia-0863037686-CVR-400x265.webp 400w, https:\/\/d2p6e6u75xmxt8.cloudfront.net\/6\/2024\/11\/Lotte-Kopecky-profimedia-0863037686-CVR-272x182.webp 272w\" sizes=\"auto, (max-width: 990px) 100vw, 990px\" \/><\/a><figcaption id=\"caption-attachment-11318\" class=\"wp-caption-text\">Kopecky se llev\u00f3 la Paris-Roubaix. \u00a9 Profimedia<\/figcaption><\/figure>\n<p><span style=\"font-weight: 400;\">\u00a0<\/span><\/p>\n<p>Con numerosas victorias en su haber a mitad de temporada, s\u00f3lo estaba calentando motores. Se proclam\u00f3 campeona nacional belga tanto en la prueba en ruta como en la contrarreloj (una haza\u00f1a que ha logrado cuatro veces hasta la fecha), subrayando su condici\u00f3n de h\u00e9roe nacional belga. En el Tour de Gran Breta\u00f1a, gan\u00f3 las dos primeras etapas y mantuvo su buena forma hasta el Giro de Italia, donde gan\u00f3 una etapa y termin\u00f3 segunda en la general. A continuaci\u00f3n, se concentr\u00f3 en los<a href=\"https:\/\/www.welovecycling.com\/es\/2024\/08\/06\/kristen-faulkners\/\"> Juegos Ol\u00edmpicos de Par\u00eds<\/a>. All\u00ed protagoniz\u00f3 una emocionante actuaci\u00f3n, marcando el paso decisivo junto a la estadounidense Kristen Faulkner y asegur\u00e1ndose finalmente la medalla de bronce en un sprint final contra Marianne Vos.<\/p>\n<p>Kopecky cerr\u00f3 la temporada con la misma fuerza con la que la empez\u00f3, sumando victorias en el Tour de Romand\u00eda y defendiendo su maillot arco iris en los Campeonatos del Mundo de carretera de la UCI en Z\u00farich, coronando el a\u00f1o con otro t\u00edtulo mundial. Su palmar\u00e9s es tan variado como extenso: cl\u00e1sicas, campeonatos, carreras por etapas y medallas.<\/p>\n<h2><b>Liderando el World Tour<\/b><\/h2>\n<p>La temporada de Kopecky termin\u00f3 con el primer puesto de la Clasificaci\u00f3n Mundial Femenina de la UCI, con 6.389 puntos. Este logro la convierte en la corredora m\u00e1s laureada del a\u00f1o y la consolida como la primera mujer belga que alcanza el n\u00famero uno en la historia de la clasificaci\u00f3n. Su ventaja sobre su compa\u00f1era de equipo Demi Vollering, que termin\u00f3 con 5.011 puntos, subraya la rivalidad y la camarader\u00eda dentro del equipo SD Worx, que se ha convertido en una potencia del ciclismo femenino. Juntas, han elevado la reputaci\u00f3n del equipo y han llamado la atenci\u00f3n sobre el incre\u00edble talento del WorldTour femenino.<\/p>\n<p>Al reflexionar sobre su temporada, Kopecky reconoci\u00f3 el reto que supone mantener su forma y su estatus. \u00abHacerlo mejor ser\u00e1 muy dif\u00edcil, o incluso imposible\u00bb, declar\u00f3 al <a href=\"https:\/\/www.belganewsagency.eu\/lotte-kopecky-first-belgian-to-end-road-season-as-leader-of-uci-womens-world-ranking\">canal deportivo flamenco Sporza<\/a>, y a\u00f1adi\u00f3: \u201cPero intentar\u00e9 mantener este estatus en los pr\u00f3ximos a\u00f1os\u201d. Esta perspectiva humilde, pero decidida, dice mucho de su car\u00e1cter y de la mentalidad que aportar\u00e1 en las pr\u00f3ximas temporadas.<\/p>\n<h2><b>Triunfos personales y resiliencia<\/b><\/h2>\n<p>Varias experiencias personales profundas han conformado el camino hacia el \u00e9xito actual de Kopecky. En 2023, sufri\u00f3 la repentina p\u00e9rdida de su hermano mayor, Seppe, que hab\u00eda sido una gran influencia en su vida y su carrera. Poco despu\u00e9s de su fallecimiento, canaliz\u00f3 su dolor en una extraordinaria actuaci\u00f3n en Nokere Koerse, donde logr\u00f3 la victoria en solitario. Esa misma temporada se adjudic\u00f3 m\u00faltiples victorias, entre ellas el Tour de Flandes, el Simac Ladies Tour y los campeonatos nacionales belgas de ruta y contrarreloj, y termin\u00f3 el a\u00f1o con su primer t\u00edtulo mundial en los Campeonatos del Mundo de ruta de la UCI en Glasgow. La resistencia que demostr\u00f3 con sus logros ante la p\u00e9rdida es un testimonio de su fortaleza, tanto dentro como fuera de la bicicleta.<\/p>\n<h2><b>Ciclista completa con futuro brillante<\/b><\/h2>\n<p>La versatilidad de Kopecky la distingue en un pelot\u00f3n lleno de especialistas. H\u00e1bil por igual para afrontar cl\u00e1sicas adoquinadas, contrarrelojes y largas carreras por etapas, encarna el esp\u00edritu polifac\u00e9tico que es raro y valioso en el ciclismo moderno. Su experiencia en pista, que incluye m\u00faltiples t\u00edtulos mundiales y europeos en la Madison y en carreras por puntos, ha contribuido sin duda a su perspicacia t\u00e1ctica y a su velocidad al sprint. Con una carrera que abarca las disciplinas de carretera y pista, ha demostrado ser una fuerza a tener en cuenta en todos los terrenos.<\/p>\n<p>A sus 28 a\u00f1os, Kopecky est\u00e1 en la cima de su carrera y, con la experiencia de su temporada de r\u00e9cords a sus espaldas, afronta los retos futuros con impulso. Su \u00e9xito de este a\u00f1o la sit\u00faa como una de las favoritas para las pr\u00f3ximas cl\u00e1sicas y campeonatos, y establece un nuevo est\u00e1ndar de lo que es posible en el ciclismo femenino. Con cada carrera, inspira a los aficionados, redefine las expectativas y atrae una merecida atenci\u00f3n hacia el pelot\u00f3n femenino.<\/p>\n<h2><b>Para 2025&#8230;<\/b><\/h2>\n<p>A medida que se acerca la temporada 2025, Kopecky se enfrentar\u00e1 al reto siempre presente de defender sus t\u00edtulos y mantener su posici\u00f3n en lo m\u00e1s alto. Pero su trayectoria hasta ahora ha demostrado que es m\u00e1s que capaz de estar a la altura de las circunstancias. Ya sea en B\u00e9lgica, en Italia o en cualquier otro lugar, una cosa est\u00e1 clara: Lotte Kopecky es una aut\u00e9ntica estrella del pelot\u00f3n, y su historia no ha hecho m\u00e1s que empezar.<\/p>\n","protected":false},"excerpt":{"rendered":"<p>La temporada 2024 de Lotte Kopecky parece el gui\u00f3n de un sue\u00f1o hecho realidad. Liderando desde el principio el WorldTour [&hellip;]<\/p>\n","protected":false},"author":29,"featured_media":11321,"comment_status":"open","ping_status":"open","sticky":false,"template":"","format":"standard","meta":{"footnotes":""},"categories":[7],"tags":[2328],"global-categories":[],"class_list":["post-11316","post","type-post","status-publish","format-standard","has-post-thumbnail","hentry","category-carretera","tag-lotte-kopecky"],"yoast_head":"<!-- This site is optimized with the Yoast SEO Premium plugin v25.3 (Yoast SEO v25.9) - https:\/\/yoast.com\/wordpress\/plugins\/seo\/ -->\n<title>La temporada casi perfecta de Lotte Kopecky - \u0160koda We Love Cycling - Spain<\/title>\n<meta name=\"description\" content=\"La temporada casi perfecta de Lotte Kopecky. En 2024 se llev\u00f3 el Mundial, Roubaix, el bronce ol\u00edmpico y fue la mujer con m\u00e1s puntos World Tour.\" \/>\n<meta name=\"robots\" content=\"index, follow, max-snippet:-1, max-image-preview:large, max-video-preview:-1\" \/>\n<link rel=\"canonical\" href=\"https:\/\/www.welovecycling.com\/es\/2024\/11\/12\/lotte-kopecky\/\" \/>\n<meta property=\"og:locale\" content=\"es_ES\" \/>\n<meta property=\"og:type\" content=\"article\" \/>\n<meta property=\"og:title\" content=\"La temporada casi perfecta de Lotte Kopecky\" \/>\n<meta property=\"og:description\" content=\"La temporada casi perfecta de Lotte Kopecky. En 2024 se llev\u00f3 el Mundial, Roubaix, el bronce ol\u00edmpico y fue la mujer con m\u00e1s puntos World Tour.\" \/>\n<meta property=\"og:url\" content=\"https:\/\/www.welovecycling.com\/es\/2024\/11\/12\/lotte-kopecky\/\" \/>\n<meta property=\"og:site_name\" content=\"\u0160koda We Love Cycling - Spain\" \/>\n<meta property=\"article:published_time\" content=\"2024-11-12T17:25:04+00:00\" \/>\n<meta property=\"og:image\" content=\"https:\/\/d2p6e6u75xmxt8.cloudfront.net\/6\/2024\/11\/Lotte-Kopecky-profimedia-0930817085-CVR.webp\" \/>\n\t<meta property=\"og:image:width\" content=\"990\" \/>\n\t<meta property=\"og:image:height\" content=\"660\" \/>\n\t<meta property=\"og:image:type\" content=\"image\/webp\" \/>\n<meta name=\"author\" content=\"We Love Cycling Spain\" \/>\n<meta name=\"twitter:card\" content=\"summary_large_image\" \/>\n<meta name=\"twitter:description\" content=\"La temporada casi perfecta de Lotte Kopecky. En 2024 se llev\u00f3 el Mundial, Roubaix, el bronce ol\u00edmpico y fue la mujer con m\u00e1s puntos World Tour.\" \/>\n<meta name=\"twitter:label1\" content=\"Written by\" \/>\n\t<meta name=\"twitter:data1\" content=\"Megan Flottorp\" \/>\n\t<meta name=\"twitter:label2\" content=\"Est. reading time\" \/>\n\t<meta name=\"twitter:data2\" content=\"4\" \/>\n<script type=\"application\/ld+json\" class=\"yoast-schema-graph\">{\"@context\":\"https:\/\/schema.org\",\"@graph\":[{\"@type\":\"WebPage\",\"@id\":\"https:\/\/www.welovecycling.com\/es\/2024\/11\/12\/lotte-kopecky\/\",\"url\":\"https:\/\/www.welovecycling.com\/es\/2024\/11\/12\/lotte-kopecky\/\",\"name\":\"La temporada casi perfecta de Lotte Kopecky - \u0160koda We Love Cycling - Spain\",\"isPartOf\":{\"@id\":\"https:\/\/www.welovecycling.com\/es\/#website\"},\"primaryImageOfPage\":{\"@id\":\"https:\/\/www.welovecycling.com\/es\/2024\/11\/12\/lotte-kopecky\/#primaryimage\"},\"image\":{\"@id\":\"https:\/\/www.welovecycling.com\/es\/2024\/11\/12\/lotte-kopecky\/#primaryimage\"},\"thumbnailUrl\":\"https:\/\/d2p6e6u75xmxt8.cloudfront.net\/6\/2024\/11\/Lotte-Kopecky-profimedia-0930817085-CVR.webp\",\"datePublished\":\"2024-11-12T17:25:04+00:00\",\"author\":{\"@id\":\"https:\/\/www.welovecycling.com\/es\/#\/schema\/person\/deb61715b5812698ee79fb96f343ccd4\"},\"description\":\"La temporada casi perfecta de Lotte Kopecky. En 2024 se llev\u00f3 el Mundial, Roubaix, el bronce ol\u00edmpico y fue la mujer con m\u00e1s puntos World Tour.\",\"breadcrumb\":{\"@id\":\"https:\/\/www.welovecycling.com\/es\/2024\/11\/12\/lotte-kopecky\/#breadcrumb\"},\"inLanguage\":\"es-ES\",\"potentialAction\":[{\"@type\":\"ReadAction\",\"target\":[\"https:\/\/www.welovecycling.com\/es\/2024\/11\/12\/lotte-kopecky\/\"]}]},{\"@type\":\"ImageObject\",\"inLanguage\":\"es-ES\",\"@id\":\"https:\/\/www.welovecycling.com\/es\/2024\/11\/12\/lotte-kopecky\/#primaryimage\",\"url\":\"https:\/\/d2p6e6u75xmxt8.cloudfront.net\/6\/2024\/11\/Lotte-Kopecky-profimedia-0930817085-CVR.webp\",\"contentUrl\":\"https:\/\/d2p6e6u75xmxt8.cloudfront.net\/6\/2024\/11\/Lotte-Kopecky-profimedia-0930817085-CVR.webp\",\"width\":990,\"height\":660},{\"@type\":\"BreadcrumbList\",\"@id\":\"https:\/\/www.welovecycling.com\/es\/2024\/11\/12\/lotte-kopecky\/#breadcrumb\",\"itemListElement\":[{\"@type\":\"ListItem\",\"position\":1,\"name\":\"Home\",\"item\":\"https:\/\/www.welovecycling.com\/es\/\"},{\"@type\":\"ListItem\",\"position\":2,\"name\":\"La temporada casi perfecta de Lotte Kopecky\"}]},{\"@type\":\"WebSite\",\"@id\":\"https:\/\/www.welovecycling.com\/es\/#website\",\"url\":\"https:\/\/www.welovecycling.com\/es\/\",\"name\":\"\u0160koda We Love Cycling - Spain\",\"description\":\"\u0160koda WeLoveCycling Spain\",\"potentialAction\":[{\"@type\":\"SearchAction\",\"target\":{\"@type\":\"EntryPoint\",\"urlTemplate\":\"https:\/\/www.welovecycling.com\/es\/?s={search_term_string}\"},\"query-input\":{\"@type\":\"PropertyValueSpecification\",\"valueRequired\":true,\"valueName\":\"search_term_string\"}}],\"inLanguage\":\"es-ES\"},{\"@type\":\"Person\",\"@id\":\"https:\/\/www.welovecycling.com\/es\/#\/schema\/person\/deb61715b5812698ee79fb96f343ccd4\",\"name\":\"We Love Cycling Spain\",\"image\":{\"@type\":\"ImageObject\",\"inLanguage\":\"es-ES\",\"@id\":\"https:\/\/www.welovecycling.com\/es\/#\/schema\/person\/image\/\",\"url\":\"https:\/\/secure.gravatar.com\/avatar\/c824b04e6df0e37a03219d0b6481672889df542894588964102459e46513159c?s=96&d=mm&r=g\",\"contentUrl\":\"https:\/\/secure.gravatar.com\/avatar\/c824b04e6df0e37a03219d0b6481672889df542894588964102459e46513159c?s=96&d=mm&r=g\",\"caption\":\"We Love Cycling Spain\"},\"url\":\"https:\/\/www.welovecycling.com\/es\/author\/amunoz\/\"}]}<\/script>\n<!-- \/ Yoast SEO Premium plugin. -->","yoast_head_json":{"title":"La temporada casi perfecta de Lotte Kopecky - \u0160koda We Love Cycling - Spain","description":"La temporada casi perfecta de Lotte Kopecky. En 2024 se llev\u00f3 el Mundial, Roubaix, el bronce ol\u00edmpico y fue la mujer con m\u00e1s puntos World Tour.","robots":{"index":"index","follow":"follow","max-snippet":"max-snippet:-1","max-image-preview":"max-image-preview:large","max-video-preview":"max-video-preview:-1"},"canonical":"https:\/\/www.welovecycling.com\/es\/2024\/11\/12\/lotte-kopecky\/","og_locale":"es_ES","og_type":"article","og_title":"La temporada casi perfecta de Lotte Kopecky","og_description":"La temporada casi perfecta de Lotte Kopecky. En 2024 se llev\u00f3 el Mundial, Roubaix, el bronce ol\u00edmpico y fue la mujer con m\u00e1s puntos World Tour.","og_url":"https:\/\/www.welovecycling.com\/es\/2024\/11\/12\/lotte-kopecky\/","og_site_name":"\u0160koda We Love Cycling - Spain","article_published_time":"2024-11-12T17:25:04+00:00","og_image":[{"width":990,"height":660,"url":"https:\/\/d2p6e6u75xmxt8.cloudfront.net\/6\/2024\/11\/Lotte-Kopecky-profimedia-0930817085-CVR.webp","type":"image\/webp"}],"author":"We Love Cycling Spain","twitter_card":"summary_large_image","twitter_description":"La temporada casi perfecta de Lotte Kopecky. En 2024 se llev\u00f3 el Mundial, Roubaix, el bronce ol\u00edmpico y fue la mujer con m\u00e1s puntos World Tour.","twitter_misc":{"Written by":"Megan Flottorp","Est. reading time":"4"},"schema":{"@context":"https:\/\/schema.org","@graph":[{"@type":"WebPage","@id":"https:\/\/www.welovecycling.com\/es\/2024\/11\/12\/lotte-kopecky\/","url":"https:\/\/www.welovecycling.com\/es\/2024\/11\/12\/lotte-kopecky\/","name":"La temporada casi perfecta de Lotte Kopecky - \u0160koda We Love Cycling - Spain","isPartOf":{"@id":"https:\/\/www.welovecycling.com\/es\/#website"},"primaryImageOfPage":{"@id":"https:\/\/www.welovecycling.com\/es\/2024\/11\/12\/lotte-kopecky\/#primaryimage"},"image":{"@id":"https:\/\/www.welovecycling.com\/es\/2024\/11\/12\/lotte-kopecky\/#primaryimage"},"thumbnailUrl":"https:\/\/d2p6e6u75xmxt8.cloudfront.net\/6\/2024\/11\/Lotte-Kopecky-profimedia-0930817085-CVR.webp","datePublished":"2024-11-12T17:25:04+00:00","author":{"@id":"https:\/\/www.welovecycling.com\/es\/#\/schema\/person\/deb61715b5812698ee79fb96f343ccd4"},"description":"La temporada casi perfecta de Lotte Kopecky. En 2024 se llev\u00f3 el Mundial, Roubaix, el bronce ol\u00edmpico y fue la mujer con m\u00e1s puntos World Tour.","breadcrumb":{"@id":"https:\/\/www.welovecycling.com\/es\/2024\/11\/12\/lotte-kopecky\/#breadcrumb"},"inLanguage":"es-ES","potentialAction":[{"@type":"ReadAction","target":["https:\/\/www.welovecycling.com\/es\/2024\/11\/12\/lotte-kopecky\/"]}]},{"@type":"ImageObject","inLanguage":"es-ES","@id":"https:\/\/www.welovecycling.com\/es\/2024\/11\/12\/lotte-kopecky\/#primaryimage","url":"https:\/\/d2p6e6u75xmxt8.cloudfront.net\/6\/2024\/11\/Lotte-Kopecky-profimedia-0930817085-CVR.webp","contentUrl":"https:\/\/d2p6e6u75xmxt8.cloudfront.net\/6\/2024\/11\/Lotte-Kopecky-profimedia-0930817085-CVR.webp","width":990,"height":660},{"@type":"BreadcrumbList","@id":"https:\/\/www.welovecycling.com\/es\/2024\/11\/12\/lotte-kopecky\/#breadcrumb","itemListElement":[{"@type":"ListItem","position":1,"name":"Home","item":"https:\/\/www.welovecycling.com\/es\/"},{"@type":"ListItem","position":2,"name":"La temporada casi perfecta de Lotte Kopecky"}]},{"@type":"WebSite","@id":"https:\/\/www.welovecycling.com\/es\/#website","url":"https:\/\/www.welovecycling.com\/es\/","name":"\u0160koda We Love Cycling - Spain","description":"\u0160koda WeLoveCycling Spain","potentialAction":[{"@type":"SearchAction","target":{"@type":"EntryPoint","urlTemplate":"https:\/\/www.welovecycling.com\/es\/?s={search_term_string}"},"query-input":{"@type":"PropertyValueSpecification","valueRequired":true,"valueName":"search_term_string"}}],"inLanguage":"es-ES"},{"@type":"Person","@id":"https:\/\/www.welovecycling.com\/es\/#\/schema\/person\/deb61715b5812698ee79fb96f343ccd4","name":"We Love Cycling Spain","image":{"@type":"ImageObject","inLanguage":"es-ES","@id":"https:\/\/www.welovecycling.com\/es\/#\/schema\/person\/image\/","url":"https:\/\/secure.gravatar.com\/avatar\/c824b04e6df0e37a03219d0b6481672889df542894588964102459e46513159c?s=96&d=mm&r=g","contentUrl":"https:\/\/secure.gravatar.com\/avatar\/c824b04e6df0e37a03219d0b6481672889df542894588964102459e46513159c?s=96&d=mm&r=g","caption":"We Love Cycling Spain"},"url":"https:\/\/www.welovecycling.com\/es\/author\/amunoz\/"}]}},"_links":{"self":[{"href":"https:\/\/www.welovecycling.com\/es\/wp-json\/wp\/v2\/posts\/11316","targetHints":{"allow":["GET"]}}],"collection":[{"href":"https:\/\/www.welovecycling.com\/es\/wp-json\/wp\/v2\/posts"}],"about":[{"href":"https:\/\/www.welovecycling.com\/es\/wp-json\/wp\/v2\/types\/post"}],"author":[{"embeddable":true,"href":"https:\/\/www.welovecycling.com\/es\/wp-json\/wp\/v2\/users\/29"}],"replies":[{"embeddable":true,"href":"https:\/\/www.welovecycling.com\/es\/wp-json\/wp\/v2\/comments?post=11316"}],"version-history":[{"count":2,"href":"https:\/\/www.welovecycling.com\/es\/wp-json\/wp\/v2\/posts\/11316\/revisions"}],"predecessor-version":[{"id":11322,"href":"https:\/\/www.welovecycling.com\/es\/wp-json\/wp\/v2\/posts\/11316\/revisions\/11322"}],"wp:featuredmedia":[{"embeddable":true,"href":"https:\/\/www.welovecycling.com\/es\/wp-json\/wp\/v2\/media\/11321"}],"wp:attachment":[{"href":"https:\/\/www.welovecycling.com\/es\/wp-json\/wp\/v2\/media?parent=11316"}],"wp:term":[{"taxonomy":"category","embeddable":true,"href":"https:\/\/www.welovecycling.com\/es\/wp-json\/wp\/v2\/categories?post=11316"},{"taxonomy":"post_tag","embeddable":true,"href":"https:\/\/www.welovecycling.com\/es\/wp-json\/wp\/v2\/tags?post=11316"},{"taxonomy":"global-categories","embeddable":true,"href":"https:\/\/www.welovecycling.com\/es\/wp-json\/wp\/v2\/global-categories?post=11316"}],"curies":[{"name":"wp","href":"https:\/\/api.w.org\/{rel}","templated":true}]}}