{"id":11301,"date":"2024-11-08T20:11:08","date_gmt":"2024-11-08T18:11:08","guid":{"rendered":"https:\/\/www.welovecycling.com\/es\/?p=11301"},"modified":"2024-11-08T20:11:08","modified_gmt":"2024-11-08T18:11:08","slug":"tour-francia-femenino-2025","status":"publish","type":"post","link":"https:\/\/www.welovecycling.com\/es\/2024\/11\/08\/tour-francia-femenino-2025\/","title":{"rendered":"Un Tour de Francia 2025 femenino de la playa a la monta\u00f1a"},"content":{"rendered":"<p><b>El Tour de Francia 2025 femenino ser\u00e1 el m\u00e1s largo de todos los que llevamos en esta nueva era. Crece una etapa con respecto al de 2022. Ser\u00e1n 10 jornadas que llevar\u00e1n a las ciclistas desde las playas de la Breta\u00f1a a las monta\u00f1as de los Alpes atravesando en mapa del pa\u00eds galo de forma transversal. Una l\u00ednea casi perfecta que pasa por las llanuras de la costa atl\u00e1ntica, el Macizo Central y desemboca en cimas m\u00edticas como La Madeleine o el Joux Plane. <\/b><!--more--><\/p>\n<p>No es sencillo ganar el Tour Femenino. De hecho en las tres ediciones que llevamos ninguna ciclista ha conseguido repetir triunfo. <a href=\"https:\/\/www.welovecycling.com\/es\/2023\/12\/16\/mejores-ciclistas-2023\/\">Van Vleuten<\/a> venci\u00f3 en 2022, pero sufri\u00f3 en las primeras etapas. Demi Vollering tuvo que esperar al Tourmalet para certificar un triunfo que no se ve\u00eda tan claro d\u00edas antes. Y en la edici\u00f3n de 2024 fueron segundos los que separaron a la propia <a href=\"https:\/\/www.welovecycling.com\/es\/2024\/05\/06\/vollering-sentada-hasta-la-victoria\/\">Vollering<\/a> de <a href=\"https:\/\/www.welovecycling.com\/es\/2024\/08\/22\/tour-francia-femenino-2024-kasia-niewiadoma\/\">Kasia Niewiadoma<\/a>, la tercera vencedora de la carrera en tres a\u00f1os. Y para 2025 hay m\u00e1s morbo, porque Vollering ha dejado al todopoderoso SD Worx para irse al FDJ as\u00ed que Lotte Kopecky pasar\u00e1 tambi\u00e9n a ser rival y aspirante a la carrera, igual que Niewiadoma y la nueva hornada de ciclistas escaladoras, porque el Tour 2025 acaba con mucha mucha monta\u00f1a.<\/p>\n<h2><strong>In crescendo. Cotas, Macizo Central y Alpes<\/strong><\/h2>\n<p>Que el Tour Femenino ha ganado en visibilidad se ve reflejado en su inicio. Ser\u00e1 el <a href=\"https:\/\/www.letourfemmes.fr\/en\/overall-route\">s\u00e1bado 26 de julio,<\/a> coincidiendo un el final de la carrera masculina, aunque es cierto que ese d\u00eda no hay alta monta\u00f1a para los Pogacar y compa\u00f1\u00eda y todo debe haber quedado ya visto para sentencia.<\/p>\n<p>Esta vez el inicio ser\u00e1 en la Breta\u00f1a, con una etapa peligrosa por el viento y con el triple paso por la <strong>Cota de Cadoudal, la \u00faltima es la meta de Plumelec,<\/strong> como aliciente para el primer maillot amarillo, que ser\u00e1 para una buena puncheur.<\/p>\n<p>Despu\u00e9s tres jornadas muy similares. De Brest a Quimper hay 110 kil\u00f3metros y varias cotas cortitas, la \u00faltima tambi\u00e9n en la l\u00ednea de meta, igual que el d\u00eda anterior en Plumelec. Los 162 kil\u00f3metros entre Le Gacilly y Angers, para entrar en el departamento del Loira si que auguran un sprint masivo, a nos ser que intervenga el viento. Gui\u00f3n muy parecido al del martes 29 de julio, entre Saumur y Poitiers, una ciudad que ha visto ganar a los mejores velocistas en categor\u00eda masculina.<\/p>\n<p>El mi\u00e9rcoles 30 de julio el Tour Femenino estrena el <strong>macizo central entre Futuroscope y Gueret.<\/strong> Es cierto que el inicio es bastante plano, pero en los \u00faltimos 30 kil\u00f3metros hay tres cotas, la \u00faltima, tres kil\u00f3metros al seis por ciento, a solo seis kil\u00f3metros de la linea de meta. Pero la aut\u00e9ntica jornada propicia para emboscadas la viviremos el jueves 31 de julio entre Clermont Ferrand y Ambert. 124 kil\u00f3metros con cotas al inicio y un final con tres puertos. <strong>Col du Beal, Col du Chanseart y Cote de Valdivries.<\/strong><\/p>\n<p><img loading=\"lazy\" decoding=\"async\" class=\"alignnone size-extra-large\" src=\"https:\/\/img.aso.fr\/core_app\/img-cycling-trf-jpg\/6\/34822\/0:0,1500:1000-960-0-90\/54097\" width=\"960\" height=\"640\" \/><strong>Del Macizo Central<\/strong> al fin de semana en los Alpes. El viernes trazado complicado desde la salida de Bourg en Bresse y subida al<strong> Col du Granier<\/strong> antes de los 18 kil\u00f3metros de bajada hasta la meta de Chambery. El s\u00e1bado llega una de las cimas m\u00edticas del Tour, el<strong> Col de La Madeleine<\/strong> por su vertiente m\u00e1s complicada, la de La Chambre. Adem\u00e1s ser\u00e1 el final de una etapa 112 kil\u00f3metros con dos puertos previos, el primero Col de Plainpalais, de salida desde la ciudad de Chambery. Acabar en La Madeleine supondr\u00e1 mirar de cara al <strong>Mont Blanc<\/strong> y a\u00f1adir otro puerto con historia centenaria a la leyenda del Tour Femenino.<\/p>\n<p><img loading=\"lazy\" decoding=\"async\" class=\"alignnone size-extra-large\" src=\"https:\/\/img.aso.fr\/core_app\/img-cycling-trf-jpg\/8\/34823\/0:0,1500:1000-960-0-90\/7c01b\" width=\"960\" height=\"640\" \/>En otras ocasiones el final en La Madeleine ser\u00eda el fin de fiesta de la carrera, pero 2025 dar\u00e1 un giro de tuerca m\u00e1s con otra etapa de monta\u00f1a por los Alpes. Esta vez la propuesta es diferente. No habr\u00e1 que jug\u00e1rselo todo en la \u00faltima subida, como en <a href=\"https:\/\/climbfinder.com\/es\/subidas\/col-de-la-madeleine-la-chambre\"><strong>La Madeleine,<\/strong><\/a> sino que arriesgar desde lejos. El puerto m\u00e1s duro y m\u00edtico del d\u00eda ser\u00e1 el <strong>Joux Plane<\/strong>, cuya cima est\u00e1 justo a mitad de la etapa. Despu\u00e9s bajada complicad\u00edsima hasta Morzine, recuenten las ca\u00eddas que ha habido en categor\u00eda masculina, subida m\u00e1s que exigente al <strong>Col du Corbier,<\/strong> con seis kil\u00f3metros al 8,5% y despu\u00e9s casi 20 kil\u00f3metros picando siempre hacia arriba hasta la meta de Chatel, justo en la f<strong>rontera de Francia con Suiza para cerrar un Tour entre los l\u00edmites del territorio galo<\/strong>.<\/p>\n<p><img loading=\"lazy\" decoding=\"async\" class=\"alignnone size-extra-large\" src=\"https:\/\/img.aso.fr\/core_app\/img-cycling-trf-jpg\/9\/34829\/0:0,1500:1000-960-0-90\/49e19\" width=\"960\" height=\"640\" \/><\/p>\n","protected":false},"excerpt":{"rendered":"<p>El Tour de Francia 2025 femenino ser\u00e1 el m\u00e1s largo de todos los que llevamos en esta nueva era. Crece [&hellip;]<\/p>\n","protected":false},"author":29,"featured_media":11306,"comment_status":"open","ping_status":"open","sticky":false,"template":"","format":"standard","meta":{"footnotes":""},"categories":[7],"tags":[2327],"global-categories":[1164],"class_list":["post-11301","post","type-post","status-publish","format-standard","has-post-thumbnail","hentry","category-carretera","tag-tour-femenino-2025","global-categories-cycling"],"yoast_head":"<!-- This site is optimized with the Yoast SEO Premium plugin v25.3 (Yoast SEO v25.9) - https:\/\/yoast.com\/wordpress\/plugins\/seo\/ -->\n<title>Un Tour de Francia 2025 femenino de la playa a la monta\u00f1a - \u0160koda We Love Cycling - Spain<\/title>\n<meta name=\"description\" content=\"Un Tour de Francia 2025 femenino de la playa a la monta\u00f1a. La carrera tendr\u00e1 10 etapas y cimas m\u00edticas como La Madeleine o el Joux Plane.\" \/>\n<meta name=\"robots\" content=\"index, follow, max-snippet:-1, max-image-preview:large, max-video-preview:-1\" \/>\n<link rel=\"canonical\" href=\"https:\/\/www.welovecycling.com\/es\/2024\/11\/08\/tour-francia-femenino-2025\/\" \/>\n<meta property=\"og:locale\" content=\"es_ES\" \/>\n<meta property=\"og:type\" content=\"article\" \/>\n<meta property=\"og:title\" content=\"Un Tour de Francia 2025 femenino de la playa a la monta\u00f1a\" \/>\n<meta property=\"og:description\" content=\"Un Tour de Francia 2025 femenino de la playa a la monta\u00f1a. La carrera tendr\u00e1 10 etapas y cimas m\u00edticas como La Madeleine o el Joux Plane.\" \/>\n<meta property=\"og:url\" content=\"https:\/\/www.welovecycling.com\/es\/2024\/11\/08\/tour-francia-femenino-2025\/\" \/>\n<meta property=\"og:site_name\" content=\"\u0160koda We Love Cycling - Spain\" \/>\n<meta property=\"article:published_time\" content=\"2024-11-08T18:11:08+00:00\" \/>\n<meta property=\"og:image\" content=\"https:\/\/d2p6e6u75xmxt8.cloudfront.net\/6\/2024\/11\/Tour-Femenino-2025.webp\" \/>\n\t<meta property=\"og:image:width\" content=\"1200\" \/>\n\t<meta property=\"og:image:height\" content=\"1000\" \/>\n\t<meta property=\"og:image:type\" content=\"image\/webp\" \/>\n<meta name=\"author\" content=\"We Love Cycling Spain\" \/>\n<meta name=\"twitter:card\" content=\"summary_large_image\" \/>\n<meta name=\"twitter:description\" content=\"Un Tour de Francia 2025 femenino de la playa a la monta\u00f1a. La carrera tendr\u00e1 10 etapas y cimas m\u00edticas como La Madeleine o el Joux Plane.\" \/>\n<meta name=\"twitter:label1\" content=\"Written by\" \/>\n\t<meta name=\"twitter:data1\" content=\"Luis Ortega @ciclored\" \/>\n\t<meta name=\"twitter:label2\" content=\"Est. reading time\" \/>\n\t<meta name=\"twitter:data2\" content=\"4 minutes\" \/>\n<script type=\"application\/ld+json\" class=\"yoast-schema-graph\">{\"@context\":\"https:\/\/schema.org\",\"@graph\":[{\"@type\":\"WebPage\",\"@id\":\"https:\/\/www.welovecycling.com\/es\/2024\/11\/08\/tour-francia-femenino-2025\/\",\"url\":\"https:\/\/www.welovecycling.com\/es\/2024\/11\/08\/tour-francia-femenino-2025\/\",\"name\":\"Un Tour de Francia 2025 femenino de la playa a la monta\u00f1a - \u0160koda We Love Cycling - Spain\",\"isPartOf\":{\"@id\":\"https:\/\/www.welovecycling.com\/es\/#website\"},\"primaryImageOfPage\":{\"@id\":\"https:\/\/www.welovecycling.com\/es\/2024\/11\/08\/tour-francia-femenino-2025\/#primaryimage\"},\"image\":{\"@id\":\"https:\/\/www.welovecycling.com\/es\/2024\/11\/08\/tour-francia-femenino-2025\/#primaryimage\"},\"thumbnailUrl\":\"https:\/\/d2p6e6u75xmxt8.cloudfront.net\/6\/2024\/11\/Tour-Femenino-2025.webp\",\"datePublished\":\"2024-11-08T18:11:08+00:00\",\"author\":{\"@id\":\"https:\/\/www.welovecycling.com\/es\/#\/schema\/person\/deb61715b5812698ee79fb96f343ccd4\"},\"description\":\"Un Tour de Francia 2025 femenino de la playa a la monta\u00f1a. La carrera tendr\u00e1 10 etapas y cimas m\u00edticas como La Madeleine o el Joux Plane.\",\"breadcrumb\":{\"@id\":\"https:\/\/www.welovecycling.com\/es\/2024\/11\/08\/tour-francia-femenino-2025\/#breadcrumb\"},\"inLanguage\":\"es-ES\",\"potentialAction\":[{\"@type\":\"ReadAction\",\"target\":[\"https:\/\/www.welovecycling.com\/es\/2024\/11\/08\/tour-francia-femenino-2025\/\"]}]},{\"@type\":\"ImageObject\",\"inLanguage\":\"es-ES\",\"@id\":\"https:\/\/www.welovecycling.com\/es\/2024\/11\/08\/tour-francia-femenino-2025\/#primaryimage\",\"url\":\"https:\/\/d2p6e6u75xmxt8.cloudfront.net\/6\/2024\/11\/Tour-Femenino-2025.webp\",\"contentUrl\":\"https:\/\/d2p6e6u75xmxt8.cloudfront.net\/6\/2024\/11\/Tour-Femenino-2025.webp\",\"width\":1200,\"height\":1000},{\"@type\":\"BreadcrumbList\",\"@id\":\"https:\/\/www.welovecycling.com\/es\/2024\/11\/08\/tour-francia-femenino-2025\/#breadcrumb\",\"itemListElement\":[{\"@type\":\"ListItem\",\"position\":1,\"name\":\"Home\",\"item\":\"https:\/\/www.welovecycling.com\/es\/\"},{\"@type\":\"ListItem\",\"position\":2,\"name\":\"Un Tour de Francia 2025 femenino de la playa a la monta\u00f1a\"}]},{\"@type\":\"WebSite\",\"@id\":\"https:\/\/www.welovecycling.com\/es\/#website\",\"url\":\"https:\/\/www.welovecycling.com\/es\/\",\"name\":\"\u0160koda We Love Cycling - Spain\",\"description\":\"\u0160koda WeLoveCycling Spain\",\"potentialAction\":[{\"@type\":\"SearchAction\",\"target\":{\"@type\":\"EntryPoint\",\"urlTemplate\":\"https:\/\/www.welovecycling.com\/es\/?s={search_term_string}\"},\"query-input\":{\"@type\":\"PropertyValueSpecification\",\"valueRequired\":true,\"valueName\":\"search_term_string\"}}],\"inLanguage\":\"es-ES\"},{\"@type\":\"Person\",\"@id\":\"https:\/\/www.welovecycling.com\/es\/#\/schema\/person\/deb61715b5812698ee79fb96f343ccd4\",\"name\":\"We Love Cycling Spain\",\"image\":{\"@type\":\"ImageObject\",\"inLanguage\":\"es-ES\",\"@id\":\"https:\/\/www.welovecycling.com\/es\/#\/schema\/person\/image\/\",\"url\":\"https:\/\/secure.gravatar.com\/avatar\/c824b04e6df0e37a03219d0b6481672889df542894588964102459e46513159c?s=96&d=mm&r=g\",\"contentUrl\":\"https:\/\/secure.gravatar.com\/avatar\/c824b04e6df0e37a03219d0b6481672889df542894588964102459e46513159c?s=96&d=mm&r=g\",\"caption\":\"We Love Cycling Spain\"},\"url\":\"https:\/\/www.welovecycling.com\/es\/author\/amunoz\/\"}]}<\/script>\n<!-- \/ Yoast SEO Premium plugin. -->","yoast_head_json":{"title":"Un Tour de Francia 2025 femenino de la playa a la monta\u00f1a - \u0160koda We Love Cycling - Spain","description":"Un Tour de Francia 2025 femenino de la playa a la monta\u00f1a. La carrera tendr\u00e1 10 etapas y cimas m\u00edticas como La Madeleine o el Joux Plane.","robots":{"index":"index","follow":"follow","max-snippet":"max-snippet:-1","max-image-preview":"max-image-preview:large","max-video-preview":"max-video-preview:-1"},"canonical":"https:\/\/www.welovecycling.com\/es\/2024\/11\/08\/tour-francia-femenino-2025\/","og_locale":"es_ES","og_type":"article","og_title":"Un Tour de Francia 2025 femenino de la playa a la monta\u00f1a","og_description":"Un Tour de Francia 2025 femenino de la playa a la monta\u00f1a. La carrera tendr\u00e1 10 etapas y cimas m\u00edticas como La Madeleine o el Joux Plane.","og_url":"https:\/\/www.welovecycling.com\/es\/2024\/11\/08\/tour-francia-femenino-2025\/","og_site_name":"\u0160koda We Love Cycling - Spain","article_published_time":"2024-11-08T18:11:08+00:00","og_image":[{"width":1200,"height":1000,"url":"https:\/\/d2p6e6u75xmxt8.cloudfront.net\/6\/2024\/11\/Tour-Femenino-2025.webp","type":"image\/webp"}],"author":"We Love Cycling Spain","twitter_card":"summary_large_image","twitter_description":"Un Tour de Francia 2025 femenino de la playa a la monta\u00f1a. La carrera tendr\u00e1 10 etapas y cimas m\u00edticas como La Madeleine o el Joux Plane.","twitter_misc":{"Written by":"Luis Ortega @ciclored","Est. reading time":"4 minutes"},"schema":{"@context":"https:\/\/schema.org","@graph":[{"@type":"WebPage","@id":"https:\/\/www.welovecycling.com\/es\/2024\/11\/08\/tour-francia-femenino-2025\/","url":"https:\/\/www.welovecycling.com\/es\/2024\/11\/08\/tour-francia-femenino-2025\/","name":"Un Tour de Francia 2025 femenino de la playa a la monta\u00f1a - \u0160koda We Love Cycling - Spain","isPartOf":{"@id":"https:\/\/www.welovecycling.com\/es\/#website"},"primaryImageOfPage":{"@id":"https:\/\/www.welovecycling.com\/es\/2024\/11\/08\/tour-francia-femenino-2025\/#primaryimage"},"image":{"@id":"https:\/\/www.welovecycling.com\/es\/2024\/11\/08\/tour-francia-femenino-2025\/#primaryimage"},"thumbnailUrl":"https:\/\/d2p6e6u75xmxt8.cloudfront.net\/6\/2024\/11\/Tour-Femenino-2025.webp","datePublished":"2024-11-08T18:11:08+00:00","author":{"@id":"https:\/\/www.welovecycling.com\/es\/#\/schema\/person\/deb61715b5812698ee79fb96f343ccd4"},"description":"Un Tour de Francia 2025 femenino de la playa a la monta\u00f1a. La carrera tendr\u00e1 10 etapas y cimas m\u00edticas como La Madeleine o el Joux Plane.","breadcrumb":{"@id":"https:\/\/www.welovecycling.com\/es\/2024\/11\/08\/tour-francia-femenino-2025\/#breadcrumb"},"inLanguage":"es-ES","potentialAction":[{"@type":"ReadAction","target":["https:\/\/www.welovecycling.com\/es\/2024\/11\/08\/tour-francia-femenino-2025\/"]}]},{"@type":"ImageObject","inLanguage":"es-ES","@id":"https:\/\/www.welovecycling.com\/es\/2024\/11\/08\/tour-francia-femenino-2025\/#primaryimage","url":"https:\/\/d2p6e6u75xmxt8.cloudfront.net\/6\/2024\/11\/Tour-Femenino-2025.webp","contentUrl":"https:\/\/d2p6e6u75xmxt8.cloudfront.net\/6\/2024\/11\/Tour-Femenino-2025.webp","width":1200,"height":1000},{"@type":"BreadcrumbList","@id":"https:\/\/www.welovecycling.com\/es\/2024\/11\/08\/tour-francia-femenino-2025\/#breadcrumb","itemListElement":[{"@type":"ListItem","position":1,"name":"Home","item":"https:\/\/www.welovecycling.com\/es\/"},{"@type":"ListItem","position":2,"name":"Un Tour de Francia 2025 femenino de la playa a la monta\u00f1a"}]},{"@type":"WebSite","@id":"https:\/\/www.welovecycling.com\/es\/#website","url":"https:\/\/www.welovecycling.com\/es\/","name":"\u0160koda We Love Cycling - Spain","description":"\u0160koda WeLoveCycling Spain","potentialAction":[{"@type":"SearchAction","target":{"@type":"EntryPoint","urlTemplate":"https:\/\/www.welovecycling.com\/es\/?s={search_term_string}"},"query-input":{"@type":"PropertyValueSpecification","valueRequired":true,"valueName":"search_term_string"}}],"inLanguage":"es-ES"},{"@type":"Person","@id":"https:\/\/www.welovecycling.com\/es\/#\/schema\/person\/deb61715b5812698ee79fb96f343ccd4","name":"We Love Cycling Spain","image":{"@type":"ImageObject","inLanguage":"es-ES","@id":"https:\/\/www.welovecycling.com\/es\/#\/schema\/person\/image\/","url":"https:\/\/secure.gravatar.com\/avatar\/c824b04e6df0e37a03219d0b6481672889df542894588964102459e46513159c?s=96&d=mm&r=g","contentUrl":"https:\/\/secure.gravatar.com\/avatar\/c824b04e6df0e37a03219d0b6481672889df542894588964102459e46513159c?s=96&d=mm&r=g","caption":"We Love Cycling Spain"},"url":"https:\/\/www.welovecycling.com\/es\/author\/amunoz\/"}]}},"_links":{"self":[{"href":"https:\/\/www.welovecycling.com\/es\/wp-json\/wp\/v2\/posts\/11301","targetHints":{"allow":["GET"]}}],"collection":[{"href":"https:\/\/www.welovecycling.com\/es\/wp-json\/wp\/v2\/posts"}],"about":[{"href":"https:\/\/www.welovecycling.com\/es\/wp-json\/wp\/v2\/types\/post"}],"author":[{"embeddable":true,"href":"https:\/\/www.welovecycling.com\/es\/wp-json\/wp\/v2\/users\/29"}],"replies":[{"embeddable":true,"href":"https:\/\/www.welovecycling.com\/es\/wp-json\/wp\/v2\/comments?post=11301"}],"version-history":[{"count":1,"href":"https:\/\/www.welovecycling.com\/es\/wp-json\/wp\/v2\/posts\/11301\/revisions"}],"predecessor-version":[{"id":11307,"href":"https:\/\/www.welovecycling.com\/es\/wp-json\/wp\/v2\/posts\/11301\/revisions\/11307"}],"wp:featuredmedia":[{"embeddable":true,"href":"https:\/\/www.welovecycling.com\/es\/wp-json\/wp\/v2\/media\/11306"}],"wp:attachment":[{"href":"https:\/\/www.welovecycling.com\/es\/wp-json\/wp\/v2\/media?parent=11301"}],"wp:term":[{"taxonomy":"category","embeddable":true,"href":"https:\/\/www.welovecycling.com\/es\/wp-json\/wp\/v2\/categories?post=11301"},{"taxonomy":"post_tag","embeddable":true,"href":"https:\/\/www.welovecycling.com\/es\/wp-json\/wp\/v2\/tags?post=11301"},{"taxonomy":"global-categories","embeddable":true,"href":"https:\/\/www.welovecycling.com\/es\/wp-json\/wp\/v2\/global-categories?post=11301"}],"curies":[{"name":"wp","href":"https:\/\/api.w.org\/{rel}","templated":true}]}}