{"id":11290,"date":"2024-11-08T21:03:05","date_gmt":"2024-11-08T19:03:05","guid":{"rendered":"https:\/\/www.welovecycling.com\/es\/?p=11290"},"modified":"2024-11-05T21:09:19","modified_gmt":"2024-11-05T19:09:19","slug":"astana-descenso","status":"publish","type":"post","link":"https:\/\/www.welovecycling.com\/es\/2024\/11\/08\/astana-descenso\/","title":{"rendered":"Astana agita el mercado ciclista para evitar el descenso"},"content":{"rendered":"<p><strong>El futuro parece precario para el equipo ciclista kazajo, que ocupa el puesto 21 en la Clasificaci\u00f3n Mundial por Equipos de la UCI, con 6.383 puntos, el m\u00e1s bajo de todos los equipos World Tour y muy por debajo del Uno-X Mobility, 18\u00ba, un equipo Pro de segundo nivel. S\u00f3lo los 18 equipos mejor clasificados obtendr\u00e1n una licencia World Tour para 2026. Para recibir invitaciones a carreras World Tour, como el Tour de Francia, el Astana Qazaqstan tendr\u00e1 que superar no s\u00f3lo al Uno-X, sino tambi\u00e9n al Cofidis y al Ark\u00e9a-B&amp;B Hotels, que tambi\u00e9n luchar\u00e1n desesperadamente por entrar en la categor\u00eda.<\/strong><\/p>\n<p><!--more--><\/p>\n<p>Parece una batalla cuesta arriba, y por eso el Astana ha estado tan ocupado en el mercado de fichajes en este final de 2024. Ya se ha hecho con el campe\u00f3n italiano <a href=\"https:\/\/www.welovecycling.com\/es\/2024\/07\/31\/los-juegos-olimpicos-de-paris-proponen-una-carrera-loca\/\">Alberto Bettiol<\/a> (del EF Education-EasyPost), Wout Poels (Bahrain Victorious), Nicola Conci (Alpecin-Deceuninck), Diego Ulissi (UAE Team Emirates), Sergio Higuita (Red Bull-Bora-Hansgrohe), Mike Teunissen (Intermarch\u00e9-Wanty), Aaron Gate (Burgos-BH) y, m\u00e1s recientemente, Cl\u00e9ment Champoussin (Ark\u00e9a-B&amp;B Hotels).<\/p>\n<p>Estos corredores no son superestrellas, ni futuros ganadores de Grandes Vueltas. Son simplemente corredores que han demostrado su val\u00eda, porque Astana busca la supervivencia, no la gloria. Por ejemplo, Bettiol gan\u00f3 la Milano-Torino, una etapa y la general de la Boucles de la Mayenne, aportando un total de 1.563 puntos UCI en 2024. Ulissi gan\u00f3 una etapa y la CG de la Vuelta a Austria y termin\u00f3 segundo en el Tour checo y en la Vuelta a Polonia, acumulando 1.475 puntos. Si ambos hubieran corrido para el Astana este a\u00f1o, el equipo estar\u00eda cinco puestos m\u00e1s arriba en la clasificaci\u00f3n de la UCI y se acercar\u00eda a 2025 sin ansiedad ni ardor de est\u00f3mago.<\/p>\n<p>Te preguntar\u00e1s c\u00f3mo un equipo profesional como el Astana se ha colocado en una posici\u00f3n tan peligrosa. Dos palabras: Mark Cavendish. El equipo construy\u00f3 su programa en torno a la b\u00fasqueda del <a href=\"https:\/\/www.welovecycling.com\/wide\/2024\/07\/04\/powerful-cavendish-sprints-to-new-tour-stage-win-record\/\">ya legendario velocista para ganar su 36\u00aa etapa en el Tour de Francia<\/a> y superar as\u00ed a Eddy Merckx como \u00fanico poseedor del r\u00e9cord de victorias de etapa en el Tour. Misi\u00f3n cumplida. Pero Astana sacrific\u00f3 el \u00e9xito del equipo por el \u00e9xito individual. Se supon\u00eda que Cavendish ganar\u00eda esa etapa r\u00e9cord en 2023, pero las cosas no salieron seg\u00fan lo planeado, como suele suceder, y por eso Astana pas\u00f3 dos a\u00f1os en esa b\u00fasqueda.<\/p>\n<p>Una raz\u00f3n noble, de acuerdo, y ser\u00eda una pena que el equipo se cayera del World Tour como consecuencia de ello. Por eso, creo que otros equipos est\u00e1n siendo amables en sus negociaciones con el Astana en el mercado de fichajes. Al anunciar el fichaje de Champoussin por el equipo en su p\u00e1gina web, el director general del Astana, Alexander Vinokourov, se esforz\u00f3 en agradecer a la direcci\u00f3n del Ark\u00e9a-B&amp;B Hotels \u00absu actitud abierta y profesional durante las negociaciones para este fichaje\u00bb.<\/p>\n<p>Y bien que deber\u00eda, ya que el corredor franc\u00e9s de 26 a\u00f1os tuvo un muy buen 2024, ganando el Giro della Toscana, siendo segundo en el Circuito de Getxo y en la Arctic Race de Noruega, y terminando tercero en el Grand Prix de Wallonie. Si sumamos sus 681 puntos a los de Bettiol y Ulissi, el Astana ocupar\u00eda la 15\u00aa posici\u00f3n, libre y sin problemas en el para\u00edso del World Tour.<\/p>\n<p>Por supuesto, no hay garant\u00eda de que estos corredores mantengan su cosecha de puntos de 2024 el a\u00f1o que viene. Pero en conjunto, estos nuevos corredores del Astana forman el n\u00facleo de un equipo bastante fuerte, un equipo que el a\u00f1o que viene no se concentrar\u00e1 en el \u00e9xito de un solo corredor, sino que buscar\u00e1 que todos corran para el equipo. En lugar de todos para uno, como en 2023 y 2024, 2025 ser\u00e1 el a\u00f1o del uno para todos.<\/p>\n<p>As\u00ed pues, el plan del Astana para 2025 es claro: nada de r\u00e9cords, nada de superestrellas, nada de victorias en la general de Grandes Vueltas, nada de cl\u00e1sicas. S\u00f3lo puntos, tantos como sea posible, en cualquier carrera. Deber\u00eda ser un a\u00f1o angustioso para Vinokourov y sus corredores.<\/p>\n","protected":false},"excerpt":{"rendered":"<p>El futuro parece precario para el equipo ciclista kazajo, que ocupa el puesto 21 en la Clasificaci\u00f3n Mundial por Equipos [&hellip;]<\/p>\n","protected":false},"author":29,"featured_media":11292,"comment_status":"open","ping_status":"open","sticky":false,"template":"","format":"standard","meta":{"footnotes":""},"categories":[7],"tags":[],"global-categories":[],"class_list":["post-11290","post","type-post","status-publish","format-standard","has-post-thumbnail","hentry","category-carretera"],"yoast_head":"<!-- This site is optimized with the Yoast SEO Premium plugin v25.3 (Yoast SEO v25.9) - https:\/\/yoast.com\/wordpress\/plugins\/seo\/ -->\n<title>Astana agita el mercado ciclista para evitar el descenso - \u0160koda We Love Cycling - Spain<\/title>\n<meta name=\"description\" content=\"Astana agita el mercado ciclista para evitar el descenso. Los kazajos necesitan remontar el vuelo para no caer a la segunda division.\" \/>\n<meta name=\"robots\" content=\"index, follow, max-snippet:-1, max-image-preview:large, max-video-preview:-1\" \/>\n<link rel=\"canonical\" href=\"https:\/\/www.welovecycling.com\/es\/2024\/11\/08\/astana-descenso\/\" \/>\n<meta property=\"og:locale\" content=\"es_ES\" \/>\n<meta property=\"og:type\" content=\"article\" \/>\n<meta property=\"og:title\" content=\"Astana agita el mercado ciclista para evitar el descenso\" \/>\n<meta property=\"og:description\" content=\"Astana agita el mercado ciclista para evitar el descenso. Los kazajos necesitan remontar el vuelo para no caer a la segunda division.\" \/>\n<meta property=\"og:url\" content=\"https:\/\/www.welovecycling.com\/es\/2024\/11\/08\/astana-descenso\/\" \/>\n<meta property=\"og:site_name\" content=\"\u0160koda We Love Cycling - Spain\" \/>\n<meta property=\"article:published_time\" content=\"2024-11-08T19:03:05+00:00\" \/>\n<meta property=\"og:image\" content=\"https:\/\/d2p6e6u75xmxt8.cloudfront.net\/6\/2024\/11\/Astana-Qazaqstan-profimedia-0924321378-CVR.webp\" \/>\n\t<meta property=\"og:image:width\" content=\"990\" \/>\n\t<meta property=\"og:image:height\" content=\"660\" \/>\n\t<meta property=\"og:image:type\" content=\"image\/webp\" \/>\n<meta name=\"author\" content=\"We Love Cycling Spain\" \/>\n<meta name=\"twitter:card\" content=\"summary_large_image\" \/>\n<meta name=\"twitter:description\" content=\"Astana agita el mercado ciclista para evitar el descenso. Los kazajos necesitan remontar el vuelo para no caer a la segunda division.\" \/>\n<meta name=\"twitter:label1\" content=\"Written by\" \/>\n\t<meta name=\"twitter:data1\" content=\"Siegfried Mortkowitz\" \/>\n\t<meta name=\"twitter:label2\" content=\"Est. reading time\" \/>\n\t<meta name=\"twitter:data2\" content=\"3\" \/>\n<script type=\"application\/ld+json\" class=\"yoast-schema-graph\">{\"@context\":\"https:\/\/schema.org\",\"@graph\":[{\"@type\":\"WebPage\",\"@id\":\"https:\/\/www.welovecycling.com\/es\/2024\/11\/08\/astana-descenso\/\",\"url\":\"https:\/\/www.welovecycling.com\/es\/2024\/11\/08\/astana-descenso\/\",\"name\":\"Astana agita el mercado ciclista para evitar el descenso - \u0160koda We Love Cycling - Spain\",\"isPartOf\":{\"@id\":\"https:\/\/www.welovecycling.com\/es\/#website\"},\"primaryImageOfPage\":{\"@id\":\"https:\/\/www.welovecycling.com\/es\/2024\/11\/08\/astana-descenso\/#primaryimage\"},\"image\":{\"@id\":\"https:\/\/www.welovecycling.com\/es\/2024\/11\/08\/astana-descenso\/#primaryimage\"},\"thumbnailUrl\":\"https:\/\/d2p6e6u75xmxt8.cloudfront.net\/6\/2024\/11\/Astana-Qazaqstan-profimedia-0924321378-CVR.webp\",\"datePublished\":\"2024-11-08T19:03:05+00:00\",\"author\":{\"@id\":\"https:\/\/www.welovecycling.com\/es\/#\/schema\/person\/deb61715b5812698ee79fb96f343ccd4\"},\"description\":\"Astana agita el mercado ciclista para evitar el descenso. Los kazajos necesitan remontar el vuelo para no caer a la segunda division.\",\"breadcrumb\":{\"@id\":\"https:\/\/www.welovecycling.com\/es\/2024\/11\/08\/astana-descenso\/#breadcrumb\"},\"inLanguage\":\"es-ES\",\"potentialAction\":[{\"@type\":\"ReadAction\",\"target\":[\"https:\/\/www.welovecycling.com\/es\/2024\/11\/08\/astana-descenso\/\"]}]},{\"@type\":\"ImageObject\",\"inLanguage\":\"es-ES\",\"@id\":\"https:\/\/www.welovecycling.com\/es\/2024\/11\/08\/astana-descenso\/#primaryimage\",\"url\":\"https:\/\/d2p6e6u75xmxt8.cloudfront.net\/6\/2024\/11\/Astana-Qazaqstan-profimedia-0924321378-CVR.webp\",\"contentUrl\":\"https:\/\/d2p6e6u75xmxt8.cloudfront.net\/6\/2024\/11\/Astana-Qazaqstan-profimedia-0924321378-CVR.webp\",\"width\":990,\"height\":660,\"caption\":\"Team Astana Qazaqstan\"},{\"@type\":\"BreadcrumbList\",\"@id\":\"https:\/\/www.welovecycling.com\/es\/2024\/11\/08\/astana-descenso\/#breadcrumb\",\"itemListElement\":[{\"@type\":\"ListItem\",\"position\":1,\"name\":\"Home\",\"item\":\"https:\/\/www.welovecycling.com\/es\/\"},{\"@type\":\"ListItem\",\"position\":2,\"name\":\"Astana agita el mercado ciclista para evitar el descenso\"}]},{\"@type\":\"WebSite\",\"@id\":\"https:\/\/www.welovecycling.com\/es\/#website\",\"url\":\"https:\/\/www.welovecycling.com\/es\/\",\"name\":\"\u0160koda We Love Cycling - Spain\",\"description\":\"\u0160koda WeLoveCycling Spain\",\"potentialAction\":[{\"@type\":\"SearchAction\",\"target\":{\"@type\":\"EntryPoint\",\"urlTemplate\":\"https:\/\/www.welovecycling.com\/es\/?s={search_term_string}\"},\"query-input\":{\"@type\":\"PropertyValueSpecification\",\"valueRequired\":true,\"valueName\":\"search_term_string\"}}],\"inLanguage\":\"es-ES\"},{\"@type\":\"Person\",\"@id\":\"https:\/\/www.welovecycling.com\/es\/#\/schema\/person\/deb61715b5812698ee79fb96f343ccd4\",\"name\":\"We Love Cycling Spain\",\"image\":{\"@type\":\"ImageObject\",\"inLanguage\":\"es-ES\",\"@id\":\"https:\/\/www.welovecycling.com\/es\/#\/schema\/person\/image\/\",\"url\":\"https:\/\/secure.gravatar.com\/avatar\/c824b04e6df0e37a03219d0b6481672889df542894588964102459e46513159c?s=96&d=mm&r=g\",\"contentUrl\":\"https:\/\/secure.gravatar.com\/avatar\/c824b04e6df0e37a03219d0b6481672889df542894588964102459e46513159c?s=96&d=mm&r=g\",\"caption\":\"We Love Cycling Spain\"},\"url\":\"https:\/\/www.welovecycling.com\/es\/author\/amunoz\/\"}]}<\/script>\n<!-- \/ Yoast SEO Premium plugin. -->","yoast_head_json":{"title":"Astana agita el mercado ciclista para evitar el descenso - \u0160koda We Love Cycling - Spain","description":"Astana agita el mercado ciclista para evitar el descenso. Los kazajos necesitan remontar el vuelo para no caer a la segunda division.","robots":{"index":"index","follow":"follow","max-snippet":"max-snippet:-1","max-image-preview":"max-image-preview:large","max-video-preview":"max-video-preview:-1"},"canonical":"https:\/\/www.welovecycling.com\/es\/2024\/11\/08\/astana-descenso\/","og_locale":"es_ES","og_type":"article","og_title":"Astana agita el mercado ciclista para evitar el descenso","og_description":"Astana agita el mercado ciclista para evitar el descenso. Los kazajos necesitan remontar el vuelo para no caer a la segunda division.","og_url":"https:\/\/www.welovecycling.com\/es\/2024\/11\/08\/astana-descenso\/","og_site_name":"\u0160koda We Love Cycling - Spain","article_published_time":"2024-11-08T19:03:05+00:00","og_image":[{"width":990,"height":660,"url":"https:\/\/d2p6e6u75xmxt8.cloudfront.net\/6\/2024\/11\/Astana-Qazaqstan-profimedia-0924321378-CVR.webp","type":"image\/webp"}],"author":"We Love Cycling Spain","twitter_card":"summary_large_image","twitter_description":"Astana agita el mercado ciclista para evitar el descenso. Los kazajos necesitan remontar el vuelo para no caer a la segunda division.","twitter_misc":{"Written by":"Siegfried Mortkowitz","Est. reading time":"3"},"schema":{"@context":"https:\/\/schema.org","@graph":[{"@type":"WebPage","@id":"https:\/\/www.welovecycling.com\/es\/2024\/11\/08\/astana-descenso\/","url":"https:\/\/www.welovecycling.com\/es\/2024\/11\/08\/astana-descenso\/","name":"Astana agita el mercado ciclista para evitar el descenso - \u0160koda We Love Cycling - Spain","isPartOf":{"@id":"https:\/\/www.welovecycling.com\/es\/#website"},"primaryImageOfPage":{"@id":"https:\/\/www.welovecycling.com\/es\/2024\/11\/08\/astana-descenso\/#primaryimage"},"image":{"@id":"https:\/\/www.welovecycling.com\/es\/2024\/11\/08\/astana-descenso\/#primaryimage"},"thumbnailUrl":"https:\/\/d2p6e6u75xmxt8.cloudfront.net\/6\/2024\/11\/Astana-Qazaqstan-profimedia-0924321378-CVR.webp","datePublished":"2024-11-08T19:03:05+00:00","author":{"@id":"https:\/\/www.welovecycling.com\/es\/#\/schema\/person\/deb61715b5812698ee79fb96f343ccd4"},"description":"Astana agita el mercado ciclista para evitar el descenso. Los kazajos necesitan remontar el vuelo para no caer a la segunda division.","breadcrumb":{"@id":"https:\/\/www.welovecycling.com\/es\/2024\/11\/08\/astana-descenso\/#breadcrumb"},"inLanguage":"es-ES","potentialAction":[{"@type":"ReadAction","target":["https:\/\/www.welovecycling.com\/es\/2024\/11\/08\/astana-descenso\/"]}]},{"@type":"ImageObject","inLanguage":"es-ES","@id":"https:\/\/www.welovecycling.com\/es\/2024\/11\/08\/astana-descenso\/#primaryimage","url":"https:\/\/d2p6e6u75xmxt8.cloudfront.net\/6\/2024\/11\/Astana-Qazaqstan-profimedia-0924321378-CVR.webp","contentUrl":"https:\/\/d2p6e6u75xmxt8.cloudfront.net\/6\/2024\/11\/Astana-Qazaqstan-profimedia-0924321378-CVR.webp","width":990,"height":660,"caption":"Team Astana Qazaqstan"},{"@type":"BreadcrumbList","@id":"https:\/\/www.welovecycling.com\/es\/2024\/11\/08\/astana-descenso\/#breadcrumb","itemListElement":[{"@type":"ListItem","position":1,"name":"Home","item":"https:\/\/www.welovecycling.com\/es\/"},{"@type":"ListItem","position":2,"name":"Astana agita el mercado ciclista para evitar el descenso"}]},{"@type":"WebSite","@id":"https:\/\/www.welovecycling.com\/es\/#website","url":"https:\/\/www.welovecycling.com\/es\/","name":"\u0160koda We Love Cycling - Spain","description":"\u0160koda WeLoveCycling Spain","potentialAction":[{"@type":"SearchAction","target":{"@type":"EntryPoint","urlTemplate":"https:\/\/www.welovecycling.com\/es\/?s={search_term_string}"},"query-input":{"@type":"PropertyValueSpecification","valueRequired":true,"valueName":"search_term_string"}}],"inLanguage":"es-ES"},{"@type":"Person","@id":"https:\/\/www.welovecycling.com\/es\/#\/schema\/person\/deb61715b5812698ee79fb96f343ccd4","name":"We Love Cycling Spain","image":{"@type":"ImageObject","inLanguage":"es-ES","@id":"https:\/\/www.welovecycling.com\/es\/#\/schema\/person\/image\/","url":"https:\/\/secure.gravatar.com\/avatar\/c824b04e6df0e37a03219d0b6481672889df542894588964102459e46513159c?s=96&d=mm&r=g","contentUrl":"https:\/\/secure.gravatar.com\/avatar\/c824b04e6df0e37a03219d0b6481672889df542894588964102459e46513159c?s=96&d=mm&r=g","caption":"We Love Cycling Spain"},"url":"https:\/\/www.welovecycling.com\/es\/author\/amunoz\/"}]}},"_links":{"self":[{"href":"https:\/\/www.welovecycling.com\/es\/wp-json\/wp\/v2\/posts\/11290","targetHints":{"allow":["GET"]}}],"collection":[{"href":"https:\/\/www.welovecycling.com\/es\/wp-json\/wp\/v2\/posts"}],"about":[{"href":"https:\/\/www.welovecycling.com\/es\/wp-json\/wp\/v2\/types\/post"}],"author":[{"embeddable":true,"href":"https:\/\/www.welovecycling.com\/es\/wp-json\/wp\/v2\/users\/29"}],"replies":[{"embeddable":true,"href":"https:\/\/www.welovecycling.com\/es\/wp-json\/wp\/v2\/comments?post=11290"}],"version-history":[{"count":1,"href":"https:\/\/www.welovecycling.com\/es\/wp-json\/wp\/v2\/posts\/11290\/revisions"}],"predecessor-version":[{"id":11300,"href":"https:\/\/www.welovecycling.com\/es\/wp-json\/wp\/v2\/posts\/11290\/revisions\/11300"}],"wp:featuredmedia":[{"embeddable":true,"href":"https:\/\/www.welovecycling.com\/es\/wp-json\/wp\/v2\/media\/11292"}],"wp:attachment":[{"href":"https:\/\/www.welovecycling.com\/es\/wp-json\/wp\/v2\/media?parent=11290"}],"wp:term":[{"taxonomy":"category","embeddable":true,"href":"https:\/\/www.welovecycling.com\/es\/wp-json\/wp\/v2\/categories?post=11290"},{"taxonomy":"post_tag","embeddable":true,"href":"https:\/\/www.welovecycling.com\/es\/wp-json\/wp\/v2\/tags?post=11290"},{"taxonomy":"global-categories","embeddable":true,"href":"https:\/\/www.welovecycling.com\/es\/wp-json\/wp\/v2\/global-categories?post=11290"}],"curies":[{"name":"wp","href":"https:\/\/api.w.org\/{rel}","templated":true}]}}