{"id":11266,"date":"2024-11-26T11:30:59","date_gmt":"2024-11-26T09:30:59","guid":{"rendered":"https:\/\/www.welovecycling.com\/es\/?p=11266"},"modified":"2024-11-13T11:01:18","modified_gmt":"2024-11-13T09:01:18","slug":"dobletrabajo-el-proyecto-de-skoda-que-celebra-la-profesionalizacion-del-ciclismo-femenino","status":"publish","type":"post","link":"https:\/\/www.welovecycling.com\/es\/2024\/11\/26\/dobletrabajo-el-proyecto-de-skoda-que-celebra-la-profesionalizacion-del-ciclismo-femenino\/","title":{"rendered":"#Dobletrabajo, el proyecto de \u0160koda que celebra la profesionalizaci\u00f3n del ciclismo femenino"},"content":{"rendered":"<p style=\"font-weight: 400;\"><strong>Una de las bases del deporte es poder competir en igualdad de condiciones. Hasta la temporada pasada esto no era posible para las mujeres que militaban en los equipos continentales de ciclismo, la segunda categor\u00eda por debajo del World Tour. El salario m\u00ednimo no era obligatorio en Continental y hasta el 78% de ellas ten\u00edan que combinar el ciclismo con otro trabajo para poder tener un sueldo digno, seg\u00fan The Cyclists\u2019 Alliance 2023 Annual Rider Survey. Una condici\u00f3n que implicaba, entre muchas otras cosas, tener menos horas de trabajo ciclista y menos horas de descanso, a diferencia de otras ciclistas con las que compet\u00edan, que pod\u00edan dedicar el 100% de su vida a cuidarse y entrenar. La diferencia era abismal.<\/strong><\/p>\n<p><!--more--><\/p>\n<p>Para ellas competir supon\u00eda literalmente #Dobletrabajo. Una realidad que ha cambiado de forma significante este a\u00f1o 2024 al dictarse la obligatoriedad de pagar un salario m\u00ednimo a las ciclistas de los equipos de la categor\u00eda Continental. Una medida que ha permitido que muchas ciclistas puedan, por fin, dedicarse plenamente, y sobre todo profesionalmente, al ciclismo. \u0160koda, que lleva varios a\u00f1os apoyando el ciclismo femenino, ha querido celebrar este hito<br \/>\nlanzando el proyecto #Dobletrabajo que cuenta con un documental de cuatro minutos que refleja la historia personal de cuatro ciclistas espa\u00f1olas que han vivido este proceso.<\/p>\n<p>Son Usoa Ostolaza, actual campeona de Espa\u00f1a y fisioterapeuta, Yurani Blanco, subcampeona de Espa\u00f1a y educadora infantil, Marta Romeu, ciclista y pol\u00edtica e Isabel Mart\u00edn, ciclista y teleoperadora.\u00a0\u00a0Ellas han vivido lo que supone poder dejar su #dobletrabajo y ponerse a entrenar el mismo tiempo que sus compa\u00f1eras de pelot\u00f3n y como los resultados deportivos salen enseguida a la luz.<\/p>\n<p><iframe loading=\"lazy\" title=\"YouTube video player\" src=\"https:\/\/www.youtube-nocookie.com\/embed\/d8AsaEMiEeg?si=ZSORf-lhYhXnig2E\" width=\"560\" height=\"315\" frameborder=\"0\" allowfullscreen=\"allowfullscreen\"><\/iframe><\/p>\n<h2><strong>#BicycleFace<\/strong><\/h2>\n<p>Pero el documental es solo una parte de la campa\u00f1a #BicycleFace, una iniciativa de \u0160koda que busca empoderar a la mujer en dos ruedas.\u00a0 La campa\u00f1a cuenta con unos <a href=\"https:\/\/www.skoda.es\/conoce-skoda\/bicycle-face\">espectaculares retratos fotogr\u00e1ficos<\/a> hechos con la t\u00e9cnica de superposici\u00f3n de im\u00e1genes, que fusionan dos im\u00e1genes en una para expresar esta dualidad profesional en la que han tenido que vivir las ciclistas hasta hoy y que pueden verse en la web\u00a0 www.bicycleface.es.<\/p>\n<p>En la web, adem\u00e1s de los testimonios de las cuatro ciclistas, tambi\u00e9n se puede ver una entrevista a Dori Ruano y Joane Somarriba, las precursoras del ciclismo femenino espa\u00f1ol a principios de los 90. A ellas les toc\u00f3 vivir el per\u00edodo m\u00e1s duro de un deporte que les exig\u00eda competir a nivel mundial mientras que los medios y el reconocimiento social eran para deportistas de categor\u00eda amateur. Su testimonio deja claro el largo camino por el que han tenido que pasar otras ciclistas que tuvieron que dejar el deporte por falta de apoyos.<\/p>\n<p>La relaci\u00f3n de \u0160koda con el ciclismo viene de lejos. La empresa, que naci\u00f3 en 1895 siendo un fabricante de bicicletas y que ha estado siempre vinculada al ciclismo deportivo como patrocinador habitual del Tour de Francia y La Vuelta, no dud\u00f3 ni un instante en extender sus patrocinios al nacimiento de la versi\u00f3n femenina de ambas carreras. Por eso es patrocinador principal de <a href=\"https:\/\/www.welovecycling.com\/es\/2024\/05\/01\/el-viento-rompe-la-vuelta-femenina-2024\/\">La Vuelta Femenina<\/a> y colabora en Espa\u00f1a con La Iztulia Women, la Volta a Catalunya Femenina y La Vuelta a Burgos Femenina y a nivel internacional con la Paris\u00a0Roubaix, la Flecha Valona y la Lieja-<br \/>\nBastogne-Lieja femeninas.<\/p>\n<p>Y por eso hoy lanza el proyecto #Dobletrabajo para ser part\u00edcipe y dar altavoz a este momento hist\u00f3rico que el ciclismo femenino est\u00e1 viviendo.<a href=\"https:\/\/d2p6e6u75xmxt8.cloudfront.net\/6\/2024\/11\/01_SKDA_BF_WLC_ESTATICO_572X660_ISA.webp\"><img loading=\"lazy\" decoding=\"async\" class=\"aligncenter size-full wp-image-11282\" src=\"https:\/\/d2p6e6u75xmxt8.cloudfront.net\/6\/2024\/11\/01_SKDA_BF_WLC_ESTATICO_572X660_ISA.webp\" alt=\"\" width=\"572\" height=\"660\" srcset=\"https:\/\/d2p6e6u75xmxt8.cloudfront.net\/6\/2024\/11\/01_SKDA_BF_WLC_ESTATICO_572X660_ISA.webp 572w, https:\/\/d2p6e6u75xmxt8.cloudfront.net\/6\/2024\/11\/01_SKDA_BF_WLC_ESTATICO_572X660_ISA-260x300.webp 260w, https:\/\/d2p6e6u75xmxt8.cloudfront.net\/6\/2024\/11\/01_SKDA_BF_WLC_ESTATICO_572X660_ISA-347x400.webp 347w\" sizes=\"auto, (max-width: 572px) 100vw, 572px\" \/><\/a> <a href=\"https:\/\/d2p6e6u75xmxt8.cloudfront.net\/6\/2024\/11\/01_SKDA_BF_WLC_ESTATICO_572X660_MARTA.webp\"><img loading=\"lazy\" decoding=\"async\" class=\"aligncenter size-large wp-image-11283\" src=\"https:\/\/d2p6e6u75xmxt8.cloudfront.net\/6\/2024\/11\/01_SKDA_BF_WLC_ESTATICO_572X660_MARTA.webp\" alt=\"\" width=\"572\" height=\"660\" srcset=\"https:\/\/d2p6e6u75xmxt8.cloudfront.net\/6\/2024\/11\/01_SKDA_BF_WLC_ESTATICO_572X660_MARTA.webp 572w, https:\/\/d2p6e6u75xmxt8.cloudfront.net\/6\/2024\/11\/01_SKDA_BF_WLC_ESTATICO_572X660_MARTA-260x300.webp 260w, https:\/\/d2p6e6u75xmxt8.cloudfront.net\/6\/2024\/11\/01_SKDA_BF_WLC_ESTATICO_572X660_MARTA-347x400.webp 347w\" sizes=\"auto, (max-width: 572px) 100vw, 572px\" \/><\/a> <a href=\"https:\/\/d2p6e6u75xmxt8.cloudfront.net\/6\/2024\/11\/01_SKDA_BF_WLC_ESTATICO_572X660_USOA.webp\"><img loading=\"lazy\" decoding=\"async\" class=\"aligncenter size-large wp-image-11284\" src=\"https:\/\/d2p6e6u75xmxt8.cloudfront.net\/6\/2024\/11\/01_SKDA_BF_WLC_ESTATICO_572X660_USOA.webp\" alt=\"\" width=\"572\" height=\"660\" srcset=\"https:\/\/d2p6e6u75xmxt8.cloudfront.net\/6\/2024\/11\/01_SKDA_BF_WLC_ESTATICO_572X660_USOA.webp 572w, https:\/\/d2p6e6u75xmxt8.cloudfront.net\/6\/2024\/11\/01_SKDA_BF_WLC_ESTATICO_572X660_USOA-260x300.webp 260w, https:\/\/d2p6e6u75xmxt8.cloudfront.net\/6\/2024\/11\/01_SKDA_BF_WLC_ESTATICO_572X660_USOA-347x400.webp 347w\" sizes=\"auto, (max-width: 572px) 100vw, 572px\" \/><\/a> <a href=\"https:\/\/d2p6e6u75xmxt8.cloudfront.net\/6\/2024\/11\/01_SKDA_BF_WLC_ESTATICO_572X660_YURANI.webp\"><img loading=\"lazy\" decoding=\"async\" class=\"aligncenter size-large wp-image-11285\" src=\"https:\/\/d2p6e6u75xmxt8.cloudfront.net\/6\/2024\/11\/01_SKDA_BF_WLC_ESTATICO_572X660_YURANI.webp\" alt=\"\" width=\"572\" height=\"660\" srcset=\"https:\/\/d2p6e6u75xmxt8.cloudfront.net\/6\/2024\/11\/01_SKDA_BF_WLC_ESTATICO_572X660_YURANI.webp 572w, https:\/\/d2p6e6u75xmxt8.cloudfront.net\/6\/2024\/11\/01_SKDA_BF_WLC_ESTATICO_572X660_YURANI-260x300.webp 260w, https:\/\/d2p6e6u75xmxt8.cloudfront.net\/6\/2024\/11\/01_SKDA_BF_WLC_ESTATICO_572X660_YURANI-347x400.webp 347w\" sizes=\"auto, (max-width: 572px) 100vw, 572px\" \/><\/a><\/p>\n","protected":false},"excerpt":{"rendered":"<p>Una de las bases del deporte es poder competir en igualdad de condiciones. Hasta la temporada pasada esto no era [&hellip;]<\/p>\n","protected":false},"author":29,"featured_media":11286,"comment_status":"open","ping_status":"open","sticky":false,"template":"","format":"standard","meta":{"footnotes":""},"categories":[7],"tags":[],"global-categories":[1164],"class_list":["post-11266","post","type-post","status-publish","format-standard","has-post-thumbnail","hentry","category-carretera","global-categories-cycling"],"yoast_head":"<!-- This site is optimized with the Yoast SEO Premium plugin v25.3 (Yoast SEO v25.9) - https:\/\/yoast.com\/wordpress\/plugins\/seo\/ -->\n<title>#Dobletrabajo, el proyecto de \u0160koda que celebra la profesionalizaci\u00f3n del ciclismo femenino - \u0160koda We Love Cycling - Spain<\/title>\n<meta name=\"robots\" content=\"index, follow, max-snippet:-1, max-image-preview:large, max-video-preview:-1\" \/>\n<link rel=\"canonical\" href=\"https:\/\/www.welovecycling.com\/es\/2024\/11\/26\/dobletrabajo-el-proyecto-de-skoda-que-celebra-la-profesionalizacion-del-ciclismo-femenino\/\" \/>\n<meta property=\"og:locale\" content=\"es_ES\" \/>\n<meta property=\"og:type\" content=\"article\" \/>\n<meta property=\"og:title\" content=\"#Dobletrabajo, el proyecto de \u0160koda que celebra la profesionalizaci\u00f3n del ciclismo femenino\" \/>\n<meta property=\"og:description\" content=\"Una de las bases del deporte es poder competir en igualdad de condiciones. Hasta la temporada pasada esto no era [&hellip;]\" \/>\n<meta property=\"og:url\" content=\"https:\/\/www.welovecycling.com\/es\/2024\/11\/26\/dobletrabajo-el-proyecto-de-skoda-que-celebra-la-profesionalizacion-del-ciclismo-femenino\/\" \/>\n<meta property=\"og:site_name\" content=\"\u0160koda We Love Cycling - Spain\" \/>\n<meta property=\"article:published_time\" content=\"2024-11-26T09:30:59+00:00\" \/>\n<meta property=\"og:image\" content=\"https:\/\/d2p6e6u75xmxt8.cloudfront.net\/6\/2024\/11\/02_SKDA_BG_IMG_ARTICULO_990X660.webp\" \/>\n\t<meta property=\"og:image:width\" content=\"990\" \/>\n\t<meta property=\"og:image:height\" content=\"660\" \/>\n\t<meta property=\"og:image:type\" content=\"image\/webp\" \/>\n<meta name=\"author\" content=\"We Love Cycling Spain\" \/>\n<meta name=\"twitter:card\" content=\"summary_large_image\" \/>\n<meta name=\"twitter:label1\" content=\"Written by\" \/>\n\t<meta name=\"twitter:data1\" content=\"We Love Cycling Spain\" \/>\n\t<meta name=\"twitter:label2\" content=\"Est. reading time\" \/>\n\t<meta name=\"twitter:data2\" content=\"3 minutes\" \/>\n<script type=\"application\/ld+json\" class=\"yoast-schema-graph\">{\"@context\":\"https:\/\/schema.org\",\"@graph\":[{\"@type\":\"WebPage\",\"@id\":\"https:\/\/www.welovecycling.com\/es\/2024\/11\/26\/dobletrabajo-el-proyecto-de-skoda-que-celebra-la-profesionalizacion-del-ciclismo-femenino\/\",\"url\":\"https:\/\/www.welovecycling.com\/es\/2024\/11\/26\/dobletrabajo-el-proyecto-de-skoda-que-celebra-la-profesionalizacion-del-ciclismo-femenino\/\",\"name\":\"#Dobletrabajo, el proyecto de \u0160koda que celebra la profesionalizaci\u00f3n del ciclismo femenino - \u0160koda We Love Cycling - Spain\",\"isPartOf\":{\"@id\":\"https:\/\/www.welovecycling.com\/es\/#website\"},\"primaryImageOfPage\":{\"@id\":\"https:\/\/www.welovecycling.com\/es\/2024\/11\/26\/dobletrabajo-el-proyecto-de-skoda-que-celebra-la-profesionalizacion-del-ciclismo-femenino\/#primaryimage\"},\"image\":{\"@id\":\"https:\/\/www.welovecycling.com\/es\/2024\/11\/26\/dobletrabajo-el-proyecto-de-skoda-que-celebra-la-profesionalizacion-del-ciclismo-femenino\/#primaryimage\"},\"thumbnailUrl\":\"https:\/\/d2p6e6u75xmxt8.cloudfront.net\/6\/2024\/11\/02_SKDA_BG_IMG_ARTICULO_990X660.webp\",\"datePublished\":\"2024-11-26T09:30:59+00:00\",\"author\":{\"@id\":\"https:\/\/www.welovecycling.com\/es\/#\/schema\/person\/deb61715b5812698ee79fb96f343ccd4\"},\"breadcrumb\":{\"@id\":\"https:\/\/www.welovecycling.com\/es\/2024\/11\/26\/dobletrabajo-el-proyecto-de-skoda-que-celebra-la-profesionalizacion-del-ciclismo-femenino\/#breadcrumb\"},\"inLanguage\":\"es-ES\",\"potentialAction\":[{\"@type\":\"ReadAction\",\"target\":[\"https:\/\/www.welovecycling.com\/es\/2024\/11\/26\/dobletrabajo-el-proyecto-de-skoda-que-celebra-la-profesionalizacion-del-ciclismo-femenino\/\"]}]},{\"@type\":\"ImageObject\",\"inLanguage\":\"es-ES\",\"@id\":\"https:\/\/www.welovecycling.com\/es\/2024\/11\/26\/dobletrabajo-el-proyecto-de-skoda-que-celebra-la-profesionalizacion-del-ciclismo-femenino\/#primaryimage\",\"url\":\"https:\/\/d2p6e6u75xmxt8.cloudfront.net\/6\/2024\/11\/02_SKDA_BG_IMG_ARTICULO_990X660.webp\",\"contentUrl\":\"https:\/\/d2p6e6u75xmxt8.cloudfront.net\/6\/2024\/11\/02_SKDA_BG_IMG_ARTICULO_990X660.webp\",\"width\":990,\"height\":660},{\"@type\":\"BreadcrumbList\",\"@id\":\"https:\/\/www.welovecycling.com\/es\/2024\/11\/26\/dobletrabajo-el-proyecto-de-skoda-que-celebra-la-profesionalizacion-del-ciclismo-femenino\/#breadcrumb\",\"itemListElement\":[{\"@type\":\"ListItem\",\"position\":1,\"name\":\"Home\",\"item\":\"https:\/\/www.welovecycling.com\/es\/\"},{\"@type\":\"ListItem\",\"position\":2,\"name\":\"#Dobletrabajo, el proyecto de \u0160koda que celebra la profesionalizaci\u00f3n del ciclismo femenino\"}]},{\"@type\":\"WebSite\",\"@id\":\"https:\/\/www.welovecycling.com\/es\/#website\",\"url\":\"https:\/\/www.welovecycling.com\/es\/\",\"name\":\"\u0160koda We Love Cycling - Spain\",\"description\":\"\u0160koda WeLoveCycling Spain\",\"potentialAction\":[{\"@type\":\"SearchAction\",\"target\":{\"@type\":\"EntryPoint\",\"urlTemplate\":\"https:\/\/www.welovecycling.com\/es\/?s={search_term_string}\"},\"query-input\":{\"@type\":\"PropertyValueSpecification\",\"valueRequired\":true,\"valueName\":\"search_term_string\"}}],\"inLanguage\":\"es-ES\"},{\"@type\":\"Person\",\"@id\":\"https:\/\/www.welovecycling.com\/es\/#\/schema\/person\/deb61715b5812698ee79fb96f343ccd4\",\"name\":\"We Love Cycling Spain\",\"image\":{\"@type\":\"ImageObject\",\"inLanguage\":\"es-ES\",\"@id\":\"https:\/\/www.welovecycling.com\/es\/#\/schema\/person\/image\/\",\"url\":\"https:\/\/secure.gravatar.com\/avatar\/c824b04e6df0e37a03219d0b6481672889df542894588964102459e46513159c?s=96&d=mm&r=g\",\"contentUrl\":\"https:\/\/secure.gravatar.com\/avatar\/c824b04e6df0e37a03219d0b6481672889df542894588964102459e46513159c?s=96&d=mm&r=g\",\"caption\":\"We Love Cycling Spain\"},\"url\":\"https:\/\/www.welovecycling.com\/es\/author\/amunoz\/\"}]}<\/script>\n<!-- \/ Yoast SEO Premium plugin. -->","yoast_head_json":{"title":"#Dobletrabajo, el proyecto de \u0160koda que celebra la profesionalizaci\u00f3n del ciclismo femenino - \u0160koda We Love Cycling - Spain","robots":{"index":"index","follow":"follow","max-snippet":"max-snippet:-1","max-image-preview":"max-image-preview:large","max-video-preview":"max-video-preview:-1"},"canonical":"https:\/\/www.welovecycling.com\/es\/2024\/11\/26\/dobletrabajo-el-proyecto-de-skoda-que-celebra-la-profesionalizacion-del-ciclismo-femenino\/","og_locale":"es_ES","og_type":"article","og_title":"#Dobletrabajo, el proyecto de \u0160koda que celebra la profesionalizaci\u00f3n del ciclismo femenino","og_description":"Una de las bases del deporte es poder competir en igualdad de condiciones. Hasta la temporada pasada esto no era [&hellip;]","og_url":"https:\/\/www.welovecycling.com\/es\/2024\/11\/26\/dobletrabajo-el-proyecto-de-skoda-que-celebra-la-profesionalizacion-del-ciclismo-femenino\/","og_site_name":"\u0160koda We Love Cycling - Spain","article_published_time":"2024-11-26T09:30:59+00:00","og_image":[{"width":990,"height":660,"url":"https:\/\/d2p6e6u75xmxt8.cloudfront.net\/6\/2024\/11\/02_SKDA_BG_IMG_ARTICULO_990X660.webp","type":"image\/webp"}],"author":"We Love Cycling Spain","twitter_card":"summary_large_image","twitter_misc":{"Written by":"We Love Cycling Spain","Est. reading time":"3 minutes"},"schema":{"@context":"https:\/\/schema.org","@graph":[{"@type":"WebPage","@id":"https:\/\/www.welovecycling.com\/es\/2024\/11\/26\/dobletrabajo-el-proyecto-de-skoda-que-celebra-la-profesionalizacion-del-ciclismo-femenino\/","url":"https:\/\/www.welovecycling.com\/es\/2024\/11\/26\/dobletrabajo-el-proyecto-de-skoda-que-celebra-la-profesionalizacion-del-ciclismo-femenino\/","name":"#Dobletrabajo, el proyecto de \u0160koda que celebra la profesionalizaci\u00f3n del ciclismo femenino - \u0160koda We Love Cycling - Spain","isPartOf":{"@id":"https:\/\/www.welovecycling.com\/es\/#website"},"primaryImageOfPage":{"@id":"https:\/\/www.welovecycling.com\/es\/2024\/11\/26\/dobletrabajo-el-proyecto-de-skoda-que-celebra-la-profesionalizacion-del-ciclismo-femenino\/#primaryimage"},"image":{"@id":"https:\/\/www.welovecycling.com\/es\/2024\/11\/26\/dobletrabajo-el-proyecto-de-skoda-que-celebra-la-profesionalizacion-del-ciclismo-femenino\/#primaryimage"},"thumbnailUrl":"https:\/\/d2p6e6u75xmxt8.cloudfront.net\/6\/2024\/11\/02_SKDA_BG_IMG_ARTICULO_990X660.webp","datePublished":"2024-11-26T09:30:59+00:00","author":{"@id":"https:\/\/www.welovecycling.com\/es\/#\/schema\/person\/deb61715b5812698ee79fb96f343ccd4"},"breadcrumb":{"@id":"https:\/\/www.welovecycling.com\/es\/2024\/11\/26\/dobletrabajo-el-proyecto-de-skoda-que-celebra-la-profesionalizacion-del-ciclismo-femenino\/#breadcrumb"},"inLanguage":"es-ES","potentialAction":[{"@type":"ReadAction","target":["https:\/\/www.welovecycling.com\/es\/2024\/11\/26\/dobletrabajo-el-proyecto-de-skoda-que-celebra-la-profesionalizacion-del-ciclismo-femenino\/"]}]},{"@type":"ImageObject","inLanguage":"es-ES","@id":"https:\/\/www.welovecycling.com\/es\/2024\/11\/26\/dobletrabajo-el-proyecto-de-skoda-que-celebra-la-profesionalizacion-del-ciclismo-femenino\/#primaryimage","url":"https:\/\/d2p6e6u75xmxt8.cloudfront.net\/6\/2024\/11\/02_SKDA_BG_IMG_ARTICULO_990X660.webp","contentUrl":"https:\/\/d2p6e6u75xmxt8.cloudfront.net\/6\/2024\/11\/02_SKDA_BG_IMG_ARTICULO_990X660.webp","width":990,"height":660},{"@type":"BreadcrumbList","@id":"https:\/\/www.welovecycling.com\/es\/2024\/11\/26\/dobletrabajo-el-proyecto-de-skoda-que-celebra-la-profesionalizacion-del-ciclismo-femenino\/#breadcrumb","itemListElement":[{"@type":"ListItem","position":1,"name":"Home","item":"https:\/\/www.welovecycling.com\/es\/"},{"@type":"ListItem","position":2,"name":"#Dobletrabajo, el proyecto de \u0160koda que celebra la profesionalizaci\u00f3n del ciclismo femenino"}]},{"@type":"WebSite","@id":"https:\/\/www.welovecycling.com\/es\/#website","url":"https:\/\/www.welovecycling.com\/es\/","name":"\u0160koda We Love Cycling - Spain","description":"\u0160koda WeLoveCycling Spain","potentialAction":[{"@type":"SearchAction","target":{"@type":"EntryPoint","urlTemplate":"https:\/\/www.welovecycling.com\/es\/?s={search_term_string}"},"query-input":{"@type":"PropertyValueSpecification","valueRequired":true,"valueName":"search_term_string"}}],"inLanguage":"es-ES"},{"@type":"Person","@id":"https:\/\/www.welovecycling.com\/es\/#\/schema\/person\/deb61715b5812698ee79fb96f343ccd4","name":"We Love Cycling Spain","image":{"@type":"ImageObject","inLanguage":"es-ES","@id":"https:\/\/www.welovecycling.com\/es\/#\/schema\/person\/image\/","url":"https:\/\/secure.gravatar.com\/avatar\/c824b04e6df0e37a03219d0b6481672889df542894588964102459e46513159c?s=96&d=mm&r=g","contentUrl":"https:\/\/secure.gravatar.com\/avatar\/c824b04e6df0e37a03219d0b6481672889df542894588964102459e46513159c?s=96&d=mm&r=g","caption":"We Love Cycling Spain"},"url":"https:\/\/www.welovecycling.com\/es\/author\/amunoz\/"}]}},"_links":{"self":[{"href":"https:\/\/www.welovecycling.com\/es\/wp-json\/wp\/v2\/posts\/11266","targetHints":{"allow":["GET"]}}],"collection":[{"href":"https:\/\/www.welovecycling.com\/es\/wp-json\/wp\/v2\/posts"}],"about":[{"href":"https:\/\/www.welovecycling.com\/es\/wp-json\/wp\/v2\/types\/post"}],"author":[{"embeddable":true,"href":"https:\/\/www.welovecycling.com\/es\/wp-json\/wp\/v2\/users\/29"}],"replies":[{"embeddable":true,"href":"https:\/\/www.welovecycling.com\/es\/wp-json\/wp\/v2\/comments?post=11266"}],"version-history":[{"count":3,"href":"https:\/\/www.welovecycling.com\/es\/wp-json\/wp\/v2\/posts\/11266\/revisions"}],"predecessor-version":[{"id":11288,"href":"https:\/\/www.welovecycling.com\/es\/wp-json\/wp\/v2\/posts\/11266\/revisions\/11288"}],"wp:featuredmedia":[{"embeddable":true,"href":"https:\/\/www.welovecycling.com\/es\/wp-json\/wp\/v2\/media\/11286"}],"wp:attachment":[{"href":"https:\/\/www.welovecycling.com\/es\/wp-json\/wp\/v2\/media?parent=11266"}],"wp:term":[{"taxonomy":"category","embeddable":true,"href":"https:\/\/www.welovecycling.com\/es\/wp-json\/wp\/v2\/categories?post=11266"},{"taxonomy":"post_tag","embeddable":true,"href":"https:\/\/www.welovecycling.com\/es\/wp-json\/wp\/v2\/tags?post=11266"},{"taxonomy":"global-categories","embeddable":true,"href":"https:\/\/www.welovecycling.com\/es\/wp-json\/wp\/v2\/global-categories?post=11266"}],"curies":[{"name":"wp","href":"https:\/\/api.w.org\/{rel}","templated":true}]}}