{"id":11261,"date":"2024-10-19T19:31:06","date_gmt":"2024-10-19T17:31:06","guid":{"rendered":"https:\/\/www.welovecycling.com\/es\/?p=11261"},"modified":"2024-10-15T19:50:28","modified_gmt":"2024-10-15T17:50:28","slug":"dolor-de-espalda-ciclismo","status":"publish","type":"post","link":"https:\/\/www.welovecycling.com\/es\/2024\/10\/19\/dolor-de-espalda-ciclismo\/","title":{"rendered":"Lesiones ciclistas &#8211; Dolor de espalda"},"content":{"rendered":"<p style=\"font-weight: 400;\"><strong>El ciclismo es un deporte maravilloso y saludable, pero hace que pases mucho tiempo en posici\u00f3n encorvada, lo que puede provocar dolor de espalda. El riesgo es mayor si adem\u00e1s tienes un trabajo sedentario. Veamos qu\u00e9 contribuye al dolor lumbar y c\u00f3mo prevenirlo.<\/strong><\/p>\n<p><!--more--><\/p>\n<h2><strong>Mala postura al pedalear<\/strong><\/h2>\n<p>Aunque es inevitable encorvarse sobre el manillar, puedes hacer que sea m\u00e1s c\u00f3modo para la zona lumbar si ruedas con una buena postura. Inclinarse demasiado hacia delante o arquear excesivamente la espalda mientras se pedalea puede provocar una sobrecarga de la columna lumbar que se traduce en dolor. Una mala configuraci\u00f3n de la bicicleta es una de las principales causas de esto, especialmente en las tres \u00e1reas siguientes.<\/p>\n<p><strong>Altura incorrecta del sill\u00edn<\/strong> &#8211; Si el sill\u00edn est\u00e1 demasiado alto o bajo, puede forzar la zona lumbar al obligar al ciclista a estirarse o estirarse en exceso.<\/p>\n<p><strong>Posici\u00f3n incorrecta del manillar<\/strong> &#8211; Un manillar demasiado bajo o demasiado adelantado puede provocar una flexi\u00f3n excesiva de la zona lumbar.<\/p>\n<p><strong>Tama\u00f1o inadecuado del cuadro<\/strong> &#8211; Montar en una bicicleta que no se ajusta al tama\u00f1o de tu cuerpo puede provocar posturas inc\u00f3modas, ejerciendo una presi\u00f3n innecesaria en la zona lumbar.<\/p>\n<h2><strong>Demasiado tiempo en posici\u00f3n aero<\/strong><\/h2>\n<p>Los triatletas y contrarrelojistas saben que meter los codos en el manillar supone todo un reto para la zona lumbar. Pasar largos periodos de tiempo en esta posici\u00f3n crea tensi\u00f3n muscular y rigidez en la zona lumbar, especialmente si es la primera vez que se rueda en posici\u00f3n aerodin\u00e1mica. La falta de movimiento tambi\u00e9n reduce la circulaci\u00f3n, aumentando las molestias. Dependiendo de la gravedad del problema, puedes experimentar dos tipos de dolores como resultado de tu posici\u00f3n aerodin\u00e1mica.<\/p>\n<p><strong>Tensi\u00f3n o fatiga muscular &#8211;<\/strong> Este tipo de dolor suele describirse como un dolor sordo o molestias en los m\u00fasculos a ambos lados de la columna vertebral, en la <a href=\"https:\/\/my.clevelandclinic.org\/health\/articles\/22396-lumbar-spine\">regi\u00f3n lumbar<\/a>. Puede empeorar despu\u00e9s de una salida larga o hacia el final de la misma, a medida que los m\u00fasculos se fatigan. El dolor tambi\u00e9n puede intensificarse tras permanecer mucho tiempo sentado o inclinarse hacia delante.<\/p>\n<p><strong>Irritaci\u00f3n de la articulaci\u00f3n facetaria &#8211;<\/strong> Este dolor suele ser agudo y localizado, sobre todo al arquear la espalda o extender la columna (al ponerse de pie sobre la bicicleta). Se localiza a los lados de la columna vertebral, a nivel de las articulaciones facetarias, las articulaciones que unen las v\u00e9rtebras. Tambi\u00e9n puede manifestarse como rigidez en la zona lumbar, sobre todo despu\u00e9s de montar en bicicleta.<\/p>\n<p style=\"font-weight: 400;\">\n<h2><strong>M\u00fasculos d\u00e9biles o r\u00edgidos<\/strong><\/h2>\n<p><strong>Debilidad de la musculatura central &#8211;<\/strong> Una musculatura central d\u00e9bil supone una carga adicional para la zona lumbar, ya que los m\u00fasculos de esta regi\u00f3n deben compensar para mantener la estabilidad. Esta situaci\u00f3n suele agravarse durante los trayectos largos, cuando el tronco se fatiga y la zona lumbar tiene que asumir a\u00fan m\u00e1s carga.<\/p>\n<p><strong>M\u00fasculos isquiotibiales y flexores de la cadera tensos &#8211;<\/strong> La tensi\u00f3n en estas regiones tira de la pelvis, haciendo que la zona lumbar trabaje para compensar y mantener la posici\u00f3n \u00f3ptima de la pelvis. Este desequilibrio sobrecarga la columna lumbar.<\/p>\n<h2><strong>Pasar mucho tiempo sentado<\/strong><\/h2>\n<p style=\"font-weight: 400;\">Pasar mucho tiempo sentado durante el d\u00eda es otra raz\u00f3n muy com\u00fan por la que los ciclistas sufren dolor lumbar. Claro, aqu\u00ed vamos m\u00e1s all\u00e1 del ciclismo, pero dado que muchos ciclistas tienen <a href=\"https:\/\/www.welovecycling.com\/wide\/2020\/09\/23\/more-time-spent-sitting-increases-cancer-mortality-risk\/\">trabajos sedentarios<\/a> y que se pasa mucho tiempo sentado durante el propio ciclismo, es importante prestar atenci\u00f3n a esto. Cuanto m\u00e1s tiempo pases sentado a lo largo del d\u00eda, sobre todo si est\u00e1s encorvado detr\u00e1s de un escritorio, m\u00e1s tensi\u00f3n sufrir\u00e1s en la zona lumbar.<\/p>\n<h2><strong>\u00bfC\u00f3mo prevenir los dolores de espalda si eres ciclista?<\/strong><\/h2>\n<p>Si sufres dolor lumbar mientras montas en bici o despu\u00e9s de hacerlo, aqu\u00ed tienes cuatro buenas pr\u00e1cticas que te ayudar\u00e1n a tratar el dolor y a prevenirlo en el futuro.<\/p>\n<p><strong>Ajuste adecuado de la bicicleta:<\/strong> Aseg\u00farate de que las posiciones del sill\u00edn y el manillar se ajustan a tu estatura y estilo de conducci\u00f3n.<\/p>\n<p><strong>Fuerza y flexibilidad:<\/strong> Aseg\u00farate de incluir ejercicios de fortalecimiento del tronco y estiramientos para los isquiotibiales y los flexores de la cadera en tu entrenamiento de resistencia habitual.<\/p>\n<p><strong>Postura:<\/strong> Piensa en tu postura mientras montas, intenta mantener una posici\u00f3n neutra de la columna vertebral. Evita redondear la espalda y encorvarse sobre el manillar. Ejercita los m\u00fasculos centrales para mantener la postura.<\/p>\n<p><strong>Configuraci\u00f3n del escritorio:<\/strong> Invierte en una buena silla y coloca tu mesa de trabajo de modo que te permita mantener una buena postura sentada. Considera la posibilidad de ponerte de pie si es posible, ya que cambiar de postura a lo largo del d\u00eda es la mejor manera de repartir la carga de la zona lumbar hacia otros grupos musculares.<\/p>\n<p>Si no consigues mejorar el dolor lumbar por ti mismo, es posible que te enfrentes a un problema m\u00e1s complejo. Habla con un profesional m\u00e9dico y solicita una evaluaci\u00f3n y un plan de tratamiento adecuados.<\/p>\n","protected":false},"excerpt":{"rendered":"<p>El ciclismo es un deporte maravilloso y saludable, pero hace que pases mucho tiempo en posici\u00f3n encorvada, lo que puede [&hellip;]<\/p>\n","protected":false},"author":29,"featured_media":11262,"comment_status":"open","ping_status":"open","sticky":false,"template":"","format":"standard","meta":{"footnotes":""},"categories":[7,9],"tags":[2320],"global-categories":[],"class_list":["post-11261","post","type-post","status-publish","format-standard","has-post-thumbnail","hentry","category-carretera","category-mtb-aventura","tag-lesiones-ciclistas"],"yoast_head":"<!-- This site is optimized with the Yoast SEO Premium plugin v25.3 (Yoast SEO v25.9) - https:\/\/yoast.com\/wordpress\/plugins\/seo\/ -->\n<title>Lesiones ciclistas - Dolor de espalda - \u0160koda We Love Cycling - Spain<\/title>\n<meta name=\"description\" content=\"Lesiones ciclistas - Dolor de espalda. Uno de los cl\u00e1sicos en todas las grupetas. C\u00f3mo prevenir esos inc\u00f3modos dolores de espalda.\" \/>\n<meta name=\"robots\" content=\"index, follow, max-snippet:-1, max-image-preview:large, max-video-preview:-1\" \/>\n<link rel=\"canonical\" href=\"https:\/\/www.welovecycling.com\/es\/2024\/10\/19\/dolor-de-espalda-ciclismo\/\" \/>\n<meta property=\"og:locale\" content=\"es_ES\" \/>\n<meta property=\"og:type\" content=\"article\" \/>\n<meta property=\"og:title\" content=\"Lesiones ciclistas - Dolor de espalda\" \/>\n<meta property=\"og:description\" content=\"Lesiones ciclistas - Dolor de espalda. Uno de los cl\u00e1sicos en todas las grupetas. C\u00f3mo prevenir esos inc\u00f3modos dolores de espalda.\" \/>\n<meta property=\"og:url\" content=\"https:\/\/www.welovecycling.com\/es\/2024\/10\/19\/dolor-de-espalda-ciclismo\/\" \/>\n<meta property=\"og:site_name\" content=\"\u0160koda We Love Cycling - Spain\" \/>\n<meta property=\"article:published_time\" content=\"2024-10-19T17:31:06+00:00\" \/>\n<meta property=\"og:image\" content=\"https:\/\/d2p6e6u75xmxt8.cloudfront.net\/6\/2024\/10\/Cyclist-Back-profimedia-0912681711-CVR.webp\" \/>\n\t<meta property=\"og:image:width\" content=\"990\" \/>\n\t<meta property=\"og:image:height\" content=\"660\" \/>\n\t<meta property=\"og:image:type\" content=\"image\/webp\" \/>\n<meta name=\"author\" content=\"We Love Cycling Spain\" \/>\n<meta name=\"twitter:card\" content=\"summary_large_image\" \/>\n<meta name=\"twitter:description\" content=\"Lesiones ciclistas - Dolor de espalda. Uno de los cl\u00e1sicos en todas las grupetas. C\u00f3mo prevenir esos inc\u00f3modos dolores de espalda.\" \/>\n<meta name=\"twitter:label1\" content=\"Written by\" \/>\n\t<meta name=\"twitter:data1\" content=\"Jiri Kaloc\" \/>\n\t<meta name=\"twitter:label2\" content=\"Est. reading time\" \/>\n\t<meta name=\"twitter:data2\" content=\"4\" \/>\n<script type=\"application\/ld+json\" class=\"yoast-schema-graph\">{\"@context\":\"https:\/\/schema.org\",\"@graph\":[{\"@type\":\"WebPage\",\"@id\":\"https:\/\/www.welovecycling.com\/es\/2024\/10\/19\/dolor-de-espalda-ciclismo\/\",\"url\":\"https:\/\/www.welovecycling.com\/es\/2024\/10\/19\/dolor-de-espalda-ciclismo\/\",\"name\":\"Lesiones ciclistas - Dolor de espalda - \u0160koda We Love Cycling - Spain\",\"isPartOf\":{\"@id\":\"https:\/\/www.welovecycling.com\/es\/#website\"},\"primaryImageOfPage\":{\"@id\":\"https:\/\/www.welovecycling.com\/es\/2024\/10\/19\/dolor-de-espalda-ciclismo\/#primaryimage\"},\"image\":{\"@id\":\"https:\/\/www.welovecycling.com\/es\/2024\/10\/19\/dolor-de-espalda-ciclismo\/#primaryimage\"},\"thumbnailUrl\":\"https:\/\/d2p6e6u75xmxt8.cloudfront.net\/6\/2024\/10\/Cyclist-Back-profimedia-0912681711-CVR.webp\",\"datePublished\":\"2024-10-19T17:31:06+00:00\",\"author\":{\"@id\":\"https:\/\/www.welovecycling.com\/es\/#\/schema\/person\/deb61715b5812698ee79fb96f343ccd4\"},\"description\":\"Lesiones ciclistas - Dolor de espalda. Uno de los cl\u00e1sicos en todas las grupetas. C\u00f3mo prevenir esos inc\u00f3modos dolores de espalda.\",\"breadcrumb\":{\"@id\":\"https:\/\/www.welovecycling.com\/es\/2024\/10\/19\/dolor-de-espalda-ciclismo\/#breadcrumb\"},\"inLanguage\":\"es-ES\",\"potentialAction\":[{\"@type\":\"ReadAction\",\"target\":[\"https:\/\/www.welovecycling.com\/es\/2024\/10\/19\/dolor-de-espalda-ciclismo\/\"]}]},{\"@type\":\"ImageObject\",\"inLanguage\":\"es-ES\",\"@id\":\"https:\/\/www.welovecycling.com\/es\/2024\/10\/19\/dolor-de-espalda-ciclismo\/#primaryimage\",\"url\":\"https:\/\/d2p6e6u75xmxt8.cloudfront.net\/6\/2024\/10\/Cyclist-Back-profimedia-0912681711-CVR.webp\",\"contentUrl\":\"https:\/\/d2p6e6u75xmxt8.cloudfront.net\/6\/2024\/10\/Cyclist-Back-profimedia-0912681711-CVR.webp\",\"width\":990,\"height\":660,\"caption\":\"Cyclist's Back\"},{\"@type\":\"BreadcrumbList\",\"@id\":\"https:\/\/www.welovecycling.com\/es\/2024\/10\/19\/dolor-de-espalda-ciclismo\/#breadcrumb\",\"itemListElement\":[{\"@type\":\"ListItem\",\"position\":1,\"name\":\"Home\",\"item\":\"https:\/\/www.welovecycling.com\/es\/\"},{\"@type\":\"ListItem\",\"position\":2,\"name\":\"Lesiones ciclistas &#8211; Dolor de espalda\"}]},{\"@type\":\"WebSite\",\"@id\":\"https:\/\/www.welovecycling.com\/es\/#website\",\"url\":\"https:\/\/www.welovecycling.com\/es\/\",\"name\":\"\u0160koda We Love Cycling - Spain\",\"description\":\"\u0160koda WeLoveCycling Spain\",\"potentialAction\":[{\"@type\":\"SearchAction\",\"target\":{\"@type\":\"EntryPoint\",\"urlTemplate\":\"https:\/\/www.welovecycling.com\/es\/?s={search_term_string}\"},\"query-input\":{\"@type\":\"PropertyValueSpecification\",\"valueRequired\":true,\"valueName\":\"search_term_string\"}}],\"inLanguage\":\"es-ES\"},{\"@type\":\"Person\",\"@id\":\"https:\/\/www.welovecycling.com\/es\/#\/schema\/person\/deb61715b5812698ee79fb96f343ccd4\",\"name\":\"We Love Cycling Spain\",\"image\":{\"@type\":\"ImageObject\",\"inLanguage\":\"es-ES\",\"@id\":\"https:\/\/www.welovecycling.com\/es\/#\/schema\/person\/image\/\",\"url\":\"https:\/\/secure.gravatar.com\/avatar\/c824b04e6df0e37a03219d0b6481672889df542894588964102459e46513159c?s=96&d=mm&r=g\",\"contentUrl\":\"https:\/\/secure.gravatar.com\/avatar\/c824b04e6df0e37a03219d0b6481672889df542894588964102459e46513159c?s=96&d=mm&r=g\",\"caption\":\"We Love Cycling Spain\"},\"url\":\"https:\/\/www.welovecycling.com\/es\/author\/amunoz\/\"}]}<\/script>\n<!-- \/ Yoast SEO Premium plugin. -->","yoast_head_json":{"title":"Lesiones ciclistas - Dolor de espalda - \u0160koda We Love Cycling - Spain","description":"Lesiones ciclistas - Dolor de espalda. Uno de los cl\u00e1sicos en todas las grupetas. C\u00f3mo prevenir esos inc\u00f3modos dolores de espalda.","robots":{"index":"index","follow":"follow","max-snippet":"max-snippet:-1","max-image-preview":"max-image-preview:large","max-video-preview":"max-video-preview:-1"},"canonical":"https:\/\/www.welovecycling.com\/es\/2024\/10\/19\/dolor-de-espalda-ciclismo\/","og_locale":"es_ES","og_type":"article","og_title":"Lesiones ciclistas - Dolor de espalda","og_description":"Lesiones ciclistas - Dolor de espalda. Uno de los cl\u00e1sicos en todas las grupetas. C\u00f3mo prevenir esos inc\u00f3modos dolores de espalda.","og_url":"https:\/\/www.welovecycling.com\/es\/2024\/10\/19\/dolor-de-espalda-ciclismo\/","og_site_name":"\u0160koda We Love Cycling - Spain","article_published_time":"2024-10-19T17:31:06+00:00","og_image":[{"width":990,"height":660,"url":"https:\/\/d2p6e6u75xmxt8.cloudfront.net\/6\/2024\/10\/Cyclist-Back-profimedia-0912681711-CVR.webp","type":"image\/webp"}],"author":"We Love Cycling Spain","twitter_card":"summary_large_image","twitter_description":"Lesiones ciclistas - Dolor de espalda. Uno de los cl\u00e1sicos en todas las grupetas. C\u00f3mo prevenir esos inc\u00f3modos dolores de espalda.","twitter_misc":{"Written by":"Jiri Kaloc","Est. reading time":"4"},"schema":{"@context":"https:\/\/schema.org","@graph":[{"@type":"WebPage","@id":"https:\/\/www.welovecycling.com\/es\/2024\/10\/19\/dolor-de-espalda-ciclismo\/","url":"https:\/\/www.welovecycling.com\/es\/2024\/10\/19\/dolor-de-espalda-ciclismo\/","name":"Lesiones ciclistas - Dolor de espalda - \u0160koda We Love Cycling - Spain","isPartOf":{"@id":"https:\/\/www.welovecycling.com\/es\/#website"},"primaryImageOfPage":{"@id":"https:\/\/www.welovecycling.com\/es\/2024\/10\/19\/dolor-de-espalda-ciclismo\/#primaryimage"},"image":{"@id":"https:\/\/www.welovecycling.com\/es\/2024\/10\/19\/dolor-de-espalda-ciclismo\/#primaryimage"},"thumbnailUrl":"https:\/\/d2p6e6u75xmxt8.cloudfront.net\/6\/2024\/10\/Cyclist-Back-profimedia-0912681711-CVR.webp","datePublished":"2024-10-19T17:31:06+00:00","author":{"@id":"https:\/\/www.welovecycling.com\/es\/#\/schema\/person\/deb61715b5812698ee79fb96f343ccd4"},"description":"Lesiones ciclistas - Dolor de espalda. Uno de los cl\u00e1sicos en todas las grupetas. C\u00f3mo prevenir esos inc\u00f3modos dolores de espalda.","breadcrumb":{"@id":"https:\/\/www.welovecycling.com\/es\/2024\/10\/19\/dolor-de-espalda-ciclismo\/#breadcrumb"},"inLanguage":"es-ES","potentialAction":[{"@type":"ReadAction","target":["https:\/\/www.welovecycling.com\/es\/2024\/10\/19\/dolor-de-espalda-ciclismo\/"]}]},{"@type":"ImageObject","inLanguage":"es-ES","@id":"https:\/\/www.welovecycling.com\/es\/2024\/10\/19\/dolor-de-espalda-ciclismo\/#primaryimage","url":"https:\/\/d2p6e6u75xmxt8.cloudfront.net\/6\/2024\/10\/Cyclist-Back-profimedia-0912681711-CVR.webp","contentUrl":"https:\/\/d2p6e6u75xmxt8.cloudfront.net\/6\/2024\/10\/Cyclist-Back-profimedia-0912681711-CVR.webp","width":990,"height":660,"caption":"Cyclist's Back"},{"@type":"BreadcrumbList","@id":"https:\/\/www.welovecycling.com\/es\/2024\/10\/19\/dolor-de-espalda-ciclismo\/#breadcrumb","itemListElement":[{"@type":"ListItem","position":1,"name":"Home","item":"https:\/\/www.welovecycling.com\/es\/"},{"@type":"ListItem","position":2,"name":"Lesiones ciclistas &#8211; Dolor de espalda"}]},{"@type":"WebSite","@id":"https:\/\/www.welovecycling.com\/es\/#website","url":"https:\/\/www.welovecycling.com\/es\/","name":"\u0160koda We Love Cycling - Spain","description":"\u0160koda WeLoveCycling Spain","potentialAction":[{"@type":"SearchAction","target":{"@type":"EntryPoint","urlTemplate":"https:\/\/www.welovecycling.com\/es\/?s={search_term_string}"},"query-input":{"@type":"PropertyValueSpecification","valueRequired":true,"valueName":"search_term_string"}}],"inLanguage":"es-ES"},{"@type":"Person","@id":"https:\/\/www.welovecycling.com\/es\/#\/schema\/person\/deb61715b5812698ee79fb96f343ccd4","name":"We Love Cycling Spain","image":{"@type":"ImageObject","inLanguage":"es-ES","@id":"https:\/\/www.welovecycling.com\/es\/#\/schema\/person\/image\/","url":"https:\/\/secure.gravatar.com\/avatar\/c824b04e6df0e37a03219d0b6481672889df542894588964102459e46513159c?s=96&d=mm&r=g","contentUrl":"https:\/\/secure.gravatar.com\/avatar\/c824b04e6df0e37a03219d0b6481672889df542894588964102459e46513159c?s=96&d=mm&r=g","caption":"We Love Cycling Spain"},"url":"https:\/\/www.welovecycling.com\/es\/author\/amunoz\/"}]}},"_links":{"self":[{"href":"https:\/\/www.welovecycling.com\/es\/wp-json\/wp\/v2\/posts\/11261","targetHints":{"allow":["GET"]}}],"collection":[{"href":"https:\/\/www.welovecycling.com\/es\/wp-json\/wp\/v2\/posts"}],"about":[{"href":"https:\/\/www.welovecycling.com\/es\/wp-json\/wp\/v2\/types\/post"}],"author":[{"embeddable":true,"href":"https:\/\/www.welovecycling.com\/es\/wp-json\/wp\/v2\/users\/29"}],"replies":[{"embeddable":true,"href":"https:\/\/www.welovecycling.com\/es\/wp-json\/wp\/v2\/comments?post=11261"}],"version-history":[{"count":1,"href":"https:\/\/www.welovecycling.com\/es\/wp-json\/wp\/v2\/posts\/11261\/revisions"}],"predecessor-version":[{"id":11263,"href":"https:\/\/www.welovecycling.com\/es\/wp-json\/wp\/v2\/posts\/11261\/revisions\/11263"}],"wp:featuredmedia":[{"embeddable":true,"href":"https:\/\/www.welovecycling.com\/es\/wp-json\/wp\/v2\/media\/11262"}],"wp:attachment":[{"href":"https:\/\/www.welovecycling.com\/es\/wp-json\/wp\/v2\/media?parent=11261"}],"wp:term":[{"taxonomy":"category","embeddable":true,"href":"https:\/\/www.welovecycling.com\/es\/wp-json\/wp\/v2\/categories?post=11261"},{"taxonomy":"post_tag","embeddable":true,"href":"https:\/\/www.welovecycling.com\/es\/wp-json\/wp\/v2\/tags?post=11261"},{"taxonomy":"global-categories","embeddable":true,"href":"https:\/\/www.welovecycling.com\/es\/wp-json\/wp\/v2\/global-categories?post=11261"}],"curies":[{"name":"wp","href":"https:\/\/api.w.org\/{rel}","templated":true}]}}