{"id":11238,"date":"2024-10-09T10:07:00","date_gmt":"2024-10-09T08:07:00","guid":{"rendered":"https:\/\/www.welovecycling.com\/es\/?p=11238"},"modified":"2024-10-09T10:07:00","modified_gmt":"2024-10-09T08:07:00","slug":"skoda-titan-desert-almeria-2024-el-desierto-no-hace-prisioneros","status":"publish","type":"post","link":"https:\/\/www.welovecycling.com\/es\/2024\/10\/09\/skoda-titan-desert-almeria-2024-el-desierto-no-hace-prisioneros\/","title":{"rendered":"\u0160koda Titan Desert Almer\u00eda 2024: El desierto no hace prisioneros"},"content":{"rendered":"<p style=\"font-weight: 400;\"><strong>Luis Le\u00f3n S\u00e1nchez y Luis Angel Mat\u00e9 part\u00edan como los dos grandes favoritos para llevarse la quinta edici\u00f3n de la \u0160koda Titan Desert Almer\u00eda 2024. Pero ambos se chocaron con el desierto y los problemas de la aventura. El malague\u00f1o en la segunda etapa, cuando unos problemas f\u00edsicos le dejaron descartado para al victoria. Y el murciano al d\u00eda siguiente. Un pinchazo en la bajada de Velefique le hizo perder m\u00e1s de media hora. Solo el italiano Chiarini sobrevivi\u00f3 a todas estas vicisitudes del desierto y se visti\u00f3 de rojo en Almer\u00eda.\u00a0<\/strong><\/p>\n<p><!--more--><\/p>\n<p style=\"font-weight: 400;\">Quien domina y no tiene problemas para contar sus participaciones por victorias aplastantes es Tessa Korteekas, que en Almer\u00eda volvi\u00f3 a controlar la carrera de principio a fin. En cada etapa sum\u00f3 m\u00e1s de 20 minutos de diferencia con sus m\u00e1xima rival Esther Maqueda hasta contabilizar una hora y 20 minutos el \u00faltimo d\u00eda.<\/p>\n<h2><strong>Peter Sagan<\/strong><\/h2>\n<p>Pero la quinta edici\u00f3n de la <strong>\u0160koda<\/strong> Titan Desert Almer\u00eda ten\u00eda como gran aliciente pedalear con Peter Sagan, algo que solo hab\u00edan podido hacer en competici\u00f3n Luisle y Luis Angel Mat\u00e9. As\u00ed que hab\u00eda casi 500 ciclistas deseando\u00a0 compartir ruta con el triple campe\u00f3n del mundo. Y el eslovaco se hizo querer. Si jam\u00e1s hab\u00eda negado un aut\u00f3grafo o una foto cuando era profesional, menos ahora que tiene tiempo para disfrutar. Jam\u00e1s se meti\u00f3 en competici\u00f3n, pese a acabar en una m\u00e1s que digna posici\u00f3n 28 a m\u00e1s de dos horas del ganador Ricardo Chiarini.<\/p>\n<p>La suya fue un Titan de acercarse a\u00fan m\u00e1s al resto de bikers, como hab\u00eda dicho en la previa, y compartir con ellos sensaciones y experiencias que no ten\u00eda cuando iba en el pelot\u00f3n profesional. No falt\u00f3 a su cita con los medios y la charla en el hotel oficial Titan Desert. E incluso dej\u00f3 alguna nota de su car\u00e1cter afable. Ya sabeis, quien haya le\u00eddo su libro, que su lema es algo as\u00ed como. Macho, \u00bfpor qu\u00e9 estas tan serio?<\/p>\n<p><a href=\"https:\/\/d2p6e6u75xmxt8.cloudfront.net\/6\/2024\/10\/Almeria_2024_Sagan-scaled.webp\"><img loading=\"lazy\" decoding=\"async\" class=\"aligncenter size-large wp-image-11239\" src=\"https:\/\/d2p6e6u75xmxt8.cloudfront.net\/6\/2024\/10\/Almeria_2024_Sagan-1024x683.webp\" alt=\"\" width=\"1024\" height=\"683\" srcset=\"https:\/\/d2p6e6u75xmxt8.cloudfront.net\/6\/2024\/10\/Almeria_2024_Sagan-1024x683.webp 1024w, https:\/\/d2p6e6u75xmxt8.cloudfront.net\/6\/2024\/10\/Almeria_2024_Sagan-300x200.webp 300w, https:\/\/d2p6e6u75xmxt8.cloudfront.net\/6\/2024\/10\/Almeria_2024_Sagan-768x512.webp 768w, https:\/\/d2p6e6u75xmxt8.cloudfront.net\/6\/2024\/10\/Almeria_2024_Sagan-1536x1024.webp 1536w, https:\/\/d2p6e6u75xmxt8.cloudfront.net\/6\/2024\/10\/Almeria_2024_Sagan-2048x1365.webp 2048w, https:\/\/d2p6e6u75xmxt8.cloudfront.net\/6\/2024\/10\/Almeria_2024_Sagan-1920x1280.webp 1920w, https:\/\/d2p6e6u75xmxt8.cloudfront.net\/6\/2024\/10\/Almeria_2024_Sagan-400x267.webp 400w, https:\/\/d2p6e6u75xmxt8.cloudfront.net\/6\/2024\/10\/Almeria_2024_Sagan-272x182.webp 272w, https:\/\/d2p6e6u75xmxt8.cloudfront.net\/6\/2024\/10\/Almeria_2024_Sagan-1920x1280.webp 1920w\" sizes=\"auto, (max-width: 1024px) 100vw, 1024px\" \/><\/a><\/p>\n<p>&nbsp;<\/p>\n<h2><strong>El Velefique volvi\u00f3 a ser decisivo<\/strong><\/h2>\n<p>La quinta edici\u00f3n de la <strong>\u0160koda<\/strong> Titan Desert Almer\u00eda empez\u00f3 por el Cabo de Gata con un ataque de Luis Angel Mat\u00e9 en las ramblas, la zona m\u00e1s complicada de la primera etapa. Terreno blando en el que la experiencia y la t\u00e9cnica son un grado. El malague\u00f1o supo aprovechar los kil\u00f3metros de 2023 para sacar un margen suficiente al grupo de los favoritos y apuntarse la etapa. Era demasiado poco para vivir tranquilo el resto de la carrera, pero le vest\u00eda de rojo.<\/p>\n<p>En la subida a Nijar, el punto clave de la segunda etapa, ni Luisle ni Chiarini, los \u00fanicos que llegaron con Mat\u00e9 a la cima, pudieron con \u00e9l. Pero unos problemas f\u00edsicos en la bajada t\u00e9cnica y el largo tramo llano por el desierto de Tabernas hasta la meta del Circuito de Almer\u00eda descartaron al malague\u00f1o. La etapa se la llev\u00f3 Luisle, pero Chiarini aguant\u00f3 cerca y todo estaba pendiente de la etapa reina en el Velefique.<\/p>\n<p><a href=\"https:\/\/d2p6e6u75xmxt8.cloudfront.net\/6\/2024\/10\/Almeria_2024_4-scaled.webp\"><img loading=\"lazy\" decoding=\"async\" class=\"aligncenter size-large wp-image-11241\" src=\"https:\/\/d2p6e6u75xmxt8.cloudfront.net\/6\/2024\/10\/Almeria_2024_4-1024x683.webp\" alt=\"\" width=\"1024\" height=\"683\" srcset=\"https:\/\/d2p6e6u75xmxt8.cloudfront.net\/6\/2024\/10\/Almeria_2024_4-1024x683.webp 1024w, https:\/\/d2p6e6u75xmxt8.cloudfront.net\/6\/2024\/10\/Almeria_2024_4-300x200.webp 300w, https:\/\/d2p6e6u75xmxt8.cloudfront.net\/6\/2024\/10\/Almeria_2024_4-768x512.webp 768w, https:\/\/d2p6e6u75xmxt8.cloudfront.net\/6\/2024\/10\/Almeria_2024_4-1536x1024.webp 1536w, https:\/\/d2p6e6u75xmxt8.cloudfront.net\/6\/2024\/10\/Almeria_2024_4-2048x1365.webp 2048w, https:\/\/d2p6e6u75xmxt8.cloudfront.net\/6\/2024\/10\/Almeria_2024_4-1920x1280.webp 1920w, https:\/\/d2p6e6u75xmxt8.cloudfront.net\/6\/2024\/10\/Almeria_2024_4-400x267.webp 400w, https:\/\/d2p6e6u75xmxt8.cloudfront.net\/6\/2024\/10\/Almeria_2024_4-272x182.webp 272w, https:\/\/d2p6e6u75xmxt8.cloudfront.net\/6\/2024\/10\/Almeria_2024_4-1920x1280.webp 1920w\" sizes=\"auto, (max-width: 1024px) 100vw, 1024px\" \/><\/a><\/p>\n<blockquote class=\"instagram-media\" style=\"background: #FFF; border: 0; border-radius: 3px; box-shadow: 0 0 1px 0 rgba(0,0,0,0.5),0 1px 10px 0 rgba(0,0,0,0.15); margin: 1px; max-width: 540px; min-width: 326px; padding: 0; width: calc(100% - 2px);\" data-instgrm-captioned=\"\" data-instgrm-permalink=\"https:\/\/www.instagram.com\/reel\/DA1eISmOjaR\/?utm_source=ig_embed&amp;utm_campaign=loading\" data-instgrm-version=\"14\">\n<div style=\"padding: 16px;\">\n<p>&nbsp;<\/p>\n<div style=\"display: flex; flex-direction: row; align-items: center;\">\n<div style=\"background-color: #f4f4f4; border-radius: 50%; flex-grow: 0; height: 40px; margin-right: 14px; width: 40px;\"><\/div>\n<div style=\"display: flex; flex-direction: column; flex-grow: 1; justify-content: center;\">\n<div style=\"background-color: #f4f4f4; border-radius: 4px; flex-grow: 0; height: 14px; margin-bottom: 6px; width: 100px;\"><\/div>\n<div style=\"background-color: #f4f4f4; border-radius: 4px; flex-grow: 0; height: 14px; width: 60px;\"><\/div>\n<\/div>\n<\/div>\n<div style=\"padding: 19% 0;\"><\/div>\n<div style=\"display: block; height: 50px; margin: 0 auto 12px; width: 50px;\"><\/div>\n<div style=\"padding-top: 8px;\">\n<div style=\"color: #3897f0; font-family: Arial,sans-serif; font-size: 14px; font-style: normal; font-weight: 550; line-height: 18px;\">Ver esta publicaci\u00f3n en Instagram<\/div>\n<\/div>\n<div style=\"padding: 12.5% 0;\"><\/div>\n<div style=\"display: flex; flex-direction: row; margin-bottom: 14px; align-items: center;\">\n<div>\n<div style=\"background-color: #f4f4f4; border-radius: 50%; height: 12.5px; width: 12.5px; transform: translateX(0px) translateY(7px);\"><\/div>\n<div style=\"background-color: #f4f4f4; height: 12.5px; transform: rotate(-45deg) translateX(3px) translateY(1px); width: 12.5px; flex-grow: 0; margin-right: 14px; margin-left: 2px;\"><\/div>\n<div style=\"background-color: #f4f4f4; border-radius: 50%; height: 12.5px; width: 12.5px; transform: translateX(9px) translateY(-18px);\"><\/div>\n<\/div>\n<div style=\"margin-left: 8px;\">\n<div style=\"background-color: #f4f4f4; border-radius: 50%; flex-grow: 0; height: 20px; width: 20px;\"><\/div>\n<div style=\"width: 0; height: 0; border-top: 2px solid transparent; border-left: 6px solid #f4f4f4; border-bottom: 2px solid transparent; transform: translateX(16px) translateY(-4px) rotate(30deg);\"><\/div>\n<\/div>\n<div style=\"margin-left: auto;\">\n<div style=\"width: 0px; border-top: 8px solid #F4F4F4; border-right: 8px solid transparent; transform: translateY(16px);\"><\/div>\n<div style=\"background-color: #f4f4f4; flex-grow: 0; height: 12px; width: 16px; transform: translateY(-4px);\"><\/div>\n<div style=\"width: 0; height: 0; border-top: 8px solid #F4F4F4; border-left: 8px solid transparent; transform: translateY(-4px) translateX(8px);\"><\/div>\n<\/div>\n<\/div>\n<div style=\"display: flex; flex-direction: column; flex-grow: 1; justify-content: center; margin-bottom: 24px;\">\n<div style=\"background-color: #f4f4f4; border-radius: 4px; flex-grow: 0; height: 14px; margin-bottom: 6px; width: 224px;\"><\/div>\n<div style=\"background-color: #f4f4f4; border-radius: 4px; flex-grow: 0; height: 14px; width: 144px;\"><\/div>\n<\/div>\n<p>&nbsp;<\/p>\n<p style=\"color: #c9c8cd; font-family: Arial,sans-serif; font-size: 14px; line-height: 17px; margin-bottom: 0; margin-top: 8px; overflow: hidden; padding: 8px 0 7px; text-align: center; text-overflow: ellipsis; white-space: nowrap;\"><a style=\"color: #c9c8cd; font-family: Arial,sans-serif; font-size: 14px; font-style: normal; font-weight: normal; line-height: 17px; text-decoration: none;\" href=\"https:\/\/www.instagram.com\/reel\/DA1eISmOjaR\/?utm_source=ig_embed&amp;utm_campaign=loading\" target=\"_blank\" rel=\"noopener\">Una publicaci\u00f3n compartida de \u0160koda Titan Desert Almer\u00eda (@titandesertalmeria)<\/a><\/p>\n<\/div>\n<\/blockquote>\n<p><script async src=\"\/\/www.instagram.com\/embed.js\"><\/script>La etapa <strong>\u0160koda We Love Cycling, con su m\u00e1s de 2.000 metros de desnivel, y el tramo \u0160koda Challenge, la subida de 13 kil\u00f3metros a <a href=\"https:\/\/www.welovecycling.com\/es\/2024\/10\/03\/peter-sagan-abre-el-cartel-de-la-skoda-titan-desert-almeria-2024\/\">Velefique<\/a> marcada con 60 segundos de bonificaci\u00f3n, volvieron a decidir la carrera.\u00a0<\/strong>No tanto en el ascenso, que fue para Luis Angel Mat\u00e9 con un nuevo r\u00e9cord, pero ya con casi ninguna opci\u00f3n en la general, sino en la bajada hacia el desierto de Tabernas. All\u00ed el italiano Chiarini se qued\u00f3 sin rivales despu\u00e9s de los pinchazos de Luisle. El murciano incluso ech\u00f3 mano de Jos\u00e9 Manuel Cayuela, al que no conoc\u00eda hasta ese momento y le acab\u00f3 cediendo su rueda trasera. Pero era demasiado tarde y Chiarini se apuntaba la victoria de etapa y dejaba sentenciada la general.<\/p>\n<p>Para la \u00faltima etapa el trabajo de <a href=\"https:\/\/skodatitandesertalmeria.com\/cannondale-isb-sport-arrasa-de-nuevo\/\">Chiarini era no despegarse de Luis Angel Mat\u00e9,<\/a> que estaba a seis minutos en la general. El terreno, con las subidas a la base de la Legi\u00f3n y continua bajada hasta Almer\u00eda no se prestaba a grandes haza\u00f1as. Por eso, cuando Luisle atac\u00f3 en busca de la victoria de etapa nadie le sigui\u00f3. El murciano estaba a casi una hora de Chiarini, que se mantuvo entre los favoritos para sumar su primera edici\u00f3n de la <strong>\u0160koda<\/strong> Titan Desert Almer\u00eda.<\/p>\n<p><a href=\"https:\/\/d2p6e6u75xmxt8.cloudfront.net\/6\/2024\/10\/Almeria_2024_1-scaled.webp\"><img loading=\"lazy\" decoding=\"async\" class=\"aligncenter size-large wp-image-11242\" src=\"https:\/\/d2p6e6u75xmxt8.cloudfront.net\/6\/2024\/10\/Almeria_2024_1-1024x683.webp\" alt=\"\" width=\"1024\" height=\"683\" srcset=\"https:\/\/d2p6e6u75xmxt8.cloudfront.net\/6\/2024\/10\/Almeria_2024_1-1024x683.webp 1024w, https:\/\/d2p6e6u75xmxt8.cloudfront.net\/6\/2024\/10\/Almeria_2024_1-300x200.webp 300w, https:\/\/d2p6e6u75xmxt8.cloudfront.net\/6\/2024\/10\/Almeria_2024_1-768x512.webp 768w, https:\/\/d2p6e6u75xmxt8.cloudfront.net\/6\/2024\/10\/Almeria_2024_1-1536x1024.webp 1536w, https:\/\/d2p6e6u75xmxt8.cloudfront.net\/6\/2024\/10\/Almeria_2024_1-2048x1365.webp 2048w, https:\/\/d2p6e6u75xmxt8.cloudfront.net\/6\/2024\/10\/Almeria_2024_1-1920x1280.webp 1920w, https:\/\/d2p6e6u75xmxt8.cloudfront.net\/6\/2024\/10\/Almeria_2024_1-400x267.webp 400w, https:\/\/d2p6e6u75xmxt8.cloudfront.net\/6\/2024\/10\/Almeria_2024_1-272x182.webp 272w, https:\/\/d2p6e6u75xmxt8.cloudfront.net\/6\/2024\/10\/Almeria_2024_1-1920x1280.webp 1920w\" sizes=\"auto, (max-width: 1024px) 100vw, 1024px\" \/><\/a><\/p>\n","protected":false},"excerpt":{"rendered":"<p>Luis Le\u00f3n S\u00e1nchez y Luis Angel Mat\u00e9 part\u00edan como los dos grandes favoritos para llevarse la quinta edici\u00f3n de la [&hellip;]<\/p>\n","protected":false},"author":29,"featured_media":11240,"comment_status":"open","ping_status":"open","sticky":false,"template":"","format":"standard","meta":{"footnotes":""},"categories":[9],"tags":[314,2199],"global-categories":[1164],"class_list":["post-11238","post","type-post","status-publish","format-standard","has-post-thumbnail","hentry","category-mtb-aventura","tag-peter-sagan","tag-skoda-titan-desert-almeria","global-categories-cycling"],"yoast_head":"<!-- This site is optimized with the Yoast SEO Premium plugin v25.3 (Yoast SEO v25.9) - https:\/\/yoast.com\/wordpress\/plugins\/seo\/ -->\n<title>\u0160koda Titan Desert Almer\u00eda 2024: El desierto no hace prisioneros - \u0160koda We Love Cycling - Spain<\/title>\n<meta name=\"description\" content=\"\u0160koda Titan Desert Almer\u00eda 2024: El desierto no hace prisioneros. Cr\u00f3nica de la edici\u00f3n 2024 que ganaron Chiarini y Kortekaas.\" \/>\n<meta name=\"robots\" content=\"index, follow, max-snippet:-1, max-image-preview:large, max-video-preview:-1\" \/>\n<link rel=\"canonical\" href=\"https:\/\/www.welovecycling.com\/es\/2024\/10\/09\/skoda-titan-desert-almeria-2024-el-desierto-no-hace-prisioneros\/\" \/>\n<meta property=\"og:locale\" content=\"es_ES\" \/>\n<meta property=\"og:type\" content=\"article\" \/>\n<meta property=\"og:title\" content=\"\u0160koda Titan Desert Almer\u00eda 2024: El desierto no hace prisioneros\" \/>\n<meta property=\"og:description\" content=\"\u0160koda Titan Desert Almer\u00eda 2024: El desierto no hace prisioneros. Cr\u00f3nica de la edici\u00f3n 2024 que ganaron Chiarini y Kortekaas.\" \/>\n<meta property=\"og:url\" content=\"https:\/\/www.welovecycling.com\/es\/2024\/10\/09\/skoda-titan-desert-almeria-2024-el-desierto-no-hace-prisioneros\/\" \/>\n<meta property=\"og:site_name\" content=\"\u0160koda We Love Cycling - Spain\" \/>\n<meta property=\"article:published_time\" content=\"2024-10-09T08:07:00+00:00\" \/>\n<meta property=\"og:image\" content=\"https:\/\/d2p6e6u75xmxt8.cloudfront.net\/6\/2024\/10\/Almeria_2024_2-scaled.webp\" \/>\n\t<meta property=\"og:image:width\" content=\"2560\" \/>\n\t<meta property=\"og:image:height\" content=\"1707\" \/>\n\t<meta property=\"og:image:type\" content=\"image\/webp\" \/>\n<meta name=\"author\" content=\"We Love Cycling Spain\" \/>\n<meta name=\"twitter:card\" content=\"summary_large_image\" \/>\n<meta name=\"twitter:description\" content=\"\u0160koda Titan Desert Almer\u00eda 2024: El desierto no hace prisioneros. Cr\u00f3nica de la edici\u00f3n 2024 que ganaron Chiarini y Kortekaas.\" \/>\n<meta name=\"twitter:label1\" content=\"Written by\" \/>\n\t<meta name=\"twitter:data1\" content=\"Luis Ortega @ciclored\" \/>\n\t<meta name=\"twitter:label2\" content=\"Est. reading time\" \/>\n\t<meta name=\"twitter:data2\" content=\"4 minutes\" \/>\n<script type=\"application\/ld+json\" class=\"yoast-schema-graph\">{\"@context\":\"https:\/\/schema.org\",\"@graph\":[{\"@type\":\"WebPage\",\"@id\":\"https:\/\/www.welovecycling.com\/es\/2024\/10\/09\/skoda-titan-desert-almeria-2024-el-desierto-no-hace-prisioneros\/\",\"url\":\"https:\/\/www.welovecycling.com\/es\/2024\/10\/09\/skoda-titan-desert-almeria-2024-el-desierto-no-hace-prisioneros\/\",\"name\":\"\u0160koda Titan Desert Almer\u00eda 2024: El desierto no hace prisioneros - \u0160koda We Love Cycling - Spain\",\"isPartOf\":{\"@id\":\"https:\/\/www.welovecycling.com\/es\/#website\"},\"primaryImageOfPage\":{\"@id\":\"https:\/\/www.welovecycling.com\/es\/2024\/10\/09\/skoda-titan-desert-almeria-2024-el-desierto-no-hace-prisioneros\/#primaryimage\"},\"image\":{\"@id\":\"https:\/\/www.welovecycling.com\/es\/2024\/10\/09\/skoda-titan-desert-almeria-2024-el-desierto-no-hace-prisioneros\/#primaryimage\"},\"thumbnailUrl\":\"https:\/\/d2p6e6u75xmxt8.cloudfront.net\/6\/2024\/10\/Almeria_2024_2-scaled.webp\",\"datePublished\":\"2024-10-09T08:07:00+00:00\",\"author\":{\"@id\":\"https:\/\/www.welovecycling.com\/es\/#\/schema\/person\/deb61715b5812698ee79fb96f343ccd4\"},\"description\":\"\u0160koda Titan Desert Almer\u00eda 2024: El desierto no hace prisioneros. Cr\u00f3nica de la edici\u00f3n 2024 que ganaron Chiarini y Kortekaas.\",\"breadcrumb\":{\"@id\":\"https:\/\/www.welovecycling.com\/es\/2024\/10\/09\/skoda-titan-desert-almeria-2024-el-desierto-no-hace-prisioneros\/#breadcrumb\"},\"inLanguage\":\"es-ES\",\"potentialAction\":[{\"@type\":\"ReadAction\",\"target\":[\"https:\/\/www.welovecycling.com\/es\/2024\/10\/09\/skoda-titan-desert-almeria-2024-el-desierto-no-hace-prisioneros\/\"]}]},{\"@type\":\"ImageObject\",\"inLanguage\":\"es-ES\",\"@id\":\"https:\/\/www.welovecycling.com\/es\/2024\/10\/09\/skoda-titan-desert-almeria-2024-el-desierto-no-hace-prisioneros\/#primaryimage\",\"url\":\"https:\/\/d2p6e6u75xmxt8.cloudfront.net\/6\/2024\/10\/Almeria_2024_2-scaled.webp\",\"contentUrl\":\"https:\/\/d2p6e6u75xmxt8.cloudfront.net\/6\/2024\/10\/Almeria_2024_2-scaled.webp\",\"width\":2560,\"height\":1707},{\"@type\":\"BreadcrumbList\",\"@id\":\"https:\/\/www.welovecycling.com\/es\/2024\/10\/09\/skoda-titan-desert-almeria-2024-el-desierto-no-hace-prisioneros\/#breadcrumb\",\"itemListElement\":[{\"@type\":\"ListItem\",\"position\":1,\"name\":\"Home\",\"item\":\"https:\/\/www.welovecycling.com\/es\/\"},{\"@type\":\"ListItem\",\"position\":2,\"name\":\"\u0160koda Titan Desert Almer\u00eda 2024: El desierto no hace prisioneros\"}]},{\"@type\":\"WebSite\",\"@id\":\"https:\/\/www.welovecycling.com\/es\/#website\",\"url\":\"https:\/\/www.welovecycling.com\/es\/\",\"name\":\"\u0160koda We Love Cycling - Spain\",\"description\":\"\u0160koda WeLoveCycling Spain\",\"potentialAction\":[{\"@type\":\"SearchAction\",\"target\":{\"@type\":\"EntryPoint\",\"urlTemplate\":\"https:\/\/www.welovecycling.com\/es\/?s={search_term_string}\"},\"query-input\":{\"@type\":\"PropertyValueSpecification\",\"valueRequired\":true,\"valueName\":\"search_term_string\"}}],\"inLanguage\":\"es-ES\"},{\"@type\":\"Person\",\"@id\":\"https:\/\/www.welovecycling.com\/es\/#\/schema\/person\/deb61715b5812698ee79fb96f343ccd4\",\"name\":\"We Love Cycling Spain\",\"image\":{\"@type\":\"ImageObject\",\"inLanguage\":\"es-ES\",\"@id\":\"https:\/\/www.welovecycling.com\/es\/#\/schema\/person\/image\/\",\"url\":\"https:\/\/secure.gravatar.com\/avatar\/c824b04e6df0e37a03219d0b6481672889df542894588964102459e46513159c?s=96&d=mm&r=g\",\"contentUrl\":\"https:\/\/secure.gravatar.com\/avatar\/c824b04e6df0e37a03219d0b6481672889df542894588964102459e46513159c?s=96&d=mm&r=g\",\"caption\":\"We Love Cycling Spain\"},\"url\":\"https:\/\/www.welovecycling.com\/es\/author\/amunoz\/\"}]}<\/script>\n<!-- \/ Yoast SEO Premium plugin. -->","yoast_head_json":{"title":"\u0160koda Titan Desert Almer\u00eda 2024: El desierto no hace prisioneros - \u0160koda We Love Cycling - Spain","description":"\u0160koda Titan Desert Almer\u00eda 2024: El desierto no hace prisioneros. Cr\u00f3nica de la edici\u00f3n 2024 que ganaron Chiarini y Kortekaas.","robots":{"index":"index","follow":"follow","max-snippet":"max-snippet:-1","max-image-preview":"max-image-preview:large","max-video-preview":"max-video-preview:-1"},"canonical":"https:\/\/www.welovecycling.com\/es\/2024\/10\/09\/skoda-titan-desert-almeria-2024-el-desierto-no-hace-prisioneros\/","og_locale":"es_ES","og_type":"article","og_title":"\u0160koda Titan Desert Almer\u00eda 2024: El desierto no hace prisioneros","og_description":"\u0160koda Titan Desert Almer\u00eda 2024: El desierto no hace prisioneros. Cr\u00f3nica de la edici\u00f3n 2024 que ganaron Chiarini y Kortekaas.","og_url":"https:\/\/www.welovecycling.com\/es\/2024\/10\/09\/skoda-titan-desert-almeria-2024-el-desierto-no-hace-prisioneros\/","og_site_name":"\u0160koda We Love Cycling - Spain","article_published_time":"2024-10-09T08:07:00+00:00","og_image":[{"width":2560,"height":1707,"url":"https:\/\/d2p6e6u75xmxt8.cloudfront.net\/6\/2024\/10\/Almeria_2024_2-scaled.webp","type":"image\/webp"}],"author":"We Love Cycling Spain","twitter_card":"summary_large_image","twitter_description":"\u0160koda Titan Desert Almer\u00eda 2024: El desierto no hace prisioneros. Cr\u00f3nica de la edici\u00f3n 2024 que ganaron Chiarini y Kortekaas.","twitter_misc":{"Written by":"Luis Ortega @ciclored","Est. reading time":"4 minutes"},"schema":{"@context":"https:\/\/schema.org","@graph":[{"@type":"WebPage","@id":"https:\/\/www.welovecycling.com\/es\/2024\/10\/09\/skoda-titan-desert-almeria-2024-el-desierto-no-hace-prisioneros\/","url":"https:\/\/www.welovecycling.com\/es\/2024\/10\/09\/skoda-titan-desert-almeria-2024-el-desierto-no-hace-prisioneros\/","name":"\u0160koda Titan Desert Almer\u00eda 2024: El desierto no hace prisioneros - \u0160koda We Love Cycling - Spain","isPartOf":{"@id":"https:\/\/www.welovecycling.com\/es\/#website"},"primaryImageOfPage":{"@id":"https:\/\/www.welovecycling.com\/es\/2024\/10\/09\/skoda-titan-desert-almeria-2024-el-desierto-no-hace-prisioneros\/#primaryimage"},"image":{"@id":"https:\/\/www.welovecycling.com\/es\/2024\/10\/09\/skoda-titan-desert-almeria-2024-el-desierto-no-hace-prisioneros\/#primaryimage"},"thumbnailUrl":"https:\/\/d2p6e6u75xmxt8.cloudfront.net\/6\/2024\/10\/Almeria_2024_2-scaled.webp","datePublished":"2024-10-09T08:07:00+00:00","author":{"@id":"https:\/\/www.welovecycling.com\/es\/#\/schema\/person\/deb61715b5812698ee79fb96f343ccd4"},"description":"\u0160koda Titan Desert Almer\u00eda 2024: El desierto no hace prisioneros. Cr\u00f3nica de la edici\u00f3n 2024 que ganaron Chiarini y Kortekaas.","breadcrumb":{"@id":"https:\/\/www.welovecycling.com\/es\/2024\/10\/09\/skoda-titan-desert-almeria-2024-el-desierto-no-hace-prisioneros\/#breadcrumb"},"inLanguage":"es-ES","potentialAction":[{"@type":"ReadAction","target":["https:\/\/www.welovecycling.com\/es\/2024\/10\/09\/skoda-titan-desert-almeria-2024-el-desierto-no-hace-prisioneros\/"]}]},{"@type":"ImageObject","inLanguage":"es-ES","@id":"https:\/\/www.welovecycling.com\/es\/2024\/10\/09\/skoda-titan-desert-almeria-2024-el-desierto-no-hace-prisioneros\/#primaryimage","url":"https:\/\/d2p6e6u75xmxt8.cloudfront.net\/6\/2024\/10\/Almeria_2024_2-scaled.webp","contentUrl":"https:\/\/d2p6e6u75xmxt8.cloudfront.net\/6\/2024\/10\/Almeria_2024_2-scaled.webp","width":2560,"height":1707},{"@type":"BreadcrumbList","@id":"https:\/\/www.welovecycling.com\/es\/2024\/10\/09\/skoda-titan-desert-almeria-2024-el-desierto-no-hace-prisioneros\/#breadcrumb","itemListElement":[{"@type":"ListItem","position":1,"name":"Home","item":"https:\/\/www.welovecycling.com\/es\/"},{"@type":"ListItem","position":2,"name":"\u0160koda Titan Desert Almer\u00eda 2024: El desierto no hace prisioneros"}]},{"@type":"WebSite","@id":"https:\/\/www.welovecycling.com\/es\/#website","url":"https:\/\/www.welovecycling.com\/es\/","name":"\u0160koda We Love Cycling - Spain","description":"\u0160koda WeLoveCycling Spain","potentialAction":[{"@type":"SearchAction","target":{"@type":"EntryPoint","urlTemplate":"https:\/\/www.welovecycling.com\/es\/?s={search_term_string}"},"query-input":{"@type":"PropertyValueSpecification","valueRequired":true,"valueName":"search_term_string"}}],"inLanguage":"es-ES"},{"@type":"Person","@id":"https:\/\/www.welovecycling.com\/es\/#\/schema\/person\/deb61715b5812698ee79fb96f343ccd4","name":"We Love Cycling Spain","image":{"@type":"ImageObject","inLanguage":"es-ES","@id":"https:\/\/www.welovecycling.com\/es\/#\/schema\/person\/image\/","url":"https:\/\/secure.gravatar.com\/avatar\/c824b04e6df0e37a03219d0b6481672889df542894588964102459e46513159c?s=96&d=mm&r=g","contentUrl":"https:\/\/secure.gravatar.com\/avatar\/c824b04e6df0e37a03219d0b6481672889df542894588964102459e46513159c?s=96&d=mm&r=g","caption":"We Love Cycling Spain"},"url":"https:\/\/www.welovecycling.com\/es\/author\/amunoz\/"}]}},"_links":{"self":[{"href":"https:\/\/www.welovecycling.com\/es\/wp-json\/wp\/v2\/posts\/11238","targetHints":{"allow":["GET"]}}],"collection":[{"href":"https:\/\/www.welovecycling.com\/es\/wp-json\/wp\/v2\/posts"}],"about":[{"href":"https:\/\/www.welovecycling.com\/es\/wp-json\/wp\/v2\/types\/post"}],"author":[{"embeddable":true,"href":"https:\/\/www.welovecycling.com\/es\/wp-json\/wp\/v2\/users\/29"}],"replies":[{"embeddable":true,"href":"https:\/\/www.welovecycling.com\/es\/wp-json\/wp\/v2\/comments?post=11238"}],"version-history":[{"count":1,"href":"https:\/\/www.welovecycling.com\/es\/wp-json\/wp\/v2\/posts\/11238\/revisions"}],"predecessor-version":[{"id":11243,"href":"https:\/\/www.welovecycling.com\/es\/wp-json\/wp\/v2\/posts\/11238\/revisions\/11243"}],"wp:featuredmedia":[{"embeddable":true,"href":"https:\/\/www.welovecycling.com\/es\/wp-json\/wp\/v2\/media\/11240"}],"wp:attachment":[{"href":"https:\/\/www.welovecycling.com\/es\/wp-json\/wp\/v2\/media?parent=11238"}],"wp:term":[{"taxonomy":"category","embeddable":true,"href":"https:\/\/www.welovecycling.com\/es\/wp-json\/wp\/v2\/categories?post=11238"},{"taxonomy":"post_tag","embeddable":true,"href":"https:\/\/www.welovecycling.com\/es\/wp-json\/wp\/v2\/tags?post=11238"},{"taxonomy":"global-categories","embeddable":true,"href":"https:\/\/www.welovecycling.com\/es\/wp-json\/wp\/v2\/global-categories?post=11238"}],"curies":[{"name":"wp","href":"https:\/\/api.w.org\/{rel}","templated":true}]}}