{"id":11231,"date":"2024-10-03T10:53:48","date_gmt":"2024-10-03T08:53:48","guid":{"rendered":"https:\/\/www.welovecycling.com\/es\/?p=11231"},"modified":"2024-10-03T11:09:14","modified_gmt":"2024-10-03T09:09:14","slug":"peter-sagan-abre-el-cartel-de-la-skoda-titan-desert-almeria-2024","status":"publish","type":"post","link":"https:\/\/www.welovecycling.com\/es\/2024\/10\/03\/peter-sagan-abre-el-cartel-de-la-skoda-titan-desert-almeria-2024\/","title":{"rendered":"Peter Sagan abre el cartel de la \u0160koda Titan Desert Almeria 2024"},"content":{"rendered":"<p style=\"font-weight: 400;\"><strong>Medio millar de bikers pedalear\u00e1n del 5 al 8 de octubre junto a Peter Sagan en la quinta edici\u00f3n de la \u0160koda Titan Desert Almer\u00eda. La carrera cerr\u00f3 hace semanas las inscripciones al alcanzar el cupo m\u00e1ximo por segundo a\u00f1o consecutivo, lo que refuerza la apuesta por una prueba que naci\u00f3 como respuesta a las restricciones de la pandemia y que se ha convertido en una referencia del MTB a nivel Mundial.\u00a0<\/strong><\/p>\n<p><!--more--><\/p>\n<p style=\"font-weight: 400;\">No en vano la lista de ilustres que pedalear\u00e1n por el Desierto de Tabernas y el Cabo de Gata la encabeza el ciclista m\u00e1s medi\u00e1tico (hasta la llegada de Tadej Pogacar) de la \u00faltima d\u00e9cada. Peter Sagan siempre fue un corredor distinto dentro un fuera de la carretera. Apasionado del material y de la t\u00e9cnica empez\u00f3 en el MTB, pas\u00f3 por el ciclocross y se consolid\u00f3 con uno de los mejores clasic\u00f3manos del mundo. Sus tres Mundiales consecutivos y el dominio sobre los adoquines en Flandes y Roubaix lo atestiguan. Tambi\u00e9n que fuese capaz de pasar al MTB para competir en los JJOO de R\u00edo o hacer acrobacias con la bici de carretera cada vez que ten\u00eda ocasi\u00f3n.<\/p>\n<p>Retirado de la competici\u00f3n desde el Tour de Hungr\u00eda de 2024 su objetivo es no sufrir demasiado, como reconoci\u00f3 en <a href=\"https:\/\/skodatitandesertalmeria.com\/sagan-el-ciclismo-de-montana-es-mucho-mas-divertido\/\">la entrevista<\/a> de presentaci\u00f3n de la <strong>\u0160koda <\/strong> Titan Desert Almeria 2025. Reconoci\u00f3 que compiti\u00f3 demasiado y que el ciclismo de carretera le acab\u00f3 saturando, tanto f\u00edsica como mentalmente. La MTB ha sido su liberaci\u00f3n. Ha dejado la competici\u00f3n a un lado y prefiere eventos como el de Almer\u00eda para poder disfrutar con los aficionados y charlar con ellos. Eso no quiere decir\u00a0 que en cuanto se ponga el dorsal no acelere, pero sin la presi\u00f3n de tener unos objetivos.<\/p>\n<p>El eslovaco ser\u00e1 junto a Luis Le\u00f3n S\u00e1nchez y Luis Angel Mat\u00e9 los ciclistas m\u00e1s ilustres de una carrera que ya ha cogido su formato y que mantiene en las \u00faltimas ediciones. La gran novedad de 2024 ser\u00e1s la bonificaciones en meta, que ya se pusieron a prueba en la Skoda Titan Desert Morocco. Tambi\u00e9n vuelve el <strong>\u0160koda <\/strong> Challenge en el Velefique. que premiar\u00e1 con segundos extra a los m\u00e1s r\u00e1pidos en subir al puerto almeriense.<\/p>\n<p><img loading=\"lazy\" decoding=\"async\" class=\"alignnone size-extra-large\" src=\"https:\/\/skodatitandesertalmeria.com\/wp-content\/uploads\/2024\/06\/Peter-sportful-46.jpg\" width=\"2048\" height=\"1365\" \/><\/p>\n<p>&nbsp;<\/p>\n<h2><strong>Recorrido<\/strong><\/h2>\n<p>La quinta edici\u00f3n de la <strong>\u0160koda<\/strong> Titan Desert Almer\u00eda arranca el s\u00e1bado 5 de octubre con una etapa <a href=\"https:\/\/skodatitandesertalmeria.com\/recorrido\/\">de 100 kil\u00f3metros y unos 1.000 metros de desnivel<\/a> por el Cabo de Gata.<br \/>\nSalida y meta en El Toyo, junto al Hotel Oficial de la prueba y un recorrido quebrado que empieza por la costa almeriense con subidas cortas pero de gran desnivel.\u00a0 En la zona intermedia de la etapa, nos adentramos en el interior por pistas en buen estado y alg\u00fan peque\u00f1o tramo de sendero. A partir de Albaricoques, donde se encuentra la segunda estaci\u00f3n de hidrataci\u00f3n, cambia el terreno para tomar pistas muy r\u00e1pidas, anchas y polvorientas, hasta desembocar en una gran rambla, muy complicada de superar, que\u00a0 llevar\u00e1 a los corredores de nuevo al punto de salida.<\/p>\n<p>En\u00a0 la <strong>segunda etapa llega la monta\u00f1a con el alto de Nijar<\/strong>, que siempre hace saltar por los aires la clasificaci\u00f3n. No solo por la subida, sino por su complicado descenso hasta Turrillas.\u00a0 Desde all\u00ed, todo es favorable hasta Tabernas. Pero la parte final de la etapa que discurre por pistas en buen estado tiene un constante ascenso hasta llegar al Circuito Costa de Almer\u00eda, donde se encontrar\u00e1 la l\u00ednea de meta. En total unos 83 kil\u00f3metros y casi 2.000 metros de desnivel desde la Costa de Almer\u00eda hasta el Circuito.<\/p>\n<p>El lunes 7 de octubre llega la etapa reina, la <strong>\u0160koda We Love Cycling, con el Alto de Velefique como punto clave. La etapa sale de Tabernas y acaba en el mismo lugar para hacer un bucle de casi 100 kil\u00f3metros y 2.300 metros de desnivel marcados por el Velefique. La subida, de m\u00e1s de 13 kil\u00f3metros y 1.000 metros de desnivel est\u00e1 situada a mitad de la etapa y dar\u00e1 bonificaci\u00f3n a los m\u00e1s r\u00e1pidos. Adem\u00e1s, el segmento de Strava de Velefique es el primero verificado de Espa\u00f1a en MTB y los dos mejores tiempos son los de Luis Angel Mat\u00e9 y Tessa Korteekas, conseguidos en la edici\u00f3n de 2023.<\/strong><\/p>\n<p><img loading=\"lazy\" decoding=\"async\" class=\"alignnone size-extra-large\" src=\"https:\/\/skodatitandesertalmeria.com\/wp-content\/uploads\/2022\/10\/Oriol_EntregaEtapa3-2-1-1536x1022.jpg\" width=\"1536\" height=\"1022\" \/><\/p>\n<p>Desde la cima a\u00fan queda un peque\u00f1o tramo en subida para afrontar luego un largo descenso pedregoso y algo t\u00e9cnico. Una vez en el plano solo quedan pistas hasta el punto de salida de Tabernas.<\/p>\n<p>La etapa cuatro cerrar\u00e1 la quinta edici\u00f3n de la <strong>\u0160koda Titan Desert Almer\u00eda<\/strong> con un recorrido habitual entre el Circuito de Tabernas y el Toyo. La jornada de 80 kil\u00f3metros y poco m\u00e1s de 800 metros desnivel tiene una primera parte del recorrido circula por pistas favorables y una gran rambla en descenso, una parte sin dificultad hasta entrar en el Campo de Maniobras del Tercio Don Juan de Austria, donde nos estar\u00e1 esperando todo el desnivel positivo del d\u00eda. A la salida y tras una pista con constantes subidas y bajadas cortas pero intensas, la parte final siempre en sentido descendente nos llevar\u00e1 hasta la orilla del mar justo antes de la meta en El Toyo. All\u00ed todos recoger\u00e1n su trofeo de finalista y solo algunos, los elegidos, subir\u00e1n al podio como los r\u00e1pidos de la edici\u00f3n 2024 en las varias categor\u00edas que tiene clasificaci\u00f3n.<\/p>\n<p><strong>\u00a0<\/strong><\/p>\n","protected":false},"excerpt":{"rendered":"<p>Medio millar de bikers pedalear\u00e1n del 5 al 8 de octubre junto a Peter Sagan en la quinta edici\u00f3n de [&hellip;]<\/p>\n","protected":false},"author":29,"featured_media":6358,"comment_status":"open","ping_status":"open","sticky":false,"template":"","format":"standard","meta":{"footnotes":""},"categories":[9],"tags":[314,2199],"global-categories":[1164],"class_list":["post-11231","post","type-post","status-publish","format-standard","has-post-thumbnail","hentry","category-mtb-aventura","tag-peter-sagan","tag-skoda-titan-desert-almeria","global-categories-cycling"],"yoast_head":"<!-- This site is optimized with the Yoast SEO Premium plugin v25.3 (Yoast SEO v25.9) - https:\/\/yoast.com\/wordpress\/plugins\/seo\/ -->\n<title>Peter Sagan abre el cartel de la \u0160koda Titan Desert Almeria 2024 - \u0160koda We Love Cycling - Spain<\/title>\n<meta name=\"description\" content=\"Peter Sagan, protagonista de la \u0160koda Titan Desert Almeria 2024. El eslovaco es la gran atracci\u00f3n de una carrera que ha vuelto a completar inscritos.\" \/>\n<meta name=\"robots\" content=\"index, follow, max-snippet:-1, max-image-preview:large, max-video-preview:-1\" \/>\n<link rel=\"canonical\" href=\"https:\/\/www.welovecycling.com\/es\/2024\/10\/03\/peter-sagan-abre-el-cartel-de-la-skoda-titan-desert-almeria-2024\/\" \/>\n<meta property=\"og:locale\" content=\"es_ES\" \/>\n<meta property=\"og:type\" content=\"article\" \/>\n<meta property=\"og:title\" content=\"Peter Sagan abre el cartel de la \u0160koda Titan Desert Almeria 2024\" \/>\n<meta property=\"og:description\" content=\"Peter Sagan, protagonista de la \u0160koda Titan Desert Almeria 2024. El eslovaco es la gran atracci\u00f3n de una carrera que ha vuelto a completar inscritos.\" \/>\n<meta property=\"og:url\" content=\"https:\/\/www.welovecycling.com\/es\/2024\/10\/03\/peter-sagan-abre-el-cartel-de-la-skoda-titan-desert-almeria-2024\/\" \/>\n<meta property=\"og:site_name\" content=\"\u0160koda We Love Cycling - Spain\" \/>\n<meta property=\"article:published_time\" content=\"2024-10-03T08:53:48+00:00\" \/>\n<meta property=\"article:modified_time\" content=\"2024-10-03T09:09:14+00:00\" \/>\n<meta property=\"og:image\" content=\"https:\/\/d2p6e6u75xmxt8.cloudfront.net\/6\/2020\/07\/Peter-Sagan-CVR-profimedia-0467892447.jpg\" \/>\n\t<meta property=\"og:image:width\" content=\"1366\" \/>\n\t<meta property=\"og:image:height\" content=\"600\" \/>\n\t<meta property=\"og:image:type\" content=\"image\/jpeg\" \/>\n<meta name=\"author\" content=\"We Love Cycling Spain\" \/>\n<meta name=\"twitter:card\" content=\"summary_large_image\" \/>\n<meta name=\"twitter:description\" content=\"Peter Sagan, protagonista de la \u0160koda Titan Desert Almeria 2024. El eslovaco es la gran atracci\u00f3n de una carrera que ha vuelto a completar inscritos.\" \/>\n<meta name=\"twitter:label1\" content=\"Written by\" \/>\n\t<meta name=\"twitter:data1\" content=\"Luis Ortega @Ciclored\" \/>\n\t<meta name=\"twitter:label2\" content=\"Est. reading time\" \/>\n\t<meta name=\"twitter:data2\" content=\"5 minutes\" \/>\n<script type=\"application\/ld+json\" class=\"yoast-schema-graph\">{\"@context\":\"https:\/\/schema.org\",\"@graph\":[{\"@type\":\"WebPage\",\"@id\":\"https:\/\/www.welovecycling.com\/es\/2024\/10\/03\/peter-sagan-abre-el-cartel-de-la-skoda-titan-desert-almeria-2024\/\",\"url\":\"https:\/\/www.welovecycling.com\/es\/2024\/10\/03\/peter-sagan-abre-el-cartel-de-la-skoda-titan-desert-almeria-2024\/\",\"name\":\"Peter Sagan abre el cartel de la \u0160koda Titan Desert Almeria 2024 - \u0160koda We Love Cycling - Spain\",\"isPartOf\":{\"@id\":\"https:\/\/www.welovecycling.com\/es\/#website\"},\"primaryImageOfPage\":{\"@id\":\"https:\/\/www.welovecycling.com\/es\/2024\/10\/03\/peter-sagan-abre-el-cartel-de-la-skoda-titan-desert-almeria-2024\/#primaryimage\"},\"image\":{\"@id\":\"https:\/\/www.welovecycling.com\/es\/2024\/10\/03\/peter-sagan-abre-el-cartel-de-la-skoda-titan-desert-almeria-2024\/#primaryimage\"},\"thumbnailUrl\":\"https:\/\/d2p6e6u75xmxt8.cloudfront.net\/6\/2020\/07\/Peter-Sagan-CVR-profimedia-0467892447.jpg\",\"datePublished\":\"2024-10-03T08:53:48+00:00\",\"dateModified\":\"2024-10-03T09:09:14+00:00\",\"author\":{\"@id\":\"https:\/\/www.welovecycling.com\/es\/#\/schema\/person\/deb61715b5812698ee79fb96f343ccd4\"},\"description\":\"Peter Sagan, protagonista de la \u0160koda Titan Desert Almeria 2024. El eslovaco es la gran atracci\u00f3n de una carrera que ha vuelto a completar inscritos.\",\"breadcrumb\":{\"@id\":\"https:\/\/www.welovecycling.com\/es\/2024\/10\/03\/peter-sagan-abre-el-cartel-de-la-skoda-titan-desert-almeria-2024\/#breadcrumb\"},\"inLanguage\":\"es-ES\",\"potentialAction\":[{\"@type\":\"ReadAction\",\"target\":[\"https:\/\/www.welovecycling.com\/es\/2024\/10\/03\/peter-sagan-abre-el-cartel-de-la-skoda-titan-desert-almeria-2024\/\"]}]},{\"@type\":\"ImageObject\",\"inLanguage\":\"es-ES\",\"@id\":\"https:\/\/www.welovecycling.com\/es\/2024\/10\/03\/peter-sagan-abre-el-cartel-de-la-skoda-titan-desert-almeria-2024\/#primaryimage\",\"url\":\"https:\/\/d2p6e6u75xmxt8.cloudfront.net\/6\/2020\/07\/Peter-Sagan-CVR-profimedia-0467892447.jpg\",\"contentUrl\":\"https:\/\/d2p6e6u75xmxt8.cloudfront.net\/6\/2020\/07\/Peter-Sagan-CVR-profimedia-0467892447.jpg\",\"width\":1366,\"height\":600},{\"@type\":\"BreadcrumbList\",\"@id\":\"https:\/\/www.welovecycling.com\/es\/2024\/10\/03\/peter-sagan-abre-el-cartel-de-la-skoda-titan-desert-almeria-2024\/#breadcrumb\",\"itemListElement\":[{\"@type\":\"ListItem\",\"position\":1,\"name\":\"Home\",\"item\":\"https:\/\/www.welovecycling.com\/es\/\"},{\"@type\":\"ListItem\",\"position\":2,\"name\":\"Peter Sagan abre el cartel de la \u0160koda Titan Desert Almeria 2024\"}]},{\"@type\":\"WebSite\",\"@id\":\"https:\/\/www.welovecycling.com\/es\/#website\",\"url\":\"https:\/\/www.welovecycling.com\/es\/\",\"name\":\"\u0160koda We Love Cycling - Spain\",\"description\":\"\u0160koda WeLoveCycling Spain\",\"potentialAction\":[{\"@type\":\"SearchAction\",\"target\":{\"@type\":\"EntryPoint\",\"urlTemplate\":\"https:\/\/www.welovecycling.com\/es\/?s={search_term_string}\"},\"query-input\":{\"@type\":\"PropertyValueSpecification\",\"valueRequired\":true,\"valueName\":\"search_term_string\"}}],\"inLanguage\":\"es-ES\"},{\"@type\":\"Person\",\"@id\":\"https:\/\/www.welovecycling.com\/es\/#\/schema\/person\/deb61715b5812698ee79fb96f343ccd4\",\"name\":\"We Love Cycling Spain\",\"image\":{\"@type\":\"ImageObject\",\"inLanguage\":\"es-ES\",\"@id\":\"https:\/\/www.welovecycling.com\/es\/#\/schema\/person\/image\/\",\"url\":\"https:\/\/secure.gravatar.com\/avatar\/c824b04e6df0e37a03219d0b6481672889df542894588964102459e46513159c?s=96&d=mm&r=g\",\"contentUrl\":\"https:\/\/secure.gravatar.com\/avatar\/c824b04e6df0e37a03219d0b6481672889df542894588964102459e46513159c?s=96&d=mm&r=g\",\"caption\":\"We Love Cycling Spain\"},\"url\":\"https:\/\/www.welovecycling.com\/es\/author\/amunoz\/\"}]}<\/script>\n<!-- \/ Yoast SEO Premium plugin. -->","yoast_head_json":{"title":"Peter Sagan abre el cartel de la \u0160koda Titan Desert Almeria 2024 - \u0160koda We Love Cycling - Spain","description":"Peter Sagan, protagonista de la \u0160koda Titan Desert Almeria 2024. El eslovaco es la gran atracci\u00f3n de una carrera que ha vuelto a completar inscritos.","robots":{"index":"index","follow":"follow","max-snippet":"max-snippet:-1","max-image-preview":"max-image-preview:large","max-video-preview":"max-video-preview:-1"},"canonical":"https:\/\/www.welovecycling.com\/es\/2024\/10\/03\/peter-sagan-abre-el-cartel-de-la-skoda-titan-desert-almeria-2024\/","og_locale":"es_ES","og_type":"article","og_title":"Peter Sagan abre el cartel de la \u0160koda Titan Desert Almeria 2024","og_description":"Peter Sagan, protagonista de la \u0160koda Titan Desert Almeria 2024. El eslovaco es la gran atracci\u00f3n de una carrera que ha vuelto a completar inscritos.","og_url":"https:\/\/www.welovecycling.com\/es\/2024\/10\/03\/peter-sagan-abre-el-cartel-de-la-skoda-titan-desert-almeria-2024\/","og_site_name":"\u0160koda We Love Cycling - Spain","article_published_time":"2024-10-03T08:53:48+00:00","article_modified_time":"2024-10-03T09:09:14+00:00","og_image":[{"width":1366,"height":600,"url":"https:\/\/d2p6e6u75xmxt8.cloudfront.net\/6\/2020\/07\/Peter-Sagan-CVR-profimedia-0467892447.jpg","type":"image\/jpeg"}],"author":"We Love Cycling Spain","twitter_card":"summary_large_image","twitter_description":"Peter Sagan, protagonista de la \u0160koda Titan Desert Almeria 2024. El eslovaco es la gran atracci\u00f3n de una carrera que ha vuelto a completar inscritos.","twitter_misc":{"Written by":"Luis Ortega @Ciclored","Est. reading time":"5 minutes"},"schema":{"@context":"https:\/\/schema.org","@graph":[{"@type":"WebPage","@id":"https:\/\/www.welovecycling.com\/es\/2024\/10\/03\/peter-sagan-abre-el-cartel-de-la-skoda-titan-desert-almeria-2024\/","url":"https:\/\/www.welovecycling.com\/es\/2024\/10\/03\/peter-sagan-abre-el-cartel-de-la-skoda-titan-desert-almeria-2024\/","name":"Peter Sagan abre el cartel de la \u0160koda Titan Desert Almeria 2024 - \u0160koda We Love Cycling - Spain","isPartOf":{"@id":"https:\/\/www.welovecycling.com\/es\/#website"},"primaryImageOfPage":{"@id":"https:\/\/www.welovecycling.com\/es\/2024\/10\/03\/peter-sagan-abre-el-cartel-de-la-skoda-titan-desert-almeria-2024\/#primaryimage"},"image":{"@id":"https:\/\/www.welovecycling.com\/es\/2024\/10\/03\/peter-sagan-abre-el-cartel-de-la-skoda-titan-desert-almeria-2024\/#primaryimage"},"thumbnailUrl":"https:\/\/d2p6e6u75xmxt8.cloudfront.net\/6\/2020\/07\/Peter-Sagan-CVR-profimedia-0467892447.jpg","datePublished":"2024-10-03T08:53:48+00:00","dateModified":"2024-10-03T09:09:14+00:00","author":{"@id":"https:\/\/www.welovecycling.com\/es\/#\/schema\/person\/deb61715b5812698ee79fb96f343ccd4"},"description":"Peter Sagan, protagonista de la \u0160koda Titan Desert Almeria 2024. El eslovaco es la gran atracci\u00f3n de una carrera que ha vuelto a completar inscritos.","breadcrumb":{"@id":"https:\/\/www.welovecycling.com\/es\/2024\/10\/03\/peter-sagan-abre-el-cartel-de-la-skoda-titan-desert-almeria-2024\/#breadcrumb"},"inLanguage":"es-ES","potentialAction":[{"@type":"ReadAction","target":["https:\/\/www.welovecycling.com\/es\/2024\/10\/03\/peter-sagan-abre-el-cartel-de-la-skoda-titan-desert-almeria-2024\/"]}]},{"@type":"ImageObject","inLanguage":"es-ES","@id":"https:\/\/www.welovecycling.com\/es\/2024\/10\/03\/peter-sagan-abre-el-cartel-de-la-skoda-titan-desert-almeria-2024\/#primaryimage","url":"https:\/\/d2p6e6u75xmxt8.cloudfront.net\/6\/2020\/07\/Peter-Sagan-CVR-profimedia-0467892447.jpg","contentUrl":"https:\/\/d2p6e6u75xmxt8.cloudfront.net\/6\/2020\/07\/Peter-Sagan-CVR-profimedia-0467892447.jpg","width":1366,"height":600},{"@type":"BreadcrumbList","@id":"https:\/\/www.welovecycling.com\/es\/2024\/10\/03\/peter-sagan-abre-el-cartel-de-la-skoda-titan-desert-almeria-2024\/#breadcrumb","itemListElement":[{"@type":"ListItem","position":1,"name":"Home","item":"https:\/\/www.welovecycling.com\/es\/"},{"@type":"ListItem","position":2,"name":"Peter Sagan abre el cartel de la \u0160koda Titan Desert Almeria 2024"}]},{"@type":"WebSite","@id":"https:\/\/www.welovecycling.com\/es\/#website","url":"https:\/\/www.welovecycling.com\/es\/","name":"\u0160koda We Love Cycling - Spain","description":"\u0160koda WeLoveCycling Spain","potentialAction":[{"@type":"SearchAction","target":{"@type":"EntryPoint","urlTemplate":"https:\/\/www.welovecycling.com\/es\/?s={search_term_string}"},"query-input":{"@type":"PropertyValueSpecification","valueRequired":true,"valueName":"search_term_string"}}],"inLanguage":"es-ES"},{"@type":"Person","@id":"https:\/\/www.welovecycling.com\/es\/#\/schema\/person\/deb61715b5812698ee79fb96f343ccd4","name":"We Love Cycling Spain","image":{"@type":"ImageObject","inLanguage":"es-ES","@id":"https:\/\/www.welovecycling.com\/es\/#\/schema\/person\/image\/","url":"https:\/\/secure.gravatar.com\/avatar\/c824b04e6df0e37a03219d0b6481672889df542894588964102459e46513159c?s=96&d=mm&r=g","contentUrl":"https:\/\/secure.gravatar.com\/avatar\/c824b04e6df0e37a03219d0b6481672889df542894588964102459e46513159c?s=96&d=mm&r=g","caption":"We Love Cycling Spain"},"url":"https:\/\/www.welovecycling.com\/es\/author\/amunoz\/"}]}},"_links":{"self":[{"href":"https:\/\/www.welovecycling.com\/es\/wp-json\/wp\/v2\/posts\/11231","targetHints":{"allow":["GET"]}}],"collection":[{"href":"https:\/\/www.welovecycling.com\/es\/wp-json\/wp\/v2\/posts"}],"about":[{"href":"https:\/\/www.welovecycling.com\/es\/wp-json\/wp\/v2\/types\/post"}],"author":[{"embeddable":true,"href":"https:\/\/www.welovecycling.com\/es\/wp-json\/wp\/v2\/users\/29"}],"replies":[{"embeddable":true,"href":"https:\/\/www.welovecycling.com\/es\/wp-json\/wp\/v2\/comments?post=11231"}],"version-history":[{"count":3,"href":"https:\/\/www.welovecycling.com\/es\/wp-json\/wp\/v2\/posts\/11231\/revisions"}],"predecessor-version":[{"id":11234,"href":"https:\/\/www.welovecycling.com\/es\/wp-json\/wp\/v2\/posts\/11231\/revisions\/11234"}],"wp:featuredmedia":[{"embeddable":true,"href":"https:\/\/www.welovecycling.com\/es\/wp-json\/wp\/v2\/media\/6358"}],"wp:attachment":[{"href":"https:\/\/www.welovecycling.com\/es\/wp-json\/wp\/v2\/media?parent=11231"}],"wp:term":[{"taxonomy":"category","embeddable":true,"href":"https:\/\/www.welovecycling.com\/es\/wp-json\/wp\/v2\/categories?post=11231"},{"taxonomy":"post_tag","embeddable":true,"href":"https:\/\/www.welovecycling.com\/es\/wp-json\/wp\/v2\/tags?post=11231"},{"taxonomy":"global-categories","embeddable":true,"href":"https:\/\/www.welovecycling.com\/es\/wp-json\/wp\/v2\/global-categories?post=11231"}],"curies":[{"name":"wp","href":"https:\/\/api.w.org\/{rel}","templated":true}]}}