{"id":11216,"date":"2024-09-30T11:18:42","date_gmt":"2024-09-30T09:18:42","guid":{"rendered":"https:\/\/www.welovecycling.com\/es\/?p=11216"},"modified":"2024-09-30T11:18:42","modified_gmt":"2024-09-30T09:18:42","slug":"bicicletas-electricas-digitales","status":"publish","type":"post","link":"https:\/\/www.welovecycling.com\/es\/2024\/09\/30\/bicicletas-electricas-digitales\/","title":{"rendered":"Las bicicletas el\u00e9ctricas ser\u00e1n m\u00e1s digitales en 2025"},"content":{"rendered":"<p style=\"font-weight: 400;\"><strong>Las bicicletas el\u00e9ctricas ya est\u00e1n equipadas con pantallas digitales, y muchas de ellas intercambian informaci\u00f3n con las aplicaciones de los smartphones de los usuarios. Sin embargo, la cantidad de datos y la frecuencia de su intercambio van a aumentar considerablemente. \u00bfTienes curiosidad por saber de qu\u00e9 ser\u00e1 capaz tu pr\u00f3xima e-bike?<\/strong><\/p>\n<p style=\"font-weight: 400;\"><!--more--><\/p>\n<p>El mercado de las e-bikes ha experimentado un notable crecimiento y se espera que <a href=\"https:\/\/www.bikechange.guru\/blog\/e-bike-evolution-what-to-expect-in-cycling-trends-by-2025\/\">se dispare hasta los 112.730 millones de d\u00f3lares<\/a> en 2030. A medida que el sector se expande, se destinan m\u00e1s recursos al desarrollo de las bicicletas el\u00e9ctricas, que avanza a toda m\u00e1quina.<\/p>\n<p>En una reciente rueda de prensa durante la feria Eurobike, los representantes de Bosch eBike Systems afirmaron que todos sus productos para 2024 proceden del <a href=\"https:\/\/www.ebike24.com\/blog\/ebike-bosch-eurobike-2024-novelties\">mundo digital<\/a> o, m\u00e1s exactamente, del cosmos de las bicicletas conectadas. Las bicicletas el\u00e9ctricas se est\u00e1n convirtiendo en compa\u00f1eros inteligentes y conectados que evolucionan continuamente a trav\u00e9s de actualizaciones, aprenden de cada viaje y siempre se sienten como nuevas.<\/p>\n<p>\u00bfQu\u00e9 nos espera en el horizonte? Los ciclistas electr\u00f3nicos pronto tendr\u00e1n acceso a datos sobre otros usuarios de la carretera y la infraestructura de tr\u00e1fico, lo que mejorar\u00e1 significativamente la seguridad vial. M\u00e1s datos tambi\u00e9n ayudar\u00e1n a <a href=\"https:\/\/www.welovecycling.com\/wide\/2021\/02\/19\/bikepacking-tips-planning-the-route\/\">planificar la ruta<\/a> y a cargar la bater\u00eda. En lugar de cambiar constantemente de marcha, los ciclistas podr\u00e1n confiar en las transmisiones autom\u00e1ticas. Todo esto y mucho m\u00e1s llegar\u00e1 en un futuro muy pr\u00f3ximo. Veamos m\u00e1s de cerca lo que nos depara el futuro.<\/p>\n<p>La conexi\u00f3n con los dispositivos inteligentes ser\u00e1 a\u00fan m\u00e1s estrecha e interactiva. Podr\u00e1s comprobar cu\u00e1nto tiempo queda hasta que la bater\u00eda est\u00e9 completamente cargada durante una parada, bloquear la bicicleta con el tel\u00e9fono y recibir una alerta si alguien intenta robarla. Los ciclistas tendr\u00e1n acceso a tanta informaci\u00f3n como deseen, como conocer la proporci\u00f3n de su propio esfuerzo frente a la asistencia del motor durante un trayecto.<\/p>\n<p>El intercambio de informaci\u00f3n se est\u00e1 haciendo multidireccional. Con el consentimiento de los usuarios, los desarrolladores de sistemas de propulsi\u00f3n recopilan valiosos datos sobre los h\u00e1bitos de conducci\u00f3n y el uso del motor, que se utilizan para mejorar su rendimiento.<\/p>\n<p>Los principales fabricantes tambi\u00e9n participan en el desarrollo de nuevas redes en las que las bicicletas el\u00e9ctricas, los coches, los sem\u00e1foros y otras partes de la infraestructura de transporte se comunicar\u00e1n entre s\u00ed para mejorar la seguridad vial. La \u00abCoalici\u00f3n para la Seguridad de los Ciclistas\u00bb est\u00e1 impulsando este desarrollo mediante esfuerzos coordinados y tecnolog\u00edas normalizadas. La tecnolog\u00eda <a href=\"https:\/\/www.ebike24.com\/blog\/initiative-coalition-for-cyclist-safety\">\u00abveh\u00edculo a todo\u00bb (V2X)<\/a> se considera una piedra angular en el camino hacia la conducci\u00f3n aut\u00f3noma. Este enfoque se basa en que los veh\u00edculos se detecten entre s\u00ed mediante sensores, intercambien datos de posici\u00f3n y conducci\u00f3n y eviten as\u00ed colisiones. Sem\u00e1foros, se\u00f1ales de tr\u00e1fico, pasos de peatones y elementos similares tambi\u00e9n forman parte de esta red de comunicaci\u00f3n.<\/p>\n<p>Poco a poco nos hemos ido acostumbrando a la introducci\u00f3n de tecnolog\u00edas procedentes de otros medios de transporte, como el ABS. El asistente de frenado, antes est\u00e1ndar en coches y motocicletas, ha encontrado su lugar en forma m\u00e1s peque\u00f1a y ligera en las bicicletas el\u00e9ctricas, ayudando a optimizar la fuerza de frenado y a evitar ca\u00eddas. Con el ABS, es posible frenar con seguridad incluso en superficies sueltas o resbaladizas, y gracias a una aplicaci\u00f3n m\u00f3vil, los <a href=\"https:\/\/www.bosch-ebike.com\/en\/products\/ebike-flow-app\/updates\/version-1-22\">ciclistas pueden ver ahora<\/a> con qu\u00e9 frecuencia interviene el sistema.<\/p>\n<p>La <a href=\"https:\/\/www.bosch-ebike.com\/en\/news\/new-features-for-model-year-2025\">funci\u00f3n Range Control<\/a> ayuda a los ciclistas a planificar su ruta en una aplicaci\u00f3n m\u00f3vil conectada mediante la predicci\u00f3n de la capacidad de la bater\u00eda que consumir\u00e1 el la ruta y el porcentaje de bater\u00eda que quedar\u00e1 al llegar. La inteligencia artificial ayuda a realizar las estimaciones m\u00e1s precisas posibles. El c\u00e1lculo se basa en numerosas variables, como el perfil de la ruta, la temperatura, la presi\u00f3n de los neum\u00e1ticos, las condiciones del viento, el peso del ciclista, etc. Si circulas con frecuencia por la misma zona, el sistema lo incorporar\u00e1 a su algoritmo.<\/p>\n<p>El sal\u00f3n Eurobike de este a\u00f1o tambi\u00e9n ha presentado varias soluciones interesantes para el cambio de marchas autom\u00e1tico. Entre ellas, destaca el producto de Tektro Racing Parts. El <a href=\"https:\/\/www.bikeradar.com\/news\/trp-bosch-easi-a12-electronic-drivetrain\">desviador TRP E.A.S.I. A12<\/a>, dise\u00f1ado espec\u00edficamente para bicicletas el\u00e9ctricas de monta\u00f1a, est\u00e1 a la vanguardia de esta innovaci\u00f3n. En modo autom\u00e1tico, el sistema eShift se encarga de cambiar de marcha por ti, ajustando autom\u00e1ticamente la relaci\u00f3n de marchas para que coincida con la cadencia que hayas preestablecido como tu nivel preferido. El sistema detecta incluso los momentos en los que vas por inercia. Mide si tu velocidad aumenta o disminuye durante ese tiempo y selecciona la relaci\u00f3n de marchas que permite reanudar el pedaleo con la mayor suavidad posible.<\/p>\n<p>Mientras las bicicletas el\u00e9ctricas siguen integrando tecnolog\u00eda de vanguardia, la experiencia del ciclismo se vuelve m\u00e1s fluida, intuitiva y conectada. A medida que nos acercamos a 2025 y m\u00e1s all\u00e1, est\u00e1 claro que las bicicletas el\u00e9ctricas no s\u00f3lo est\u00e1n evolucionando, sino que est\u00e1n liderando el avance hacia una nueva era de experiencias inteligentes y conectadas.<\/p>\n","protected":false},"excerpt":{"rendered":"<p>Las bicicletas el\u00e9ctricas ya est\u00e1n equipadas con pantallas digitales, y muchas de ellas intercambian informaci\u00f3n con las aplicaciones de los [&hellip;]<\/p>\n","protected":false},"author":29,"featured_media":11217,"comment_status":"open","ping_status":"open","sticky":false,"template":"","format":"standard","meta":{"footnotes":""},"categories":[7],"tags":[129,127],"global-categories":[],"class_list":["post-11216","post","type-post","status-publish","format-standard","has-post-thumbnail","hentry","category-carretera","tag-bicicleta-electrica","tag-e-bike"],"yoast_head":"<!-- This site is optimized with the Yoast SEO Premium plugin v25.3 (Yoast SEO v25.9) - https:\/\/yoast.com\/wordpress\/plugins\/seo\/ -->\n<title>Las bicicletas el\u00e9ctricas ser\u00e1n m\u00e1s digitales en 2025 - \u0160koda We Love Cycling - Spain<\/title>\n<meta name=\"description\" content=\"Las bicicletas el\u00e9ctricas ser\u00e1n m\u00e1s digitales en 2025. El futuro de las e-bikes dise\u00f1ado en el sal\u00f3n Eurobike.\" \/>\n<meta name=\"robots\" content=\"index, follow, max-snippet:-1, max-image-preview:large, max-video-preview:-1\" \/>\n<link rel=\"canonical\" href=\"https:\/\/www.welovecycling.com\/es\/2024\/09\/30\/bicicletas-electricas-digitales\/\" \/>\n<meta property=\"og:locale\" content=\"es_ES\" \/>\n<meta property=\"og:type\" content=\"article\" \/>\n<meta property=\"og:title\" content=\"Las bicicletas el\u00e9ctricas ser\u00e1n m\u00e1s digitales en 2025\" \/>\n<meta property=\"og:description\" content=\"Las bicicletas el\u00e9ctricas ser\u00e1n m\u00e1s digitales en 2025. El futuro de las e-bikes dise\u00f1ado en el sal\u00f3n Eurobike.\" \/>\n<meta property=\"og:url\" content=\"https:\/\/www.welovecycling.com\/es\/2024\/09\/30\/bicicletas-electricas-digitales\/\" \/>\n<meta property=\"og:site_name\" content=\"\u0160koda We Love Cycling - Spain\" \/>\n<meta property=\"article:published_time\" content=\"2024-09-30T09:18:42+00:00\" \/>\n<meta property=\"og:image\" content=\"https:\/\/d2p6e6u75xmxt8.cloudfront.net\/6\/2024\/09\/E-Bike-profimedia-0903231784-CVR.webp\" \/>\n\t<meta property=\"og:image:width\" content=\"990\" \/>\n\t<meta property=\"og:image:height\" content=\"660\" \/>\n\t<meta property=\"og:image:type\" content=\"image\/webp\" \/>\n<meta name=\"author\" content=\"We Love Cycling Spain\" \/>\n<meta name=\"twitter:card\" content=\"summary_large_image\" \/>\n<meta name=\"twitter:description\" content=\"Las bicicletas el\u00e9ctricas ser\u00e1n m\u00e1s digitales en 2025. El futuro de las e-bikes dise\u00f1ado en el sal\u00f3n Eurobike.\" \/>\n<meta name=\"twitter:label1\" content=\"Written by\" \/>\n\t<meta name=\"twitter:data1\" content=\"Adam Marsal\" \/>\n\t<meta name=\"twitter:label2\" content=\"Est. reading time\" \/>\n\t<meta name=\"twitter:data2\" content=\"3\" \/>\n<script type=\"application\/ld+json\" class=\"yoast-schema-graph\">{\"@context\":\"https:\/\/schema.org\",\"@graph\":[{\"@type\":\"WebPage\",\"@id\":\"https:\/\/www.welovecycling.com\/es\/2024\/09\/30\/bicicletas-electricas-digitales\/\",\"url\":\"https:\/\/www.welovecycling.com\/es\/2024\/09\/30\/bicicletas-electricas-digitales\/\",\"name\":\"Las bicicletas el\u00e9ctricas ser\u00e1n m\u00e1s digitales en 2025 - \u0160koda We Love Cycling - Spain\",\"isPartOf\":{\"@id\":\"https:\/\/www.welovecycling.com\/es\/#website\"},\"primaryImageOfPage\":{\"@id\":\"https:\/\/www.welovecycling.com\/es\/2024\/09\/30\/bicicletas-electricas-digitales\/#primaryimage\"},\"image\":{\"@id\":\"https:\/\/www.welovecycling.com\/es\/2024\/09\/30\/bicicletas-electricas-digitales\/#primaryimage\"},\"thumbnailUrl\":\"https:\/\/d2p6e6u75xmxt8.cloudfront.net\/6\/2024\/09\/E-Bike-profimedia-0903231784-CVR.webp\",\"datePublished\":\"2024-09-30T09:18:42+00:00\",\"author\":{\"@id\":\"https:\/\/www.welovecycling.com\/es\/#\/schema\/person\/deb61715b5812698ee79fb96f343ccd4\"},\"description\":\"Las bicicletas el\u00e9ctricas ser\u00e1n m\u00e1s digitales en 2025. El futuro de las e-bikes dise\u00f1ado en el sal\u00f3n Eurobike.\",\"breadcrumb\":{\"@id\":\"https:\/\/www.welovecycling.com\/es\/2024\/09\/30\/bicicletas-electricas-digitales\/#breadcrumb\"},\"inLanguage\":\"es-ES\",\"potentialAction\":[{\"@type\":\"ReadAction\",\"target\":[\"https:\/\/www.welovecycling.com\/es\/2024\/09\/30\/bicicletas-electricas-digitales\/\"]}]},{\"@type\":\"ImageObject\",\"inLanguage\":\"es-ES\",\"@id\":\"https:\/\/www.welovecycling.com\/es\/2024\/09\/30\/bicicletas-electricas-digitales\/#primaryimage\",\"url\":\"https:\/\/d2p6e6u75xmxt8.cloudfront.net\/6\/2024\/09\/E-Bike-profimedia-0903231784-CVR.webp\",\"contentUrl\":\"https:\/\/d2p6e6u75xmxt8.cloudfront.net\/6\/2024\/09\/E-Bike-profimedia-0903231784-CVR.webp\",\"width\":990,\"height\":660,\"caption\":\"E-bike\"},{\"@type\":\"BreadcrumbList\",\"@id\":\"https:\/\/www.welovecycling.com\/es\/2024\/09\/30\/bicicletas-electricas-digitales\/#breadcrumb\",\"itemListElement\":[{\"@type\":\"ListItem\",\"position\":1,\"name\":\"Home\",\"item\":\"https:\/\/www.welovecycling.com\/es\/\"},{\"@type\":\"ListItem\",\"position\":2,\"name\":\"Las bicicletas el\u00e9ctricas ser\u00e1n m\u00e1s digitales en 2025\"}]},{\"@type\":\"WebSite\",\"@id\":\"https:\/\/www.welovecycling.com\/es\/#website\",\"url\":\"https:\/\/www.welovecycling.com\/es\/\",\"name\":\"\u0160koda We Love Cycling - Spain\",\"description\":\"\u0160koda WeLoveCycling Spain\",\"potentialAction\":[{\"@type\":\"SearchAction\",\"target\":{\"@type\":\"EntryPoint\",\"urlTemplate\":\"https:\/\/www.welovecycling.com\/es\/?s={search_term_string}\"},\"query-input\":{\"@type\":\"PropertyValueSpecification\",\"valueRequired\":true,\"valueName\":\"search_term_string\"}}],\"inLanguage\":\"es-ES\"},{\"@type\":\"Person\",\"@id\":\"https:\/\/www.welovecycling.com\/es\/#\/schema\/person\/deb61715b5812698ee79fb96f343ccd4\",\"name\":\"We Love Cycling Spain\",\"image\":{\"@type\":\"ImageObject\",\"inLanguage\":\"es-ES\",\"@id\":\"https:\/\/www.welovecycling.com\/es\/#\/schema\/person\/image\/\",\"url\":\"https:\/\/secure.gravatar.com\/avatar\/c824b04e6df0e37a03219d0b6481672889df542894588964102459e46513159c?s=96&d=mm&r=g\",\"contentUrl\":\"https:\/\/secure.gravatar.com\/avatar\/c824b04e6df0e37a03219d0b6481672889df542894588964102459e46513159c?s=96&d=mm&r=g\",\"caption\":\"We Love Cycling Spain\"},\"url\":\"https:\/\/www.welovecycling.com\/es\/author\/amunoz\/\"}]}<\/script>\n<!-- \/ Yoast SEO Premium plugin. -->","yoast_head_json":{"title":"Las bicicletas el\u00e9ctricas ser\u00e1n m\u00e1s digitales en 2025 - \u0160koda We Love Cycling - Spain","description":"Las bicicletas el\u00e9ctricas ser\u00e1n m\u00e1s digitales en 2025. El futuro de las e-bikes dise\u00f1ado en el sal\u00f3n Eurobike.","robots":{"index":"index","follow":"follow","max-snippet":"max-snippet:-1","max-image-preview":"max-image-preview:large","max-video-preview":"max-video-preview:-1"},"canonical":"https:\/\/www.welovecycling.com\/es\/2024\/09\/30\/bicicletas-electricas-digitales\/","og_locale":"es_ES","og_type":"article","og_title":"Las bicicletas el\u00e9ctricas ser\u00e1n m\u00e1s digitales en 2025","og_description":"Las bicicletas el\u00e9ctricas ser\u00e1n m\u00e1s digitales en 2025. El futuro de las e-bikes dise\u00f1ado en el sal\u00f3n Eurobike.","og_url":"https:\/\/www.welovecycling.com\/es\/2024\/09\/30\/bicicletas-electricas-digitales\/","og_site_name":"\u0160koda We Love Cycling - Spain","article_published_time":"2024-09-30T09:18:42+00:00","og_image":[{"width":990,"height":660,"url":"https:\/\/d2p6e6u75xmxt8.cloudfront.net\/6\/2024\/09\/E-Bike-profimedia-0903231784-CVR.webp","type":"image\/webp"}],"author":"We Love Cycling Spain","twitter_card":"summary_large_image","twitter_description":"Las bicicletas el\u00e9ctricas ser\u00e1n m\u00e1s digitales en 2025. El futuro de las e-bikes dise\u00f1ado en el sal\u00f3n Eurobike.","twitter_misc":{"Written by":"Adam Marsal","Est. reading time":"3"},"schema":{"@context":"https:\/\/schema.org","@graph":[{"@type":"WebPage","@id":"https:\/\/www.welovecycling.com\/es\/2024\/09\/30\/bicicletas-electricas-digitales\/","url":"https:\/\/www.welovecycling.com\/es\/2024\/09\/30\/bicicletas-electricas-digitales\/","name":"Las bicicletas el\u00e9ctricas ser\u00e1n m\u00e1s digitales en 2025 - \u0160koda We Love Cycling - Spain","isPartOf":{"@id":"https:\/\/www.welovecycling.com\/es\/#website"},"primaryImageOfPage":{"@id":"https:\/\/www.welovecycling.com\/es\/2024\/09\/30\/bicicletas-electricas-digitales\/#primaryimage"},"image":{"@id":"https:\/\/www.welovecycling.com\/es\/2024\/09\/30\/bicicletas-electricas-digitales\/#primaryimage"},"thumbnailUrl":"https:\/\/d2p6e6u75xmxt8.cloudfront.net\/6\/2024\/09\/E-Bike-profimedia-0903231784-CVR.webp","datePublished":"2024-09-30T09:18:42+00:00","author":{"@id":"https:\/\/www.welovecycling.com\/es\/#\/schema\/person\/deb61715b5812698ee79fb96f343ccd4"},"description":"Las bicicletas el\u00e9ctricas ser\u00e1n m\u00e1s digitales en 2025. El futuro de las e-bikes dise\u00f1ado en el sal\u00f3n Eurobike.","breadcrumb":{"@id":"https:\/\/www.welovecycling.com\/es\/2024\/09\/30\/bicicletas-electricas-digitales\/#breadcrumb"},"inLanguage":"es-ES","potentialAction":[{"@type":"ReadAction","target":["https:\/\/www.welovecycling.com\/es\/2024\/09\/30\/bicicletas-electricas-digitales\/"]}]},{"@type":"ImageObject","inLanguage":"es-ES","@id":"https:\/\/www.welovecycling.com\/es\/2024\/09\/30\/bicicletas-electricas-digitales\/#primaryimage","url":"https:\/\/d2p6e6u75xmxt8.cloudfront.net\/6\/2024\/09\/E-Bike-profimedia-0903231784-CVR.webp","contentUrl":"https:\/\/d2p6e6u75xmxt8.cloudfront.net\/6\/2024\/09\/E-Bike-profimedia-0903231784-CVR.webp","width":990,"height":660,"caption":"E-bike"},{"@type":"BreadcrumbList","@id":"https:\/\/www.welovecycling.com\/es\/2024\/09\/30\/bicicletas-electricas-digitales\/#breadcrumb","itemListElement":[{"@type":"ListItem","position":1,"name":"Home","item":"https:\/\/www.welovecycling.com\/es\/"},{"@type":"ListItem","position":2,"name":"Las bicicletas el\u00e9ctricas ser\u00e1n m\u00e1s digitales en 2025"}]},{"@type":"WebSite","@id":"https:\/\/www.welovecycling.com\/es\/#website","url":"https:\/\/www.welovecycling.com\/es\/","name":"\u0160koda We Love Cycling - Spain","description":"\u0160koda WeLoveCycling Spain","potentialAction":[{"@type":"SearchAction","target":{"@type":"EntryPoint","urlTemplate":"https:\/\/www.welovecycling.com\/es\/?s={search_term_string}"},"query-input":{"@type":"PropertyValueSpecification","valueRequired":true,"valueName":"search_term_string"}}],"inLanguage":"es-ES"},{"@type":"Person","@id":"https:\/\/www.welovecycling.com\/es\/#\/schema\/person\/deb61715b5812698ee79fb96f343ccd4","name":"We Love Cycling Spain","image":{"@type":"ImageObject","inLanguage":"es-ES","@id":"https:\/\/www.welovecycling.com\/es\/#\/schema\/person\/image\/","url":"https:\/\/secure.gravatar.com\/avatar\/c824b04e6df0e37a03219d0b6481672889df542894588964102459e46513159c?s=96&d=mm&r=g","contentUrl":"https:\/\/secure.gravatar.com\/avatar\/c824b04e6df0e37a03219d0b6481672889df542894588964102459e46513159c?s=96&d=mm&r=g","caption":"We Love Cycling Spain"},"url":"https:\/\/www.welovecycling.com\/es\/author\/amunoz\/"}]}},"_links":{"self":[{"href":"https:\/\/www.welovecycling.com\/es\/wp-json\/wp\/v2\/posts\/11216","targetHints":{"allow":["GET"]}}],"collection":[{"href":"https:\/\/www.welovecycling.com\/es\/wp-json\/wp\/v2\/posts"}],"about":[{"href":"https:\/\/www.welovecycling.com\/es\/wp-json\/wp\/v2\/types\/post"}],"author":[{"embeddable":true,"href":"https:\/\/www.welovecycling.com\/es\/wp-json\/wp\/v2\/users\/29"}],"replies":[{"embeddable":true,"href":"https:\/\/www.welovecycling.com\/es\/wp-json\/wp\/v2\/comments?post=11216"}],"version-history":[{"count":1,"href":"https:\/\/www.welovecycling.com\/es\/wp-json\/wp\/v2\/posts\/11216\/revisions"}],"predecessor-version":[{"id":11218,"href":"https:\/\/www.welovecycling.com\/es\/wp-json\/wp\/v2\/posts\/11216\/revisions\/11218"}],"wp:featuredmedia":[{"embeddable":true,"href":"https:\/\/www.welovecycling.com\/es\/wp-json\/wp\/v2\/media\/11217"}],"wp:attachment":[{"href":"https:\/\/www.welovecycling.com\/es\/wp-json\/wp\/v2\/media?parent=11216"}],"wp:term":[{"taxonomy":"category","embeddable":true,"href":"https:\/\/www.welovecycling.com\/es\/wp-json\/wp\/v2\/categories?post=11216"},{"taxonomy":"post_tag","embeddable":true,"href":"https:\/\/www.welovecycling.com\/es\/wp-json\/wp\/v2\/tags?post=11216"},{"taxonomy":"global-categories","embeddable":true,"href":"https:\/\/www.welovecycling.com\/es\/wp-json\/wp\/v2\/global-categories?post=11216"}],"curies":[{"name":"wp","href":"https:\/\/api.w.org\/{rel}","templated":true}]}}