{"id":11209,"date":"2024-09-26T10:46:38","date_gmt":"2024-09-26T08:46:38","guid":{"rendered":"https:\/\/www.welovecycling.com\/es\/?p=11209"},"modified":"2024-09-26T10:46:38","modified_gmt":"2024-09-26T08:46:38","slug":"deficit-energetico-2","status":"publish","type":"post","link":"https:\/\/www.welovecycling.com\/es\/2024\/09\/26\/deficit-energetico-2\/","title":{"rendered":"Como afecta el d\u00e9ficit energ\u00e9tico al rendimiento"},"content":{"rendered":"<p style=\"font-weight: 400;\"><strong>Un d\u00e9ficit energ\u00e9tico puede ser una herramienta poderosa para los ciclistas que intentan alcanzar su peso \u00f3ptimo para la carrera. Por desgracia, puede ser perjudicial no s\u00f3lo para la salud, sino tambi\u00e9n para el rendimiento. Veamos cu\u00e1ndo y c\u00f3mo afecta al rendimiento ciclista.<\/strong><\/p>\n<p><!--more--><\/p>\n<h2><strong>\u00bfCu\u00e1nto tiempo puedes estar con d\u00e9ficit energ\u00e9tico<\/strong><strong>?<\/strong><\/h2>\n<p>Un estudio reciente que sigui\u00f3 a una ciclista profesional en el Tour de France Femmes avec Zwift demostr\u00f3 que algunas ciclistas pueden estar en d\u00e9ficit durante m\u00e1s de una semana mientras compiten al m\u00e1s alto nivel. La ingesta media diaria de energ\u00eda de esta ciclista fue de unas 5.200 kcal, mientras que su gasto fue de unas 7.600 kcal. Durante los 8 d\u00edas de competici\u00f3n, se mantuvo en un d\u00e9ficit de 2.400 kcal, lo que le hizo perder 2,2 kg de peso corporal. A pesar de perder peso, su rendimiento no se vio afectado. Puedes leer m\u00e1s sobre la investigaci\u00f3n y <a href=\"https:\/\/www.welovecycling.com\/wide\/2024\/08\/13\/fuelling-femmes-what-women-racers-eat-at-the-tour-de-france\/\">su dieta en el Tour en nuestro art\u00edculo anterior<\/a>.<\/p>\n<p>La pregunta es cu\u00e1nto tiempo ser\u00eda capaz de mantener este nivel de rendimiento con un d\u00e9ficit. Renee McGregor, dietista deportiva especializada en d\u00e9ficit energ\u00e9tico relativo en el deporte (RED-S), respondi\u00f3 a esta pregunta en una entrevista:<\/p>\n<p>\u00abEn las fases iniciales, es posible que no se observen efectos negativos en el rendimiento per se. Sin embargo, el d\u00e9ficit energ\u00e9tico se vuelve problem\u00e1tico a largo plazo. La mayor\u00eda de la gente est\u00e1 bien durante unas tres semanas, pero despu\u00e9s, el d\u00e9ficit energ\u00e9tico puede provocar una r\u00e1pida disminuci\u00f3n del rendimiento. Los ciclistas se bloquean porque no se dan cuenta de que su comportamiento de hace seis meses o un a\u00f1o es la raz\u00f3n por la que hoy no son capaces de mantener el rendimiento\u00bb.<\/p>\n<h2><strong>Reducci\u00f3n del rendimiento ciclista<\/strong><\/h2>\n<p><a href=\"https:\/\/www.sciencedirect.com\/science\/article\/pii\/S2213231724002283?via%3Dihub\">Algunos estudios sugieren<\/a> que el rendimiento puede verse afectado negativamente mucho antes de las tres semanas, dependiendo de la magnitud del d\u00e9ficit y de la intensidad de la pr\u00e1ctica del ciclismo. Un estudio reciente analizaba exactamente este aspecto. Los investigadores reclutaron a 12 triatletas femeninas que pasaron por 14 d\u00edas de alimentaci\u00f3n normal seguidos de 14 d\u00edas de comer s\u00f3lo el 50% de sus necesidades energ\u00e9ticas. Durante ambos periodos, mantuvieron su intenso programa de entrenamiento y se sometieron a pruebas para evaluar su rendimiento. Durante el periodo con calor\u00edas insuficientes, los atletas perdieron, de media, un 4% de su peso corporal y la mitad de ese peso era m\u00fasculo. \u00bfC\u00f3mo afect\u00f3 esto a su rendimiento?<\/p>\n<p>\u00abLos 14 d\u00edas de ingesta insuficiente de alimentos redujeron su rendimiento en un 7,7% en una contrarreloj de 20 minutos en bicicleta, lo que es bastante significativo. Y durante una prueba m\u00e1s intensa de corta duraci\u00f3n, su rendimiento disminuy\u00f3 hasta un 18%. Por lo tanto, no hay duda de que esta pr\u00e1ctica perjudica enormemente el rendimiento como atleta, incluso en periodos de tiempo m\u00e1s cortos\u00bb, afirma Jan Sommer Jeppesen, autor principal del estudio.<\/p>\n<h2><strong>La realimentaci\u00f3n durante 3 d\u00edas no es suficiente<\/strong><\/h2>\n<p>El mismo estudio analiz\u00f3 qu\u00e9 ocurre cuando se da tiempo a los atletas para reponer sus reservas energ\u00e9ticas. Despu\u00e9s de esos 14 d\u00edas de baja disponibilidad energ\u00e9tica, incluyeron una realimentaci\u00f3n de 3 d\u00edas en la que los triatletas pod\u00edan comer todo lo que quisieran. \u00bfLes ayud\u00f3 esto a mejorar su rendimiento ciclista?<\/p>\n<p>\u00abEsper\u00e1bamos que los tres d\u00edas de comida suficiente restauraran su rendimiento, e incluso lo mejoraran, pero no hubo ning\u00fan efecto. Su rendimiento fue tan bajo como antes de los tres d\u00edas. Esto nos dice que los efectos negativos no pueden invertirse reponiendo r\u00e1pidamente las reservas de energ\u00eda, que es una estrategia utilizada por muchos atletas\u00bb, coment\u00f3 Jeppesen.<\/p>\n<p>Investigaciones como \u00e9sta demuestran que un d\u00e9ficit energ\u00e9tico puede ser un arma de doble filo. Debe utilizarse con una planificaci\u00f3n cuidadosa. Desgraciadamente, en el ciclismo profesional la presi\u00f3n suele ser muy alta para ser lo m\u00e1s ligero posible a fin de mejorar la relaci\u00f3n potencia-peso y ser mejor en las subidas. Por eso muchos ciclistas ni siquiera se plantean ir en la direcci\u00f3n contraria.<\/p>\n<h2><strong>Jonas Abrahamsen demostr\u00f3 el camino opuesto<\/strong><\/h2>\n<p>Quiz\u00e1 no todo tenga que ser d\u00e9ficit de energ\u00eda y tratar de adelgazar. Jonas Abrahamsen ha demostrado recientemente que ganar peso intencionadamente puede ser en realidad la forma de convertirse en un mejor ciclista.<\/p>\n<p>\u00abCuando consegu\u00ed por primera vez un contrato de dos a\u00f1os, apost\u00e9 por ganar algo de peso. Recib\u00ed mucha ayuda de mi equipo y sub\u00ed de 60 kg a unos 80 kg, as\u00ed que fue una gran diferencia. Antes era feliz cuando superaba los 900 vatios pico, ahora tengo como 1.500 vatios\u00bb, dijo Abrahamsen en una entrevista.<\/p>\n<p>Ganar peso es lo que ha permitido a Jonas Abrahamsen alcanzar todo su potencial. En el Tour de Francia de 2024, lider\u00f3 varias escapadas y mantuvo el maillot de escalador de lunares durante 10 etapas, as\u00ed como el maillot verde de velocista durante 3 etapas y recibi\u00f3 el Premio a la Combatividad en 2 etapas distintas.<\/p>\n<p>\u00abEn mi pasaporte mido 177 cm, y despu\u00e9s de empezar a comer, llegu\u00e9 a 183 cm. He ganado en musculatura y tambi\u00e9n en altura\u00bb, explica. Tambi\u00e9n a\u00f1adi\u00f3 que se pon\u00eda enfermo con menos frecuencia y que era m\u00e1s f\u00e1cil recuperarse de las salidas duras.<\/p>\n<p>Es un gran ejemplo de hasta qu\u00e9 punto la alimentaci\u00f3n restrictiva puede frenar a un ciclista de talento. Y esta lecci\u00f3n no es necesariamente s\u00f3lo para los profesionales. Hay muchos ciclistas aficionados y de club, especialmente en las categor\u00edas juveniles, y sobre todo mujeres, que se centran demasiado en ponerse ligeras a expensas de su salud y su longevidad en el deporte. En la pr\u00f3xima parte de la serie veremos por qu\u00e9 las mujeres son especialmente vulnerables.<\/p>\n","protected":false},"excerpt":{"rendered":"<p>Un d\u00e9ficit energ\u00e9tico puede ser una herramienta poderosa para los ciclistas que intentan alcanzar su peso \u00f3ptimo para la carrera. [&hellip;]<\/p>\n","protected":false},"author":29,"featured_media":11211,"comment_status":"open","ping_status":"open","sticky":false,"template":"","format":"standard","meta":{"footnotes":""},"categories":[7],"tags":[120,2317],"global-categories":[],"class_list":["post-11209","post","type-post","status-publish","format-standard","has-post-thumbnail","hentry","category-carretera","tag-nutricion-ciclista","tag-rendimiento"],"yoast_head":"<!-- This site is optimized with the Yoast SEO Premium plugin v25.3 (Yoast SEO v25.9) - https:\/\/yoast.com\/wordpress\/plugins\/seo\/ -->\n<title>Como afecta el d\u00e9ficit energ\u00e9tico al rendimiento - \u0160koda We Love Cycling - Spain<\/title>\n<meta name=\"description\" content=\"Como afecta el d\u00e9ficit energ\u00e9tico al rendimiento. A veces ganar peso puede ser positivo, como le ocurri\u00f3 a Abrahamesen.\" \/>\n<meta name=\"robots\" content=\"index, follow, max-snippet:-1, max-image-preview:large, max-video-preview:-1\" \/>\n<link rel=\"canonical\" href=\"https:\/\/www.welovecycling.com\/es\/2024\/09\/26\/deficit-energetico-2\/\" \/>\n<meta property=\"og:locale\" content=\"es_ES\" \/>\n<meta property=\"og:type\" content=\"article\" \/>\n<meta property=\"og:title\" content=\"Como afecta el d\u00e9ficit energ\u00e9tico al rendimiento\" \/>\n<meta property=\"og:description\" content=\"Como afecta el d\u00e9ficit energ\u00e9tico al rendimiento. A veces ganar peso puede ser positivo, como le ocurri\u00f3 a Abrahamesen.\" \/>\n<meta property=\"og:url\" content=\"https:\/\/www.welovecycling.com\/es\/2024\/09\/26\/deficit-energetico-2\/\" \/>\n<meta property=\"og:site_name\" content=\"\u0160koda We Love Cycling - Spain\" \/>\n<meta property=\"article:published_time\" content=\"2024-09-26T08:46:38+00:00\" \/>\n<meta property=\"og:image\" content=\"https:\/\/d2p6e6u75xmxt8.cloudfront.net\/6\/2024\/09\/Jonas-Abrahamsen-profimedia-0889060040-CVR.webp\" \/>\n\t<meta property=\"og:image:width\" content=\"990\" \/>\n\t<meta property=\"og:image:height\" content=\"660\" \/>\n\t<meta property=\"og:image:type\" content=\"image\/webp\" \/>\n<meta name=\"author\" content=\"We Love Cycling Spain\" \/>\n<meta name=\"twitter:card\" content=\"summary_large_image\" \/>\n<meta name=\"twitter:description\" content=\"Como afecta el d\u00e9ficit energ\u00e9tico al rendimiento. A veces ganar peso puede ser positivo, como le ocurri\u00f3 a Abrahamesen.\" \/>\n<meta name=\"twitter:label1\" content=\"Written by\" \/>\n\t<meta name=\"twitter:data1\" content=\"Jiri Kaloc\" \/>\n\t<meta name=\"twitter:label2\" content=\"Est. reading time\" \/>\n\t<meta name=\"twitter:data2\" content=\"3\" \/>\n<script type=\"application\/ld+json\" class=\"yoast-schema-graph\">{\"@context\":\"https:\/\/schema.org\",\"@graph\":[{\"@type\":\"WebPage\",\"@id\":\"https:\/\/www.welovecycling.com\/es\/2024\/09\/26\/deficit-energetico-2\/\",\"url\":\"https:\/\/www.welovecycling.com\/es\/2024\/09\/26\/deficit-energetico-2\/\",\"name\":\"Como afecta el d\u00e9ficit energ\u00e9tico al rendimiento - \u0160koda We Love Cycling - Spain\",\"isPartOf\":{\"@id\":\"https:\/\/www.welovecycling.com\/es\/#website\"},\"primaryImageOfPage\":{\"@id\":\"https:\/\/www.welovecycling.com\/es\/2024\/09\/26\/deficit-energetico-2\/#primaryimage\"},\"image\":{\"@id\":\"https:\/\/www.welovecycling.com\/es\/2024\/09\/26\/deficit-energetico-2\/#primaryimage\"},\"thumbnailUrl\":\"https:\/\/d2p6e6u75xmxt8.cloudfront.net\/6\/2024\/09\/Jonas-Abrahamsen-profimedia-0889060040-CVR.webp\",\"datePublished\":\"2024-09-26T08:46:38+00:00\",\"author\":{\"@id\":\"https:\/\/www.welovecycling.com\/es\/#\/schema\/person\/deb61715b5812698ee79fb96f343ccd4\"},\"description\":\"Como afecta el d\u00e9ficit energ\u00e9tico al rendimiento. A veces ganar peso puede ser positivo, como le ocurri\u00f3 a Abrahamesen.\",\"breadcrumb\":{\"@id\":\"https:\/\/www.welovecycling.com\/es\/2024\/09\/26\/deficit-energetico-2\/#breadcrumb\"},\"inLanguage\":\"es-ES\",\"potentialAction\":[{\"@type\":\"ReadAction\",\"target\":[\"https:\/\/www.welovecycling.com\/es\/2024\/09\/26\/deficit-energetico-2\/\"]}]},{\"@type\":\"ImageObject\",\"inLanguage\":\"es-ES\",\"@id\":\"https:\/\/www.welovecycling.com\/es\/2024\/09\/26\/deficit-energetico-2\/#primaryimage\",\"url\":\"https:\/\/d2p6e6u75xmxt8.cloudfront.net\/6\/2024\/09\/Jonas-Abrahamsen-profimedia-0889060040-CVR.webp\",\"contentUrl\":\"https:\/\/d2p6e6u75xmxt8.cloudfront.net\/6\/2024\/09\/Jonas-Abrahamsen-profimedia-0889060040-CVR.webp\",\"width\":990,\"height\":660,\"caption\":\"Jonas Abrahamsen\"},{\"@type\":\"BreadcrumbList\",\"@id\":\"https:\/\/www.welovecycling.com\/es\/2024\/09\/26\/deficit-energetico-2\/#breadcrumb\",\"itemListElement\":[{\"@type\":\"ListItem\",\"position\":1,\"name\":\"Home\",\"item\":\"https:\/\/www.welovecycling.com\/es\/\"},{\"@type\":\"ListItem\",\"position\":2,\"name\":\"Como afecta el d\u00e9ficit energ\u00e9tico al rendimiento\"}]},{\"@type\":\"WebSite\",\"@id\":\"https:\/\/www.welovecycling.com\/es\/#website\",\"url\":\"https:\/\/www.welovecycling.com\/es\/\",\"name\":\"\u0160koda We Love Cycling - Spain\",\"description\":\"\u0160koda WeLoveCycling Spain\",\"potentialAction\":[{\"@type\":\"SearchAction\",\"target\":{\"@type\":\"EntryPoint\",\"urlTemplate\":\"https:\/\/www.welovecycling.com\/es\/?s={search_term_string}\"},\"query-input\":{\"@type\":\"PropertyValueSpecification\",\"valueRequired\":true,\"valueName\":\"search_term_string\"}}],\"inLanguage\":\"es-ES\"},{\"@type\":\"Person\",\"@id\":\"https:\/\/www.welovecycling.com\/es\/#\/schema\/person\/deb61715b5812698ee79fb96f343ccd4\",\"name\":\"We Love Cycling Spain\",\"image\":{\"@type\":\"ImageObject\",\"inLanguage\":\"es-ES\",\"@id\":\"https:\/\/www.welovecycling.com\/es\/#\/schema\/person\/image\/\",\"url\":\"https:\/\/secure.gravatar.com\/avatar\/c824b04e6df0e37a03219d0b6481672889df542894588964102459e46513159c?s=96&d=mm&r=g\",\"contentUrl\":\"https:\/\/secure.gravatar.com\/avatar\/c824b04e6df0e37a03219d0b6481672889df542894588964102459e46513159c?s=96&d=mm&r=g\",\"caption\":\"We Love Cycling Spain\"},\"url\":\"https:\/\/www.welovecycling.com\/es\/author\/amunoz\/\"}]}<\/script>\n<!-- \/ Yoast SEO Premium plugin. -->","yoast_head_json":{"title":"Como afecta el d\u00e9ficit energ\u00e9tico al rendimiento - \u0160koda We Love Cycling - Spain","description":"Como afecta el d\u00e9ficit energ\u00e9tico al rendimiento. A veces ganar peso puede ser positivo, como le ocurri\u00f3 a Abrahamesen.","robots":{"index":"index","follow":"follow","max-snippet":"max-snippet:-1","max-image-preview":"max-image-preview:large","max-video-preview":"max-video-preview:-1"},"canonical":"https:\/\/www.welovecycling.com\/es\/2024\/09\/26\/deficit-energetico-2\/","og_locale":"es_ES","og_type":"article","og_title":"Como afecta el d\u00e9ficit energ\u00e9tico al rendimiento","og_description":"Como afecta el d\u00e9ficit energ\u00e9tico al rendimiento. A veces ganar peso puede ser positivo, como le ocurri\u00f3 a Abrahamesen.","og_url":"https:\/\/www.welovecycling.com\/es\/2024\/09\/26\/deficit-energetico-2\/","og_site_name":"\u0160koda We Love Cycling - Spain","article_published_time":"2024-09-26T08:46:38+00:00","og_image":[{"width":990,"height":660,"url":"https:\/\/d2p6e6u75xmxt8.cloudfront.net\/6\/2024\/09\/Jonas-Abrahamsen-profimedia-0889060040-CVR.webp","type":"image\/webp"}],"author":"We Love Cycling Spain","twitter_card":"summary_large_image","twitter_description":"Como afecta el d\u00e9ficit energ\u00e9tico al rendimiento. A veces ganar peso puede ser positivo, como le ocurri\u00f3 a Abrahamesen.","twitter_misc":{"Written by":"Jiri Kaloc","Est. reading time":"3"},"schema":{"@context":"https:\/\/schema.org","@graph":[{"@type":"WebPage","@id":"https:\/\/www.welovecycling.com\/es\/2024\/09\/26\/deficit-energetico-2\/","url":"https:\/\/www.welovecycling.com\/es\/2024\/09\/26\/deficit-energetico-2\/","name":"Como afecta el d\u00e9ficit energ\u00e9tico al rendimiento - \u0160koda We Love Cycling - Spain","isPartOf":{"@id":"https:\/\/www.welovecycling.com\/es\/#website"},"primaryImageOfPage":{"@id":"https:\/\/www.welovecycling.com\/es\/2024\/09\/26\/deficit-energetico-2\/#primaryimage"},"image":{"@id":"https:\/\/www.welovecycling.com\/es\/2024\/09\/26\/deficit-energetico-2\/#primaryimage"},"thumbnailUrl":"https:\/\/d2p6e6u75xmxt8.cloudfront.net\/6\/2024\/09\/Jonas-Abrahamsen-profimedia-0889060040-CVR.webp","datePublished":"2024-09-26T08:46:38+00:00","author":{"@id":"https:\/\/www.welovecycling.com\/es\/#\/schema\/person\/deb61715b5812698ee79fb96f343ccd4"},"description":"Como afecta el d\u00e9ficit energ\u00e9tico al rendimiento. A veces ganar peso puede ser positivo, como le ocurri\u00f3 a Abrahamesen.","breadcrumb":{"@id":"https:\/\/www.welovecycling.com\/es\/2024\/09\/26\/deficit-energetico-2\/#breadcrumb"},"inLanguage":"es-ES","potentialAction":[{"@type":"ReadAction","target":["https:\/\/www.welovecycling.com\/es\/2024\/09\/26\/deficit-energetico-2\/"]}]},{"@type":"ImageObject","inLanguage":"es-ES","@id":"https:\/\/www.welovecycling.com\/es\/2024\/09\/26\/deficit-energetico-2\/#primaryimage","url":"https:\/\/d2p6e6u75xmxt8.cloudfront.net\/6\/2024\/09\/Jonas-Abrahamsen-profimedia-0889060040-CVR.webp","contentUrl":"https:\/\/d2p6e6u75xmxt8.cloudfront.net\/6\/2024\/09\/Jonas-Abrahamsen-profimedia-0889060040-CVR.webp","width":990,"height":660,"caption":"Jonas Abrahamsen"},{"@type":"BreadcrumbList","@id":"https:\/\/www.welovecycling.com\/es\/2024\/09\/26\/deficit-energetico-2\/#breadcrumb","itemListElement":[{"@type":"ListItem","position":1,"name":"Home","item":"https:\/\/www.welovecycling.com\/es\/"},{"@type":"ListItem","position":2,"name":"Como afecta el d\u00e9ficit energ\u00e9tico al rendimiento"}]},{"@type":"WebSite","@id":"https:\/\/www.welovecycling.com\/es\/#website","url":"https:\/\/www.welovecycling.com\/es\/","name":"\u0160koda We Love Cycling - Spain","description":"\u0160koda WeLoveCycling Spain","potentialAction":[{"@type":"SearchAction","target":{"@type":"EntryPoint","urlTemplate":"https:\/\/www.welovecycling.com\/es\/?s={search_term_string}"},"query-input":{"@type":"PropertyValueSpecification","valueRequired":true,"valueName":"search_term_string"}}],"inLanguage":"es-ES"},{"@type":"Person","@id":"https:\/\/www.welovecycling.com\/es\/#\/schema\/person\/deb61715b5812698ee79fb96f343ccd4","name":"We Love Cycling Spain","image":{"@type":"ImageObject","inLanguage":"es-ES","@id":"https:\/\/www.welovecycling.com\/es\/#\/schema\/person\/image\/","url":"https:\/\/secure.gravatar.com\/avatar\/c824b04e6df0e37a03219d0b6481672889df542894588964102459e46513159c?s=96&d=mm&r=g","contentUrl":"https:\/\/secure.gravatar.com\/avatar\/c824b04e6df0e37a03219d0b6481672889df542894588964102459e46513159c?s=96&d=mm&r=g","caption":"We Love Cycling Spain"},"url":"https:\/\/www.welovecycling.com\/es\/author\/amunoz\/"}]}},"_links":{"self":[{"href":"https:\/\/www.welovecycling.com\/es\/wp-json\/wp\/v2\/posts\/11209","targetHints":{"allow":["GET"]}}],"collection":[{"href":"https:\/\/www.welovecycling.com\/es\/wp-json\/wp\/v2\/posts"}],"about":[{"href":"https:\/\/www.welovecycling.com\/es\/wp-json\/wp\/v2\/types\/post"}],"author":[{"embeddable":true,"href":"https:\/\/www.welovecycling.com\/es\/wp-json\/wp\/v2\/users\/29"}],"replies":[{"embeddable":true,"href":"https:\/\/www.welovecycling.com\/es\/wp-json\/wp\/v2\/comments?post=11209"}],"version-history":[{"count":2,"href":"https:\/\/www.welovecycling.com\/es\/wp-json\/wp\/v2\/posts\/11209\/revisions"}],"predecessor-version":[{"id":11215,"href":"https:\/\/www.welovecycling.com\/es\/wp-json\/wp\/v2\/posts\/11209\/revisions\/11215"}],"wp:featuredmedia":[{"embeddable":true,"href":"https:\/\/www.welovecycling.com\/es\/wp-json\/wp\/v2\/media\/11211"}],"wp:attachment":[{"href":"https:\/\/www.welovecycling.com\/es\/wp-json\/wp\/v2\/media?parent=11209"}],"wp:term":[{"taxonomy":"category","embeddable":true,"href":"https:\/\/www.welovecycling.com\/es\/wp-json\/wp\/v2\/categories?post=11209"},{"taxonomy":"post_tag","embeddable":true,"href":"https:\/\/www.welovecycling.com\/es\/wp-json\/wp\/v2\/tags?post=11209"},{"taxonomy":"global-categories","embeddable":true,"href":"https:\/\/www.welovecycling.com\/es\/wp-json\/wp\/v2\/global-categories?post=11209"}],"curies":[{"name":"wp","href":"https:\/\/api.w.org\/{rel}","templated":true}]}}