{"id":11148,"date":"2024-08-26T11:20:12","date_gmt":"2024-08-26T09:20:12","guid":{"rendered":"https:\/\/www.welovecycling.com\/es\/?p=11148"},"modified":"2024-08-26T11:23:23","modified_gmt":"2024-08-26T09:23:23","slug":"la-vuelta-de-las-resurrecciones","status":"publish","type":"post","link":"https:\/\/www.welovecycling.com\/es\/2024\/08\/26\/la-vuelta-de-las-resurrecciones\/","title":{"rendered":"La Vuelta de las resurrecciones"},"content":{"rendered":"<p style=\"font-weight: 400;\"><strong>Se acuerdan de cuando el ciclismo no era previsible. Cuando surg\u00edan sorpresas como Giovanetti en el 90 o un ciclista como Perico perd\u00eda tiempo los tres primeros d\u00edas y luego se dedicaba a recuperarlo el resto del Tour. Cuando te sentabas en delante de la tele sin mirar el X (el antiguo Twitter, pero a mi me sigue sonando raro) y sin saber lo que pod\u00eda suceder. Pues as\u00ed ha sido la primera semana de La Vuelta 2024. Favoritos que dejan de serlo, secundarios que entran en escena, l\u00edderes que vuelven a meterse en la pelea&#8230; Una pel\u00edcula diferente cada d\u00eda.<\/strong><\/p>\n<p style=\"font-weight: 400;\"><!--more--><\/p>\n<p style=\"font-weight: 400;\">Pero si queremos encontrar el eje fundamental de esta<strong> Vuelta 2024<\/strong> tenemos que mirar a<strong> Primoz Roglic.<\/strong> Tambi\u00e9n hab\u00eda sus dudas con \u00e9l en Lisboa. No hab\u00eda competido desde su en\u00e9sima ca\u00edda, esta vez en el Tour, y fue duda casi hasta \u00faltima hora. Pero el esloveno es sin\u00f3nimo de seguridad cada vez que se pone un dorsal en La Vuelta. De sus cinco \u00faltimas participaciones ha ganado tres, ha hecho tercero en 2023 (ya saben, el l\u00edo de Jumbo) y en 2022 estaba recortando tiempo y moral a Evenepoel antes de caerse en el sprint de Tomares.<\/p>\n<p>Adem\u00e1s a La Vuelta su Red Bull Bora ha tra\u00eddo a casi la mejor n\u00f3mina de gregarios. Con Vlasov y Daniel Felipe Mart\u00ednez. Una clara declaraci\u00f3n de intenciones. Roglic brill\u00f3 en la crono en Lisboa y marc\u00f3 la <a href=\"https:\/\/www.lavuelta.es\/es\/clasificaciones\">&#8216;distancia Roglic&#8217;,<\/a> el tiempo que el resto de los favoritos hab\u00eda perdido con respecto a \u00e9l. No le hac\u00eda falta llevar el <strong>maillot rojo para sentirse l\u00edder<\/strong>. Lo rubric\u00f3 en el <a href=\"https:\/\/www.lavuelta.es\/es\/video\/2663\/la-pelicula-etapa-4-la-vuelta-2024\">Pico Villuercas<\/a>. Victoria sobre Enric Mas y unos cuantos favoritos desperdigados por el puerto. Hab\u00eda resucitado despu\u00e9s del Tour y las dudas. Era el Primoz de siempre. Implacable en repechos cortos.<\/p>\n<p>Pero lo que parec\u00eda una situaci\u00f3n controlada salt\u00f3 por los aires camino de Yunquera. La primera etapa de media monta\u00f1a\/emboscada de La Vuelta, y quedan unas cuantas. Fuga masiva donde se filtran algunos corredores que hab\u00edan perdido tiempo en la general. El Red Bull Bora mete a Lipowitz, un gregario de calidad. Jugada maestra para preservar al equipo. No tiramos a por ellos porque va uno nuestro. Y les deja coger tiempo. Demasiado, porque O&#8217;Connor, que se hab\u00eda dejado casi dos minutos en el Pico Villuercas tiene un d\u00eda s\u00faper (quiz\u00e1s el mejor de su carrera deportiva) y no solo suelta a Lipowitz y al resto de escapados, sino que la renta de m\u00e1s de seis minutos que les hab\u00edan dejado coger la conserva hasta la l\u00ednea de meta. El trabajo de Movistar y Red Bull detr\u00e1s no vale para nada y el australiano se planta como l\u00edder con m\u00e1s de cuatro minutos y medio sobre Roglic y m\u00e1s de cinco sobre el resto de favoritos.<\/p>\n<p><strong>O`Connor es el primer gran resucitado<\/strong> de La Vuelta. Despu\u00e9s del cuarto puesto del Tour 2021 hab\u00eda sufrido en el Tour 2022 y 2023. Tanto que decidi\u00f3 hacer el Giro este a\u00f1o y dejar la responsabilidad de Decathlon AG2R en la carrera francesa <strong>a Felix Gall.<\/strong> No le sali\u00f3 mal la jugada. Cuarto en la carrera italiana. Temporada solventada. En La Vuelta deb\u00eda trabajar para Gall. Ya se descolg\u00f3 en el Pico Villuercas, por eso gozaba de margen para las escapadas. Su resurrecci\u00f3n se confirm\u00f3 en el Alto del 14%, cuando aguant\u00f3 los ataques de Roglic. Se puso en seria duda en la dura llegada a Cazorla, donde se descolg\u00f3 demasiado pronto y perdi\u00f3 casi un minuto con Roglic y Enric Mas. El problema no era el tiempo, sino la sensaci\u00f3n de debilidad y que hubo 16 corredores que llegaron antes que \u00e9l, incluido su gregario Felix Gall.<\/p>\n<p><a href=\"https:\/\/d2p6e6u75xmxt8.cloudfront.net\/6\/2024\/08\/Mas-Landa-scaled.webp\"><img loading=\"lazy\" decoding=\"async\" class=\"aligncenter size-large wp-image-11152\" src=\"https:\/\/d2p6e6u75xmxt8.cloudfront.net\/6\/2024\/08\/Mas-Landa-1024x461.webp\" alt=\"\" width=\"1024\" height=\"461\" srcset=\"https:\/\/d2p6e6u75xmxt8.cloudfront.net\/6\/2024\/08\/Mas-Landa-1024x461.webp 1024w, https:\/\/d2p6e6u75xmxt8.cloudfront.net\/6\/2024\/08\/Mas-Landa-300x135.webp 300w, https:\/\/d2p6e6u75xmxt8.cloudfront.net\/6\/2024\/08\/Mas-Landa-768x346.webp 768w, https:\/\/d2p6e6u75xmxt8.cloudfront.net\/6\/2024\/08\/Mas-Landa-1536x691.webp 1536w, https:\/\/d2p6e6u75xmxt8.cloudfront.net\/6\/2024\/08\/Mas-Landa-2048x922.webp 2048w, https:\/\/d2p6e6u75xmxt8.cloudfront.net\/6\/2024\/08\/Mas-Landa-1920x864.webp 1920w, https:\/\/d2p6e6u75xmxt8.cloudfront.net\/6\/2024\/08\/Mas-Landa-400x180.webp 400w, https:\/\/d2p6e6u75xmxt8.cloudfront.net\/6\/2024\/08\/Mas-Landa-1920x864.webp 1920w\" sizes=\"auto, (max-width: 1024px) 100vw, 1024px\" \/><\/a><\/p>\n<p>Todo parec\u00eda programado para que el australiano comenzase a perder La Vuelta en Sierra Nevada, con la subida al Purche y la doble ascensi\u00f3n a Haza Llanas. Pero acab\u00f3 refrendado su liderato. Solo dej\u00f3 escapar a Yates y Carapaz. At\u00f3 en corto a Roglic, que ni se movi\u00f3 en todo el d\u00eda, y acab\u00f3 neutralizando a un valiente <strong>Enric Mas,<\/strong> que perdi\u00f3 el minuto que hab\u00eda conseguido sacar en Haza Llanas en la bajada hacia Granada.<\/p>\n<p>El <strong>balear es otro de los resucitados.<\/strong> Aunque la suya es una historia repetida. Enric hace tiempo que no brilla en el Tour y tiene que esperar a La Vuelta para mejorar su rendimiento de la temporada. Dependiendo de los rivales alcanza una posici\u00f3n y otra en el podio. Pero en este 2024 se esta viendo al mejor Enric Mas en a\u00f1os. Hizo una buena contrarreloj en Lisboa y fue el \u00fanico en aguantar a Primoz Roglic en el Pico Villuercas y en Cazorla, las dos llegadas en alto de lo que llevamos de Vuelta. Le faltaba dar el paso de despegarse del esloveno. Lo consigui\u00f3 en la \u00faltima subida a Haza Llanas. Atac\u00f3 y ninguno de los favoritos intent\u00f3 seguirle. Sentado. M\u00e1xima cadencia. Casi un minuto les meti\u00f3 en la cima. Una curva tomada demasiado r\u00e1pido, una rueda trasera que saltar al intentar rectificar y una librada de \u00e9poca hicieron que perdiese toda la ventaja, pero las sensaciones quedaban ah\u00ed.<\/p>\n<blockquote class=\"twitter-tweet\">\n<p dir=\"ltr\" lang=\"es\">\ud83e\udee3 Yes, that gave us a scare too. \ud83d\ude4f What a save by Enric Mas &#8211; <a href=\"https:\/\/twitter.com\/Movistar_Team?ref_src=twsrc%5Etfw\">@Movistar_Team<\/a>!<br \/>\n\ud83d\udea8 Don\u2019t do this at home!<\/p>\n<p>\ud83d\ude30 S\u00ed, tambi\u00e9n nos hemos pegado el susto. \ud83d\ude4f Qu\u00e9 salvada de <a href=\"https:\/\/twitter.com\/EnricMasNicolau?ref_src=twsrc%5Etfw\">@EnricMasNicolau<\/a>.<br \/>\n\ud83d\udea8 Solo los profesionales pueden bajar a esas velocidades.<a href=\"https:\/\/twitter.com\/hashtag\/LaVuelta24?src=hash&amp;ref_src=twsrc%5Etfw\">#LaVuelta24<\/a> <a href=\"https:\/\/t.co\/FyBJhKE03W\">pic.twitter.com\/FyBJhKE03W<\/a><\/p>\n<p>\u2014 La Vuelta (@lavuelta) <a href=\"https:\/\/twitter.com\/lavuelta\/status\/1827729406837547272?ref_src=twsrc%5Etfw\">August 25, 2024<\/a><\/p><\/blockquote>\n<p><script async src=\"https:\/\/platform.twitter.com\/widgets.js\" charset=\"utf-8\"><\/script><\/p>\n<h2><strong>Carapaz y Yates<\/strong><\/h2>\n<p style=\"font-weight: 400;\">La de Sierra Nevada fue la etapa m\u00e1s propicia para las resurrecciones. El UAE era una caja de grillos al principio de La Vuelta. Dejaron fueran a Ayuso por su espantada del Tour y hab\u00eda demasiados l\u00edderes. Que si Almeida, Yates, McNulty&#8230; El americano gan\u00f3 el primer d\u00eda, Almeida se mantuvo s\u00f3lido hasta la etapa de Cazorla, cuando dej\u00f3 La Vuelta por Covid y Adam Yates fue acumulando infortunios y p\u00e9rdidas de tiempo.<\/p>\n<p>Antes de la etapa de Sierra Nevada estaba en el puesto 27 a m\u00e1s de nueve minutos de O&#8217;Connor. Sin Almeida como l\u00edder el UEA jug\u00f3 a la grande. Escapada antes de El Purche con <strong>Jay Vine y Marc Soler<\/strong> como gregarios y David Gaud\u00fa intentando ser otro de los resucitados. Consiguieron m\u00e1s de cinco minutos al pie de la primera subida de Haza Llanas, cuando Yates se march\u00f3 en solitario. Quedaban m\u00e1s de 50 kil\u00f3metros y el brit\u00e1nico solo perdi\u00f3 algo de la renta en el segundo paso por el puerto granadino. A\u00fan as\u00ed acab\u00f3 con casi cuatro minutos de margen sobre el resto de los favoritos.<\/p>\n<p><a href=\"https:\/\/d2p6e6u75xmxt8.cloudfront.net\/6\/2024\/08\/Carapaz-scaled.webp\"><img loading=\"lazy\" decoding=\"async\" class=\"aligncenter size-large wp-image-11153\" src=\"https:\/\/d2p6e6u75xmxt8.cloudfront.net\/6\/2024\/08\/Carapaz-1024x461.webp\" alt=\"\" width=\"1024\" height=\"461\" srcset=\"https:\/\/d2p6e6u75xmxt8.cloudfront.net\/6\/2024\/08\/Carapaz-1024x461.webp 1024w, https:\/\/d2p6e6u75xmxt8.cloudfront.net\/6\/2024\/08\/Carapaz-300x135.webp 300w, https:\/\/d2p6e6u75xmxt8.cloudfront.net\/6\/2024\/08\/Carapaz-768x346.webp 768w, https:\/\/d2p6e6u75xmxt8.cloudfront.net\/6\/2024\/08\/Carapaz-1536x691.webp 1536w, https:\/\/d2p6e6u75xmxt8.cloudfront.net\/6\/2024\/08\/Carapaz-2048x922.webp 2048w, https:\/\/d2p6e6u75xmxt8.cloudfront.net\/6\/2024\/08\/Carapaz-1920x864.webp 1920w, https:\/\/d2p6e6u75xmxt8.cloudfront.net\/6\/2024\/08\/Carapaz-400x180.webp 400w, https:\/\/d2p6e6u75xmxt8.cloudfront.net\/6\/2024\/08\/Carapaz-1920x864.webp 1920w\" sizes=\"auto, (max-width: 1024px) 100vw, 1024px\" \/><\/a><\/p>\n<p>En esa empresa se pod\u00eda haber unido <strong>Richard Carapaz.<\/strong> El ecuatoriano del EF se hab\u00eda ido dejando tiempo casi todos los d\u00edas y estaba a casi siete de O&#8217;Connor antes del inicio de la etapa. No cogi\u00f3 la escapada del UAE, pero arranc\u00f3 al inicio de El Purche. Se march\u00f3 solo, cogi\u00f3 a los escapados que iba soltando Yates y se apoy\u00f3 en Rafferty y Shaw para coger tiempo con los favoritos. Se qued\u00f3 a casi dos minutos de atrapar al brit\u00e1nico, pero se apunt\u00f3 m\u00e1s de dos minutos sobre los <strong>O&#8217;Connor, Roglic y compa\u00f1\u00eda.<\/strong> Carapaz ahora es tercero de la general a 4.30 del australiano y ya todos le miran como un favorito a vestirse de rojo en Madrid.<\/p>\n<h2><strong>Landa y Carlos Rodr\u00edguez<\/strong><\/h2>\n<p style=\"font-weight: 400;\">En el apartado de ciclistas regulares y consistentes est\u00e1 Carlos Rodr\u00edguez, lo que es habitual. Un ciclista s\u00f3lido, que nunca pierde demasiado tiempo, pero que ahora mismo tampoco tiene la capacidad de atacar. Ojo, que llegar\u00e1 su momento en esta Vuelta 2024, pero esta primera semana la ha saldado sin demasiado tiempo perdido. Solo est\u00e1 dos minutos de Roglic y a seis de O&#8217;Connor. No es mala posici\u00f3n de partida con dos semanas de alta monta\u00f1a por delante.<\/p>\n<p>Lo que s\u00ed sorprende, y mucho, en la regularidad de <strong>Mikel Landa.<\/strong> Lean, regularidad y Landa juntos en la misma frase. Ant\u00f3nimos habituales. Pero es que el alav\u00e9s perdi\u00f3 tiempo en la crono, como suele ser habitual, pero sufri\u00f3 para llegar con los mejores en Villuercas, solo perdi\u00f3 unos segundos en Cazorla para terminar tercero y se recuper\u00f3 en Haza Llanas para entrar junto a Roglic y O`Connor, aunque no salt\u00f3 al ataque de Enric Mas.\u00a0 Marca quinto a minuto y medio de Roglic, casi el mismo tiempo que perdi\u00f3 en la crono de Lisboa y todo el mundo espera alguna genialidad suya en la <a href=\"https:\/\/www.welovecycling.com\/es\/2024\/08\/15\/la-vuelta-2024-de-la-montana-y-los-meritorios\/\">monta\u00f1a que queda por delante.<\/a> Tambi\u00e9n puede ser que desfallezca, aunque no ser\u00eda extra\u00f1o en esta Vuelta loca de constantes cambios de gu\u00edon.<\/p>\n<p style=\"font-weight: 400;\">\n","protected":false},"excerpt":{"rendered":"<p>Se acuerdan de cuando el ciclismo no era previsible. Cuando surg\u00edan sorpresas como Giovanetti en el 90 o un ciclista [&hellip;]<\/p>\n","protected":false},"author":29,"featured_media":11151,"comment_status":"open","ping_status":"open","sticky":false,"template":"","format":"standard","meta":{"footnotes":""},"categories":[7],"tags":[2276],"global-categories":[1164],"class_list":["post-11148","post","type-post","status-publish","format-standard","has-post-thumbnail","hentry","category-carretera","tag-la-vuelta-24","global-categories-cycling"],"yoast_head":"<!-- This site is optimized with the Yoast SEO Premium plugin v25.3 (Yoast SEO v25.9) - https:\/\/yoast.com\/wordpress\/plugins\/seo\/ -->\n<title>La Vuelta de las resurrecciones - \u0160koda We Love Cycling - Spain<\/title>\n<meta name=\"description\" content=\"La Vuelta de las resurrecciones. O&#039;Connor, Yates, Carapaz, Enric Mas... los protagonistas de la primera semana de La Vuelta 2024.\" \/>\n<meta name=\"robots\" content=\"index, follow, max-snippet:-1, max-image-preview:large, max-video-preview:-1\" \/>\n<link rel=\"canonical\" href=\"https:\/\/www.welovecycling.com\/es\/2024\/08\/26\/la-vuelta-de-las-resurrecciones\/\" \/>\n<meta property=\"og:locale\" content=\"es_ES\" \/>\n<meta property=\"og:type\" content=\"article\" \/>\n<meta property=\"og:title\" content=\"La Vuelta de las resurrecciones\" \/>\n<meta property=\"og:description\" content=\"La Vuelta de las resurrecciones. O&#039;Connor, Yates, Carapaz, Enric Mas... los protagonistas de la primera semana de La Vuelta 2024.\" \/>\n<meta property=\"og:url\" content=\"https:\/\/www.welovecycling.com\/es\/2024\/08\/26\/la-vuelta-de-las-resurrecciones\/\" \/>\n<meta property=\"og:site_name\" content=\"\u0160koda We Love Cycling - Spain\" \/>\n<meta property=\"article:published_time\" content=\"2024-08-26T09:20:12+00:00\" \/>\n<meta property=\"article:modified_time\" content=\"2024-08-26T09:23:23+00:00\" \/>\n<meta property=\"og:image\" content=\"https:\/\/d2p6e6u75xmxt8.cloudfront.net\/6\/2024\/08\/Yates-2-scaled-e1724663653358.webp\" \/>\n\t<meta property=\"og:image:width\" content=\"1152\" \/>\n\t<meta property=\"og:image:height\" content=\"840\" \/>\n\t<meta property=\"og:image:type\" content=\"image\/webp\" \/>\n<meta name=\"author\" content=\"We Love Cycling Spain\" \/>\n<meta name=\"twitter:card\" content=\"summary_large_image\" \/>\n<meta name=\"twitter:description\" content=\"La Vuelta de las resurrecciones. O&#039;Connor, Yates, Carapaz, Enric Mas... los protagonistas de la primera semana de La Vuelta 2024.\" \/>\n<meta name=\"twitter:label1\" content=\"Written by\" \/>\n\t<meta name=\"twitter:data1\" content=\"Luis Ortega @Ciclored\" \/>\n\t<meta name=\"twitter:label2\" content=\"Est. reading time\" \/>\n\t<meta name=\"twitter:data2\" content=\"7 minutes\" \/>\n<script type=\"application\/ld+json\" class=\"yoast-schema-graph\">{\"@context\":\"https:\/\/schema.org\",\"@graph\":[{\"@type\":\"WebPage\",\"@id\":\"https:\/\/www.welovecycling.com\/es\/2024\/08\/26\/la-vuelta-de-las-resurrecciones\/\",\"url\":\"https:\/\/www.welovecycling.com\/es\/2024\/08\/26\/la-vuelta-de-las-resurrecciones\/\",\"name\":\"La Vuelta de las resurrecciones - \u0160koda We Love Cycling - Spain\",\"isPartOf\":{\"@id\":\"https:\/\/www.welovecycling.com\/es\/#website\"},\"primaryImageOfPage\":{\"@id\":\"https:\/\/www.welovecycling.com\/es\/2024\/08\/26\/la-vuelta-de-las-resurrecciones\/#primaryimage\"},\"image\":{\"@id\":\"https:\/\/www.welovecycling.com\/es\/2024\/08\/26\/la-vuelta-de-las-resurrecciones\/#primaryimage\"},\"thumbnailUrl\":\"https:\/\/d2p6e6u75xmxt8.cloudfront.net\/6\/2024\/08\/Yates-2-scaled-e1724663653358.webp\",\"datePublished\":\"2024-08-26T09:20:12+00:00\",\"dateModified\":\"2024-08-26T09:23:23+00:00\",\"author\":{\"@id\":\"https:\/\/www.welovecycling.com\/es\/#\/schema\/person\/deb61715b5812698ee79fb96f343ccd4\"},\"description\":\"La Vuelta de las resurrecciones. O'Connor, Yates, Carapaz, Enric Mas... los protagonistas de la primera semana de La Vuelta 2024.\",\"breadcrumb\":{\"@id\":\"https:\/\/www.welovecycling.com\/es\/2024\/08\/26\/la-vuelta-de-las-resurrecciones\/#breadcrumb\"},\"inLanguage\":\"es-ES\",\"potentialAction\":[{\"@type\":\"ReadAction\",\"target\":[\"https:\/\/www.welovecycling.com\/es\/2024\/08\/26\/la-vuelta-de-las-resurrecciones\/\"]}]},{\"@type\":\"ImageObject\",\"inLanguage\":\"es-ES\",\"@id\":\"https:\/\/www.welovecycling.com\/es\/2024\/08\/26\/la-vuelta-de-las-resurrecciones\/#primaryimage\",\"url\":\"https:\/\/d2p6e6u75xmxt8.cloudfront.net\/6\/2024\/08\/Yates-2-scaled-e1724663653358.webp\",\"contentUrl\":\"https:\/\/d2p6e6u75xmxt8.cloudfront.net\/6\/2024\/08\/Yates-2-scaled-e1724663653358.webp\",\"width\":1152,\"height\":840},{\"@type\":\"BreadcrumbList\",\"@id\":\"https:\/\/www.welovecycling.com\/es\/2024\/08\/26\/la-vuelta-de-las-resurrecciones\/#breadcrumb\",\"itemListElement\":[{\"@type\":\"ListItem\",\"position\":1,\"name\":\"Home\",\"item\":\"https:\/\/www.welovecycling.com\/es\/\"},{\"@type\":\"ListItem\",\"position\":2,\"name\":\"La Vuelta de las resurrecciones\"}]},{\"@type\":\"WebSite\",\"@id\":\"https:\/\/www.welovecycling.com\/es\/#website\",\"url\":\"https:\/\/www.welovecycling.com\/es\/\",\"name\":\"\u0160koda We Love Cycling - Spain\",\"description\":\"\u0160koda WeLoveCycling Spain\",\"potentialAction\":[{\"@type\":\"SearchAction\",\"target\":{\"@type\":\"EntryPoint\",\"urlTemplate\":\"https:\/\/www.welovecycling.com\/es\/?s={search_term_string}\"},\"query-input\":{\"@type\":\"PropertyValueSpecification\",\"valueRequired\":true,\"valueName\":\"search_term_string\"}}],\"inLanguage\":\"es-ES\"},{\"@type\":\"Person\",\"@id\":\"https:\/\/www.welovecycling.com\/es\/#\/schema\/person\/deb61715b5812698ee79fb96f343ccd4\",\"name\":\"We Love Cycling Spain\",\"image\":{\"@type\":\"ImageObject\",\"inLanguage\":\"es-ES\",\"@id\":\"https:\/\/www.welovecycling.com\/es\/#\/schema\/person\/image\/\",\"url\":\"https:\/\/secure.gravatar.com\/avatar\/c824b04e6df0e37a03219d0b6481672889df542894588964102459e46513159c?s=96&d=mm&r=g\",\"contentUrl\":\"https:\/\/secure.gravatar.com\/avatar\/c824b04e6df0e37a03219d0b6481672889df542894588964102459e46513159c?s=96&d=mm&r=g\",\"caption\":\"We Love Cycling Spain\"},\"url\":\"https:\/\/www.welovecycling.com\/es\/author\/amunoz\/\"}]}<\/script>\n<!-- \/ Yoast SEO Premium plugin. -->","yoast_head_json":{"title":"La Vuelta de las resurrecciones - \u0160koda We Love Cycling - Spain","description":"La Vuelta de las resurrecciones. O'Connor, Yates, Carapaz, Enric Mas... los protagonistas de la primera semana de La Vuelta 2024.","robots":{"index":"index","follow":"follow","max-snippet":"max-snippet:-1","max-image-preview":"max-image-preview:large","max-video-preview":"max-video-preview:-1"},"canonical":"https:\/\/www.welovecycling.com\/es\/2024\/08\/26\/la-vuelta-de-las-resurrecciones\/","og_locale":"es_ES","og_type":"article","og_title":"La Vuelta de las resurrecciones","og_description":"La Vuelta de las resurrecciones. O'Connor, Yates, Carapaz, Enric Mas... los protagonistas de la primera semana de La Vuelta 2024.","og_url":"https:\/\/www.welovecycling.com\/es\/2024\/08\/26\/la-vuelta-de-las-resurrecciones\/","og_site_name":"\u0160koda We Love Cycling - Spain","article_published_time":"2024-08-26T09:20:12+00:00","article_modified_time":"2024-08-26T09:23:23+00:00","og_image":[{"width":1152,"height":840,"url":"https:\/\/d2p6e6u75xmxt8.cloudfront.net\/6\/2024\/08\/Yates-2-scaled-e1724663653358.webp","type":"image\/webp"}],"author":"We Love Cycling Spain","twitter_card":"summary_large_image","twitter_description":"La Vuelta de las resurrecciones. O'Connor, Yates, Carapaz, Enric Mas... los protagonistas de la primera semana de La Vuelta 2024.","twitter_misc":{"Written by":"Luis Ortega @Ciclored","Est. reading time":"7 minutes"},"schema":{"@context":"https:\/\/schema.org","@graph":[{"@type":"WebPage","@id":"https:\/\/www.welovecycling.com\/es\/2024\/08\/26\/la-vuelta-de-las-resurrecciones\/","url":"https:\/\/www.welovecycling.com\/es\/2024\/08\/26\/la-vuelta-de-las-resurrecciones\/","name":"La Vuelta de las resurrecciones - \u0160koda We Love Cycling - Spain","isPartOf":{"@id":"https:\/\/www.welovecycling.com\/es\/#website"},"primaryImageOfPage":{"@id":"https:\/\/www.welovecycling.com\/es\/2024\/08\/26\/la-vuelta-de-las-resurrecciones\/#primaryimage"},"image":{"@id":"https:\/\/www.welovecycling.com\/es\/2024\/08\/26\/la-vuelta-de-las-resurrecciones\/#primaryimage"},"thumbnailUrl":"https:\/\/d2p6e6u75xmxt8.cloudfront.net\/6\/2024\/08\/Yates-2-scaled-e1724663653358.webp","datePublished":"2024-08-26T09:20:12+00:00","dateModified":"2024-08-26T09:23:23+00:00","author":{"@id":"https:\/\/www.welovecycling.com\/es\/#\/schema\/person\/deb61715b5812698ee79fb96f343ccd4"},"description":"La Vuelta de las resurrecciones. O'Connor, Yates, Carapaz, Enric Mas... los protagonistas de la primera semana de La Vuelta 2024.","breadcrumb":{"@id":"https:\/\/www.welovecycling.com\/es\/2024\/08\/26\/la-vuelta-de-las-resurrecciones\/#breadcrumb"},"inLanguage":"es-ES","potentialAction":[{"@type":"ReadAction","target":["https:\/\/www.welovecycling.com\/es\/2024\/08\/26\/la-vuelta-de-las-resurrecciones\/"]}]},{"@type":"ImageObject","inLanguage":"es-ES","@id":"https:\/\/www.welovecycling.com\/es\/2024\/08\/26\/la-vuelta-de-las-resurrecciones\/#primaryimage","url":"https:\/\/d2p6e6u75xmxt8.cloudfront.net\/6\/2024\/08\/Yates-2-scaled-e1724663653358.webp","contentUrl":"https:\/\/d2p6e6u75xmxt8.cloudfront.net\/6\/2024\/08\/Yates-2-scaled-e1724663653358.webp","width":1152,"height":840},{"@type":"BreadcrumbList","@id":"https:\/\/www.welovecycling.com\/es\/2024\/08\/26\/la-vuelta-de-las-resurrecciones\/#breadcrumb","itemListElement":[{"@type":"ListItem","position":1,"name":"Home","item":"https:\/\/www.welovecycling.com\/es\/"},{"@type":"ListItem","position":2,"name":"La Vuelta de las resurrecciones"}]},{"@type":"WebSite","@id":"https:\/\/www.welovecycling.com\/es\/#website","url":"https:\/\/www.welovecycling.com\/es\/","name":"\u0160koda We Love Cycling - Spain","description":"\u0160koda WeLoveCycling Spain","potentialAction":[{"@type":"SearchAction","target":{"@type":"EntryPoint","urlTemplate":"https:\/\/www.welovecycling.com\/es\/?s={search_term_string}"},"query-input":{"@type":"PropertyValueSpecification","valueRequired":true,"valueName":"search_term_string"}}],"inLanguage":"es-ES"},{"@type":"Person","@id":"https:\/\/www.welovecycling.com\/es\/#\/schema\/person\/deb61715b5812698ee79fb96f343ccd4","name":"We Love Cycling Spain","image":{"@type":"ImageObject","inLanguage":"es-ES","@id":"https:\/\/www.welovecycling.com\/es\/#\/schema\/person\/image\/","url":"https:\/\/secure.gravatar.com\/avatar\/c824b04e6df0e37a03219d0b6481672889df542894588964102459e46513159c?s=96&d=mm&r=g","contentUrl":"https:\/\/secure.gravatar.com\/avatar\/c824b04e6df0e37a03219d0b6481672889df542894588964102459e46513159c?s=96&d=mm&r=g","caption":"We Love Cycling Spain"},"url":"https:\/\/www.welovecycling.com\/es\/author\/amunoz\/"}]}},"_links":{"self":[{"href":"https:\/\/www.welovecycling.com\/es\/wp-json\/wp\/v2\/posts\/11148","targetHints":{"allow":["GET"]}}],"collection":[{"href":"https:\/\/www.welovecycling.com\/es\/wp-json\/wp\/v2\/posts"}],"about":[{"href":"https:\/\/www.welovecycling.com\/es\/wp-json\/wp\/v2\/types\/post"}],"author":[{"embeddable":true,"href":"https:\/\/www.welovecycling.com\/es\/wp-json\/wp\/v2\/users\/29"}],"replies":[{"embeddable":true,"href":"https:\/\/www.welovecycling.com\/es\/wp-json\/wp\/v2\/comments?post=11148"}],"version-history":[{"count":5,"href":"https:\/\/www.welovecycling.com\/es\/wp-json\/wp\/v2\/posts\/11148\/revisions"}],"predecessor-version":[{"id":11156,"href":"https:\/\/www.welovecycling.com\/es\/wp-json\/wp\/v2\/posts\/11148\/revisions\/11156"}],"wp:featuredmedia":[{"embeddable":true,"href":"https:\/\/www.welovecycling.com\/es\/wp-json\/wp\/v2\/media\/11151"}],"wp:attachment":[{"href":"https:\/\/www.welovecycling.com\/es\/wp-json\/wp\/v2\/media?parent=11148"}],"wp:term":[{"taxonomy":"category","embeddable":true,"href":"https:\/\/www.welovecycling.com\/es\/wp-json\/wp\/v2\/categories?post=11148"},{"taxonomy":"post_tag","embeddable":true,"href":"https:\/\/www.welovecycling.com\/es\/wp-json\/wp\/v2\/tags?post=11148"},{"taxonomy":"global-categories","embeddable":true,"href":"https:\/\/www.welovecycling.com\/es\/wp-json\/wp\/v2\/global-categories?post=11148"}],"curies":[{"name":"wp","href":"https:\/\/api.w.org\/{rel}","templated":true}]}}