{"id":11132,"date":"2024-08-20T10:20:32","date_gmt":"2024-08-20T08:20:32","guid":{"rendered":"https:\/\/www.welovecycling.com\/es\/?p=11132"},"modified":"2024-08-20T10:20:32","modified_gmt":"2024-08-20T08:20:32","slug":"niewiadoma-tour-femenino","status":"publish","type":"post","link":"https:\/\/www.welovecycling.com\/es\/2024\/08\/20\/niewiadoma-tour-femenino\/","title":{"rendered":"Niewiadoma se lleva el Tour de Francia en un dram\u00e1tico final en Alpe d Huez"},"content":{"rendered":"<p style=\"font-weight: 400;\"><strong>Kasia Niewiadoma (Canyon-SRAM) gan\u00f3 el Tour de Francia 2024 Femmes avec Zwift (TdFF) por apenas 4 segundos sobre la defensora del t\u00edtulo y favorita antes de la carrera, Demi Vollering (SD Worx-Protime), en lo que fue una contrarreloj por el emblem\u00e1tico Alpe d&#8217;Huez. Pauliena Rooijakers (Fenix-Deceuninck) termin\u00f3 tercera en la clasificaci\u00f3n general, a solo 10 segundos.<\/strong><\/p>\n<p><!--more--><\/p>\n<p>Antes de la \u00faltima etapa en Alpe d&#8217;Huez, la corredora polaca de 29 a\u00f1os ten\u00eda una ventaja de 1:15 sobre su rival holandesa, debido a la ca\u00edda de Vollering a 6,5 km del final de la etapa 5, que le hizo perder 1:47 con Niewiadoma. El SD Worx fue muy criticado despu\u00e9s de ese incidente por no enviar dejar a ninguna gregaria con su l\u00edder. La magulla Vollering se encontr\u00f3 sola y pedale\u00f3 desesperadamente para limitar sus p\u00e9rdidas.<\/p>\n<p>Aun as\u00ed, parec\u00eda haberse recuperado de la ca\u00edda, y cuando lo que quedaba del pelot\u00f3n se acercaba a la cima de la primera de las dos subidas HC de la etapa, el Col du Glandon (19,9 km @ 7,2%), atac\u00f3 del pelot\u00f3n. El movimiento se produjo en la parte m\u00e1s empinada de la ascensi\u00f3n, cuando quedaban 2,3 km por subir y 53,6 km de los 149,9 km que separan L<a href=\"https:\/\/www.welovecycling.com\/es\/2024\/08\/11\/de-la-playa-a-alpe-dhuez-vollering-busca-su-segundo-tour-femenino\/\">e Grand-Bornand de la meta de Alpe d&#8217;Huez.<\/a><\/p>\n<p>Cuando coron\u00f3 la subida, acompa\u00f1ada en la escapada por Valentina Cavallar (Ark\u00e9a-B&amp;B Hotels) y Rooijakers, ten\u00eda una ventaja de 57 segundos sobre Niewiadoma. Finalmente, Cavallar se descolg\u00f3 y Vollering y Rooijakers se dirigieron hacia el Alpe d&#8217;Huez (14,9 km @ 7,9%), con la defensora del t\u00edtulo haciendo la mayor parte del trabajo. La distancia en el llano y al inicio del puerto era de 36 segundos. Vollering necesitaba 30 m\u00e1s y ganar la etapa para verstirse de amarillo.<\/p>\n<p style=\"font-weight: 400;\">.<\/p>\n<div class=\"embed-controller-wrapper\">\n<blockquote class=\"twitter-tweet\" data-width=\"500\" data-dnt=\"true\">\n<p lang=\"en\" dir=\"ltr\">\ud83c\udfc6 <a href=\"https:\/\/twitter.com\/KNiewiadoma?ref_src=twsrc%5Etfw\">@KNiewiadoma<\/a> writes history as 3rd winner of <a href=\"https:\/\/twitter.com\/LeTourFemmes?ref_src=twsrc%5Etfw\">@LeTourFemmes<\/a> <\/p>\n<p>2023 \ud83d\udc9b <a href=\"https:\/\/twitter.com\/demivollering?ref_src=twsrc%5Etfw\">@demivollering<\/a> <br \/>2022 \ud83d\udc9b <a href=\"https:\/\/twitter.com\/AvVleuten?ref_src=twsrc%5Etfw\">@AvVleuten<\/a> <a href=\"https:\/\/twitter.com\/hashtag\/UCIWWT?src=hash&amp;ref_src=twsrc%5Etfw\">#UCIWWT<\/a> <a href=\"https:\/\/twitter.com\/hashtag\/TDFF2024?src=hash&amp;ref_src=twsrc%5Etfw\">#TDFF2024<\/a><br \/>\u00a9\ufe0f A.S.O. <a href=\"https:\/\/t.co\/dF3MNDhzsJ\">pic.twitter.com\/dF3MNDhzsJ<\/a><\/p>\n<p>&mdash; UCI_WWT (@UCI_WWT) <a href=\"https:\/\/twitter.com\/UCI_WWT\/status\/1825258632910660057?ref_src=twsrc%5Etfw\">August 18, 2024<\/a><\/p><\/blockquote>\n<p><script async data-src=\"https:\/\/platform.twitter.com\/widgets.js\" charset=\"utf-8\"><\/script><\/div>\n<p>Y casi lo consigue. La diferencia lleg\u00f3 a 1 minuto a falta de 10,7 km para el final de la ascensi\u00f3n, y parec\u00eda que Vollering estaba a punto de conseguir su segundo TdFF consecutivo. Pero le quedaba poca gasolina en el dep\u00f3sito, mientras Niewiadoma se lanzaba en su persecuci\u00f3n. Y recibi\u00f3 una gran ayuda de \u00c9vita Muzic (FDJ-Suez), que realiz\u00f3 un gran esfuerzo delante de ella.<\/p>\n<p>Mientras tanto, Vollering superaba f\u00e1cilmente a Rooijakers y se hac\u00eda con una impresionante pero amarga victoria, mientras Niewiadoma continuaba con su sprint a toda velocidad hacia la l\u00ednea de meta. Lo consigui\u00f3, pero por un pelo, a 1:01, ya que la bonificaci\u00f3n de 10 segundos de Vollering por ganar la etapa no fue suficiente para vestirse de amarillo.<\/p>\n<p>Cuando le comunicaron que hab\u00eda ganado el maillot amarillo, <strong>Niewiadoma se sent\u00f3 en la carretera y llor\u00f3 de alegr\u00eda y agotamiento. \u00abLo pas\u00e9 muy mal en esta subida<\/strong> [al Alpe d&#8217;Huez], as\u00ed que llegar a la meta y saber que he ganado el Tour de Francia es una locura, es alucinante\u00bb, dijo. \u00abToda la etapa fue una monta\u00f1a rusa de locos. Tuve un momento muy malo en [el Col du] Glandon. Luego, en el descenso, pude rehacerme. Tuve mucha suerte de contar con Lucinda Brand, as\u00ed que gracias a Lidl-Trek; hicieron un gran trabajo acerc\u00e1ndonos a Demi y Pauliena\u00bb.<\/p>\n<p>Una desinflada Vollering tambi\u00e9n derram\u00f3 l\u00e1grimas en la meta, diciendo m\u00e1s tarde: \u00abEn este momento no me siento muy bien. En primer lugar, me siento muy vac\u00eda despu\u00e9s del esfuerzo de hoy, pero, por supuesto, tambi\u00e9n estoy un poco decepcionada por no haber podido ganar el maillot amarillo por s\u00f3lo cuatro segundos. Eso es un poco amargo para m\u00ed en este momento\u00bb.<\/p>\n<p>A continuaci\u00f3n, repas\u00f3 los momentos de la carrera que le llevaron a su ajustada derrota. \u00abSi me hubiera subido a la bici un poco antes [despu\u00e9s de la ca\u00edda]. Si hubiera ganado a Puck [Pieterse] en Lieja [en la cuarta etapa, en la que termin\u00f3 segunda]. Si ayer [en la 7\u00aa etapa] hubiera atacado un poco antes. Hay tantos \u00absi\u00bb, pero los \u00absi\u00bb no compran nada, as\u00ed que puedo pensar mucho en ello, pero s\u00f3lo me entristece. Creo que por c\u00f3mo he corrido hoy, puedo estar orgullosa\u00bb.<\/p>\n<p>Tambi\u00e9n mencion\u00f3 el hecho de que hab\u00eda corrido casi sin ayuda despu\u00e9s del Col du Glandon, mientras que Niewiadoma se benefici\u00f3 de la ayuda de Lucinda Brand, del Lidl-Trek, cuyo trabajo al frente del grupo de la corredora polaca en la subida al Alpe d&#8217;Huez recort\u00f3 m\u00e1s de 20 segundos a Vollering.<\/p>\n<p>Niewiadoma gan\u00f3 esta carrera tanto con su garra y determinaci\u00f3n como la perdi\u00f3 el SD Worx por culpa de su cuestionable estrategia. En primer lugar, \u00bfpor qu\u00e9 Vollering atac\u00f3 desde tan lejos en lugar de esperar al Alpe d&#8217;Huez? En el <strong>Col du Glandon, sac\u00f3 57 segundos a su rival polaca en s\u00f3lo 2,3 km<\/strong>.<\/p>\n<p>As\u00ed que es razonable suponer que si hubiera entrado en el Alpe d&#8217;Huez en el mismo grupo que la nueva campeona del Tour, podr\u00eda haber recuperado el tiempo suficiente para la victoria. Pero cuando lleg\u00f3 el momento de meter tiempo en la subida final, no le quedaba casi nada. En palabras de Vollering: \u00abS\u00f3lo intent\u00e9 seguir pedaleando tan fuerte como pude, pero estaba realmente vac\u00eda, as\u00ed que fue muy duro\u00bb.<\/p>\n<p>El equipo meti\u00f3 a cuatro compa\u00f1eras del SD Worx-Protime en la escapada inicial para superar el Col du Glandon y que Vollering tuviera ayuda en la subida al Alpe d&#8217;Huez. Pero cuando lleg\u00f3 a la subida del Glandon, s\u00f3lo hab\u00eda una compa\u00f1era de equipo, la infatigable Niamh Fisher-Black, para ayudarla. Despu\u00e9s, estaba sola.<\/p>\n<p>Y, en segundo lugar, si hubieran enviado a algunas corredoras de apoyo del equipo para ayudar a Vollering despu\u00e9s de la ca\u00edda, podr\u00edan haber reducido sus p\u00e9rdidas en al menos 5 segundos. Probablemente. Tambi\u00e9n le habr\u00edan ahorrado parte de la energ\u00eda que gast\u00f3 en su desesperado sprint de la 5\u00aa etapa, energ\u00eda que podr\u00eda haberle sido \u00fatil en esa fat\u00eddica subida final.<\/p>\n<p>S\u00ed, es una magn\u00edfica victoria para Niewiadoma, que merece todo el cr\u00e9dito por su coraje y determinaci\u00f3n. Pero tambi\u00e9n puede considerarse un fracaso para un equipo que deber\u00eda haber conocido mejor la carrera y haber tratado mejor a su campeona. Pero todo esto ser\u00e1 agua pasada a finales de a\u00f1o, cuando Vollering deje el SD Worx-Protime por otro equipo. En cualquier caso, esta edici\u00f3n de la TdFF fue dram\u00e1tica de principio a fin y culmin\u00f3 con uno de los d\u00edas de carreras m\u00e1s emocionantes que he visto nunca.<\/p>\n<p>Marianne Vos gan\u00f3 el <a href=\"https:\/\/www.welovecycling.com\/wide\/2020\/09\/08\/the-story-of-the-skoda-green-jersey-and-the-legend-of-peter-sagan\/\">maillot verde del \u0160koda<\/a> cuando Charlotte Kool no pudo aprovechar su gran ventaja en la clasificaci\u00f3n por puntos tras haber ganado los sprints de las etapas 1 y 2.. Pero en cuanto la carrera se volvi\u00f3 accidentada, Kool no pudo seguir el ritmo del pelot\u00f3n y finalmente abandon\u00f3 al principio de la 7\u00aa etapa, la primera de alta monta\u00f1a, alegando fatiga.<\/p>\n<p><a href=\"https:\/\/www.welovecycling.com\/es\/2024\/08\/11\/de-la-playa-a-alpe-dhuez-vollering-busca-su-segundo-tour-femenino\/\">Vos<\/a> se impuso entonces en una serie de sprints intermedios y se hizo f\u00e1cilmente con el maillot verde por 170 puntos a 110 sobre Lorena Wiebes (SD Worx-Protime), segunda clasificada.<\/p>\n<h4 style=\"font-weight: 400;\"><a href=\"https:\/\/www.letourfemmes.fr\/en\/rankings\"><strong>Clasificaci\u00f3n general final<\/strong><\/a><\/h4>\n<ol>\n<li style=\"font-weight: 400;\">Kasia Niewiadoma, Canyon-SRAM 24:36:07<br \/>\n2. Demi Vollering, SD Worx-Protime +\u00a0 4 secs<\/li>\n<li style=\"font-weight: 400;\">Pauliena Rooijakers, Fenix-Deceuninck \u00a0+\u00a0 10<\/li>\n<li style=\"font-weight: 400;\">Evita Muzic, FDJ-Suez +\u00a0 1:21<\/li>\n<li style=\"font-weight: 400;\">Gaia Realini, Lidl Trek + 2:19<\/li>\n<li style=\"font-weight: 400;\">C\u00e9drine Kerbaol, Ceratizit-WNT + 2:51<\/li>\n<li style=\"font-weight: 400;\">Sarah Gigante, AG Insurance\u2013Soudal + 7:09<\/li>\n<li style=\"font-weight: 400;\">Lucinda Brand, Lidl-Trek + 8:06<\/li>\n<li style=\"font-weight: 400;\">Juliette Labous, DSM-Firmenich-PostNL + 8:07<\/li>\n<li style=\"font-weight: 400;\">Thalita de Jong, Lotto Dstny + 8:12<\/li>\n<\/ol>\n<h4 style=\"font-weight: 400;\"><strong><br \/>\nResultados etapa 8<\/strong><\/h4>\n<ol>\n<li style=\"font-weight: 400;\">Demi Vollering, SD Worx-Protime 4:34:14<\/li>\n<li style=\"font-weight: 400;\">Pauliena Rooijakers, Fenix-Deceuninck + 4 secs<\/li>\n<li style=\"font-weight: 400;\">Evita Muzic, FDJ-Suez + 1:01<\/li>\n<li style=\"font-weight: 400;\">Kasia Niewiadoma, Canyon-SRAM + 1:01<\/li>\n<li style=\"font-weight: 400;\">Gaia Realini, Lidl Trek + 1:31<\/li>\n<li style=\"font-weight: 400;\">C\u00e9drine Kerbaol, Ceratizit-WNT + 3:15<\/li>\n<li style=\"font-weight: 400;\">Valentina Cavallar, A<a href=\"https:\/\/www.procyclingstats.com\/team\/arkea-b-b-hotels-women-2024\">rk\u00e9a\u2013B&amp;B Hotels <\/a>\u00a0\u00a0+ 3:34<\/li>\n<li style=\"font-weight: 400;\">Sarah Gigante, AG Insurance\u2013Soudal+ 5:10<\/li>\n<li style=\"font-weight: 400;\">Niamh Fisher-Black, SD Worx-Protime + 5:14<\/li>\n<li style=\"font-weight: 400;\">Lucinda Brand, Lidl-Trek + 7:06<\/li>\n<\/ol>\n","protected":false},"excerpt":{"rendered":"<p>Kasia Niewiadoma (Canyon-SRAM) gan\u00f3 el Tour de Francia 2024 Femmes avec Zwift (TdFF) por apenas 4 segundos sobre la defensora [&hellip;]<\/p>\n","protected":false},"author":29,"featured_media":11134,"comment_status":"open","ping_status":"open","sticky":false,"template":"","format":"standard","meta":{"footnotes":""},"categories":[7],"tags":[572],"global-categories":[],"class_list":["post-11132","post","type-post","status-publish","format-standard","has-post-thumbnail","hentry","category-carretera","tag-tour-femenino"],"yoast_head":"<!-- This site is optimized with the Yoast SEO Premium plugin v25.3 (Yoast SEO v25.9) - https:\/\/yoast.com\/wordpress\/plugins\/seo\/ -->\n<title>Niewiadoma se lleva el Tour de Francia en un dram\u00e1tico final en Alpe d Huez<\/title>\n<meta name=\"description\" content=\"Niewiadoma se lleva el Tour de Francia en un dram\u00e1tico final en Alpe d Huez. La resoluci\u00f3n m\u00e1s emocionante de una carrera.\" \/>\n<meta name=\"robots\" content=\"index, follow, max-snippet:-1, max-image-preview:large, max-video-preview:-1\" \/>\n<link rel=\"canonical\" href=\"https:\/\/www.welovecycling.com\/es\/2024\/08\/20\/niewiadoma-tour-femenino\/\" \/>\n<meta property=\"og:locale\" content=\"es_ES\" \/>\n<meta property=\"og:type\" content=\"article\" \/>\n<meta property=\"og:title\" content=\"Niewiadoma se lleva el Tour de Francia en un dram\u00e1tico final en Alpe d Huez\" \/>\n<meta property=\"og:description\" content=\"Niewiadoma se lleva el Tour de Francia en un dram\u00e1tico final en Alpe d Huez. La resoluci\u00f3n m\u00e1s emocionante de una carrera.\" \/>\n<meta property=\"og:url\" content=\"https:\/\/www.welovecycling.com\/es\/2024\/08\/20\/niewiadoma-tour-femenino\/\" \/>\n<meta property=\"og:site_name\" content=\"\u0160koda We Love Cycling - Spain\" \/>\n<meta property=\"article:published_time\" content=\"2024-08-20T08:20:32+00:00\" \/>\n<meta property=\"og:image\" content=\"https:\/\/d2p6e6u75xmxt8.cloudfront.net\/6\/2024\/08\/Kasia-Niewiadoma-profimedia-0899691744-CVR.webp\" \/>\n\t<meta property=\"og:image:width\" content=\"990\" \/>\n\t<meta property=\"og:image:height\" content=\"660\" \/>\n\t<meta property=\"og:image:type\" content=\"image\/webp\" \/>\n<meta name=\"author\" content=\"We Love Cycling Spain\" \/>\n<meta name=\"twitter:card\" content=\"summary_large_image\" \/>\n<meta name=\"twitter:description\" content=\"Niewiadoma se lleva el Tour de Francia en un dram\u00e1tico final en Alpe d Huez. La resoluci\u00f3n m\u00e1s emocionante de una carrera.\" \/>\n<meta name=\"twitter:label1\" content=\"Written by\" \/>\n\t<meta name=\"twitter:data1\" content=\"Siegfried Mortkowitz\" \/>\n\t<meta name=\"twitter:label2\" content=\"Est. reading time\" \/>\n\t<meta name=\"twitter:data2\" content=\"3\" \/>\n<script type=\"application\/ld+json\" class=\"yoast-schema-graph\">{\"@context\":\"https:\/\/schema.org\",\"@graph\":[{\"@type\":\"WebPage\",\"@id\":\"https:\/\/www.welovecycling.com\/es\/2024\/08\/20\/niewiadoma-tour-femenino\/\",\"url\":\"https:\/\/www.welovecycling.com\/es\/2024\/08\/20\/niewiadoma-tour-femenino\/\",\"name\":\"Niewiadoma se lleva el Tour de Francia en un dram\u00e1tico final en Alpe d Huez\",\"isPartOf\":{\"@id\":\"https:\/\/www.welovecycling.com\/es\/#website\"},\"primaryImageOfPage\":{\"@id\":\"https:\/\/www.welovecycling.com\/es\/2024\/08\/20\/niewiadoma-tour-femenino\/#primaryimage\"},\"image\":{\"@id\":\"https:\/\/www.welovecycling.com\/es\/2024\/08\/20\/niewiadoma-tour-femenino\/#primaryimage\"},\"thumbnailUrl\":\"https:\/\/d2p6e6u75xmxt8.cloudfront.net\/6\/2024\/08\/Kasia-Niewiadoma-profimedia-0899691744-CVR.webp\",\"datePublished\":\"2024-08-20T08:20:32+00:00\",\"author\":{\"@id\":\"https:\/\/www.welovecycling.com\/es\/#\/schema\/person\/deb61715b5812698ee79fb96f343ccd4\"},\"description\":\"Niewiadoma se lleva el Tour de Francia en un dram\u00e1tico final en Alpe d Huez. La resoluci\u00f3n m\u00e1s emocionante de una carrera.\",\"breadcrumb\":{\"@id\":\"https:\/\/www.welovecycling.com\/es\/2024\/08\/20\/niewiadoma-tour-femenino\/#breadcrumb\"},\"inLanguage\":\"es-ES\",\"potentialAction\":[{\"@type\":\"ReadAction\",\"target\":[\"https:\/\/www.welovecycling.com\/es\/2024\/08\/20\/niewiadoma-tour-femenino\/\"]}]},{\"@type\":\"ImageObject\",\"inLanguage\":\"es-ES\",\"@id\":\"https:\/\/www.welovecycling.com\/es\/2024\/08\/20\/niewiadoma-tour-femenino\/#primaryimage\",\"url\":\"https:\/\/d2p6e6u75xmxt8.cloudfront.net\/6\/2024\/08\/Kasia-Niewiadoma-profimedia-0899691744-CVR.webp\",\"contentUrl\":\"https:\/\/d2p6e6u75xmxt8.cloudfront.net\/6\/2024\/08\/Kasia-Niewiadoma-profimedia-0899691744-CVR.webp\",\"width\":990,\"height\":660,\"caption\":\"Kasia Niewiadoma\"},{\"@type\":\"BreadcrumbList\",\"@id\":\"https:\/\/www.welovecycling.com\/es\/2024\/08\/20\/niewiadoma-tour-femenino\/#breadcrumb\",\"itemListElement\":[{\"@type\":\"ListItem\",\"position\":1,\"name\":\"Home\",\"item\":\"https:\/\/www.welovecycling.com\/es\/\"},{\"@type\":\"ListItem\",\"position\":2,\"name\":\"Niewiadoma se lleva el Tour de Francia en un dram\u00e1tico final en Alpe d Huez\"}]},{\"@type\":\"WebSite\",\"@id\":\"https:\/\/www.welovecycling.com\/es\/#website\",\"url\":\"https:\/\/www.welovecycling.com\/es\/\",\"name\":\"\u0160koda We Love Cycling - Spain\",\"description\":\"\u0160koda WeLoveCycling Spain\",\"potentialAction\":[{\"@type\":\"SearchAction\",\"target\":{\"@type\":\"EntryPoint\",\"urlTemplate\":\"https:\/\/www.welovecycling.com\/es\/?s={search_term_string}\"},\"query-input\":{\"@type\":\"PropertyValueSpecification\",\"valueRequired\":true,\"valueName\":\"search_term_string\"}}],\"inLanguage\":\"es-ES\"},{\"@type\":\"Person\",\"@id\":\"https:\/\/www.welovecycling.com\/es\/#\/schema\/person\/deb61715b5812698ee79fb96f343ccd4\",\"name\":\"We Love Cycling Spain\",\"image\":{\"@type\":\"ImageObject\",\"inLanguage\":\"es-ES\",\"@id\":\"https:\/\/www.welovecycling.com\/es\/#\/schema\/person\/image\/\",\"url\":\"https:\/\/secure.gravatar.com\/avatar\/c824b04e6df0e37a03219d0b6481672889df542894588964102459e46513159c?s=96&d=mm&r=g\",\"contentUrl\":\"https:\/\/secure.gravatar.com\/avatar\/c824b04e6df0e37a03219d0b6481672889df542894588964102459e46513159c?s=96&d=mm&r=g\",\"caption\":\"We Love Cycling Spain\"},\"url\":\"https:\/\/www.welovecycling.com\/es\/author\/amunoz\/\"}]}<\/script>\n<!-- \/ Yoast SEO Premium plugin. -->","yoast_head_json":{"title":"Niewiadoma se lleva el Tour de Francia en un dram\u00e1tico final en Alpe d Huez","description":"Niewiadoma se lleva el Tour de Francia en un dram\u00e1tico final en Alpe d Huez. La resoluci\u00f3n m\u00e1s emocionante de una carrera.","robots":{"index":"index","follow":"follow","max-snippet":"max-snippet:-1","max-image-preview":"max-image-preview:large","max-video-preview":"max-video-preview:-1"},"canonical":"https:\/\/www.welovecycling.com\/es\/2024\/08\/20\/niewiadoma-tour-femenino\/","og_locale":"es_ES","og_type":"article","og_title":"Niewiadoma se lleva el Tour de Francia en un dram\u00e1tico final en Alpe d Huez","og_description":"Niewiadoma se lleva el Tour de Francia en un dram\u00e1tico final en Alpe d Huez. La resoluci\u00f3n m\u00e1s emocionante de una carrera.","og_url":"https:\/\/www.welovecycling.com\/es\/2024\/08\/20\/niewiadoma-tour-femenino\/","og_site_name":"\u0160koda We Love Cycling - Spain","article_published_time":"2024-08-20T08:20:32+00:00","og_image":[{"width":990,"height":660,"url":"https:\/\/d2p6e6u75xmxt8.cloudfront.net\/6\/2024\/08\/Kasia-Niewiadoma-profimedia-0899691744-CVR.webp","type":"image\/webp"}],"author":"We Love Cycling Spain","twitter_card":"summary_large_image","twitter_description":"Niewiadoma se lleva el Tour de Francia en un dram\u00e1tico final en Alpe d Huez. La resoluci\u00f3n m\u00e1s emocionante de una carrera.","twitter_misc":{"Written by":"Siegfried Mortkowitz","Est. reading time":"3"},"schema":{"@context":"https:\/\/schema.org","@graph":[{"@type":"WebPage","@id":"https:\/\/www.welovecycling.com\/es\/2024\/08\/20\/niewiadoma-tour-femenino\/","url":"https:\/\/www.welovecycling.com\/es\/2024\/08\/20\/niewiadoma-tour-femenino\/","name":"Niewiadoma se lleva el Tour de Francia en un dram\u00e1tico final en Alpe d Huez","isPartOf":{"@id":"https:\/\/www.welovecycling.com\/es\/#website"},"primaryImageOfPage":{"@id":"https:\/\/www.welovecycling.com\/es\/2024\/08\/20\/niewiadoma-tour-femenino\/#primaryimage"},"image":{"@id":"https:\/\/www.welovecycling.com\/es\/2024\/08\/20\/niewiadoma-tour-femenino\/#primaryimage"},"thumbnailUrl":"https:\/\/d2p6e6u75xmxt8.cloudfront.net\/6\/2024\/08\/Kasia-Niewiadoma-profimedia-0899691744-CVR.webp","datePublished":"2024-08-20T08:20:32+00:00","author":{"@id":"https:\/\/www.welovecycling.com\/es\/#\/schema\/person\/deb61715b5812698ee79fb96f343ccd4"},"description":"Niewiadoma se lleva el Tour de Francia en un dram\u00e1tico final en Alpe d Huez. La resoluci\u00f3n m\u00e1s emocionante de una carrera.","breadcrumb":{"@id":"https:\/\/www.welovecycling.com\/es\/2024\/08\/20\/niewiadoma-tour-femenino\/#breadcrumb"},"inLanguage":"es-ES","potentialAction":[{"@type":"ReadAction","target":["https:\/\/www.welovecycling.com\/es\/2024\/08\/20\/niewiadoma-tour-femenino\/"]}]},{"@type":"ImageObject","inLanguage":"es-ES","@id":"https:\/\/www.welovecycling.com\/es\/2024\/08\/20\/niewiadoma-tour-femenino\/#primaryimage","url":"https:\/\/d2p6e6u75xmxt8.cloudfront.net\/6\/2024\/08\/Kasia-Niewiadoma-profimedia-0899691744-CVR.webp","contentUrl":"https:\/\/d2p6e6u75xmxt8.cloudfront.net\/6\/2024\/08\/Kasia-Niewiadoma-profimedia-0899691744-CVR.webp","width":990,"height":660,"caption":"Kasia Niewiadoma"},{"@type":"BreadcrumbList","@id":"https:\/\/www.welovecycling.com\/es\/2024\/08\/20\/niewiadoma-tour-femenino\/#breadcrumb","itemListElement":[{"@type":"ListItem","position":1,"name":"Home","item":"https:\/\/www.welovecycling.com\/es\/"},{"@type":"ListItem","position":2,"name":"Niewiadoma se lleva el Tour de Francia en un dram\u00e1tico final en Alpe d Huez"}]},{"@type":"WebSite","@id":"https:\/\/www.welovecycling.com\/es\/#website","url":"https:\/\/www.welovecycling.com\/es\/","name":"\u0160koda We Love Cycling - Spain","description":"\u0160koda WeLoveCycling Spain","potentialAction":[{"@type":"SearchAction","target":{"@type":"EntryPoint","urlTemplate":"https:\/\/www.welovecycling.com\/es\/?s={search_term_string}"},"query-input":{"@type":"PropertyValueSpecification","valueRequired":true,"valueName":"search_term_string"}}],"inLanguage":"es-ES"},{"@type":"Person","@id":"https:\/\/www.welovecycling.com\/es\/#\/schema\/person\/deb61715b5812698ee79fb96f343ccd4","name":"We Love Cycling Spain","image":{"@type":"ImageObject","inLanguage":"es-ES","@id":"https:\/\/www.welovecycling.com\/es\/#\/schema\/person\/image\/","url":"https:\/\/secure.gravatar.com\/avatar\/c824b04e6df0e37a03219d0b6481672889df542894588964102459e46513159c?s=96&d=mm&r=g","contentUrl":"https:\/\/secure.gravatar.com\/avatar\/c824b04e6df0e37a03219d0b6481672889df542894588964102459e46513159c?s=96&d=mm&r=g","caption":"We Love Cycling Spain"},"url":"https:\/\/www.welovecycling.com\/es\/author\/amunoz\/"}]}},"_links":{"self":[{"href":"https:\/\/www.welovecycling.com\/es\/wp-json\/wp\/v2\/posts\/11132","targetHints":{"allow":["GET"]}}],"collection":[{"href":"https:\/\/www.welovecycling.com\/es\/wp-json\/wp\/v2\/posts"}],"about":[{"href":"https:\/\/www.welovecycling.com\/es\/wp-json\/wp\/v2\/types\/post"}],"author":[{"embeddable":true,"href":"https:\/\/www.welovecycling.com\/es\/wp-json\/wp\/v2\/users\/29"}],"replies":[{"embeddable":true,"href":"https:\/\/www.welovecycling.com\/es\/wp-json\/wp\/v2\/comments?post=11132"}],"version-history":[{"count":1,"href":"https:\/\/www.welovecycling.com\/es\/wp-json\/wp\/v2\/posts\/11132\/revisions"}],"predecessor-version":[{"id":11136,"href":"https:\/\/www.welovecycling.com\/es\/wp-json\/wp\/v2\/posts\/11132\/revisions\/11136"}],"wp:featuredmedia":[{"embeddable":true,"href":"https:\/\/www.welovecycling.com\/es\/wp-json\/wp\/v2\/media\/11134"}],"wp:attachment":[{"href":"https:\/\/www.welovecycling.com\/es\/wp-json\/wp\/v2\/media?parent=11132"}],"wp:term":[{"taxonomy":"category","embeddable":true,"href":"https:\/\/www.welovecycling.com\/es\/wp-json\/wp\/v2\/categories?post=11132"},{"taxonomy":"post_tag","embeddable":true,"href":"https:\/\/www.welovecycling.com\/es\/wp-json\/wp\/v2\/tags?post=11132"},{"taxonomy":"global-categories","embeddable":true,"href":"https:\/\/www.welovecycling.com\/es\/wp-json\/wp\/v2\/global-categories?post=11132"}],"curies":[{"name":"wp","href":"https:\/\/api.w.org\/{rel}","templated":true}]}}