{"id":11131,"date":"2024-08-23T10:52:56","date_gmt":"2024-08-23T08:52:56","guid":{"rendered":"https:\/\/www.welovecycling.com\/es\/?p=11131"},"modified":"2024-08-22T10:24:24","modified_gmt":"2024-08-22T08:24:24","slug":"pico-veleta","status":"publish","type":"post","link":"https:\/\/www.welovecycling.com\/es\/2024\/08\/23\/pico-veleta\/","title":{"rendered":"Gu\u00eda para subir el Pico Veleta"},"content":{"rendered":"<p style=\"font-weight: 400;\"><strong>La Vuelta ya est\u00e1 en marcha y, como de costumbre, estamos aqu\u00ed, estirando las piernas y probando la comida, la cultura y las carreteras locales. As\u00ed que, \u00bfqu\u00e9 mejor lugar para conseguir todo esto que Granada? La historia es abundante, la comida est\u00e1 para morirse y, bueno, la escalada m\u00e1s larga de Europa, el Pico Veleta, est\u00e1 justo en nuestra puerta. Y d\u00e9jame decirte que subirla a casi 40\u00ba no fue una gran idea, aunque all\u00ed arriba s\u00f3lo hac\u00eda 25\u00ba. As\u00ed que, s\u00ed, fue una forma estupenda de escapar del calor infernal de la ciudad.<\/strong><\/p>\n<p><!--more--><\/p>\n<h2><strong>Hoya de la Mora o Pico Veleta<\/strong><\/h2>\n<figure id=\"attachment_8944\" aria-describedby=\"caption-attachment-8944\" style=\"width: 990px\" class=\"wp-caption alignnone\"><a href=\"https:\/\/d2p6e6u75xmxt8.cloudfront.net\/6\/2022\/05\/Pico-Veleta-profimedia-0460922618-CVR.jpg\"><img loading=\"lazy\" decoding=\"async\" class=\"wp-image-8944 size-full\" src=\"https:\/\/d2p6e6u75xmxt8.cloudfront.net\/6\/2022\/05\/Pico-Veleta-profimedia-0460922618-CVR.jpg\" alt=\"Pico Veleta\" width=\"990\" height=\"660\" srcset=\"https:\/\/d2p6e6u75xmxt8.cloudfront.net\/6\/2022\/05\/Pico-Veleta-profimedia-0460922618-CVR.jpg 990w, https:\/\/d2p6e6u75xmxt8.cloudfront.net\/6\/2022\/05\/Pico-Veleta-profimedia-0460922618-CVR-300x200.jpg 300w, https:\/\/d2p6e6u75xmxt8.cloudfront.net\/6\/2022\/05\/Pico-Veleta-profimedia-0460922618-CVR-768x512.jpg 768w, https:\/\/d2p6e6u75xmxt8.cloudfront.net\/6\/2022\/05\/Pico-Veleta-profimedia-0460922618-CVR-272x182.jpg 272w\" sizes=\"auto, (max-width: 990px) 100vw, 990px\" \/><\/a><figcaption id=\"caption-attachment-8944\" class=\"wp-caption-text\">El Pico Veleta es conocido como la carretera m\u00e1s alta de Europa. El recorrido de 31,2 km en bicicleta sin duda har\u00e1 mella en tus piernas. \u00a9 Profimedia<\/figcaption><\/figure>\n<p style=\"font-weight: 400;\">Todo empieza en Granada. El caf\u00e9 de la ma\u00f1ana tambi\u00e9n, pero esa es una historia para otro momento. La ruta completa tiene unos 74 km, la mitad de los cuales son de subida. Normalmente, llegar\u00edamos a la cima del Pico Veleta, a 3.398 m, pero esto no es para principiantes. Habr\u00eda que a\u00f1adir otros 21 km de subida, 10,5 de ellos fuera de la carretera por un camino de grava que se deteriora progresivamente. Tendr\u00e1s que subir otros 700 m de desnivel y la altitud empezar\u00e1 a afectar a tu rendimiento y resistencia. As\u00ed que, si hasta entonces has conquistado una subida de 30 km, puedes considerarte afortunado si te queda algo de resistencia. A\u00fan as\u00ed, si sientes que puedes hacer m\u00e1s despu\u00e9s de llegar al final del asfalto en Hoya de la Mora y quieres poner a prueba tus piernas, adelante. Pero ten en cuenta que no hay \u00e1rboles, agua ni comida hasta la cima y de vuelta. Adem\u00e1s, hay piedras en el camino, as\u00ed que ten cuidado de no reventar los neum\u00e1ticos.<\/p>\n<h2><strong>La Ruta<\/strong><\/h2>\n<div class=\"strava-embed-placeholder\" data-embed-type=\"route\" data-embed-id=\"3254684941640795904\" data-style=\"standard\" data-from-embed=\"false\"><\/div>\n<p><script src=\"https:\/\/strava-embeds.com\/embed.js\"><\/script><\/p>\n<p>Pero hoy nos centraremos estrictamente en lo que puede esperar sobre el asfalto. Para empezar, ascender\u00e1s m\u00e1s de 2.000 metros en la carretera, as\u00ed que no te enga\u00f1es pensando que ser\u00e1 una ruta f\u00e1cil. Debes prepararte mentalmente para el reto. Ascender\u00e1s unos 30 km con dos breves descansos en el camino en los que ser\u00e1 llano o un corto descenso. Por lo dem\u00e1s, tendr\u00e1s que superar una pendiente media de alrededor del 5,5%, que puede llegar hasta el 17%. Aunque las partes m\u00e1s empinadas est\u00e1n al principio de la subida, donde tendr\u00e1s que luchar constantemente con pendientes de m\u00e1s del 12%, no creas que el resto es f\u00e1cil. A partir del kil\u00f3metro 20, la pendiente es de un 8% aproximadamente. Esto puede no parecer demasiado dif\u00edcil, pero una vez superado el km 30, empezar\u00e1s a sentir cada pedalada.<\/p>\n<p>Aun as\u00ed, el recorrido empieza con un falso llano durante los primeros 9,5 km. All\u00ed, puedes calentar adecuadamente mientras sales de Granada, Huetor Vega, y pasas por el Barrio de Monachil. Una vez que llegues al peque\u00f1o pueblo de Monachil, la carretera empezar\u00e1 a parecerse m\u00e1s a un muro que a una carretera. \u00c9ste ser\u00e1 el \u00faltimo pueblo que cruzar\u00e1 en lo que queda de d\u00eda. Pero no te preocupes; hay muchos restaurantes, gasolineras e incluso tiendas por el camino.<\/p>\n<p>Los siguientes 7 km son posiblemente los m\u00e1s duros de todo el recorrido. Subir\u00e1s m\u00e1s de una cuarta parte de la altitud total del d\u00eda. La pendiente se mantendr\u00e1 constantemente en los dos d\u00edgitos. Al final, empezar\u00e1s a notarlo, por muy fresco y animado que estuvieras al principio. Una vez que llegues al Camping El Purche, la carretera se allanar\u00e1 y por fin sentir\u00e1s el alivio que tanto necesita. All\u00ed podr\u00e1s experimentar el \u00faltimo tramo de descenso antes de llegar a la cima, as\u00ed que aunque es muy corto, tomate tu tiempo para disfrutarlo.<\/p>\n<p>Una vez que llegues a la carretera principal, sin embargo, la secci\u00f3n plana termina, y estas una vez m\u00e1s en la subida. La subida continuar\u00e1 hasta el final, en <a href=\"https:\/\/www.welovecycling.com\/es\/2019\/06\/05\/sierra-nevada-entrenamiento-en-altura\/\">Hoya de la Mora<\/a>, a m\u00e1s de 17 km de distancia.<\/p>\n<h2><strong>Lugares<\/strong><\/h2>\n<p>A lo largo del camino, hay varios lugares en los que quiz\u00e1 quieras detenerte y disfrutar. Lo primero y m\u00e1s importante es el paisaje. Aseg\u00farate de mirar a tu alrededor mientras ruedas. No mires a tu rueda delantera todo el tiempo. Est\u00e1 ah\u00ed. Con suerte, no se parar\u00e1 antes que t\u00fa. Los giros de la carretera abrir\u00e1n muchas vistas majestuosas, todas ellas dignas de contemplar. Tambi\u00e9n podr\u00e1s hacer algunas fotos, pero nunca conseguir\u00e1s captar el paisaje en todo su esplendor.<\/p>\n<p>Un lugar en el que sin duda debe detenerse para hacer una foto es en la se\u00f1al de 2.000 m de altitud. All\u00ed se abrir\u00e1 una majestuosa vista del valle y podr\u00e1s ver Granada y otros peque\u00f1os pueblos salpicados en los campos de abajo. Es sencillamente impresionante. Adem\u00e1s, es una forma excelente de recuperar el aliento. Despu\u00e9s del Centro de Visitantes de El Dornajo, te desviar\u00e1s de la carretera principal y tomar\u00e1s una ruta m\u00e1s peque\u00f1a pero mucho m\u00e1s pintoresca hasta la cima.<\/p>\n<p>De regreso, puedes detenerte en la Alhambra. O simplemente puedes descansar un rato en los preciosos jardines llenos de fuentes.<\/p>\n<h2><strong>Cuando ir<\/strong><\/h2>\n<p>La mejor \u00e9poca para llegar a la cima es entre principios de mayo y la \u00faltima semana de octubre. Suele ser cuando no hay nieve en la cima y se puede llegar a los<a href=\"https:\/\/www.welovecycling.com\/es\/2022\/05\/20\/siete-puertos-complicados-europa\/\"> 3.398 m de altitud<\/a>\u00a0del Pico Veleta. Para la Hoya de la Mora, m\u00e1s f\u00e1cil, se puede ir ya en marzo si no hay nevadas en febrero.<\/p>\n<p>Agosto es sin duda el mes m\u00e1s dif\u00edcil para hacer el viaje, ya que las temperaturas en Granada superan a menudo los 40\u00b0C. Sin embargo, si te encuentras all\u00ed y quieres probar la ruta, empezar lo m\u00e1s temprano posible es aconsejable. Las 5:30 de la ma\u00f1ana parece una hora estupenda para salir, ya que el sol saldr\u00e1 para cuando salgas de Granada. Empezar temprano te ayudar\u00e1 a llegar al clima m\u00e1s fresco antes de que los calores empiecen a asfixiar el valle de abajo. Adem\u00e1s, ten en cuenta que no hay muchos \u00e1rboles a lo largo del camino, por lo que no tendr\u00e1s el placer de esconderte del sol con demasiada frecuencia.<\/p>\n<p>En la cima, las temperaturas rara vez superan los 23\u00b0C, por lo que el calor no ser\u00e1 un problema despu\u00e9s de los 2.000 m de altitud. Aun as\u00ed, intenta llegar a la cima antes de la una, cuando el sol estar\u00e1 m\u00e1s alto.<\/p>\n<h2><strong>\u00bfCu\u00e1nto dura la ruta?<\/strong><\/h2>\n<p style=\"font-weight: 400;\">Para un ciclista experimentado, la subida y la vuelta dura unas 4-5 horas. Tu objetivo deber\u00eda ser de 6 a 8 horas, con muchas paradas y descansos. Aun as\u00ed, no te exijas demasiado. Si has empezado temprano, tendr\u00e1s tiempo suficiente para terminar antes de que anochezca. Si quieres llegar al Pico Veleta suma dos horas m\u00e1s.<\/p>\n<h2><strong>\u00bfQu\u00e9 necesitas para la ruta?<\/strong><\/h2>\n<p style=\"font-weight: 400;\">Lo normal, en realidad. Puede que pienses en prescindir del cortavientos, teniendo en cuenta que las temperaturas de Granada son m\u00e1s apropiadas para una olla de cocci\u00f3n lenta. Aun as\u00ed, subir\u00e1s por encima de los 2.500 m y el descenso ser\u00e1 r\u00e1pido. Adem\u00e1s, en la cima suele hacer viento y, cuando pares a descansar, es buena idea tener algo que ponerse<\/p>\n<h2><strong>\u00bfAgua?<\/strong><\/h2>\n<p>Dos bidones ser\u00e1n suficientes durante todo el camino. Hay muchos lugares donde se puede rellenar. Aun as\u00ed, ten en cuenta que el calor te har\u00e1 beber m\u00e1s. Adem\u00e1s, necesitas mantenerte bien hidratado para evitar calambres.<\/p>\n<p>Ahora bien, hay dos puntos en los que debes rellenar independientemente de la cantidad de agua que te quede. El primero es justo antes de El Dornajo, donde se toma una peque\u00f1a carretera serena sin absolutamente nada. No tendr\u00e1s la oportunidad de rellenar hasta que llegues a Hoya De La Mora. El segundo es en Hoya De La Mora si est\u00e1s atacando la cumbre. Esto es muy importante ya que la subida al Pico Veleta es realmente dura y necesitar\u00e1s toda el agua que puedas conseguir. As\u00ed que aseg\u00farate de rellenar.<\/p>\n<h2><strong>\u00bfComida?<\/strong><\/h2>\n<p>La comida no es un problema. Tienes un mont\u00f3n de restaurantes en el camino. As\u00ed que, siempre que tengas hambre, habr\u00e1 un lugar donde comer algo en la siguiente media hora. El \u00fanico lugar donde no podr\u00e1s comer es entre el Centro de Visitantes de El Dornajo y Hoya de la Mora. As\u00ed que, si sientes que necesitas comer antes de El Dornajo, hay dos restaurantes bastante buenos justo antes de desviarte de la carretera principal. Si no, el Kiosko-Bar de la cima ofrece sabrosas hamburguesas, bocadillos y una o dos cervezas bien merecidas. Las vistas tambi\u00e9n merecen la pena para comer algo all\u00ed mismo.<\/p>\n<p>Antes, simplemente hay que parar en la Cafeter\u00eda La Abuela Serafina. Es cierto que est\u00e1 a s\u00f3lo 10 km de la salida, pero los dulces que all\u00ed se sirven son de otro mundo y siempre viene bien un segundo caf\u00e9 antes de iniciar los 30 km de subida hasta la cima. As\u00ed que tomate unos momentos para disfrutar de la reposter\u00eda. Lo mejor es que abre a las 7:00, as\u00ed que si empiezas tu ruta un poco m\u00e1s tarde, a las 6:30, puedes estar all\u00ed justo cuando abre la cafeter\u00eda.<\/p>\n<p>Una vez de vuelta estar\u00e1s hambriento. Quiz\u00e1 te apetezca disfrutar de unas tapas acompa\u00f1adas de unas merecidas cervezas. Pues bien, en Granada es habitual que los bares traigan tapas cuando pides una bebida. Con cada consumici\u00f3n te pondr\u00e1n una tapa diferente y con cada nuevo refresco, una tapa m\u00e1s elaborada. As\u00ed que, si vas a pedir una cerveza de todos modos y no tienes tanta hambre, puedes que disfrutes de este capricho.<\/p>\n<h2><strong>\u00bfAlgo m\u00e1s?<\/strong><\/h2>\n<p style=\"font-weight: 400;\">Eso es. Est\u00e1s listo para afrontar la subida m\u00e1s larga de Europa. Y mientras est\u00e9s all\u00ed, disfruta de cada momento. Seguro que en alg\u00fan momento te sentir\u00e1s desanimado, pero sigue adelante. No s\u00f3lo porque eres mejor que eso, sino tambi\u00e9n porque la comida del <a href=\"https:\/\/www.facebook.com\/Kioscobarhoyadelamora\/\">Kiosko-Bar de Hoya De La Mora<\/a> merece realmente la pena. Y siempre podr\u00e1s presumir de haber llegado a la cima de la escalada m\u00e1s larga de Europa en las redes sociales que prefieras. Eso merece al menos 200 \u00abme gusta\u00bb.<\/p>\n","protected":false},"excerpt":{"rendered":"<p>La Vuelta ya est\u00e1 en marcha y, como de costumbre, estamos aqu\u00ed, estirando las piernas y probando la comida, la [&hellip;]<\/p>\n","protected":false},"author":29,"featured_media":11135,"comment_status":"open","ping_status":"open","sticky":false,"template":"","format":"standard","meta":{"footnotes":""},"categories":[7],"tags":[],"global-categories":[],"class_list":["post-11131","post","type-post","status-publish","format-standard","has-post-thumbnail","hentry","category-carretera"],"yoast_head":"<!-- This site is optimized with the Yoast SEO Premium plugin v25.3 (Yoast SEO v25.9) - https:\/\/yoast.com\/wordpress\/plugins\/seo\/ -->\n<title>Gu\u00eda para subir el Pico Veleta<\/title>\n<meta name=\"description\" content=\"Gu\u00eda para subir el Pico Veleta. Consejos para pedalear hasta la cima del Veleta o quedarse en la cota 2.500 Hoya de la Mora.\" \/>\n<meta name=\"robots\" content=\"index, follow, max-snippet:-1, max-image-preview:large, max-video-preview:-1\" \/>\n<link rel=\"canonical\" href=\"https:\/\/www.welovecycling.com\/es\/2024\/08\/23\/pico-veleta\/\" \/>\n<meta property=\"og:locale\" content=\"es_ES\" \/>\n<meta property=\"og:type\" content=\"article\" \/>\n<meta property=\"og:title\" content=\"Gu\u00eda para subir el Pico Veleta\" \/>\n<meta property=\"og:description\" content=\"Gu\u00eda para subir el Pico Veleta. Consejos para pedalear hasta la cima del Veleta o quedarse en la cota 2.500 Hoya de la Mora.\" \/>\n<meta property=\"og:url\" content=\"https:\/\/www.welovecycling.com\/es\/2024\/08\/23\/pico-veleta\/\" \/>\n<meta property=\"og:site_name\" content=\"\u0160koda We Love Cycling - Spain\" \/>\n<meta property=\"article:published_time\" content=\"2024-08-23T08:52:56+00:00\" \/>\n<meta property=\"og:image\" content=\"https:\/\/d2p6e6u75xmxt8.cloudfront.net\/6\/2024\/08\/Pico-Veleta-Andalusia-profimedia-0462397873-CVR.webp\" \/>\n\t<meta property=\"og:image:width\" content=\"990\" \/>\n\t<meta property=\"og:image:height\" content=\"660\" \/>\n\t<meta property=\"og:image:type\" content=\"image\/webp\" \/>\n<meta name=\"author\" content=\"We Love Cycling Spain\" \/>\n<meta name=\"twitter:card\" content=\"summary_large_image\" \/>\n<meta name=\"twitter:description\" content=\"Gu\u00eda para subir el Pico Veleta. Consejos para pedalear hasta la cima del Veleta o quedarse en la cota 2.500 Hoya de la Mora.\" \/>\n<meta name=\"twitter:label1\" content=\"Written by\" \/>\n\t<meta name=\"twitter:data1\" content=\"Martin Atanasov\" \/>\n\t<meta name=\"twitter:label2\" content=\"Est. reading time\" \/>\n\t<meta name=\"twitter:data2\" content=\"5\" \/>\n<script type=\"application\/ld+json\" class=\"yoast-schema-graph\">{\"@context\":\"https:\/\/schema.org\",\"@graph\":[{\"@type\":\"WebPage\",\"@id\":\"https:\/\/www.welovecycling.com\/es\/2024\/08\/23\/pico-veleta\/\",\"url\":\"https:\/\/www.welovecycling.com\/es\/2024\/08\/23\/pico-veleta\/\",\"name\":\"Gu\u00eda para subir el Pico Veleta\",\"isPartOf\":{\"@id\":\"https:\/\/www.welovecycling.com\/es\/#website\"},\"primaryImageOfPage\":{\"@id\":\"https:\/\/www.welovecycling.com\/es\/2024\/08\/23\/pico-veleta\/#primaryimage\"},\"image\":{\"@id\":\"https:\/\/www.welovecycling.com\/es\/2024\/08\/23\/pico-veleta\/#primaryimage\"},\"thumbnailUrl\":\"https:\/\/d2p6e6u75xmxt8.cloudfront.net\/6\/2024\/08\/Pico-Veleta-Andalusia-profimedia-0462397873-CVR.webp\",\"datePublished\":\"2024-08-23T08:52:56+00:00\",\"author\":{\"@id\":\"https:\/\/www.welovecycling.com\/es\/#\/schema\/person\/deb61715b5812698ee79fb96f343ccd4\"},\"description\":\"Gu\u00eda para subir el Pico Veleta. Consejos para pedalear hasta la cima del Veleta o quedarse en la cota 2.500 Hoya de la Mora.\",\"breadcrumb\":{\"@id\":\"https:\/\/www.welovecycling.com\/es\/2024\/08\/23\/pico-veleta\/#breadcrumb\"},\"inLanguage\":\"es-ES\",\"potentialAction\":[{\"@type\":\"ReadAction\",\"target\":[\"https:\/\/www.welovecycling.com\/es\/2024\/08\/23\/pico-veleta\/\"]}]},{\"@type\":\"ImageObject\",\"inLanguage\":\"es-ES\",\"@id\":\"https:\/\/www.welovecycling.com\/es\/2024\/08\/23\/pico-veleta\/#primaryimage\",\"url\":\"https:\/\/d2p6e6u75xmxt8.cloudfront.net\/6\/2024\/08\/Pico-Veleta-Andalusia-profimedia-0462397873-CVR.webp\",\"contentUrl\":\"https:\/\/d2p6e6u75xmxt8.cloudfront.net\/6\/2024\/08\/Pico-Veleta-Andalusia-profimedia-0462397873-CVR.webp\",\"width\":990,\"height\":660,\"caption\":\"Pico Veleta\"},{\"@type\":\"BreadcrumbList\",\"@id\":\"https:\/\/www.welovecycling.com\/es\/2024\/08\/23\/pico-veleta\/#breadcrumb\",\"itemListElement\":[{\"@type\":\"ListItem\",\"position\":1,\"name\":\"Home\",\"item\":\"https:\/\/www.welovecycling.com\/es\/\"},{\"@type\":\"ListItem\",\"position\":2,\"name\":\"Gu\u00eda para subir el Pico Veleta\"}]},{\"@type\":\"WebSite\",\"@id\":\"https:\/\/www.welovecycling.com\/es\/#website\",\"url\":\"https:\/\/www.welovecycling.com\/es\/\",\"name\":\"\u0160koda We Love Cycling - Spain\",\"description\":\"\u0160koda WeLoveCycling Spain\",\"potentialAction\":[{\"@type\":\"SearchAction\",\"target\":{\"@type\":\"EntryPoint\",\"urlTemplate\":\"https:\/\/www.welovecycling.com\/es\/?s={search_term_string}\"},\"query-input\":{\"@type\":\"PropertyValueSpecification\",\"valueRequired\":true,\"valueName\":\"search_term_string\"}}],\"inLanguage\":\"es-ES\"},{\"@type\":\"Person\",\"@id\":\"https:\/\/www.welovecycling.com\/es\/#\/schema\/person\/deb61715b5812698ee79fb96f343ccd4\",\"name\":\"We Love Cycling Spain\",\"image\":{\"@type\":\"ImageObject\",\"inLanguage\":\"es-ES\",\"@id\":\"https:\/\/www.welovecycling.com\/es\/#\/schema\/person\/image\/\",\"url\":\"https:\/\/secure.gravatar.com\/avatar\/c824b04e6df0e37a03219d0b6481672889df542894588964102459e46513159c?s=96&d=mm&r=g\",\"contentUrl\":\"https:\/\/secure.gravatar.com\/avatar\/c824b04e6df0e37a03219d0b6481672889df542894588964102459e46513159c?s=96&d=mm&r=g\",\"caption\":\"We Love Cycling Spain\"},\"url\":\"https:\/\/www.welovecycling.com\/es\/author\/amunoz\/\"}]}<\/script>\n<!-- \/ Yoast SEO Premium plugin. -->","yoast_head_json":{"title":"Gu\u00eda para subir el Pico Veleta","description":"Gu\u00eda para subir el Pico Veleta. Consejos para pedalear hasta la cima del Veleta o quedarse en la cota 2.500 Hoya de la Mora.","robots":{"index":"index","follow":"follow","max-snippet":"max-snippet:-1","max-image-preview":"max-image-preview:large","max-video-preview":"max-video-preview:-1"},"canonical":"https:\/\/www.welovecycling.com\/es\/2024\/08\/23\/pico-veleta\/","og_locale":"es_ES","og_type":"article","og_title":"Gu\u00eda para subir el Pico Veleta","og_description":"Gu\u00eda para subir el Pico Veleta. Consejos para pedalear hasta la cima del Veleta o quedarse en la cota 2.500 Hoya de la Mora.","og_url":"https:\/\/www.welovecycling.com\/es\/2024\/08\/23\/pico-veleta\/","og_site_name":"\u0160koda We Love Cycling - Spain","article_published_time":"2024-08-23T08:52:56+00:00","og_image":[{"width":990,"height":660,"url":"https:\/\/d2p6e6u75xmxt8.cloudfront.net\/6\/2024\/08\/Pico-Veleta-Andalusia-profimedia-0462397873-CVR.webp","type":"image\/webp"}],"author":"We Love Cycling Spain","twitter_card":"summary_large_image","twitter_description":"Gu\u00eda para subir el Pico Veleta. Consejos para pedalear hasta la cima del Veleta o quedarse en la cota 2.500 Hoya de la Mora.","twitter_misc":{"Written by":"Martin Atanasov","Est. reading time":"5"},"schema":{"@context":"https:\/\/schema.org","@graph":[{"@type":"WebPage","@id":"https:\/\/www.welovecycling.com\/es\/2024\/08\/23\/pico-veleta\/","url":"https:\/\/www.welovecycling.com\/es\/2024\/08\/23\/pico-veleta\/","name":"Gu\u00eda para subir el Pico Veleta","isPartOf":{"@id":"https:\/\/www.welovecycling.com\/es\/#website"},"primaryImageOfPage":{"@id":"https:\/\/www.welovecycling.com\/es\/2024\/08\/23\/pico-veleta\/#primaryimage"},"image":{"@id":"https:\/\/www.welovecycling.com\/es\/2024\/08\/23\/pico-veleta\/#primaryimage"},"thumbnailUrl":"https:\/\/d2p6e6u75xmxt8.cloudfront.net\/6\/2024\/08\/Pico-Veleta-Andalusia-profimedia-0462397873-CVR.webp","datePublished":"2024-08-23T08:52:56+00:00","author":{"@id":"https:\/\/www.welovecycling.com\/es\/#\/schema\/person\/deb61715b5812698ee79fb96f343ccd4"},"description":"Gu\u00eda para subir el Pico Veleta. Consejos para pedalear hasta la cima del Veleta o quedarse en la cota 2.500 Hoya de la Mora.","breadcrumb":{"@id":"https:\/\/www.welovecycling.com\/es\/2024\/08\/23\/pico-veleta\/#breadcrumb"},"inLanguage":"es-ES","potentialAction":[{"@type":"ReadAction","target":["https:\/\/www.welovecycling.com\/es\/2024\/08\/23\/pico-veleta\/"]}]},{"@type":"ImageObject","inLanguage":"es-ES","@id":"https:\/\/www.welovecycling.com\/es\/2024\/08\/23\/pico-veleta\/#primaryimage","url":"https:\/\/d2p6e6u75xmxt8.cloudfront.net\/6\/2024\/08\/Pico-Veleta-Andalusia-profimedia-0462397873-CVR.webp","contentUrl":"https:\/\/d2p6e6u75xmxt8.cloudfront.net\/6\/2024\/08\/Pico-Veleta-Andalusia-profimedia-0462397873-CVR.webp","width":990,"height":660,"caption":"Pico Veleta"},{"@type":"BreadcrumbList","@id":"https:\/\/www.welovecycling.com\/es\/2024\/08\/23\/pico-veleta\/#breadcrumb","itemListElement":[{"@type":"ListItem","position":1,"name":"Home","item":"https:\/\/www.welovecycling.com\/es\/"},{"@type":"ListItem","position":2,"name":"Gu\u00eda para subir el Pico Veleta"}]},{"@type":"WebSite","@id":"https:\/\/www.welovecycling.com\/es\/#website","url":"https:\/\/www.welovecycling.com\/es\/","name":"\u0160koda We Love Cycling - Spain","description":"\u0160koda WeLoveCycling Spain","potentialAction":[{"@type":"SearchAction","target":{"@type":"EntryPoint","urlTemplate":"https:\/\/www.welovecycling.com\/es\/?s={search_term_string}"},"query-input":{"@type":"PropertyValueSpecification","valueRequired":true,"valueName":"search_term_string"}}],"inLanguage":"es-ES"},{"@type":"Person","@id":"https:\/\/www.welovecycling.com\/es\/#\/schema\/person\/deb61715b5812698ee79fb96f343ccd4","name":"We Love Cycling Spain","image":{"@type":"ImageObject","inLanguage":"es-ES","@id":"https:\/\/www.welovecycling.com\/es\/#\/schema\/person\/image\/","url":"https:\/\/secure.gravatar.com\/avatar\/c824b04e6df0e37a03219d0b6481672889df542894588964102459e46513159c?s=96&d=mm&r=g","contentUrl":"https:\/\/secure.gravatar.com\/avatar\/c824b04e6df0e37a03219d0b6481672889df542894588964102459e46513159c?s=96&d=mm&r=g","caption":"We Love Cycling Spain"},"url":"https:\/\/www.welovecycling.com\/es\/author\/amunoz\/"}]}},"_links":{"self":[{"href":"https:\/\/www.welovecycling.com\/es\/wp-json\/wp\/v2\/posts\/11131","targetHints":{"allow":["GET"]}}],"collection":[{"href":"https:\/\/www.welovecycling.com\/es\/wp-json\/wp\/v2\/posts"}],"about":[{"href":"https:\/\/www.welovecycling.com\/es\/wp-json\/wp\/v2\/types\/post"}],"author":[{"embeddable":true,"href":"https:\/\/www.welovecycling.com\/es\/wp-json\/wp\/v2\/users\/29"}],"replies":[{"embeddable":true,"href":"https:\/\/www.welovecycling.com\/es\/wp-json\/wp\/v2\/comments?post=11131"}],"version-history":[{"count":2,"href":"https:\/\/www.welovecycling.com\/es\/wp-json\/wp\/v2\/posts\/11131\/revisions"}],"predecessor-version":[{"id":11137,"href":"https:\/\/www.welovecycling.com\/es\/wp-json\/wp\/v2\/posts\/11131\/revisions\/11137"}],"wp:featuredmedia":[{"embeddable":true,"href":"https:\/\/www.welovecycling.com\/es\/wp-json\/wp\/v2\/media\/11135"}],"wp:attachment":[{"href":"https:\/\/www.welovecycling.com\/es\/wp-json\/wp\/v2\/media?parent=11131"}],"wp:term":[{"taxonomy":"category","embeddable":true,"href":"https:\/\/www.welovecycling.com\/es\/wp-json\/wp\/v2\/categories?post=11131"},{"taxonomy":"post_tag","embeddable":true,"href":"https:\/\/www.welovecycling.com\/es\/wp-json\/wp\/v2\/tags?post=11131"},{"taxonomy":"global-categories","embeddable":true,"href":"https:\/\/www.welovecycling.com\/es\/wp-json\/wp\/v2\/global-categories?post=11131"}],"curies":[{"name":"wp","href":"https:\/\/api.w.org\/{rel}","templated":true}]}}