{"id":11100,"date":"2024-08-15T16:16:45","date_gmt":"2024-08-15T14:16:45","guid":{"rendered":"https:\/\/www.welovecycling.com\/es\/?p=11100"},"modified":"2024-08-13T16:25:26","modified_gmt":"2024-08-13T14:25:26","slug":"la-vuelta-2024-de-la-montana-y-los-meritorios","status":"publish","type":"post","link":"https:\/\/www.welovecycling.com\/es\/2024\/08\/15\/la-vuelta-2024-de-la-montana-y-los-meritorios\/","title":{"rendered":"La Vuelta 2024 propone monta\u00f1a y muchos favoritos"},"content":{"rendered":"<p style=\"font-weight: 400;\"><strong>La Vuelta 2024 busca &#8216;capo&#8217;. En la edici\u00f3n m\u00e1s monta\u00f1osa de los \u00faltimos a\u00f1os, la carrera espa\u00f1ola no tendr\u00e1 en la l\u00ednea de salida a ninguno de los tres integrantes del podio del Tour, Pogacar, Vingegaard y Evenepoel, por lo que el abanico de corredores con opci0nes para vestirse &#8216;La Roja&#8217; en Madrid se abre hasta casi una decena. Todos meritorios y ciclistas de nivel que buscan en La Vuelta su redenci\u00f3n de 2024 o incorporarse a la pl\u00e9yade de estrellas ciclistas que tienen una &#8216;grande&#8217; en su palmar\u00e9s. En La Vuelta ya se destaparon Dumoulin, Aru, Froome, Pogacar o Roglic, por lo que puede haber sopresas.<\/strong><\/p>\n<p><!--more--><\/p>\n<p style=\"font-weight: 400;\">Por lo pronto, el ciclista que gane en Madrid debe ser un buen escalador. La Vuelta tiene <a href=\"https:\/\/www.welovecycling.com\/es\/2023\/12\/20\/la-vuelta-2024-sobredosis-de-montana-e-intensidad\/\">once etapas de monta\u00f1a<\/a>, casi la mitad de toda la edici\u00f3n, Hay otras seis m\u00e1s consideradas de media monta\u00f1a o accidentadas y solo dos que previsiblemente acabar\u00e1n al sprint. Jam\u00e1s una vuelta por etapas hab\u00eda sido tan complicada. Pero es que, adem\u00e1s, abriendo y cerrando la carrera hay <strong>dos cronos.<\/strong> El primer d\u00eda en Lisboa una plana de 12 kil\u00f3metros, que ya servir\u00e1 para marcar diferencias, y el \u00faltimo d\u00eda en Madrid 24 kil\u00f3metros desde el Distrito Telef\u00f3nica hasta La Cibeles con alg\u00fan repecho y que puede ser decisiva para el devenir de una carrera que se plantea m\u00e1s igualada que nunca.<\/p>\n<p>La n\u00f3mina de favoritos la abre el ganador de 2023, <a href=\"https:\/\/www.welovecycling.com\/es\/2023\/09\/17\/sepp-kuss\/\">Sepp Kuss<\/a>, aunque su temporada no ha sido la so\u00f1ada. Empez\u00f3 baj\u00f3 de forma, no anduvo fino en la Volta ni en Dauphine y se perdi\u00f3 el Tour de Francia por COVID. La Vuelta era su objetivo y solo ha brillado en La Vuelta a Burgos hace una semana. Se llev\u00f3 la etapa de Lagunas de Neila y la general, aunque es cierto que la mayor\u00eda de sus rivales a partir del s\u00e1bado en Lisboa no estaban all\u00ed. El americano va por primera vez como l\u00edder del Visma, una novedad para \u00e9l, y tendr\u00e1 el mejor escudero del mundo <strong>Wout Van Aert,<\/strong> que en los JJOO ya demostr\u00f3 que va recuperando su forma despu\u00e9s de la ca\u00edda previa a Flandes. Tambi\u00e9n tendr\u00e1 a <strong>Uijtdebroeks, Kruijswijk, Gesink y Van Vaarle<\/strong> para la monta\u00f1a. Un aut\u00e9ntico equipazo con los &#8216;ca\u00eddos&#8217; antes del Tour.<\/p>\n<p>Si el Visma trae a la Vuelta un gran bloque, el <strong>UAE<\/strong> no le anda a la zaga. En este 2024 el equipo de Emiratos gana casi por inercia. La \u00faltima vez en la Klasikoa con Hisrchi, que ni siquiera estar\u00e1 en La Vuelta. Prescinde de <strong>Juan Ayuso<\/strong>, que despu\u00e9s de bajarse de la bici en el Tour no ha tenido buen feeling con el equipo, y retornan al plan inicial con<strong> Joao Almeida como l\u00edder y Adam Yates<\/strong> como co-lider. As\u00ed lo expres\u00f3 Matxin cuando anunci\u00f3 su &#8216;ocho&#8217; para La Vuelta. El portugu\u00e9s y el australiano fueron los \u00faltimos hombres en la monta\u00f1a de Pogacar en el Tour, ambos se &#8216;pelearon&#8217; por la Vuelta a Suiza y llegan con muchas opciones de repetir &#8216;batalla&#8217; en la Vuelta. A su lado un debutante como Del Toro, que viene de ganar el Tour del Porvenir en 2023 y que eso suele significar que puede hacer una gran carrera. <strong>Jay Vine, Sivakov, Soler, Mc Nulty<\/strong> y Baroncini completan el que, a priori, es el equipo m\u00e1s s\u00f3lido.<\/p>\n<p>En condiciones normales<a href=\"https:\/\/www.welovecycling.com\/es\/2021\/09\/07\/roglic\/\"> Primoz Roglic<\/a> ser\u00eda el m\u00e1ximo candidato a ganar una carrera que ya ha vencido en tres ocasiones y que el a\u00f1o pasado estuvo cerca de sumar su cuarto triunfo. Al esloveno se le da bien La Vuelta y este recorrido le va como anillo al dedo. Adem\u00e1s trae un equipazo con Vlasov y Daniel Felipe Mart\u00ednez como escuderos del<strong> Red Bull BORA<\/strong>.<strong> El problema es que el esloveno no acaba de arrancar en este 2024.<\/strong> Se descolg\u00f3 muy pronto en Par\u00eds Niza, se cay\u00f3 en la Itzulia, sufri\u00f3 much\u00edsimo para ganar Dauphine y en el Tour, cuando peleaba con Remco por la tercera plaza se volvi\u00f3 a ir al suelo. No ha vuelta a correr desde entonces y su rendimiento es toda una inc\u00f3gnita, aunque Roglic siempre acaba rindiendo en La Vuelta.<\/p>\n<p>El I<strong>neos<\/strong> presenta en esta Vuelta un bloque muy s\u00f3lido con <strong>Carlos Rodr\u00edguez<\/strong> como punta de lanza y Thymen Aresman, que ya fue quinto en la Vuelta 2024, como gregario de lujo. El espa\u00f1ol ha demostrado con creces que puede aspirar al podio de una grande y la monta\u00f1a de esta edici\u00f3n le viene como anillo al dedo. Adem\u00e1s, el equipo le lleva a Tarling, De Plus o Narvaez para apoyar sus opciones de la general.<\/p>\n<p>En La Vuelta siempre hay que tener en cuenta a <strong>Movistar<\/strong>, que es un equipo diferente y rinde mejor que en el Tour de Francia. Le sucede lo mismo a su l\u00edder, <strong>Enric Mas<\/strong>, que no brilla en Francia pero que en La Vuelta acumula dos segundos puestos en las cuatro \u00faltimas ediciones y en este 2024, con todo abierto, tendr\u00e1 m\u00e1s opciones que nunca para poder aspirar al menos al podio. A su lado Nairo Quintana, que retorna a una carrera que gan\u00f3 hace ya casi una d\u00e9cada y un ciclista ilusionante como Pelayo S\u00e1nchez, que ya gan\u00f3 &#8216;su&#8217; etapa en el Giro y que tendr\u00e1 libertad en la carrera de casa si las cosas no van del todo bien para Enric Mas.<\/p>\n<p>Otro que suele andar bastante bien en La Vuelta es <a href=\"https:\/\/www.welovecycling.com\/es\/2022\/09\/13\/pedersen\/\">Richard Carapaz<\/a>. Lo \u00fanico que hace falta saber si llega con la ambici\u00f3n de 2020, cuando se jug\u00f3 hasta el \u00faltimo d\u00eda la carrera frente a Primoz Roglic o con la versi\u00f3n de 2022 o del Tour 2024, que pronto desconect\u00f3 de la general y se dedic\u00f3 a sumar victorias en etapas de monta\u00f1a. El ecuatoriano acab\u00f3 el Tour de Francia a pleno rendimiento, pero no se ha vuelto a poner un dorsal desde entonces.<\/p>\n<p><strong>Mikel Landa<\/strong> ser\u00e1 el l\u00edder del T-Rex Quick Step (para La Vuelta el equipo cambia de nombre) y por m\u00e9ritos propios se ha ganado el derecho a ser un gran aspirante no solo al podio, sino a ganar esta edici\u00f3n de la carrera. Es cierto que el alav\u00e9s falla en la crono y que la del \u00faltimo d\u00eda en Madrid puede ser un lastre para \u00e9l, pero no encontrar\u00e1 jam\u00e1s una Vuelta con tanta monta\u00f1a como la de 2024 y sin tres rivales como Vingegaard, Pogacar y Evenepoel. Su rendimiento en 2024, adem\u00e1s, ha sido excelente. Quinto en el Tour despu\u00e9s de trabajar para Remco y segundo en La Volta detr\u00e1s de un estratosf\u00e9rico Pogacar. Y no olvidemos que en 2023 fue el &#8216;\u00fanico&#8217; escalador que aguanta a los Visma (entonces Jumbo) Vingegaard, Roglic y Kuss cuando se jugaban la carrera entre ellos en la alta monta\u00f1a.<\/p>\n<figure id=\"attachment_11103\" aria-describedby=\"caption-attachment-11103\" style=\"width: 1024px\" class=\"wp-caption aligncenter\"><a href=\"https:\/\/d2p6e6u75xmxt8.cloudfront.net\/6\/2024\/08\/Mikel-Landa.webp\"><img loading=\"lazy\" decoding=\"async\" class=\"wp-image-11103 size-large\" src=\"https:\/\/d2p6e6u75xmxt8.cloudfront.net\/6\/2024\/08\/Mikel-Landa-1024x683.webp\" alt=\"Mikel Landa se ha ganado por derecho propio la vitola de favorito para la Vuelta.\" width=\"1024\" height=\"683\" srcset=\"https:\/\/d2p6e6u75xmxt8.cloudfront.net\/6\/2024\/08\/Mikel-Landa-1024x683.webp 1024w, https:\/\/d2p6e6u75xmxt8.cloudfront.net\/6\/2024\/08\/Mikel-Landa-300x200.webp 300w, https:\/\/d2p6e6u75xmxt8.cloudfront.net\/6\/2024\/08\/Mikel-Landa-768x512.webp 768w, https:\/\/d2p6e6u75xmxt8.cloudfront.net\/6\/2024\/08\/Mikel-Landa-400x267.webp 400w, https:\/\/d2p6e6u75xmxt8.cloudfront.net\/6\/2024\/08\/Mikel-Landa-272x182.webp 272w, https:\/\/d2p6e6u75xmxt8.cloudfront.net\/6\/2024\/08\/Mikel-Landa.webp 1200w\" sizes=\"auto, (max-width: 1024px) 100vw, 1024px\" \/><\/a><figcaption id=\"caption-attachment-11103\" class=\"wp-caption-text\"><em>Mikel Landa se ha ganado por derecho propio la vitola de favorito para la Vuelta.<\/em><\/figcaption><\/figure>\n<p>&nbsp;<\/p>\n<h2 style=\"font-weight: 400;\"><strong>Los meritorios<\/strong><\/h2>\n<p>En La Vuelta siempre caben las sorpresa y la lista de corredores con aspiraciones se amplia much\u00edsimo. En el Decathlon el aspirante es Ben <strong>O&#8217;Connor<\/strong>, que despu\u00e9s de su cuarto puesto en el Tour de 2021 no ha repetido actuaci\u00f3n en ninguna de las grandes vueltas por etapas a las que ha asistido. A su lado tendr\u00e1 a Felix Gall para echarle una mano en la monta\u00f1a.<\/p>\n<p>En el Lidl Trek <strong>Mathias Skeljmose<\/strong> no particip\u00f3 en el Tour ni en el Giro con la idea de preparar la Vuelta. El dan\u00e9s ya hizo un buen Tour 2023 y ha seguido una progresi\u00f3n solida en 2024, Cuarto en Par\u00eds Niza, tercero en la Iztulia y tercero en el Tour de Suiza. Ahora probar\u00e1 si puede mantener ese rendimiento en carreras de tres semanas. A su lado estar\u00e1<strong> Giulio Ciccone<\/strong>, que lleva dos Tour de Francia cuajando buenas actuaciones en la general y <strong>Tao Geoghegan Hart<\/strong>, una aut\u00e9ntica duda despu\u00e9s de pasarse media temporada en dique seco por las ca\u00eddas.<\/p>\n<p>El Bahrein espera mucho de <strong>Antonio Tiberi<\/strong> en esta Vuelta. El italiano fue el mejor joven del Giro y acab\u00f3 el quinto de la general, aunque demasiado lejos de Tadej Pogacar (bueno, como casi todos). Sum\u00f3 puestos de calidad en todas las etapas de alta monta\u00f1a, siempre entre los mejores, y fue sexto en las dos contrarrelojes llanas, lo que le da una solidez de cara a pelear por el podio en La Vuelta 2024.<\/p>\n<h2 style=\"font-weight: 400;\"><strong>El recorrido<\/strong><\/h2>\n<p>La Vuelta 2024 tiene el calor asegurado en las 10 primeras etapas. Arranca el 17 de agosto en Lisboa y hasta el d\u00eda 25 pasar\u00e1 por Extremadura y Andaluc\u00eda antes del primer d\u00eda de descanso y el largo traslado hacia Galicia.<\/p>\n<p>La primera llegada en alto, al igual que ocurrir\u00e1 en el Tour, no se har\u00e1 esperar. La cuarta etapa se disputa ya en Extremadura. Tres puertos,\u00a0<strong>Cabezabellosa, Piornal, Miravete y ascensi\u00f3n final al Pico Villuercas<\/strong>. Largo, tendido, pero donde gan\u00f3 un escalador puro como Romain Bardet. La quinta etapa, quiz\u00e1s la m\u00e1s sencilla de La Vuelta, inicia el periplo por Andaluc\u00eda con el final llano de Sevilla. La sierra de C\u00e1diz y M\u00e1laga marcar\u00e1n la sexta etapa con cuatro puertos de monta\u00f1a y final en el\u00a0<strong>Alto de las Abejas de Yunquera<\/strong>. Tampoco hay descanso el s\u00e9ptimo d\u00eda, porque pese a que solo hay un\u00a0<strong>alto, el del 14%<\/strong>, est\u00e1 situado a poco m\u00e1s de 15 kil\u00f3metros de la l\u00ednea de meta de C\u00f3rdoba.<\/p>\n<p>El fin de semana andaluz, con las etapas octava y novena, tambi\u00e9n est\u00e1 plagado de monta\u00f1a. El s\u00e1bado 24 de agosto m\u00e1s de 150 kil\u00f3metros entre \u00dabeda y e<strong>l alto de tercera de Cazorla<\/strong>\u00a0pasando por puerto del Mirador de las Palomas. Y el domingo, antes del largo traslado hasta Galicia, la primera etapa de gran monta\u00f1a de La Vuelta 2024. Salida desde la costa, en Motril y final en Granada despu\u00e9s de subir\u00a0<strong>el Purche<\/strong>\u00a0y dos veces seguidas el imposible\u00a0<a href=\"https:\/\/www.welovecycling.com\/es\/2023\/09\/03\/evenepoel-la-vuelta\/\"><strong>Alto de Hazallanas<\/strong><\/a>, con sus largos tramos por encima del 15%. Habr\u00e1 que guardar fuerzas porque despu\u00e9s queda un largo descenso hasta Granada.<\/p>\n<p><img loading=\"lazy\" decoding=\"async\" class=\"alignnone size-extra-large\" src=\"https:\/\/img.aso.fr\/core_app\/img-cycling-vue-jpg\/9\/20208\/0:0,1000:666-960-0-90\/0b0e6\" width=\"960\" height=\"639\" \/>Un millar de kil\u00f3metros de traslado y un d\u00eda de descanso despu\u00e9s La Vuelta 24 inicia su viaje por el norte con cuatro etapas por Galicia. La dos primeras muy similares, de unos 160 kil\u00f3metros y media docena de pasos de monta\u00f1a de segunda y tercera categor\u00eda. El martes 27 de agosto con final en Baiona despu\u00e9s de subir el\u00a0<strong>Alto de Moug\u00e1s<\/strong>\u00a0y al d\u00eda siguiente meta en Padr\u00f3n despu\u00e9s de bajar el\u00a0<strong>puerto de Cruixeiras<\/strong>. La tercera etapa gallega empieza por los parajes accidentados de la Ribeira Sacra y acaba en la larga ascensi\u00f3n de\u00a0<strong>Cabeza Manzaneda.<\/strong>\u00a0Y para el jueves 29 de agosto la etapa arranca en Lugo para entrar en Le\u00f3n, pasar por Ponferrada y subir el puerto de\u00a0<a href=\"https:\/\/www.welovecycling.com\/es\/2017\/08\/17\/puertos-duros-la-vuelta\/\">A<\/a><strong>ncares por una vertiente in\u00e9dita, la de Tejedo, con 7,7 kil\u00f3metros al 9% y rampas del 15% y los \u00faltimos 5 a una media del 12%.<\/strong><\/p>\n<p>En otras ocasiones despu\u00e9s de cuatro d\u00edas complicados La Vuelta dar\u00eda un descanso a los favoritos, pero entra en Asturias, que tendr\u00e1 tres etapas y eso supone monta\u00f1a, casi sin querer. La m\u00e1s \u2018sencilla\u2019 es la del s\u00e1bado 29 de agosto entre Villafranca del Bierzo y Villablino con sus 199 kil\u00f3metros (la m\u00e1s larga de 2024) y que tiene los 24 kil\u00f3metros de ascensi\u00f3n a\u00a0<strong>Leitariegos<\/strong>\u00a0como terreno para romper el pelot\u00f3n antes del r\u00e1pido descenso de solo 15 hasta Villablino.<\/p>\n<p>El domingo 30 de agosto llega una de las etapas clave. Corta, 142 kil\u00f3metros, pero con tres puertos Colladiella en dos ocasiones y Santo Emiliano, antes de la temible ascensi\u00f3n al\u00a0<strong>Cuitu Negro<\/strong>. Une los casi 20 de subida al Puerto de Pajares por la vertiente astur con cinco kil\u00f3metros finales al nivel del\u00a0<a href=\"https:\/\/www.welovecycling.com\/es\/2023\/09\/17\/sepp-kuss\/\">Angliru con rampas imposibles del 23%.<\/a>\u00a0Un lugar casi in\u00e9dito, que al que solo ha llegado una vez la ronda espa\u00f1ola en 2014<\/p>\n<p><img loading=\"lazy\" decoding=\"async\" class=\"alignnone size-extra-large\" src=\"https:\/\/img.aso.fr\/core_app\/img-cycling-vue-jpg\/15\/20212\/0:0,1000:666-960-0-90\/f1b89\" width=\"960\" height=\"639\" \/>D\u00eda de descanso en Asturias y una \u00faltima semana que empieza con la meta cl\u00e1sica de\u00a0<strong>Los Lagos de Covadonga,<\/strong>\u00a0pero despu\u00e9s de subir dos de los puertos m\u00e1s duros de la zona, el\u00a0<strong>Fito y Collada Llomena,<\/strong>\u00a0donde Bernal y Roglic se fueron escapados en aquella Vuelta de 2021. Jornada dura antes de dos d\u00edas que parecen sencillos si los comparamos con el resto del recorrido de La Vuelta. El mi\u00e9rcoles de salida tiene dos puertos duros,\u00a0<strong>La Estranguada y el Caracol,<\/strong>\u00a0aunque desde la cima hay 70 kil\u00f3metros hasta Santander. Y despu\u00e9s la etapa alavesa, con el\u00a0<strong>Puerto de Herrera<\/strong>\u00a0a cuarenta kil\u00f3metros de la meta de Maeztu.<\/p>\n<p>Quedar\u00e1n tres d\u00edas de Vuelta con el final en Moncalvillo el viernes 6 de septiembre. Un puerto con rampas finales del 15% donde se \u2018pegaron\u2019 de tu a t\u00fa Roglic y Carapaz en 2020, la complicad\u00edsima etapa de alta monta\u00f1a del Pic\u00f3n Blanco con 178 kil\u00f3metros de deleite monta\u00f1oso por<strong>\u00a0Las Estacas de Trueba, La Bragu\u00eda, el Caracol, Lunada, Portillo de La Sia, Puerto de los Tormos<\/strong> y la crono final de Madrid despu\u00e9s de un traslado de 300 kil\u00f3metros desde Burgos.<br \/>\n<img loading=\"lazy\" decoding=\"async\" class=\"alignnone size-extra-large\" src=\"https:\/\/img.aso.fr\/core_app\/img-cycling-vue-jpg\/alt-20-ve24-v2\/20644\/0:0,1707:927-960-0-90\/9ac1b\" width=\"960\" height=\"521\" \/><\/p>\n<p>&nbsp;<\/p>\n","protected":false},"excerpt":{"rendered":"<p>La Vuelta 2024 busca &#8216;capo&#8217;. En la edici\u00f3n m\u00e1s monta\u00f1osa de los \u00faltimos a\u00f1os, la carrera espa\u00f1ola no tendr\u00e1 en [&hellip;]<\/p>\n","protected":false},"author":29,"featured_media":11105,"comment_status":"open","ping_status":"open","sticky":false,"template":"","format":"standard","meta":{"footnotes":""},"categories":[7],"tags":[2311,2313],"global-categories":[1164],"class_list":["post-11100","post","type-post","status-publish","format-standard","has-post-thumbnail","hentry","category-carretera","tag-la-vuelta-2024","tag-vuelta-24","global-categories-cycling"],"yoast_head":"<!-- This site is optimized with the Yoast SEO Premium plugin v25.3 (Yoast SEO v25.9) - https:\/\/yoast.com\/wordpress\/plugins\/seo\/ -->\n<title>La Vuelta 2024 propone monta\u00f1a y muchos favoritos - \u0160koda We Love Cycling - Spain<\/title>\n<meta name=\"description\" content=\"La Vuelta 2024 propone monta\u00f1a y muchos favoritos. Previa de La Vuelta 2024 con la monta\u00f1a y los favoritos por ganar la carrera en Madrid.\" \/>\n<meta name=\"robots\" content=\"index, follow, max-snippet:-1, max-image-preview:large, max-video-preview:-1\" \/>\n<link rel=\"canonical\" href=\"https:\/\/www.welovecycling.com\/es\/2024\/08\/15\/la-vuelta-2024-de-la-montana-y-los-meritorios\/\" \/>\n<meta property=\"og:locale\" content=\"es_ES\" \/>\n<meta property=\"og:type\" content=\"article\" \/>\n<meta property=\"og:title\" content=\"La Vuelta 2024 propone monta\u00f1a y muchos favoritos\" \/>\n<meta property=\"og:description\" content=\"La Vuelta 2024 propone monta\u00f1a y muchos favoritos. Previa de La Vuelta 2024 con la monta\u00f1a y los favoritos por ganar la carrera en Madrid.\" \/>\n<meta property=\"og:url\" content=\"https:\/\/www.welovecycling.com\/es\/2024\/08\/15\/la-vuelta-2024-de-la-montana-y-los-meritorios\/\" \/>\n<meta property=\"og:site_name\" content=\"\u0160koda We Love Cycling - Spain\" \/>\n<meta property=\"article:published_time\" content=\"2024-08-15T14:16:45+00:00\" \/>\n<meta property=\"og:image\" content=\"https:\/\/d2p6e6u75xmxt8.cloudfront.net\/6\/2024\/08\/kuss.webp\" \/>\n\t<meta property=\"og:image:width\" content=\"1500\" \/>\n\t<meta property=\"og:image:height\" content=\"825\" \/>\n\t<meta property=\"og:image:type\" content=\"image\/webp\" \/>\n<meta name=\"author\" content=\"We Love Cycling Spain\" \/>\n<meta name=\"twitter:card\" content=\"summary_large_image\" \/>\n<meta name=\"twitter:label1\" content=\"Written by\" \/>\n\t<meta name=\"twitter:data1\" content=\"Luis Ortega @Ciclored\" \/>\n\t<meta name=\"twitter:label2\" content=\"Est. reading time\" \/>\n\t<meta name=\"twitter:data2\" content=\"11 minutes\" \/>\n<script type=\"application\/ld+json\" class=\"yoast-schema-graph\">{\"@context\":\"https:\/\/schema.org\",\"@graph\":[{\"@type\":\"WebPage\",\"@id\":\"https:\/\/www.welovecycling.com\/es\/2024\/08\/15\/la-vuelta-2024-de-la-montana-y-los-meritorios\/\",\"url\":\"https:\/\/www.welovecycling.com\/es\/2024\/08\/15\/la-vuelta-2024-de-la-montana-y-los-meritorios\/\",\"name\":\"La Vuelta 2024 propone monta\u00f1a y muchos favoritos - \u0160koda We Love Cycling - Spain\",\"isPartOf\":{\"@id\":\"https:\/\/www.welovecycling.com\/es\/#website\"},\"primaryImageOfPage\":{\"@id\":\"https:\/\/www.welovecycling.com\/es\/2024\/08\/15\/la-vuelta-2024-de-la-montana-y-los-meritorios\/#primaryimage\"},\"image\":{\"@id\":\"https:\/\/www.welovecycling.com\/es\/2024\/08\/15\/la-vuelta-2024-de-la-montana-y-los-meritorios\/#primaryimage\"},\"thumbnailUrl\":\"https:\/\/d2p6e6u75xmxt8.cloudfront.net\/6\/2024\/08\/kuss.webp\",\"datePublished\":\"2024-08-15T14:16:45+00:00\",\"author\":{\"@id\":\"https:\/\/www.welovecycling.com\/es\/#\/schema\/person\/deb61715b5812698ee79fb96f343ccd4\"},\"description\":\"La Vuelta 2024 propone monta\u00f1a y muchos favoritos. Previa de La Vuelta 2024 con la monta\u00f1a y los favoritos por ganar la carrera en Madrid.\",\"breadcrumb\":{\"@id\":\"https:\/\/www.welovecycling.com\/es\/2024\/08\/15\/la-vuelta-2024-de-la-montana-y-los-meritorios\/#breadcrumb\"},\"inLanguage\":\"es-ES\",\"potentialAction\":[{\"@type\":\"ReadAction\",\"target\":[\"https:\/\/www.welovecycling.com\/es\/2024\/08\/15\/la-vuelta-2024-de-la-montana-y-los-meritorios\/\"]}]},{\"@type\":\"ImageObject\",\"inLanguage\":\"es-ES\",\"@id\":\"https:\/\/www.welovecycling.com\/es\/2024\/08\/15\/la-vuelta-2024-de-la-montana-y-los-meritorios\/#primaryimage\",\"url\":\"https:\/\/d2p6e6u75xmxt8.cloudfront.net\/6\/2024\/08\/kuss.webp\",\"contentUrl\":\"https:\/\/d2p6e6u75xmxt8.cloudfront.net\/6\/2024\/08\/kuss.webp\",\"width\":1500,\"height\":825},{\"@type\":\"BreadcrumbList\",\"@id\":\"https:\/\/www.welovecycling.com\/es\/2024\/08\/15\/la-vuelta-2024-de-la-montana-y-los-meritorios\/#breadcrumb\",\"itemListElement\":[{\"@type\":\"ListItem\",\"position\":1,\"name\":\"Home\",\"item\":\"https:\/\/www.welovecycling.com\/es\/\"},{\"@type\":\"ListItem\",\"position\":2,\"name\":\"La Vuelta 2024 propone monta\u00f1a y muchos favoritos\"}]},{\"@type\":\"WebSite\",\"@id\":\"https:\/\/www.welovecycling.com\/es\/#website\",\"url\":\"https:\/\/www.welovecycling.com\/es\/\",\"name\":\"\u0160koda We Love Cycling - Spain\",\"description\":\"\u0160koda WeLoveCycling Spain\",\"potentialAction\":[{\"@type\":\"SearchAction\",\"target\":{\"@type\":\"EntryPoint\",\"urlTemplate\":\"https:\/\/www.welovecycling.com\/es\/?s={search_term_string}\"},\"query-input\":{\"@type\":\"PropertyValueSpecification\",\"valueRequired\":true,\"valueName\":\"search_term_string\"}}],\"inLanguage\":\"es-ES\"},{\"@type\":\"Person\",\"@id\":\"https:\/\/www.welovecycling.com\/es\/#\/schema\/person\/deb61715b5812698ee79fb96f343ccd4\",\"name\":\"We Love Cycling Spain\",\"image\":{\"@type\":\"ImageObject\",\"inLanguage\":\"es-ES\",\"@id\":\"https:\/\/www.welovecycling.com\/es\/#\/schema\/person\/image\/\",\"url\":\"https:\/\/secure.gravatar.com\/avatar\/c824b04e6df0e37a03219d0b6481672889df542894588964102459e46513159c?s=96&d=mm&r=g\",\"contentUrl\":\"https:\/\/secure.gravatar.com\/avatar\/c824b04e6df0e37a03219d0b6481672889df542894588964102459e46513159c?s=96&d=mm&r=g\",\"caption\":\"We Love Cycling Spain\"},\"url\":\"https:\/\/www.welovecycling.com\/es\/author\/amunoz\/\"}]}<\/script>\n<!-- \/ Yoast SEO Premium plugin. -->","yoast_head_json":{"title":"La Vuelta 2024 propone monta\u00f1a y muchos favoritos - \u0160koda We Love Cycling - Spain","description":"La Vuelta 2024 propone monta\u00f1a y muchos favoritos. Previa de La Vuelta 2024 con la monta\u00f1a y los favoritos por ganar la carrera en Madrid.","robots":{"index":"index","follow":"follow","max-snippet":"max-snippet:-1","max-image-preview":"max-image-preview:large","max-video-preview":"max-video-preview:-1"},"canonical":"https:\/\/www.welovecycling.com\/es\/2024\/08\/15\/la-vuelta-2024-de-la-montana-y-los-meritorios\/","og_locale":"es_ES","og_type":"article","og_title":"La Vuelta 2024 propone monta\u00f1a y muchos favoritos","og_description":"La Vuelta 2024 propone monta\u00f1a y muchos favoritos. Previa de La Vuelta 2024 con la monta\u00f1a y los favoritos por ganar la carrera en Madrid.","og_url":"https:\/\/www.welovecycling.com\/es\/2024\/08\/15\/la-vuelta-2024-de-la-montana-y-los-meritorios\/","og_site_name":"\u0160koda We Love Cycling - Spain","article_published_time":"2024-08-15T14:16:45+00:00","og_image":[{"width":1500,"height":825,"url":"https:\/\/d2p6e6u75xmxt8.cloudfront.net\/6\/2024\/08\/kuss.webp","type":"image\/webp"}],"author":"We Love Cycling Spain","twitter_card":"summary_large_image","twitter_misc":{"Written by":"Luis Ortega @Ciclored","Est. reading time":"11 minutes"},"schema":{"@context":"https:\/\/schema.org","@graph":[{"@type":"WebPage","@id":"https:\/\/www.welovecycling.com\/es\/2024\/08\/15\/la-vuelta-2024-de-la-montana-y-los-meritorios\/","url":"https:\/\/www.welovecycling.com\/es\/2024\/08\/15\/la-vuelta-2024-de-la-montana-y-los-meritorios\/","name":"La Vuelta 2024 propone monta\u00f1a y muchos favoritos - \u0160koda We Love Cycling - Spain","isPartOf":{"@id":"https:\/\/www.welovecycling.com\/es\/#website"},"primaryImageOfPage":{"@id":"https:\/\/www.welovecycling.com\/es\/2024\/08\/15\/la-vuelta-2024-de-la-montana-y-los-meritorios\/#primaryimage"},"image":{"@id":"https:\/\/www.welovecycling.com\/es\/2024\/08\/15\/la-vuelta-2024-de-la-montana-y-los-meritorios\/#primaryimage"},"thumbnailUrl":"https:\/\/d2p6e6u75xmxt8.cloudfront.net\/6\/2024\/08\/kuss.webp","datePublished":"2024-08-15T14:16:45+00:00","author":{"@id":"https:\/\/www.welovecycling.com\/es\/#\/schema\/person\/deb61715b5812698ee79fb96f343ccd4"},"description":"La Vuelta 2024 propone monta\u00f1a y muchos favoritos. Previa de La Vuelta 2024 con la monta\u00f1a y los favoritos por ganar la carrera en Madrid.","breadcrumb":{"@id":"https:\/\/www.welovecycling.com\/es\/2024\/08\/15\/la-vuelta-2024-de-la-montana-y-los-meritorios\/#breadcrumb"},"inLanguage":"es-ES","potentialAction":[{"@type":"ReadAction","target":["https:\/\/www.welovecycling.com\/es\/2024\/08\/15\/la-vuelta-2024-de-la-montana-y-los-meritorios\/"]}]},{"@type":"ImageObject","inLanguage":"es-ES","@id":"https:\/\/www.welovecycling.com\/es\/2024\/08\/15\/la-vuelta-2024-de-la-montana-y-los-meritorios\/#primaryimage","url":"https:\/\/d2p6e6u75xmxt8.cloudfront.net\/6\/2024\/08\/kuss.webp","contentUrl":"https:\/\/d2p6e6u75xmxt8.cloudfront.net\/6\/2024\/08\/kuss.webp","width":1500,"height":825},{"@type":"BreadcrumbList","@id":"https:\/\/www.welovecycling.com\/es\/2024\/08\/15\/la-vuelta-2024-de-la-montana-y-los-meritorios\/#breadcrumb","itemListElement":[{"@type":"ListItem","position":1,"name":"Home","item":"https:\/\/www.welovecycling.com\/es\/"},{"@type":"ListItem","position":2,"name":"La Vuelta 2024 propone monta\u00f1a y muchos favoritos"}]},{"@type":"WebSite","@id":"https:\/\/www.welovecycling.com\/es\/#website","url":"https:\/\/www.welovecycling.com\/es\/","name":"\u0160koda We Love Cycling - Spain","description":"\u0160koda WeLoveCycling Spain","potentialAction":[{"@type":"SearchAction","target":{"@type":"EntryPoint","urlTemplate":"https:\/\/www.welovecycling.com\/es\/?s={search_term_string}"},"query-input":{"@type":"PropertyValueSpecification","valueRequired":true,"valueName":"search_term_string"}}],"inLanguage":"es-ES"},{"@type":"Person","@id":"https:\/\/www.welovecycling.com\/es\/#\/schema\/person\/deb61715b5812698ee79fb96f343ccd4","name":"We Love Cycling Spain","image":{"@type":"ImageObject","inLanguage":"es-ES","@id":"https:\/\/www.welovecycling.com\/es\/#\/schema\/person\/image\/","url":"https:\/\/secure.gravatar.com\/avatar\/c824b04e6df0e37a03219d0b6481672889df542894588964102459e46513159c?s=96&d=mm&r=g","contentUrl":"https:\/\/secure.gravatar.com\/avatar\/c824b04e6df0e37a03219d0b6481672889df542894588964102459e46513159c?s=96&d=mm&r=g","caption":"We Love Cycling Spain"},"url":"https:\/\/www.welovecycling.com\/es\/author\/amunoz\/"}]}},"_links":{"self":[{"href":"https:\/\/www.welovecycling.com\/es\/wp-json\/wp\/v2\/posts\/11100","targetHints":{"allow":["GET"]}}],"collection":[{"href":"https:\/\/www.welovecycling.com\/es\/wp-json\/wp\/v2\/posts"}],"about":[{"href":"https:\/\/www.welovecycling.com\/es\/wp-json\/wp\/v2\/types\/post"}],"author":[{"embeddable":true,"href":"https:\/\/www.welovecycling.com\/es\/wp-json\/wp\/v2\/users\/29"}],"replies":[{"embeddable":true,"href":"https:\/\/www.welovecycling.com\/es\/wp-json\/wp\/v2\/comments?post=11100"}],"version-history":[{"count":4,"href":"https:\/\/www.welovecycling.com\/es\/wp-json\/wp\/v2\/posts\/11100\/revisions"}],"predecessor-version":[{"id":11108,"href":"https:\/\/www.welovecycling.com\/es\/wp-json\/wp\/v2\/posts\/11100\/revisions\/11108"}],"wp:featuredmedia":[{"embeddable":true,"href":"https:\/\/www.welovecycling.com\/es\/wp-json\/wp\/v2\/media\/11105"}],"wp:attachment":[{"href":"https:\/\/www.welovecycling.com\/es\/wp-json\/wp\/v2\/media?parent=11100"}],"wp:term":[{"taxonomy":"category","embeddable":true,"href":"https:\/\/www.welovecycling.com\/es\/wp-json\/wp\/v2\/categories?post=11100"},{"taxonomy":"post_tag","embeddable":true,"href":"https:\/\/www.welovecycling.com\/es\/wp-json\/wp\/v2\/tags?post=11100"},{"taxonomy":"global-categories","embeddable":true,"href":"https:\/\/www.welovecycling.com\/es\/wp-json\/wp\/v2\/global-categories?post=11100"}],"curies":[{"name":"wp","href":"https:\/\/api.w.org\/{rel}","templated":true}]}}