{"id":11091,"date":"2024-08-08T17:20:47","date_gmt":"2024-08-08T15:20:47","guid":{"rendered":"https:\/\/www.welovecycling.com\/es\/?p=11091"},"modified":"2024-08-08T17:20:47","modified_gmt":"2024-08-08T15:20:47","slug":"innovacion-bicicletas","status":"publish","type":"post","link":"https:\/\/www.welovecycling.com\/es\/2024\/08\/08\/innovacion-bicicletas\/","title":{"rendered":"Tendencias en dise\u00f1o e innovaci\u00f3n de bicicletas"},"content":{"rendered":"<p style=\"font-weight: 400;\"><strong>La industria de la bicicleta est\u00e1 a punto de experimentar importantes transformaciones, como se demostrar\u00e1 en Eurobike 2024. Las tendencias de dise\u00f1o m\u00e1s vanguardistas est\u00e1n redefiniendo el aspecto y el tacto de las bicicletas, combinando la est\u00e9tica con la tecnolog\u00eda m\u00e1s avanzada. Sum\u00e9rgete para explorar las innovaciones que dan forma al futuro del dise\u00f1o de bicicletas.<\/strong><\/p>\n<p><!--more--><\/p>\n<p style=\"font-weight: 400;\">De cara al futuro, se espera que el dise\u00f1o de bicicletas siga divergiendo en dos caminos distintos: uno que mantenga la est\u00e9tica tradicional y otro que adopte un enfoque m\u00e1s moderno y centrado en la tecnolog\u00eda. Esta evoluci\u00f3n probablemente producir\u00e1 dise\u00f1os que difuminen las l\u00edneas entre las bicicletas cl\u00e1sicas y los scooters motorizados, ofreciendo nuevas y emocionantes opciones a los consumidores. Como subraya Ian Surra, Director de Dise\u00f1o Industrial de Cannondale, en <a href=\"https:\/\/www.designweek.co.uk\/issues\/23-october-27-october\/a-day-in-the-life-of-bike-designer\/\">Design Week Magazine<\/a>, &#8220;las bicicletas son \u00fanicas en el sentido de que su dise\u00f1o exterior, su estructura y su funci\u00f3n son la misma cosa. A diferencia de otros productos, en los que los elementos funcionales est\u00e1n ocultos, las bicicletas requieren una integraci\u00f3n perfecta de est\u00e9tica y funcionalidad&#8221;.<\/p>\n<h2 style=\"font-weight: 400;\"><strong>Reducci\u00f3n de peso de las MTB<\/strong><\/h2>\n<p style=\"font-weight: 400;\">Una tendencia clave es la continua reducci\u00f3n del peso de las bicicletas de monta\u00f1a. Ejemplos notables son la eMTB de 18 kilos de Bulls y la <a href=\"https:\/\/eurobike.com\/frankfurt\/en\/press-and-media\/press-releases\/press-releases\/eurobike-24-retail-patnership2.html\">ultraligera Scarp Exonic de KTM<\/a>, dise\u00f1ada para atletas de alto rendimiento. Esta tendencia responde a la creciente demanda de bicicletas m\u00e1s ligeras y \u00e1giles que mejoren la eficacia y la experiencia de conducci\u00f3n.<\/p>\n<h2 style=\"font-weight: 400;\"><strong>Versatilidad de las bicis gravel<\/strong><\/h2>\n<p style=\"font-weight: 400;\">Las bicicletas de gravel se han consolidado como opciones vers\u00e1tiles para una amplia gama de actividades ciclistas. Esta categor\u00eda est\u00e1 evolucionando a lo largo de dos l\u00edneas distintas: elegantes bicicletas de carreras con neum\u00e1ticos m\u00e1s estrechos para deportes todoterreno y robustos modelos de mochila equipados para recorridos de larga distancia. En la edici\u00f3n de este a\u00f1o de <a href=\"https:\/\/eurobike.com\/frankfurt\/en\/press-and-media\/press-releases\/press-releases\/eurobike-24-retail-patnership2.html\">Eurobike<\/a>, celebrada en Fr\u00e1ncfort del Meno, marcas como <a href=\"https:\/\/eurobike.com\/frankfurt\/en\/press-and-media\/press-releases\/press-releases\/eurobike-24-retail-patnership2.html\">Ridley<\/a> mostraron la amplitud de posibilidades de este sector.<\/p>\n<figure id=\"attachment_11092\" aria-describedby=\"caption-attachment-11092\" style=\"width: 990px\" class=\"wp-caption alignnone\"><a href=\"https:\/\/d2p6e6u75xmxt8.cloudfront.net\/6\/2024\/08\/Bikepacking-Gravel-Bicycle-profimedia-0867349024-CVR.webp\"><img loading=\"lazy\" decoding=\"async\" class=\"wp-image-11092 size-full\" src=\"https:\/\/d2p6e6u75xmxt8.cloudfront.net\/6\/2024\/08\/Bikepacking-Gravel-Bicycle-profimedia-0867349024-CVR.webp\" alt=\"Gravel bike\" width=\"990\" height=\"660\" srcset=\"https:\/\/d2p6e6u75xmxt8.cloudfront.net\/6\/2024\/08\/Bikepacking-Gravel-Bicycle-profimedia-0867349024-CVR.webp 990w, https:\/\/d2p6e6u75xmxt8.cloudfront.net\/6\/2024\/08\/Bikepacking-Gravel-Bicycle-profimedia-0867349024-CVR-300x200.webp 300w, https:\/\/d2p6e6u75xmxt8.cloudfront.net\/6\/2024\/08\/Bikepacking-Gravel-Bicycle-profimedia-0867349024-CVR-768x512.webp 768w, https:\/\/d2p6e6u75xmxt8.cloudfront.net\/6\/2024\/08\/Bikepacking-Gravel-Bicycle-profimedia-0867349024-CVR-400x267.webp 400w, https:\/\/d2p6e6u75xmxt8.cloudfront.net\/6\/2024\/08\/Bikepacking-Gravel-Bicycle-profimedia-0867349024-CVR-272x182.webp 272w\" sizes=\"auto, (max-width: 990px) 100vw, 990px\" \/><\/a><figcaption id=\"caption-attachment-11092\" class=\"wp-caption-text\">La categor\u00eda de bicicletas de gravel est\u00e1 evolucionando en dos l\u00edneas distintas: bicicletas de carreras elegantes con neum\u00e1ticos m\u00e1s estrechos para deportes todoterreno y modelos de mochila robustos equipados para recorridos de larga distancia. \u00a9 Profimedia<\/figcaption><\/figure>\n<h2 style=\"font-weight: 400;\"><strong>Evoluci\u00f3n del dise\u00f1o de las Ebikes<\/strong><\/h2>\n<p>Las bicicletas el\u00e9ctricas est\u00e1n a la vanguardia de un cambio tecnol\u00f3gico y est\u00e9tico en el dise\u00f1o de bicicletas. Tradicionalmente, el dise\u00f1o de las bicicletas ha permanecido relativamente inalterado durante d\u00e9cadas, dominado por los <a href=\"https:\/\/ndion.de\/de\/eurobike-2024\/\">cuadros de doble diamante<\/a> y los pasantes. Sin embargo, las bicicletas el\u00e9ctricas est\u00e1n cambiando sutilmente este panorama. Seg\u00fan<a href=\"https:\/\/eurobike.com\/frankfurt\/de\/themen-und-programm\/eurobike-topics\/fahrrad-und-e-bike-design.html\"> J\u00f6rg Matheis, de Riese &amp; M\u00fcller<\/a>, las e-bikes est\u00e1n empezando a desmarcarse de los dise\u00f1os convencionales, siguiendo el principio &#8220;MAYA&#8221;: introducir una nueva tecnolog\u00eda en una forma familiar para facilitar su aceptaci\u00f3n en el mercado. Este cambio es evidente a medida que las e-bikes integran cada vez m\u00e1s motores y bater\u00edas a la perfecci\u00f3n, con el objetivo de conservar el aspecto cl\u00e1sico de la bicicleta al tiempo que ofrecen una funcionalidad avanzada.<\/p>\n<p><a href=\"https:\/\/www.designweek.co.uk\/issues\/23-october-27-october\/a-day-in-the-life-of-bike-designer\/\">Ian Surra<\/a>, de Cannondale, profundiza en la naturaleza colaborativa del dise\u00f1o de bicicletas: &#8220;Cuando dise\u00f1as el cuadro de una bicicleta, tiene que ser bonito y evocar lo que intentamos conseguir est\u00e9ticamente. Tambi\u00e9n tiene que ser estructuralmente eficiente, aerodin\u00e1mico o capaz de transportar carga, dependiendo de su finalidad. Este proceso requiere una estrecha colaboraci\u00f3n entre ingenier\u00eda, dise\u00f1o industrial y gesti\u00f3n de productos&#8221;.<\/p>\n<h2 style=\"font-weight: 400;\"><strong>Integraci\u00f3n y sostenibilidad del dise\u00f1o<\/strong><\/h2>\n<p style=\"font-weight: 400;\">Sin duda, la integraci\u00f3n se est\u00e1 convirtiendo en una tendencia fundamental en el dise\u00f1o de bicicletas. Las bicicletas el\u00e9ctricas modernas se esfuerzan por ocultar sus componentes tecnol\u00f3gicos, como bater\u00edas y motores, dentro del cuadro, haci\u00e9ndolas pr\u00e1cticamente indistinguibles de las bicicletas tradicionales. Este enfoque no s\u00f3lo preserva el atractivo est\u00e9tico, sino que tambi\u00e9n favorece el dise\u00f1o funcional. Adem\u00e1s, la sostenibilidad est\u00e1 ganando importancia, y los fabricantes exploran materiales y m\u00e9todos de producci\u00f3n innovadores, como la impresi\u00f3n 3D, para mejorar la flexibilidad del dise\u00f1o y reducir el impacto medioambiental.<\/p>\n<h2 style=\"font-weight: 400;\"><strong>Digitalizaci\u00f3n y conectividad<\/strong><\/h2>\n<p style=\"font-weight: 400;\">La tecnolog\u00eda digital est\u00e1 revolucionando la experiencia ciclista. La integraci\u00f3n de sistemas digitales en las bicicletas el\u00e9ctricas, como las pr\u00f3ximas funciones de &#8220;acompa\u00f1ante inteligente&#8221; de Bosch y la <a href=\"https:\/\/eurobike.com\/frankfurt\/en\/press-and-media\/press-releases\/press-releases\/eurobike-24-retail-patnership2.html\">transmisi\u00f3n conectada de SRAM,<\/a> pone de manifiesto una tendencia creciente hacia soluciones ciclistas inteligentes. Estos sistemas ofrecen una amplia gama de funcionalidades, desde el seguimiento del rendimiento en tiempo real hasta la navegaci\u00f3n avanzada y la protecci\u00f3n antirrobo, transformando las bicicletas en dispositivos conectados.<\/p>\n","protected":false},"excerpt":{"rendered":"<p>La industria de la bicicleta est\u00e1 a punto de experimentar importantes transformaciones, como se demostrar\u00e1 en Eurobike 2024. Las tendencias [&hellip;]<\/p>\n","protected":false},"author":29,"featured_media":11094,"comment_status":"open","ping_status":"open","sticky":false,"template":"","format":"standard","meta":{"footnotes":""},"categories":[7,8,9],"tags":[],"global-categories":[],"class_list":["post-11091","post","type-post","status-publish","format-standard","has-post-thumbnail","hentry","category-carretera","category-life-style","category-mtb-aventura"],"yoast_head":"<!-- This site is optimized with the Yoast SEO Premium plugin v25.3 (Yoast SEO v25.9) - https:\/\/yoast.com\/wordpress\/plugins\/seo\/ -->\n<title>Tendencias en dise\u00f1o e innovaci\u00f3n de bicicletas - \u0160koda We Love Cycling - Spain<\/title>\n<meta name=\"description\" content=\"Tendencias en dise\u00f1o e innovaci\u00f3n de bicicletas. As\u00ed ser\u00e1n las bicicletas del futuro seg\u00fan lo visto en Eurobike 2024.\" \/>\n<meta name=\"robots\" content=\"index, follow, max-snippet:-1, max-image-preview:large, max-video-preview:-1\" \/>\n<link rel=\"canonical\" href=\"https:\/\/www.welovecycling.com\/es\/2024\/08\/08\/innovacion-bicicletas\/\" \/>\n<meta property=\"og:locale\" content=\"es_ES\" \/>\n<meta property=\"og:type\" content=\"article\" \/>\n<meta property=\"og:title\" content=\"Tendencias en dise\u00f1o e innovaci\u00f3n de bicicletas\" \/>\n<meta property=\"og:description\" content=\"Tendencias en dise\u00f1o e innovaci\u00f3n de bicicletas. As\u00ed ser\u00e1n las bicicletas del futuro seg\u00fan lo visto en Eurobike 2024.\" \/>\n<meta property=\"og:url\" content=\"https:\/\/www.welovecycling.com\/es\/2024\/08\/08\/innovacion-bicicletas\/\" \/>\n<meta property=\"og:site_name\" content=\"\u0160koda We Love Cycling - Spain\" \/>\n<meta property=\"article:published_time\" content=\"2024-08-08T15:20:47+00:00\" \/>\n<meta property=\"og:image\" content=\"https:\/\/d2p6e6u75xmxt8.cloudfront.net\/6\/2024\/08\/Eurobike-Bike-Design-profimedia-0886616208-CVR.webp\" \/>\n\t<meta property=\"og:image:width\" content=\"990\" \/>\n\t<meta property=\"og:image:height\" content=\"660\" \/>\n\t<meta property=\"og:image:type\" content=\"image\/webp\" \/>\n<meta name=\"author\" content=\"We Love Cycling Spain\" \/>\n<meta name=\"twitter:card\" content=\"summary_large_image\" \/>\n<meta name=\"twitter:description\" content=\"Tendencias en dise\u00f1o e innovaci\u00f3n de bicicletas. As\u00ed ser\u00e1n las bicicletas del futuro seg\u00fan lo visto en Eurobike 2024.\" \/>\n<meta name=\"twitter:label1\" content=\"Written by\" \/>\n\t<meta name=\"twitter:data1\" content=\"Adam Marsal\" \/>\n\t<meta name=\"twitter:label2\" content=\"Est. reading time\" \/>\n\t<meta name=\"twitter:data2\" content=\"4\" \/>\n<script type=\"application\/ld+json\" class=\"yoast-schema-graph\">{\"@context\":\"https:\/\/schema.org\",\"@graph\":[{\"@type\":\"WebPage\",\"@id\":\"https:\/\/www.welovecycling.com\/es\/2024\/08\/08\/innovacion-bicicletas\/\",\"url\":\"https:\/\/www.welovecycling.com\/es\/2024\/08\/08\/innovacion-bicicletas\/\",\"name\":\"Tendencias en dise\u00f1o e innovaci\u00f3n de bicicletas - \u0160koda We Love Cycling - Spain\",\"isPartOf\":{\"@id\":\"https:\/\/www.welovecycling.com\/es\/#website\"},\"primaryImageOfPage\":{\"@id\":\"https:\/\/www.welovecycling.com\/es\/2024\/08\/08\/innovacion-bicicletas\/#primaryimage\"},\"image\":{\"@id\":\"https:\/\/www.welovecycling.com\/es\/2024\/08\/08\/innovacion-bicicletas\/#primaryimage\"},\"thumbnailUrl\":\"https:\/\/d2p6e6u75xmxt8.cloudfront.net\/6\/2024\/08\/Eurobike-Bike-Design-profimedia-0886616208-CVR.webp\",\"datePublished\":\"2024-08-08T15:20:47+00:00\",\"author\":{\"@id\":\"https:\/\/www.welovecycling.com\/es\/#\/schema\/person\/deb61715b5812698ee79fb96f343ccd4\"},\"description\":\"Tendencias en dise\u00f1o e innovaci\u00f3n de bicicletas. As\u00ed ser\u00e1n las bicicletas del futuro seg\u00fan lo visto en Eurobike 2024.\",\"breadcrumb\":{\"@id\":\"https:\/\/www.welovecycling.com\/es\/2024\/08\/08\/innovacion-bicicletas\/#breadcrumb\"},\"inLanguage\":\"es-ES\",\"potentialAction\":[{\"@type\":\"ReadAction\",\"target\":[\"https:\/\/www.welovecycling.com\/es\/2024\/08\/08\/innovacion-bicicletas\/\"]}]},{\"@type\":\"ImageObject\",\"inLanguage\":\"es-ES\",\"@id\":\"https:\/\/www.welovecycling.com\/es\/2024\/08\/08\/innovacion-bicicletas\/#primaryimage\",\"url\":\"https:\/\/d2p6e6u75xmxt8.cloudfront.net\/6\/2024\/08\/Eurobike-Bike-Design-profimedia-0886616208-CVR.webp\",\"contentUrl\":\"https:\/\/d2p6e6u75xmxt8.cloudfront.net\/6\/2024\/08\/Eurobike-Bike-Design-profimedia-0886616208-CVR.webp\",\"width\":990,\"height\":660,\"caption\":\"2024 Eurobike\"},{\"@type\":\"BreadcrumbList\",\"@id\":\"https:\/\/www.welovecycling.com\/es\/2024\/08\/08\/innovacion-bicicletas\/#breadcrumb\",\"itemListElement\":[{\"@type\":\"ListItem\",\"position\":1,\"name\":\"Home\",\"item\":\"https:\/\/www.welovecycling.com\/es\/\"},{\"@type\":\"ListItem\",\"position\":2,\"name\":\"Tendencias en dise\u00f1o e innovaci\u00f3n de bicicletas\"}]},{\"@type\":\"WebSite\",\"@id\":\"https:\/\/www.welovecycling.com\/es\/#website\",\"url\":\"https:\/\/www.welovecycling.com\/es\/\",\"name\":\"\u0160koda We Love Cycling - Spain\",\"description\":\"\u0160koda WeLoveCycling Spain\",\"potentialAction\":[{\"@type\":\"SearchAction\",\"target\":{\"@type\":\"EntryPoint\",\"urlTemplate\":\"https:\/\/www.welovecycling.com\/es\/?s={search_term_string}\"},\"query-input\":{\"@type\":\"PropertyValueSpecification\",\"valueRequired\":true,\"valueName\":\"search_term_string\"}}],\"inLanguage\":\"es-ES\"},{\"@type\":\"Person\",\"@id\":\"https:\/\/www.welovecycling.com\/es\/#\/schema\/person\/deb61715b5812698ee79fb96f343ccd4\",\"name\":\"We Love Cycling Spain\",\"image\":{\"@type\":\"ImageObject\",\"inLanguage\":\"es-ES\",\"@id\":\"https:\/\/www.welovecycling.com\/es\/#\/schema\/person\/image\/\",\"url\":\"https:\/\/secure.gravatar.com\/avatar\/c824b04e6df0e37a03219d0b6481672889df542894588964102459e46513159c?s=96&d=mm&r=g\",\"contentUrl\":\"https:\/\/secure.gravatar.com\/avatar\/c824b04e6df0e37a03219d0b6481672889df542894588964102459e46513159c?s=96&d=mm&r=g\",\"caption\":\"We Love Cycling Spain\"},\"url\":\"https:\/\/www.welovecycling.com\/es\/author\/amunoz\/\"}]}<\/script>\n<!-- \/ Yoast SEO Premium plugin. -->","yoast_head_json":{"title":"Tendencias en dise\u00f1o e innovaci\u00f3n de bicicletas - \u0160koda We Love Cycling - Spain","description":"Tendencias en dise\u00f1o e innovaci\u00f3n de bicicletas. As\u00ed ser\u00e1n las bicicletas del futuro seg\u00fan lo visto en Eurobike 2024.","robots":{"index":"index","follow":"follow","max-snippet":"max-snippet:-1","max-image-preview":"max-image-preview:large","max-video-preview":"max-video-preview:-1"},"canonical":"https:\/\/www.welovecycling.com\/es\/2024\/08\/08\/innovacion-bicicletas\/","og_locale":"es_ES","og_type":"article","og_title":"Tendencias en dise\u00f1o e innovaci\u00f3n de bicicletas","og_description":"Tendencias en dise\u00f1o e innovaci\u00f3n de bicicletas. As\u00ed ser\u00e1n las bicicletas del futuro seg\u00fan lo visto en Eurobike 2024.","og_url":"https:\/\/www.welovecycling.com\/es\/2024\/08\/08\/innovacion-bicicletas\/","og_site_name":"\u0160koda We Love Cycling - Spain","article_published_time":"2024-08-08T15:20:47+00:00","og_image":[{"width":990,"height":660,"url":"https:\/\/d2p6e6u75xmxt8.cloudfront.net\/6\/2024\/08\/Eurobike-Bike-Design-profimedia-0886616208-CVR.webp","type":"image\/webp"}],"author":"We Love Cycling Spain","twitter_card":"summary_large_image","twitter_description":"Tendencias en dise\u00f1o e innovaci\u00f3n de bicicletas. As\u00ed ser\u00e1n las bicicletas del futuro seg\u00fan lo visto en Eurobike 2024.","twitter_misc":{"Written by":"Adam Marsal","Est. reading time":"4"},"schema":{"@context":"https:\/\/schema.org","@graph":[{"@type":"WebPage","@id":"https:\/\/www.welovecycling.com\/es\/2024\/08\/08\/innovacion-bicicletas\/","url":"https:\/\/www.welovecycling.com\/es\/2024\/08\/08\/innovacion-bicicletas\/","name":"Tendencias en dise\u00f1o e innovaci\u00f3n de bicicletas - \u0160koda We Love Cycling - Spain","isPartOf":{"@id":"https:\/\/www.welovecycling.com\/es\/#website"},"primaryImageOfPage":{"@id":"https:\/\/www.welovecycling.com\/es\/2024\/08\/08\/innovacion-bicicletas\/#primaryimage"},"image":{"@id":"https:\/\/www.welovecycling.com\/es\/2024\/08\/08\/innovacion-bicicletas\/#primaryimage"},"thumbnailUrl":"https:\/\/d2p6e6u75xmxt8.cloudfront.net\/6\/2024\/08\/Eurobike-Bike-Design-profimedia-0886616208-CVR.webp","datePublished":"2024-08-08T15:20:47+00:00","author":{"@id":"https:\/\/www.welovecycling.com\/es\/#\/schema\/person\/deb61715b5812698ee79fb96f343ccd4"},"description":"Tendencias en dise\u00f1o e innovaci\u00f3n de bicicletas. As\u00ed ser\u00e1n las bicicletas del futuro seg\u00fan lo visto en Eurobike 2024.","breadcrumb":{"@id":"https:\/\/www.welovecycling.com\/es\/2024\/08\/08\/innovacion-bicicletas\/#breadcrumb"},"inLanguage":"es-ES","potentialAction":[{"@type":"ReadAction","target":["https:\/\/www.welovecycling.com\/es\/2024\/08\/08\/innovacion-bicicletas\/"]}]},{"@type":"ImageObject","inLanguage":"es-ES","@id":"https:\/\/www.welovecycling.com\/es\/2024\/08\/08\/innovacion-bicicletas\/#primaryimage","url":"https:\/\/d2p6e6u75xmxt8.cloudfront.net\/6\/2024\/08\/Eurobike-Bike-Design-profimedia-0886616208-CVR.webp","contentUrl":"https:\/\/d2p6e6u75xmxt8.cloudfront.net\/6\/2024\/08\/Eurobike-Bike-Design-profimedia-0886616208-CVR.webp","width":990,"height":660,"caption":"2024 Eurobike"},{"@type":"BreadcrumbList","@id":"https:\/\/www.welovecycling.com\/es\/2024\/08\/08\/innovacion-bicicletas\/#breadcrumb","itemListElement":[{"@type":"ListItem","position":1,"name":"Home","item":"https:\/\/www.welovecycling.com\/es\/"},{"@type":"ListItem","position":2,"name":"Tendencias en dise\u00f1o e innovaci\u00f3n de bicicletas"}]},{"@type":"WebSite","@id":"https:\/\/www.welovecycling.com\/es\/#website","url":"https:\/\/www.welovecycling.com\/es\/","name":"\u0160koda We Love Cycling - Spain","description":"\u0160koda WeLoveCycling Spain","potentialAction":[{"@type":"SearchAction","target":{"@type":"EntryPoint","urlTemplate":"https:\/\/www.welovecycling.com\/es\/?s={search_term_string}"},"query-input":{"@type":"PropertyValueSpecification","valueRequired":true,"valueName":"search_term_string"}}],"inLanguage":"es-ES"},{"@type":"Person","@id":"https:\/\/www.welovecycling.com\/es\/#\/schema\/person\/deb61715b5812698ee79fb96f343ccd4","name":"We Love Cycling Spain","image":{"@type":"ImageObject","inLanguage":"es-ES","@id":"https:\/\/www.welovecycling.com\/es\/#\/schema\/person\/image\/","url":"https:\/\/secure.gravatar.com\/avatar\/c824b04e6df0e37a03219d0b6481672889df542894588964102459e46513159c?s=96&d=mm&r=g","contentUrl":"https:\/\/secure.gravatar.com\/avatar\/c824b04e6df0e37a03219d0b6481672889df542894588964102459e46513159c?s=96&d=mm&r=g","caption":"We Love Cycling Spain"},"url":"https:\/\/www.welovecycling.com\/es\/author\/amunoz\/"}]}},"_links":{"self":[{"href":"https:\/\/www.welovecycling.com\/es\/wp-json\/wp\/v2\/posts\/11091","targetHints":{"allow":["GET"]}}],"collection":[{"href":"https:\/\/www.welovecycling.com\/es\/wp-json\/wp\/v2\/posts"}],"about":[{"href":"https:\/\/www.welovecycling.com\/es\/wp-json\/wp\/v2\/types\/post"}],"author":[{"embeddable":true,"href":"https:\/\/www.welovecycling.com\/es\/wp-json\/wp\/v2\/users\/29"}],"replies":[{"embeddable":true,"href":"https:\/\/www.welovecycling.com\/es\/wp-json\/wp\/v2\/comments?post=11091"}],"version-history":[{"count":2,"href":"https:\/\/www.welovecycling.com\/es\/wp-json\/wp\/v2\/posts\/11091\/revisions"}],"predecessor-version":[{"id":11095,"href":"https:\/\/www.welovecycling.com\/es\/wp-json\/wp\/v2\/posts\/11091\/revisions\/11095"}],"wp:featuredmedia":[{"embeddable":true,"href":"https:\/\/www.welovecycling.com\/es\/wp-json\/wp\/v2\/media\/11094"}],"wp:attachment":[{"href":"https:\/\/www.welovecycling.com\/es\/wp-json\/wp\/v2\/media?parent=11091"}],"wp:term":[{"taxonomy":"category","embeddable":true,"href":"https:\/\/www.welovecycling.com\/es\/wp-json\/wp\/v2\/categories?post=11091"},{"taxonomy":"post_tag","embeddable":true,"href":"https:\/\/www.welovecycling.com\/es\/wp-json\/wp\/v2\/tags?post=11091"},{"taxonomy":"global-categories","embeddable":true,"href":"https:\/\/www.welovecycling.com\/es\/wp-json\/wp\/v2\/global-categories?post=11091"}],"curies":[{"name":"wp","href":"https:\/\/api.w.org\/{rel}","templated":true}]}}