{"id":11085,"date":"2024-08-11T17:04:53","date_gmt":"2024-08-11T15:04:53","guid":{"rendered":"https:\/\/www.welovecycling.com\/es\/?p=11085"},"modified":"2024-08-08T17:05:18","modified_gmt":"2024-08-08T15:05:18","slug":"de-la-playa-a-alpe-dhuez-vollering-busca-su-segundo-tour-femenino","status":"publish","type":"post","link":"https:\/\/www.welovecycling.com\/es\/2024\/08\/11\/de-la-playa-a-alpe-dhuez-vollering-busca-su-segundo-tour-femenino\/","title":{"rendered":"De la playa a Alpe d&#8217;Huez. Vollering busca su segundo Tour Femenino"},"content":{"rendered":"<p><strong>Acaban los Juegos Ol\u00edmpicos&#8230; y arranca el Tour Femenino 2024. El lunes 12 de agosto y fuera de los focos de Francia comienza en Rotterdam el Tour 2024, el que debe ser la confirmaci\u00f3n de Demi Vollering como la mejor ciclista del momento. Todos los focos apuntan a la actual campeona, que ya ha ganado en 2024 La Vuelta y el Tour de Suiza, aunque estuvo lejos de las medallas en la prueba en ruta de los<a href=\"https:\/\/www.welovecycling.com\/es\/2024\/08\/06\/kristen-faulkners\/\"> JJOO.<\/a><\/strong><\/p>\n<p><!--more--><br \/>\nEl nuevo Tour Femenino estrena la salida fuera de Francia que lleva varios a\u00f1os haciendo el Tour Masculino. En 2024 ser\u00e1 en Holanda, el pa\u00eds con m\u00e1s nivel ciclista del mundo, y lejos de la resaca de los fastos ol\u00edmpicos franceses. En esta edici\u00f3n solo siete d\u00edas de competici\u00f3n, del lunes 12 al domingo 18 de julio, pero con siete etapas porque el segundo d\u00eda hay un doble sector. Etapa llana por la ma\u00f1ana y contrarreloj corta por la tarde.<\/p>\n<p>El Tour Femenino, que empezar\u00e1 e<strong>n la playa de Rotterdam a cero metros de altitud acabar\u00e1 en los 1800 de Alpe d&#8217;Huez<\/strong>. De Holanda a la monta\u00f1a de los holandeses. Un recorrido de norte a sur en b\u00fasqueda de las cumbres alpinas, pasando por las cl\u00e1sicas de las Ardenas (Amstel y Lieja) y de un final m\u00edtico en la historia del ciclismo.<\/p>\n<p>&nbsp;<\/p>\n<h3><strong>FAVORITAS Y RECORRIDO<\/strong><\/h3>\n<p>Si le ponemos nombres al recorrido los tres primeros d\u00edas llevar\u00e1n los de <strong>Marianne Vos y Lorena Wiebes<\/strong>. Las dos, adem\u00e1s, ser\u00e1n las grandes favoritas a vestirse con el<strong> maillot verde de \u0160koda<\/strong> en el Alpe d Huez. Porque la primera jornada se espera un sprint masivo en las calles de La Haya. 123 kil\u00f3metros y perfil plano como la palma de la mano. Entrar\u00e1 en juego el viento, que siempre es protagonista cuando se circula por Holanda y tambi\u00e9n la posible lluvia y las ca\u00eddas.<\/p>\n<p><img loading=\"lazy\" decoding=\"async\" class=\"alignnone size-extra-large\" src=\"https:\/\/img.aso.fr\/core_app\/img-cycling-trf-png\/2023-best-of-12\/32324\/0:0,1622:1080-1000-0-70\/c9b6c\" width=\"1000\" height=\"666\" \/><\/p>\n<p>Al d\u00eda siguiente, martes 13 de agosto. El sector matinal ser\u00e1 muy parecido a la primera etapa. Totalmente llano, con el viento soplando y posible final al sprint. Esta vez solo 70 kil\u00f3metros porque por la tarde llega el segundo sector, que ya marcar\u00e1 diferencias. La crono es casi un pr\u00f3logo. Solo 6,3 kil\u00f3metros por las calles de Rotterdam. Plano, con alguna curva peligrosa, pero sobre todo de rodar fuerte. Quizas no sea el mejor escenario para <strong>Vollering, Longo Borghini, Labous o Niewiadoma<\/strong>\u00a0las grandes favoritas para el podio final, pero tampoco perder\u00e1n demasiado tiempo con las contrarrelojistas puras.<\/p>\n<p>As\u00ed la que primera etapa clave ser\u00e1 la cuarta (tercer d\u00eda) que une los recorridos finales de la <strong>Amstel Gold Race y de la Lieja Bastogne Lieja<\/strong>. Sus metas est\u00e1n separadas por solo 30 kil\u00f3metros y se &#8216;unen&#8217; por el r\u00edo Mosa. El Tour dejar\u00e1 Holanda con una salida en Valkenburg y paso por Bemeleberg, Geulhemmeberg y Cauberg, para entrar en las Ardenas belgas, afrontar un terreno siempre complicado y acabar con el tr\u00edptico <strong>La Redoute, Cote des Forges y Roche Aux Faucons,<\/strong> el mismo que el final de La Decana despu\u00e9s de 122 kil\u00f3metros y 2.500 metros de desnivel. Un d\u00eda interesante para ver c\u00f3mo llegan las m\u00e1ximas favoritas<\/p>\n<p><img loading=\"lazy\" decoding=\"async\" class=\"alignnone size-extra-large\" src=\"https:\/\/img.aso.fr\/core_app\/img-cycling-trf-jpg\/tdffaz24-profils-et4\/32652\/0:0,1005:603-960-0-90\/5d234\" width=\"960\" height=\"576\" \/><\/p>\n<p>Al d\u00eda siguiente salida en Bastogne, se abandona B\u00e9lgica y las Ardenas y se entra en Francia para llegar a la meta de Anneville. All\u00ed en teor\u00eda deber\u00eda ganar una velocista, pero 20 kil\u00f3metros de la llegada hay una cota de dos kil\u00f3metros al 6% y el final pica hacia arriba. Eso s\u00ed, seguro que ser\u00e1 la \u00faltima oportunidad para las mujeres r\u00e1pidas porque las tres \u00faltimas etapas del Tour tiene puertos, aunque, como suele ser habitual, ir\u00e1n de menos a m\u00e1s.<\/p>\n<p>El viernes los \u00faltimos <strong>60 kil\u00f3metros de la etapa son bastante accidentados<\/strong>. De esos terrenos para jugar a ciclistas y lanzar compa\u00f1eras de equipo por delante para ir limado segundos. Se pasa la Cote de Laviron, de tercera, justo antes de La Roche du Petre un segunda, 5,5 kil\u00f3metros al 5,5% de desnivel, que no tiene bajada, sino que sigue ascendiendo hasta un tercera, La Cote des Fins. Desde all\u00ed, quince kil\u00f3metros a meta entre la bajada y el final llano.\u00a0 Complicado de controlar y momento para que corredoras valientes como Mavi Garc\u00eda, o Juliette Labous busquen sus opciones en la general.<\/p>\n<p>Porque el s\u00e1bado el nuevo <strong>Tour Femenino llega por primera vez a los <a href=\"https:\/\/www.welovecycling.com\/es\/2023\/10\/31\/tour-femenino\/\">Alpes<\/a>.<\/strong> Etapa de 166 kil\u00f3metros con m\u00e1s de 3.500 metros de desnivel y final en un sitio que huele a Tour como Le Grand Bornand. Por el camino un primera en el Jura, el Col de la Croix de la Serra, un cuarta, un tercera y una parte final complicad\u00edsima ya en la Alta Saboya con la ascensi\u00f3n consecutiva al Col de Saint Jean de Sixt (2\u00aa) y los 7 kil\u00f3metros al 5,1% del Mont\u00e9e du Chinaillon, donde est\u00e1 la meta.<\/p>\n<p><img loading=\"lazy\" decoding=\"async\" class=\"alignnone size-extra-large\" src=\"https:\/\/img.aso.fr\/core_app\/img-cycling-trf-jpg\/tdffaz24-profils-et7\/32647\/0:0,1005:603-960-0-90\/bdbaf\" width=\"960\" height=\"576\" \/>El final del Tour Femenino 2024 no pod\u00eda ser m\u00e1s m\u00edtico. Algo a lo que nunca se ha atrevido el Tour Masculino (arrebatar la meta a Par\u00eds salvo circunstancias extraordinarias como este a\u00f1o con los Juegos Ol\u00edmpicos). La meta en el <a href=\"https:\/\/www.welovecycling.com\/es\/2019\/05\/29\/los-puertos-desconocidos-de-los-alpes-franceses\/\">Alpe d&#8217; Huez<\/a> significa el no va m\u00e1s. Sus 21 curvas coronar\u00e1n a la ganadora del tercer Tour de los tiempos modernos (ya saben que hubo ediciones anteriores hasta principios del Siglo XXI). Antes tendr\u00e1 que superar el Col de Tamie, el <strong>largu\u00edsimo Glandon<\/strong>, que puede dejar el pelot\u00f3n roto en mil pedazos y el siempre duro inicio a Alpe d Huez, con sus dos kil\u00f3metros a m\u00e1s del 10% de desnivel medio.<\/p>\n<p>Un d\u00eda en el que todo el Tour puede saltar por los aires. Sobre todo si Gaia Realini, la peque\u00f1a escaladora del Lidl Trek, llega con opciones y no las pierde entre abanicos y llanos los d\u00edas precedentes. Ella, su compa\u00f1era Longo Borghini y la siempre valiente Kasia Niewiadoma pueden atacar el dominio del SD Worx de <a href=\"https:\/\/www.welovecycling.com\/es\/2023\/08\/22\/tour-francia-femenino-2023-2\/\">Demi Vollering<\/a> que esta vez no tendr\u00e1 como escudera de lujo a Lotte Kopekcy, por lo que les ser\u00e1 m\u00e1s complicado repetir el <a href=\"https:\/\/www.letourfemmes.fr\/fr\/histoire\">podio de 2023<\/a>.<\/p>\n<p>Entre las espa\u00f1olas todo pasa por las opciones en la general de Mavi Garcia, en forma despu\u00e9s de su gran papel en los JJOO, y Ane Santesteban, que vuelve al Tour de Francia despu\u00e9s de su Top Ten de 2023 pero esta vez encabezando la participaci\u00f3n del Laboral Kutxa, que debuta en la carrera francesa. A su lado la vigente campeona de Espa\u00f1a, Usoa Ostaloza y Iurani Blanco.<\/p>\n","protected":false},"excerpt":{"rendered":"<p>Acaban los Juegos Ol\u00edmpicos&#8230; y arranca el Tour Femenino 2024. El lunes 12 de agosto y fuera de los focos [&hellip;]<\/p>\n","protected":false},"author":29,"featured_media":11086,"comment_status":"open","ping_status":"open","sticky":false,"template":"","format":"standard","meta":{"footnotes":""},"categories":[7],"tags":[572],"global-categories":[1164],"class_list":["post-11085","post","type-post","status-publish","format-standard","has-post-thumbnail","hentry","category-carretera","tag-tour-femenino","global-categories-cycling"],"yoast_head":"<!-- This site is optimized with the Yoast SEO Premium plugin v25.3 (Yoast SEO v25.9) - https:\/\/yoast.com\/wordpress\/plugins\/seo\/ -->\n<title>De la playa a Alpe d&#039;Huez. Vollering busca su segundo Tour Femenino - \u0160koda We Love Cycling - Spain<\/title>\n<meta name=\"description\" content=\"De la playa a Alpe d&#039;Huez. Vollering busca su segundo Tour Femenino. Previa de la edici\u00f3n 2024 del Tour Femenio.\" \/>\n<meta name=\"robots\" content=\"index, follow, max-snippet:-1, max-image-preview:large, max-video-preview:-1\" \/>\n<link rel=\"canonical\" href=\"https:\/\/www.welovecycling.com\/es\/2024\/08\/11\/de-la-playa-a-alpe-dhuez-vollering-busca-su-segundo-tour-femenino\/\" \/>\n<meta property=\"og:locale\" content=\"es_ES\" \/>\n<meta property=\"og:type\" content=\"article\" \/>\n<meta property=\"og:title\" content=\"De la playa a Alpe d&#039;Huez. Vollering busca su segundo Tour Femenino\" \/>\n<meta property=\"og:description\" content=\"De la playa a Alpe d&#039;Huez. Vollering busca su segundo Tour Femenino. Previa de la edici\u00f3n 2024 del Tour Femenio.\" \/>\n<meta property=\"og:url\" content=\"https:\/\/www.welovecycling.com\/es\/2024\/08\/11\/de-la-playa-a-alpe-dhuez-vollering-busca-su-segundo-tour-femenino\/\" \/>\n<meta property=\"og:site_name\" content=\"\u0160koda We Love Cycling - Spain\" \/>\n<meta property=\"article:published_time\" content=\"2024-08-11T15:04:53+00:00\" \/>\n<meta property=\"og:image\" content=\"https:\/\/d2p6e6u75xmxt8.cloudfront.net\/6\/2024\/08\/vollering.webp\" \/>\n\t<meta property=\"og:image:width\" content=\"1000\" \/>\n\t<meta property=\"og:image:height\" content=\"666\" \/>\n\t<meta property=\"og:image:type\" content=\"image\/webp\" \/>\n<meta name=\"author\" content=\"We Love Cycling Spain\" \/>\n<meta name=\"twitter:card\" content=\"summary_large_image\" \/>\n<meta name=\"twitter:label1\" content=\"Written by\" \/>\n\t<meta name=\"twitter:data1\" content=\"Luis Ortega @ciclored\" \/>\n\t<meta name=\"twitter:label2\" content=\"Est. reading time\" \/>\n\t<meta name=\"twitter:data2\" content=\"6 minutes\" \/>\n<script type=\"application\/ld+json\" class=\"yoast-schema-graph\">{\"@context\":\"https:\/\/schema.org\",\"@graph\":[{\"@type\":\"WebPage\",\"@id\":\"https:\/\/www.welovecycling.com\/es\/2024\/08\/11\/de-la-playa-a-alpe-dhuez-vollering-busca-su-segundo-tour-femenino\/\",\"url\":\"https:\/\/www.welovecycling.com\/es\/2024\/08\/11\/de-la-playa-a-alpe-dhuez-vollering-busca-su-segundo-tour-femenino\/\",\"name\":\"De la playa a Alpe d'Huez. Vollering busca su segundo Tour Femenino - \u0160koda We Love Cycling - Spain\",\"isPartOf\":{\"@id\":\"https:\/\/www.welovecycling.com\/es\/#website\"},\"primaryImageOfPage\":{\"@id\":\"https:\/\/www.welovecycling.com\/es\/2024\/08\/11\/de-la-playa-a-alpe-dhuez-vollering-busca-su-segundo-tour-femenino\/#primaryimage\"},\"image\":{\"@id\":\"https:\/\/www.welovecycling.com\/es\/2024\/08\/11\/de-la-playa-a-alpe-dhuez-vollering-busca-su-segundo-tour-femenino\/#primaryimage\"},\"thumbnailUrl\":\"https:\/\/d2p6e6u75xmxt8.cloudfront.net\/6\/2024\/08\/vollering.webp\",\"datePublished\":\"2024-08-11T15:04:53+00:00\",\"author\":{\"@id\":\"https:\/\/www.welovecycling.com\/es\/#\/schema\/person\/deb61715b5812698ee79fb96f343ccd4\"},\"description\":\"De la playa a Alpe d'Huez. Vollering busca su segundo Tour Femenino. Previa de la edici\u00f3n 2024 del Tour Femenio.\",\"breadcrumb\":{\"@id\":\"https:\/\/www.welovecycling.com\/es\/2024\/08\/11\/de-la-playa-a-alpe-dhuez-vollering-busca-su-segundo-tour-femenino\/#breadcrumb\"},\"inLanguage\":\"es-ES\",\"potentialAction\":[{\"@type\":\"ReadAction\",\"target\":[\"https:\/\/www.welovecycling.com\/es\/2024\/08\/11\/de-la-playa-a-alpe-dhuez-vollering-busca-su-segundo-tour-femenino\/\"]}]},{\"@type\":\"ImageObject\",\"inLanguage\":\"es-ES\",\"@id\":\"https:\/\/www.welovecycling.com\/es\/2024\/08\/11\/de-la-playa-a-alpe-dhuez-vollering-busca-su-segundo-tour-femenino\/#primaryimage\",\"url\":\"https:\/\/d2p6e6u75xmxt8.cloudfront.net\/6\/2024\/08\/vollering.webp\",\"contentUrl\":\"https:\/\/d2p6e6u75xmxt8.cloudfront.net\/6\/2024\/08\/vollering.webp\",\"width\":1000,\"height\":666},{\"@type\":\"BreadcrumbList\",\"@id\":\"https:\/\/www.welovecycling.com\/es\/2024\/08\/11\/de-la-playa-a-alpe-dhuez-vollering-busca-su-segundo-tour-femenino\/#breadcrumb\",\"itemListElement\":[{\"@type\":\"ListItem\",\"position\":1,\"name\":\"Home\",\"item\":\"https:\/\/www.welovecycling.com\/es\/\"},{\"@type\":\"ListItem\",\"position\":2,\"name\":\"De la playa a Alpe d&#8217;Huez. Vollering busca su segundo Tour Femenino\"}]},{\"@type\":\"WebSite\",\"@id\":\"https:\/\/www.welovecycling.com\/es\/#website\",\"url\":\"https:\/\/www.welovecycling.com\/es\/\",\"name\":\"\u0160koda We Love Cycling - Spain\",\"description\":\"\u0160koda WeLoveCycling Spain\",\"potentialAction\":[{\"@type\":\"SearchAction\",\"target\":{\"@type\":\"EntryPoint\",\"urlTemplate\":\"https:\/\/www.welovecycling.com\/es\/?s={search_term_string}\"},\"query-input\":{\"@type\":\"PropertyValueSpecification\",\"valueRequired\":true,\"valueName\":\"search_term_string\"}}],\"inLanguage\":\"es-ES\"},{\"@type\":\"Person\",\"@id\":\"https:\/\/www.welovecycling.com\/es\/#\/schema\/person\/deb61715b5812698ee79fb96f343ccd4\",\"name\":\"We Love Cycling Spain\",\"image\":{\"@type\":\"ImageObject\",\"inLanguage\":\"es-ES\",\"@id\":\"https:\/\/www.welovecycling.com\/es\/#\/schema\/person\/image\/\",\"url\":\"https:\/\/secure.gravatar.com\/avatar\/c824b04e6df0e37a03219d0b6481672889df542894588964102459e46513159c?s=96&d=mm&r=g\",\"contentUrl\":\"https:\/\/secure.gravatar.com\/avatar\/c824b04e6df0e37a03219d0b6481672889df542894588964102459e46513159c?s=96&d=mm&r=g\",\"caption\":\"We Love Cycling Spain\"},\"url\":\"https:\/\/www.welovecycling.com\/es\/author\/amunoz\/\"}]}<\/script>\n<!-- \/ Yoast SEO Premium plugin. -->","yoast_head_json":{"title":"De la playa a Alpe d'Huez. Vollering busca su segundo Tour Femenino - \u0160koda We Love Cycling - Spain","description":"De la playa a Alpe d'Huez. Vollering busca su segundo Tour Femenino. Previa de la edici\u00f3n 2024 del Tour Femenio.","robots":{"index":"index","follow":"follow","max-snippet":"max-snippet:-1","max-image-preview":"max-image-preview:large","max-video-preview":"max-video-preview:-1"},"canonical":"https:\/\/www.welovecycling.com\/es\/2024\/08\/11\/de-la-playa-a-alpe-dhuez-vollering-busca-su-segundo-tour-femenino\/","og_locale":"es_ES","og_type":"article","og_title":"De la playa a Alpe d'Huez. Vollering busca su segundo Tour Femenino","og_description":"De la playa a Alpe d'Huez. Vollering busca su segundo Tour Femenino. Previa de la edici\u00f3n 2024 del Tour Femenio.","og_url":"https:\/\/www.welovecycling.com\/es\/2024\/08\/11\/de-la-playa-a-alpe-dhuez-vollering-busca-su-segundo-tour-femenino\/","og_site_name":"\u0160koda We Love Cycling - Spain","article_published_time":"2024-08-11T15:04:53+00:00","og_image":[{"width":1000,"height":666,"url":"https:\/\/d2p6e6u75xmxt8.cloudfront.net\/6\/2024\/08\/vollering.webp","type":"image\/webp"}],"author":"We Love Cycling Spain","twitter_card":"summary_large_image","twitter_misc":{"Written by":"Luis Ortega @ciclored","Est. reading time":"6 minutes"},"schema":{"@context":"https:\/\/schema.org","@graph":[{"@type":"WebPage","@id":"https:\/\/www.welovecycling.com\/es\/2024\/08\/11\/de-la-playa-a-alpe-dhuez-vollering-busca-su-segundo-tour-femenino\/","url":"https:\/\/www.welovecycling.com\/es\/2024\/08\/11\/de-la-playa-a-alpe-dhuez-vollering-busca-su-segundo-tour-femenino\/","name":"De la playa a Alpe d'Huez. Vollering busca su segundo Tour Femenino - \u0160koda We Love Cycling - Spain","isPartOf":{"@id":"https:\/\/www.welovecycling.com\/es\/#website"},"primaryImageOfPage":{"@id":"https:\/\/www.welovecycling.com\/es\/2024\/08\/11\/de-la-playa-a-alpe-dhuez-vollering-busca-su-segundo-tour-femenino\/#primaryimage"},"image":{"@id":"https:\/\/www.welovecycling.com\/es\/2024\/08\/11\/de-la-playa-a-alpe-dhuez-vollering-busca-su-segundo-tour-femenino\/#primaryimage"},"thumbnailUrl":"https:\/\/d2p6e6u75xmxt8.cloudfront.net\/6\/2024\/08\/vollering.webp","datePublished":"2024-08-11T15:04:53+00:00","author":{"@id":"https:\/\/www.welovecycling.com\/es\/#\/schema\/person\/deb61715b5812698ee79fb96f343ccd4"},"description":"De la playa a Alpe d'Huez. Vollering busca su segundo Tour Femenino. Previa de la edici\u00f3n 2024 del Tour Femenio.","breadcrumb":{"@id":"https:\/\/www.welovecycling.com\/es\/2024\/08\/11\/de-la-playa-a-alpe-dhuez-vollering-busca-su-segundo-tour-femenino\/#breadcrumb"},"inLanguage":"es-ES","potentialAction":[{"@type":"ReadAction","target":["https:\/\/www.welovecycling.com\/es\/2024\/08\/11\/de-la-playa-a-alpe-dhuez-vollering-busca-su-segundo-tour-femenino\/"]}]},{"@type":"ImageObject","inLanguage":"es-ES","@id":"https:\/\/www.welovecycling.com\/es\/2024\/08\/11\/de-la-playa-a-alpe-dhuez-vollering-busca-su-segundo-tour-femenino\/#primaryimage","url":"https:\/\/d2p6e6u75xmxt8.cloudfront.net\/6\/2024\/08\/vollering.webp","contentUrl":"https:\/\/d2p6e6u75xmxt8.cloudfront.net\/6\/2024\/08\/vollering.webp","width":1000,"height":666},{"@type":"BreadcrumbList","@id":"https:\/\/www.welovecycling.com\/es\/2024\/08\/11\/de-la-playa-a-alpe-dhuez-vollering-busca-su-segundo-tour-femenino\/#breadcrumb","itemListElement":[{"@type":"ListItem","position":1,"name":"Home","item":"https:\/\/www.welovecycling.com\/es\/"},{"@type":"ListItem","position":2,"name":"De la playa a Alpe d&#8217;Huez. Vollering busca su segundo Tour Femenino"}]},{"@type":"WebSite","@id":"https:\/\/www.welovecycling.com\/es\/#website","url":"https:\/\/www.welovecycling.com\/es\/","name":"\u0160koda We Love Cycling - Spain","description":"\u0160koda WeLoveCycling Spain","potentialAction":[{"@type":"SearchAction","target":{"@type":"EntryPoint","urlTemplate":"https:\/\/www.welovecycling.com\/es\/?s={search_term_string}"},"query-input":{"@type":"PropertyValueSpecification","valueRequired":true,"valueName":"search_term_string"}}],"inLanguage":"es-ES"},{"@type":"Person","@id":"https:\/\/www.welovecycling.com\/es\/#\/schema\/person\/deb61715b5812698ee79fb96f343ccd4","name":"We Love Cycling Spain","image":{"@type":"ImageObject","inLanguage":"es-ES","@id":"https:\/\/www.welovecycling.com\/es\/#\/schema\/person\/image\/","url":"https:\/\/secure.gravatar.com\/avatar\/c824b04e6df0e37a03219d0b6481672889df542894588964102459e46513159c?s=96&d=mm&r=g","contentUrl":"https:\/\/secure.gravatar.com\/avatar\/c824b04e6df0e37a03219d0b6481672889df542894588964102459e46513159c?s=96&d=mm&r=g","caption":"We Love Cycling Spain"},"url":"https:\/\/www.welovecycling.com\/es\/author\/amunoz\/"}]}},"_links":{"self":[{"href":"https:\/\/www.welovecycling.com\/es\/wp-json\/wp\/v2\/posts\/11085","targetHints":{"allow":["GET"]}}],"collection":[{"href":"https:\/\/www.welovecycling.com\/es\/wp-json\/wp\/v2\/posts"}],"about":[{"href":"https:\/\/www.welovecycling.com\/es\/wp-json\/wp\/v2\/types\/post"}],"author":[{"embeddable":true,"href":"https:\/\/www.welovecycling.com\/es\/wp-json\/wp\/v2\/users\/29"}],"replies":[{"embeddable":true,"href":"https:\/\/www.welovecycling.com\/es\/wp-json\/wp\/v2\/comments?post=11085"}],"version-history":[{"count":4,"href":"https:\/\/www.welovecycling.com\/es\/wp-json\/wp\/v2\/posts\/11085\/revisions"}],"predecessor-version":[{"id":11090,"href":"https:\/\/www.welovecycling.com\/es\/wp-json\/wp\/v2\/posts\/11085\/revisions\/11090"}],"wp:featuredmedia":[{"embeddable":true,"href":"https:\/\/www.welovecycling.com\/es\/wp-json\/wp\/v2\/media\/11086"}],"wp:attachment":[{"href":"https:\/\/www.welovecycling.com\/es\/wp-json\/wp\/v2\/media?parent=11085"}],"wp:term":[{"taxonomy":"category","embeddable":true,"href":"https:\/\/www.welovecycling.com\/es\/wp-json\/wp\/v2\/categories?post=11085"},{"taxonomy":"post_tag","embeddable":true,"href":"https:\/\/www.welovecycling.com\/es\/wp-json\/wp\/v2\/tags?post=11085"},{"taxonomy":"global-categories","embeddable":true,"href":"https:\/\/www.welovecycling.com\/es\/wp-json\/wp\/v2\/global-categories?post=11085"}],"curies":[{"name":"wp","href":"https:\/\/api.w.org\/{rel}","templated":true}]}}