{"id":11067,"date":"2024-07-31T23:00:52","date_gmt":"2024-07-31T21:00:52","guid":{"rendered":"https:\/\/www.welovecycling.com\/es\/?p=11067"},"modified":"2024-08-01T12:06:08","modified_gmt":"2024-08-01T10:06:08","slug":"los-juegos-olimpicos-de-paris-proponen-una-carrera-loca","status":"publish","type":"post","link":"https:\/\/www.welovecycling.com\/es\/2024\/07\/31\/los-juegos-olimpicos-de-paris-proponen-una-carrera-loca\/","title":{"rendered":"Los Juegos Ol\u00edmpicos de Par\u00eds proponen una carrera loca"},"content":{"rendered":"<p style=\"font-weight: 400;\"><b>Los Juegos Ol\u00edmpicos de Par\u00eds proponen dos carreras locas para el ciclismo en ruta. Solo habr\u00e1 90 ciclistas en los pelotones masculinos y femenino. Una cifra ins\u00f3lita para el ciclismo profesional y que propiciar\u00e1 que la competici\u00f3n se rompa en cualquier momento porque habr\u00e1 pocos corredores para trabajar y muchos &#8216;l\u00edderes \u00fanicos&#8217; busc\u00e1ndose las habichuelas ol\u00edmpicas. <\/b><\/p>\n<p><!--more--><\/p>\n<p style=\"font-weight: 400;\">Solo un pu\u00f1ado de selecciones podr\u00e1 contar con cuatro corredores, por lo que ser\u00e1 complicado controlar la carrera y que se pongan de acuerdo entre ellos para echar abajo las escapadas. Ser\u00e1 un d\u00eda para valientes, porque, adem\u00e1s, en los JJOO no se permite el uso de pinganillo. Solo las selecciones de B\u00e9lgica, Eslovenia, Francia, Reino Unido y Dinamarca en la competici\u00f3n masculina y B\u00e9lgica, Paises Bajos y Gran Breta\u00f1a en f\u00e9minas tendr\u00e1n el m\u00e1ximo de corredores, cuatro. El resto, tres, dos o solo un representante hasta 33 selecciones. Una aut\u00e9ntica locura.<\/p>\n<p>Los chicos abrir\u00e1n la competici\u00f3n el <strong>s\u00e1bado 3 de agosto a las 11:00, est\u00e1 previsto que acaben sobre las 18.15<\/strong>. Las chicas competir\u00e1n al d\u00eda siguiente, el domingo<strong> 4 de agosto, de 14:00 a 18.45 horas<\/strong>. En cuanto al recorrido, pues 275 kil\u00f3metros para ellos y 110 para ellas.<\/p>\n<p>En ambos casos <a href=\"https:\/\/olympics.com\/es\/noticias\/paris-2024-desvela-recorrido-ciclismo-ruta-carrera-contrarreloj-juegos-olimpicos\">salida y meta en el Trocadero,<\/a> paseo por el centro de Par\u00eds en el tramo neutralizado, ruta por las cotas del sureste par\u00edsino y circuito final de 18,5 kil\u00f3metros al que dar\u00e1n tres vueltas con la Cote de Montmartre (1 km al 6% de media con un pico al 8%) como m\u00e1xima dificultad. La subir\u00e1n en tres ocasiones y la \u00faltima estar\u00e1 a 9,5 kil\u00f3metros de meta. Un poco como el Cauberg en la Amstel Gold Race, pero con m\u00e1s distancia hasta el oro ol\u00edmpico del Trocadero. El circuito final esta vez no ser\u00e1 igual que el del Tour de Francia, aunque antes si se pasar\u00e1 por la Opera y los Campos El\u00edseos, sino que est\u00e1 situado al noreste de Paris.<\/p>\n<p>Lo que no faltar\u00e1 ser\u00e1 dureza, 2.800 metros de desnivel para ellos y m\u00e1s de 1.500 metros para ellas. Suficiente para que se pueda romper la carrera en cualquier momento, porque antes del circuito final habr\u00e1 cotas suficientes para los m\u00e1s valientes. de inicio laC\u00f4te des Gardes (1.9 km al 6% de pendiente media) en Meudon camino de Versalles. Luego el <strong>valle de Chevreuse<\/strong>\u00a0supondr\u00e1 un terreno exigente para los pelotones. La C\u00f4te de Port-Royal (1 km al 5%), la C\u00f4te de Saint-R\u00e9my-l\u00e8s-Chevreuse (1.3 km al 6.3%) y la C\u00f4te de Ch\u00e2teaufort (900 m al 5.7%), con su monumento a\u00a0<strong>Jacques Anquetil<\/strong>, el primer ciclista que gan\u00f3 cinco veces el Tour de Francia.<\/p>\n<p>Una\u00a0<strong>sucesi\u00f3n de peque\u00f1as subidas<\/strong> a las que seguir\u00e1n la C\u00f4te de Cernay-la-Ville (1.1 km al 3.9%) en la prueba femenina, y la C\u00f4te de Senlisse (1.3 km al 5.3%), C\u00f4te d\u2019Herbouvilliers (850 m al 5.7%), y C\u00f4te de Bi\u00e8vres (1.2 km al 6.5%) en la masculina.<\/p>\n<figure style=\"width: 1080px\" class=\"wp-caption alignnone\"><img loading=\"lazy\" decoding=\"async\" src=\"https:\/\/www.ciclo21.com\/wp-content\/uploads\/2023\/07\/parissss.webp\" alt=\"Perfil de la prueba masculina\" width=\"1080\" height=\"650\" \/><figcaption class=\"wp-caption-text\"><em>Perfil de la prueba masculina<\/em><\/figcaption><\/figure>\n<p>&nbsp;<\/p>\n<h3><strong><br \/>\nFavoritos<\/strong><\/h3>\n<p>Si tomamos como referencia la <a href=\"https:\/\/www.welovecycling.com\/es\/2022\/04\/07\/amstel-gold-race-2022\/\">Amstel Gold Race,<\/a> la cl\u00e1sica de un d\u00eda que m\u00e1s se asimila al recorrido dise\u00f1ado por la prueba ol\u00edmpica, en el caso de los <a href=\"https:\/\/www.procyclingstats.com\/race\/olympic-games\/2024\/startlist\">chicos tenemos que mirar<\/a> a <strong>Van der Poel, Van Aert, Pidcock y Julien Alaphilippe,<\/strong> que ya han ganado la carrera holandesa o han estado en el podio. Los cuatro son expertos en muros cortos, larga distancia y tienen un cambio de ritmo espectacular. Son las caracter\u00edsticas necesarias porque es complicado que haya sprint. Tambi\u00e9n habr\u00e1 que mirar a <strong>Remco Evenepoel,<\/strong> otro experto en este terreno y que ya demostr\u00f3 en la crono que sigue en plena forma despu\u00e9s del Tour. <strong>Mads Pedersen<\/strong> tambi\u00e9n es un hombre a tener en cuenta, porque es r\u00e1pido y ya aguant\u00f3 a Van der Poel, Pogacar y Van Aert en el complicado trazado del pasado Mundial 2023.<\/p>\n<p><strong>Aramburu, Ayuso y Lazkano,<\/strong> los tres representantes espa\u00f1oles, tendr\u00e1n libertad para meterse en escapadas y buscarse la vida. Algo similar le ocurrir\u00e1 a Hirschi en Suiza, a Bettiol con Italia, Healy con Irlanda (que fue segundo en Amstel hace dos a\u00f1os), Jorgenson con\u00a0 Estados Unidos o a Matthews con Australia. No tienen suficientes compa\u00f1eros para trabajar y se mover\u00e1n solos para buscar sus opciones.<\/p>\n<p>La prueba ol\u00edmpica echar\u00e1 de menos a <a href=\"https:\/\/www.welovecycling.com\/es\/2024\/07\/21\/pogacar-un-tour-sin-macula-y-un-giro-strade-lieja\/\"><strong>Tadej Pogacar<\/strong><\/a>, que renunci\u00f3 despu\u00e9s de ganar Giro y Tour&#8230; y de que la selecci\u00f3n eslovena no convocase en a su pareja Urska Zigart, para la prueba femenina.<\/p>\n<p>Entre <a href=\"https:\/\/www.procyclingstats.com\/race\/olympic-games-we\/2024\/startlist\">las chicas<\/a> la m\u00e1xima potencia es Paises Bajos, aunque ya en los Juegos Ol\u00edmpicos de Tokio tuvieron sus dudas y dejaron que la austriaca Anna Kiesenhofer les birlase el oro. Acuden con <strong>Demi Vollering,<\/strong> <strong>Marianne Vos, Van Dijk y Lorena Wiebes.<\/strong> Es decir, la ganadora del pasado Tour de Francia, la ciclista m\u00e1s completa, una gregaria de lujo y la mejor velocista. Y si lo medimos en Amstel tres victorias y tres segundos puestos en los \u00faltimos cuatro a\u00f1os. Si acudiesen como al Mundial, con ocho corredoras, ser\u00edan imbatibles, pero esta vez tendr\u00e1n que ver c\u00f3mo sus egos pelean unos con otros y tomar decisiones en una carrera que va a ser casi imposible de controlar.<\/p>\n<figure id=\"attachment_10337\" aria-describedby=\"caption-attachment-10337\" style=\"width: 990px\" class=\"wp-caption aligncenter\"><a href=\"https:\/\/d2p6e6u75xmxt8.cloudfront.net\/6\/2023\/10\/Kasia-Niewiadoma-profimedia-0811769541-CVR.webp\"><img loading=\"lazy\" decoding=\"async\" class=\"wp-image-10337 size-full\" src=\"https:\/\/d2p6e6u75xmxt8.cloudfront.net\/6\/2023\/10\/Kasia-Niewiadoma-profimedia-0811769541-CVR.webp\" alt=\"Kasia Niewiadoma\" width=\"990\" height=\"660\" srcset=\"https:\/\/d2p6e6u75xmxt8.cloudfront.net\/6\/2023\/10\/Kasia-Niewiadoma-profimedia-0811769541-CVR.webp 990w, https:\/\/d2p6e6u75xmxt8.cloudfront.net\/6\/2023\/10\/Kasia-Niewiadoma-profimedia-0811769541-CVR-300x200.webp 300w, https:\/\/d2p6e6u75xmxt8.cloudfront.net\/6\/2023\/10\/Kasia-Niewiadoma-profimedia-0811769541-CVR-768x512.webp 768w, https:\/\/d2p6e6u75xmxt8.cloudfront.net\/6\/2023\/10\/Kasia-Niewiadoma-profimedia-0811769541-CVR-400x267.webp 400w, https:\/\/d2p6e6u75xmxt8.cloudfront.net\/6\/2023\/10\/Kasia-Niewiadoma-profimedia-0811769541-CVR-272x182.webp 272w\" sizes=\"auto, (max-width: 990px) 100vw, 990px\" \/><\/a><figcaption id=\"caption-attachment-10337\" class=\"wp-caption-text\">Niewiadoma retar\u00e1 a las Vos, Vollering y compa\u00f1ia<\/figcaption><\/figure>\n<p>Porque la selecci\u00f3n belga lo tendr\u00e1 claro y todas trabajar\u00e1n para<strong> Lotte Kopecky, segundo en Amstel en 2023,<\/strong> y en Italia jugar\u00e1n dos bazas, la velocidad de Elisa B\u00e1lsamo y la fuerza de Longo Borghini. Y luego hay corredoras que son expertas en filtrarse en fugas y complicar las opciones del resto. La polaca Niewiadoma, que gan\u00f3 Amstel en 2019, la australiana Grace Brown, la francesa Juliete Labous (que ya hizo una gran crono) o las danesas Utrupp Ludwig y Nosgaard.<\/p>\n","protected":false},"excerpt":{"rendered":"<p>Los Juegos Ol\u00edmpicos de Par\u00eds proponen dos carreras locas para el ciclismo en ruta. Solo habr\u00e1 90 ciclistas en los [&hellip;]<\/p>\n","protected":false},"author":29,"featured_media":11068,"comment_status":"open","ping_status":"open","sticky":false,"template":"","format":"standard","meta":{"footnotes":""},"categories":[7],"tags":[2309,2310],"global-categories":[1164],"class_list":["post-11067","post","type-post","status-publish","format-standard","has-post-thumbnail","hentry","category-carretera","tag-jjoo","tag-juegos-olimpicos","global-categories-cycling"],"yoast_head":"<!-- This site is optimized with the Yoast SEO Premium plugin v25.3 (Yoast SEO v25.9) - https:\/\/yoast.com\/wordpress\/plugins\/seo\/ -->\n<title>Los Juegos Ol\u00edmpicos de Par\u00eds proponen una carrera loca - \u0160koda We Love Cycling - Spain<\/title>\n<meta name=\"description\" content=\"Los Juegos Ol\u00edmpicos de Par\u00eds proponen una carrera loca. Un pelot\u00f3n de solo 90 ciclistas y m\u00faltiples cotas auguran una carrera complicada.\" \/>\n<meta name=\"robots\" content=\"index, follow, max-snippet:-1, max-image-preview:large, max-video-preview:-1\" \/>\n<link rel=\"canonical\" href=\"https:\/\/www.welovecycling.com\/es\/2024\/07\/31\/los-juegos-olimpicos-de-paris-proponen-una-carrera-loca\/\" \/>\n<meta property=\"og:locale\" content=\"es_ES\" \/>\n<meta property=\"og:type\" content=\"article\" \/>\n<meta property=\"og:title\" content=\"Los Juegos Ol\u00edmpicos de Par\u00eds proponen una carrera loca\" \/>\n<meta property=\"og:description\" content=\"Los Juegos Ol\u00edmpicos de Par\u00eds proponen una carrera loca. Un pelot\u00f3n de solo 90 ciclistas y m\u00faltiples cotas auguran una carrera complicada.\" \/>\n<meta property=\"og:url\" content=\"https:\/\/www.welovecycling.com\/es\/2024\/07\/31\/los-juegos-olimpicos-de-paris-proponen-una-carrera-loca\/\" \/>\n<meta property=\"og:site_name\" content=\"\u0160koda We Love Cycling - Spain\" \/>\n<meta property=\"article:published_time\" content=\"2024-07-31T21:00:52+00:00\" \/>\n<meta property=\"article:modified_time\" content=\"2024-08-01T10:06:08+00:00\" \/>\n<meta property=\"og:image\" content=\"https:\/\/d2p6e6u75xmxt8.cloudfront.net\/6\/2024\/07\/JJOO.webp\" \/>\n\t<meta property=\"og:image:width\" content=\"2480\" \/>\n\t<meta property=\"og:image:height\" content=\"1847\" \/>\n\t<meta property=\"og:image:type\" content=\"image\/webp\" \/>\n<meta name=\"author\" content=\"We Love Cycling Spain\" \/>\n<meta name=\"twitter:card\" content=\"summary_large_image\" \/>\n<meta name=\"twitter:description\" content=\"Los Juegos Ol\u00edmpicos de Par\u00eds proponen una carrera loca. Un pelot\u00f3n de solo 90 ciclistas y m\u00faltiples cotas auguran una carrera complicada.\" \/>\n<meta name=\"twitter:label1\" content=\"Written by\" \/>\n\t<meta name=\"twitter:data1\" content=\"Luis Ortega @Ciclored\" \/>\n\t<meta name=\"twitter:label2\" content=\"Est. reading time\" \/>\n\t<meta name=\"twitter:data2\" content=\"5 minutes\" \/>\n<script type=\"application\/ld+json\" class=\"yoast-schema-graph\">{\"@context\":\"https:\/\/schema.org\",\"@graph\":[{\"@type\":\"WebPage\",\"@id\":\"https:\/\/www.welovecycling.com\/es\/2024\/07\/31\/los-juegos-olimpicos-de-paris-proponen-una-carrera-loca\/\",\"url\":\"https:\/\/www.welovecycling.com\/es\/2024\/07\/31\/los-juegos-olimpicos-de-paris-proponen-una-carrera-loca\/\",\"name\":\"Los Juegos Ol\u00edmpicos de Par\u00eds proponen una carrera loca - \u0160koda We Love Cycling - Spain\",\"isPartOf\":{\"@id\":\"https:\/\/www.welovecycling.com\/es\/#website\"},\"primaryImageOfPage\":{\"@id\":\"https:\/\/www.welovecycling.com\/es\/2024\/07\/31\/los-juegos-olimpicos-de-paris-proponen-una-carrera-loca\/#primaryimage\"},\"image\":{\"@id\":\"https:\/\/www.welovecycling.com\/es\/2024\/07\/31\/los-juegos-olimpicos-de-paris-proponen-una-carrera-loca\/#primaryimage\"},\"thumbnailUrl\":\"https:\/\/d2p6e6u75xmxt8.cloudfront.net\/6\/2024\/07\/JJOO.webp\",\"datePublished\":\"2024-07-31T21:00:52+00:00\",\"dateModified\":\"2024-08-01T10:06:08+00:00\",\"author\":{\"@id\":\"https:\/\/www.welovecycling.com\/es\/#\/schema\/person\/deb61715b5812698ee79fb96f343ccd4\"},\"description\":\"Los Juegos Ol\u00edmpicos de Par\u00eds proponen una carrera loca. Un pelot\u00f3n de solo 90 ciclistas y m\u00faltiples cotas auguran una carrera complicada.\",\"breadcrumb\":{\"@id\":\"https:\/\/www.welovecycling.com\/es\/2024\/07\/31\/los-juegos-olimpicos-de-paris-proponen-una-carrera-loca\/#breadcrumb\"},\"inLanguage\":\"es-ES\",\"potentialAction\":[{\"@type\":\"ReadAction\",\"target\":[\"https:\/\/www.welovecycling.com\/es\/2024\/07\/31\/los-juegos-olimpicos-de-paris-proponen-una-carrera-loca\/\"]}]},{\"@type\":\"ImageObject\",\"inLanguage\":\"es-ES\",\"@id\":\"https:\/\/www.welovecycling.com\/es\/2024\/07\/31\/los-juegos-olimpicos-de-paris-proponen-una-carrera-loca\/#primaryimage\",\"url\":\"https:\/\/d2p6e6u75xmxt8.cloudfront.net\/6\/2024\/07\/JJOO.webp\",\"contentUrl\":\"https:\/\/d2p6e6u75xmxt8.cloudfront.net\/6\/2024\/07\/JJOO.webp\",\"width\":2480,\"height\":1847},{\"@type\":\"BreadcrumbList\",\"@id\":\"https:\/\/www.welovecycling.com\/es\/2024\/07\/31\/los-juegos-olimpicos-de-paris-proponen-una-carrera-loca\/#breadcrumb\",\"itemListElement\":[{\"@type\":\"ListItem\",\"position\":1,\"name\":\"Home\",\"item\":\"https:\/\/www.welovecycling.com\/es\/\"},{\"@type\":\"ListItem\",\"position\":2,\"name\":\"Los Juegos Ol\u00edmpicos de Par\u00eds proponen una carrera loca\"}]},{\"@type\":\"WebSite\",\"@id\":\"https:\/\/www.welovecycling.com\/es\/#website\",\"url\":\"https:\/\/www.welovecycling.com\/es\/\",\"name\":\"\u0160koda We Love Cycling - Spain\",\"description\":\"\u0160koda WeLoveCycling Spain\",\"potentialAction\":[{\"@type\":\"SearchAction\",\"target\":{\"@type\":\"EntryPoint\",\"urlTemplate\":\"https:\/\/www.welovecycling.com\/es\/?s={search_term_string}\"},\"query-input\":{\"@type\":\"PropertyValueSpecification\",\"valueRequired\":true,\"valueName\":\"search_term_string\"}}],\"inLanguage\":\"es-ES\"},{\"@type\":\"Person\",\"@id\":\"https:\/\/www.welovecycling.com\/es\/#\/schema\/person\/deb61715b5812698ee79fb96f343ccd4\",\"name\":\"We Love Cycling Spain\",\"image\":{\"@type\":\"ImageObject\",\"inLanguage\":\"es-ES\",\"@id\":\"https:\/\/www.welovecycling.com\/es\/#\/schema\/person\/image\/\",\"url\":\"https:\/\/secure.gravatar.com\/avatar\/c824b04e6df0e37a03219d0b6481672889df542894588964102459e46513159c?s=96&d=mm&r=g\",\"contentUrl\":\"https:\/\/secure.gravatar.com\/avatar\/c824b04e6df0e37a03219d0b6481672889df542894588964102459e46513159c?s=96&d=mm&r=g\",\"caption\":\"We Love Cycling Spain\"},\"url\":\"https:\/\/www.welovecycling.com\/es\/author\/amunoz\/\"}]}<\/script>\n<!-- \/ Yoast SEO Premium plugin. -->","yoast_head_json":{"title":"Los Juegos Ol\u00edmpicos de Par\u00eds proponen una carrera loca - \u0160koda We Love Cycling - Spain","description":"Los Juegos Ol\u00edmpicos de Par\u00eds proponen una carrera loca. Un pelot\u00f3n de solo 90 ciclistas y m\u00faltiples cotas auguran una carrera complicada.","robots":{"index":"index","follow":"follow","max-snippet":"max-snippet:-1","max-image-preview":"max-image-preview:large","max-video-preview":"max-video-preview:-1"},"canonical":"https:\/\/www.welovecycling.com\/es\/2024\/07\/31\/los-juegos-olimpicos-de-paris-proponen-una-carrera-loca\/","og_locale":"es_ES","og_type":"article","og_title":"Los Juegos Ol\u00edmpicos de Par\u00eds proponen una carrera loca","og_description":"Los Juegos Ol\u00edmpicos de Par\u00eds proponen una carrera loca. Un pelot\u00f3n de solo 90 ciclistas y m\u00faltiples cotas auguran una carrera complicada.","og_url":"https:\/\/www.welovecycling.com\/es\/2024\/07\/31\/los-juegos-olimpicos-de-paris-proponen-una-carrera-loca\/","og_site_name":"\u0160koda We Love Cycling - Spain","article_published_time":"2024-07-31T21:00:52+00:00","article_modified_time":"2024-08-01T10:06:08+00:00","og_image":[{"width":2480,"height":1847,"url":"https:\/\/d2p6e6u75xmxt8.cloudfront.net\/6\/2024\/07\/JJOO.webp","type":"image\/webp"}],"author":"We Love Cycling Spain","twitter_card":"summary_large_image","twitter_description":"Los Juegos Ol\u00edmpicos de Par\u00eds proponen una carrera loca. Un pelot\u00f3n de solo 90 ciclistas y m\u00faltiples cotas auguran una carrera complicada.","twitter_misc":{"Written by":"Luis Ortega @Ciclored","Est. reading time":"5 minutes"},"schema":{"@context":"https:\/\/schema.org","@graph":[{"@type":"WebPage","@id":"https:\/\/www.welovecycling.com\/es\/2024\/07\/31\/los-juegos-olimpicos-de-paris-proponen-una-carrera-loca\/","url":"https:\/\/www.welovecycling.com\/es\/2024\/07\/31\/los-juegos-olimpicos-de-paris-proponen-una-carrera-loca\/","name":"Los Juegos Ol\u00edmpicos de Par\u00eds proponen una carrera loca - \u0160koda We Love Cycling - Spain","isPartOf":{"@id":"https:\/\/www.welovecycling.com\/es\/#website"},"primaryImageOfPage":{"@id":"https:\/\/www.welovecycling.com\/es\/2024\/07\/31\/los-juegos-olimpicos-de-paris-proponen-una-carrera-loca\/#primaryimage"},"image":{"@id":"https:\/\/www.welovecycling.com\/es\/2024\/07\/31\/los-juegos-olimpicos-de-paris-proponen-una-carrera-loca\/#primaryimage"},"thumbnailUrl":"https:\/\/d2p6e6u75xmxt8.cloudfront.net\/6\/2024\/07\/JJOO.webp","datePublished":"2024-07-31T21:00:52+00:00","dateModified":"2024-08-01T10:06:08+00:00","author":{"@id":"https:\/\/www.welovecycling.com\/es\/#\/schema\/person\/deb61715b5812698ee79fb96f343ccd4"},"description":"Los Juegos Ol\u00edmpicos de Par\u00eds proponen una carrera loca. Un pelot\u00f3n de solo 90 ciclistas y m\u00faltiples cotas auguran una carrera complicada.","breadcrumb":{"@id":"https:\/\/www.welovecycling.com\/es\/2024\/07\/31\/los-juegos-olimpicos-de-paris-proponen-una-carrera-loca\/#breadcrumb"},"inLanguage":"es-ES","potentialAction":[{"@type":"ReadAction","target":["https:\/\/www.welovecycling.com\/es\/2024\/07\/31\/los-juegos-olimpicos-de-paris-proponen-una-carrera-loca\/"]}]},{"@type":"ImageObject","inLanguage":"es-ES","@id":"https:\/\/www.welovecycling.com\/es\/2024\/07\/31\/los-juegos-olimpicos-de-paris-proponen-una-carrera-loca\/#primaryimage","url":"https:\/\/d2p6e6u75xmxt8.cloudfront.net\/6\/2024\/07\/JJOO.webp","contentUrl":"https:\/\/d2p6e6u75xmxt8.cloudfront.net\/6\/2024\/07\/JJOO.webp","width":2480,"height":1847},{"@type":"BreadcrumbList","@id":"https:\/\/www.welovecycling.com\/es\/2024\/07\/31\/los-juegos-olimpicos-de-paris-proponen-una-carrera-loca\/#breadcrumb","itemListElement":[{"@type":"ListItem","position":1,"name":"Home","item":"https:\/\/www.welovecycling.com\/es\/"},{"@type":"ListItem","position":2,"name":"Los Juegos Ol\u00edmpicos de Par\u00eds proponen una carrera loca"}]},{"@type":"WebSite","@id":"https:\/\/www.welovecycling.com\/es\/#website","url":"https:\/\/www.welovecycling.com\/es\/","name":"\u0160koda We Love Cycling - Spain","description":"\u0160koda WeLoveCycling Spain","potentialAction":[{"@type":"SearchAction","target":{"@type":"EntryPoint","urlTemplate":"https:\/\/www.welovecycling.com\/es\/?s={search_term_string}"},"query-input":{"@type":"PropertyValueSpecification","valueRequired":true,"valueName":"search_term_string"}}],"inLanguage":"es-ES"},{"@type":"Person","@id":"https:\/\/www.welovecycling.com\/es\/#\/schema\/person\/deb61715b5812698ee79fb96f343ccd4","name":"We Love Cycling Spain","image":{"@type":"ImageObject","inLanguage":"es-ES","@id":"https:\/\/www.welovecycling.com\/es\/#\/schema\/person\/image\/","url":"https:\/\/secure.gravatar.com\/avatar\/c824b04e6df0e37a03219d0b6481672889df542894588964102459e46513159c?s=96&d=mm&r=g","contentUrl":"https:\/\/secure.gravatar.com\/avatar\/c824b04e6df0e37a03219d0b6481672889df542894588964102459e46513159c?s=96&d=mm&r=g","caption":"We Love Cycling Spain"},"url":"https:\/\/www.welovecycling.com\/es\/author\/amunoz\/"}]}},"_links":{"self":[{"href":"https:\/\/www.welovecycling.com\/es\/wp-json\/wp\/v2\/posts\/11067","targetHints":{"allow":["GET"]}}],"collection":[{"href":"https:\/\/www.welovecycling.com\/es\/wp-json\/wp\/v2\/posts"}],"about":[{"href":"https:\/\/www.welovecycling.com\/es\/wp-json\/wp\/v2\/types\/post"}],"author":[{"embeddable":true,"href":"https:\/\/www.welovecycling.com\/es\/wp-json\/wp\/v2\/users\/29"}],"replies":[{"embeddable":true,"href":"https:\/\/www.welovecycling.com\/es\/wp-json\/wp\/v2\/comments?post=11067"}],"version-history":[{"count":5,"href":"https:\/\/www.welovecycling.com\/es\/wp-json\/wp\/v2\/posts\/11067\/revisions"}],"predecessor-version":[{"id":11073,"href":"https:\/\/www.welovecycling.com\/es\/wp-json\/wp\/v2\/posts\/11067\/revisions\/11073"}],"wp:featuredmedia":[{"embeddable":true,"href":"https:\/\/www.welovecycling.com\/es\/wp-json\/wp\/v2\/media\/11068"}],"wp:attachment":[{"href":"https:\/\/www.welovecycling.com\/es\/wp-json\/wp\/v2\/media?parent=11067"}],"wp:term":[{"taxonomy":"category","embeddable":true,"href":"https:\/\/www.welovecycling.com\/es\/wp-json\/wp\/v2\/categories?post=11067"},{"taxonomy":"post_tag","embeddable":true,"href":"https:\/\/www.welovecycling.com\/es\/wp-json\/wp\/v2\/tags?post=11067"},{"taxonomy":"global-categories","embeddable":true,"href":"https:\/\/www.welovecycling.com\/es\/wp-json\/wp\/v2\/global-categories?post=11067"}],"curies":[{"name":"wp","href":"https:\/\/api.w.org\/{rel}","templated":true}]}}