{"id":11059,"date":"2024-07-21T19:34:23","date_gmt":"2024-07-21T17:34:23","guid":{"rendered":"https:\/\/www.welovecycling.com\/es\/?p=11059"},"modified":"2024-07-21T19:34:23","modified_gmt":"2024-07-21T17:34:23","slug":"pogacar-un-tour-sin-macula-y-un-giro-strade-lieja","status":"publish","type":"post","link":"https:\/\/www.welovecycling.com\/es\/2024\/07\/21\/pogacar-un-tour-sin-macula-y-un-giro-strade-lieja\/","title":{"rendered":"Pogacar, un Tour sin m\u00e1cula (y un Giro, Strade, Lieja&#8230;)"},"content":{"rendered":"<p style=\"font-weight: 400;\"><b>Marco Pantani fue el \u00faltimo en ganar Giro y Tour en la misma temporada. Lo consigui\u00f3 en 1998, pero en el Giro sufri\u00f3 para derrotar a Pavel Tonkov y el Tour fue aquel del esc\u00e1ndalo Festina y de la exhibici\u00f3n del italiano en Galibier cuando parec\u00eda que Ullrich se lo iba a llevar de calle. Pogacar no ha &#8216;sufrido&#8217; en ninguna de las dos carreras. Siempre gan\u00f3. Todos los d\u00edas. Sin problemas. Como hac\u00eda Indurain en el 92 y el 93, aunque el navarro no ganaba antes Strade, Lieja, Volta a Catalu\u00f1a y acababa cuarto en SanRemo (lo \u00fanico que no ha vencido hasta ahora en 2024). As\u00ed que la leyenda del esloveno va m\u00e1s atr\u00e1s en el tiempo, en las proezas de Eddy Merckx y Bernard Hinault.\u00a0<\/b><\/p>\n<p><!--more--><\/p>\n<p style=\"font-weight: 400;\">El dominio de Tadej Pogacar en este Tour de Francia no tiene precedentes en los \u00faltimos a\u00f1os. Solo en la era de Lance Armstrong o aquella edici\u00f3n que se llev\u00f3 Nibali despu\u00e9s de las ca\u00eddas de Froome y Contador. <strong>El esloveno solo ha cedido un pu\u00f1ado de segundos en la crono frente a Remco Evenepoel.<\/strong> El resto de los d\u00edas con monta\u00f1a ha sacado tiempo (mucho) a sus rivales o ha llegado junto a ellos. Incluso en la etapa del sterrato de <strong>Troyes<\/strong> solt\u00f3 varias veces a Evenepoel y Vingegaard y sus compa\u00f1eros de equipo tuvieron que cerrar el hueco.<\/p>\n<p>El \u00fanico que pudo recortar 30 segundos al esloveno fue Vingegaard en la etapa de <a href=\"https:\/\/www.welovecycling.com\/es\/2024\/07\/14\/pogacar-sin-manos-en-plateau-de-beille\/\">Le Lioran<\/a>. Les pongo en situaci\u00f3n. Etapa en el Macizo Central en la segunda semana de Tour. Ataque de Pogacar, uno m\u00e1s, en el dur\u00edsimo Pas de Peyrol. El dan\u00e9s no llega y en la bajada el esloveno le saca 30 segundos. A Vingegaard solo le hicieron falta los <strong>3 kil\u00f3metros al 5,8% del Col Font de Cere<\/strong> para cerrarle el hueco. Despu\u00e9s, en Le Lioran, incluso le gan\u00f3 el sprint despu\u00e9s de que Pogacar fuese a rueda. Parec\u00eda que ciclista de Visma pod\u00eda hacer da\u00f1o al de UAE. Fue solo un espejismo. Un pu\u00f1ado de segundos de bonificaci\u00f3n.<\/p>\n<p>En los Pirineos y en los Alpes el dominio de Pogacar ha sido demoledor. En Pla d Adet fue el primer d\u00eda en el que Vingegaard ni alcanz\u00f3 a seguir la rueda del esloveno en el ataque a falta de cinco para la cima. Casi un minuto de ventaja. El contragolpe del d\u00eda siguiente en <a href=\"https:\/\/www.letour.fr\/es\/etapa-15\">Plateau de Beille,<\/a> con<strong> Jorgenson reventando la carrera y Vingegaard<\/strong> haciendo sus mejores n\u00fameros solo sirvi\u00f3 para mostrar a las claras las diferencias entre ambos. Mientras el dan\u00e9s se dejaba la vida, Pogacar se soltaba de manos para coger un bid\u00f3n. En cuanto afloj\u00f3 el ritmo todo fue coser y cantar para el esloveno.<\/p>\n<p>La subida de <strong>Pogacar en Plateau de Beille<\/strong> fue tan espectacular que rebaj\u00f3 en m\u00e1s de tres minutos el registro de Pantani y eso siempre es un dato, porque el italiano todav\u00eda conserva desde los a\u00f1os 90 los dos mejores tiempos de subida en Alpe d Huez. No solo mejor\u00f3 sus n\u00famero Pogacar, sino tambi\u00e9n Vingegaard, incluso Remco Evenepoel, que acab\u00f3 tercero. As\u00ed se ve mejor en perspectiva la dimensi\u00f3n del triunfo del pupilo de Matxin.<\/p>\n<figure style=\"width: 1000px\" class=\"wp-caption alignnone\"><img loading=\"lazy\" decoding=\"async\" src=\"https:\/\/img.aso.fr\/core_app\/img-cycling-tdf-jpg\/arrivee-002\/59794\/0:0,1200:800-1000-0-70\/ca8f6\" alt=\"Una de las pocas fotos de este Tour con Pogacar con cara de sufrimiento.\" width=\"1000\" height=\"667\" \/><figcaption class=\"wp-caption-text\"><em>Una de las pocas fotos de este Tour con Pogacar con cara de sufrimiento.<\/em><\/figcaption><\/figure>\n<p>&nbsp;<\/p>\n<p><strong>Alpes&#8230; de Pogacar<\/strong><\/p>\n<p>Con m\u00e1s de tres minutos de ventaja sobre Vingegaard y cinco sobre Remco Evenepoel en otros tiempos de ciclismo el l\u00edder se habr\u00eda dedicado a contemporizar en la \u00faltima semana de Tour. <strong>Pogacar no es as\u00ed. Arranc\u00f3 en el duro Col de Noyer<\/strong> en la etapa de Pre Alpes para ver c\u00f3mo andaban sus rivales. Los solt\u00f3. Ninguno de los dos quiso salir a su latigazo. Ambos, Remco y Vingegaard, tuvieron que echar mano de sus gregarios para acabar cerrando el hueco a un Pogacar que ya sab\u00eda que le iban a dejar por imposible.<\/p>\n<p>As\u00ed sucedi\u00f3 en etapa reina. <strong>Vars, La Bonette e Isola 2000.<\/strong> Tres puertos por encima de los 2.000 metros. M\u00e1s de 4.700 de desnivel acumulado. Un d\u00eda &#8216;ideal&#8217; para el mejor Vingegaard. Como en Granon 2022 o La Loze 2023. El Visma metiendo a sus dos mejores gregarios en la escapada, Jorgenson y Kelderman. La t\u00e1ctica parec\u00eda clara&#8230; pero no era as\u00ed. En cuanto el UAE puso ritmo de caza en la parte baja de Isola 2000 y Pogacar arranc\u00f3 a 10 de meta nadie le sigui\u00f3. No pod\u00edan. Acercarse a \u00e9l supon\u00eda explotar. As\u00ed que Vingegaard y Remco se dedicaron a pelear entre ellos por las dos posiciones del podio<strong>. La idea del Visma era intentar la victoria de etapa<\/strong>. Ni a eso llegaron. Pogacar pas\u00f3 tambi\u00e9n a Jorgenson a falta de 2 kil\u00f3metros para la cima. En meta, diferencias de otros tiempos. Remco y Jonas a casi dos minutos. Quinta victoria del esloveno. En la general m\u00e1s de cinco minutos con el dan\u00e9s y siete con el belga.<\/p>\n<figure style=\"width: 1000px\" class=\"wp-caption alignnone\"><img loading=\"lazy\" decoding=\"async\" src=\"https:\/\/img.aso.fr\/core_app\/img-cycling-tdf-jpg\/arrivee-2\/60594\/0:0,1200:800-1000-0-70\/221e6\" alt=\"\" width=\"1000\" height=\"667\" \/><figcaption class=\"wp-caption-text\">Vingegaard y Evenepoel pelearon por ser segundo<\/figcaption><\/figure>\n<p>Despu\u00e9s de dejar el Tour sentenciado Pogacar reconoci\u00f3 en rueda de prensa que la \u00faltima etapa en l\u00ednea por los Alpes Mar\u00edtimos quer\u00eda dej\u00e1rsela a los escapados. No iba a poner a su UAE a trabajar. Y no lo hizo. Delante se metieron Carapaz y Enric Mas, dos de los mejores escaladores del pelot\u00f3n. Pero esta vez fue el Soudal de Evenepoel el que quer\u00eda romper la carrera para atacar el segundo puesto de Vingegaard. <strong>Mikel Landa rompi\u00f3 el grupo de favoritos.<\/strong> Remco atac\u00f3 y pronto se dio cuenta de que no era su d\u00eda. Contraatac\u00f3 Vingegaard y Pogacar, con sensaci\u00f3n de ir sobrado, dej\u00f3 hacer. El dan\u00e9s absorbi\u00f3 a Mas y Carapaz y el esloveno solo tuvo que rematar en meta. Casi sin esfuerzo, su quinta victoria en el Tour, segunda seguida en Alpes. Todas, en la alta monta\u00f1a.<\/p>\n<p><strong>Y en la crono lleg\u00f3 la sexta. Tercera seguida.<\/strong> Pocos ciclistas han conseguido algo as\u00ed. <strong>Merckx, Hinault&#8230; triunfos de leyenda<\/strong>. Adem\u00e1s en una contrarreloj t\u00e9cnica y peligrosa. Porque para un corredor que tiene ganado el Tour subir a todo trapo La Turbie o el Col de Eze no es un problema. Pero bajar a 90 por hora por las curvas del Col de Eze cuando tu rival est\u00e1 a m\u00e1s de seis minutos en la general es un riesgo. Al final fue una exhibici\u00f3n total. Otro d\u00eda m\u00e1s metiendo tiempo\u00a0 a tus m\u00e1ximos rivales. M\u00e1s de un minuto a Vingegaard y otro tanto a un especialista como Evenepoel. Dominio absoluto.<\/p>\n<p>Ahora se abre el debate de<strong> si Pogacar debe intentar ganar La Vuelta 2024 y ser el primer corredor que consigue las tres grandes en la misma temporada.<\/strong> Nunca antes hab\u00eda tenido esa opci\u00f3n, porque cuando los Hinault, Merckx o Indurain, hac\u00edan doblete en Giro y Tour, la Vuelta ya se hab\u00eda disputado en el mes de abril. Solo Pantani tuvo esa opci\u00f3n en el a\u00f1o 98, pera ya estaba demasiado &#8216;quemado&#8217;. El esloveno puede hacer m\u00e1s historia, aunque por medio est\u00e1n los JJ OO de Par\u00eds a principios de agosto y el duro Mundial de Suiza, en el que Pogacar tiene puesta la mirada desde inicios de temporada.<\/p>\n<p><img loading=\"lazy\" decoding=\"async\" class=\"alignnone size-extra-large\" src=\"https:\/\/img.aso.fr\/core_app\/img-cycling-tdf-jpg\/clm-048\/61035\/0:0,1200:800-1000-0-70\/eb639\" width=\"1000\" height=\"667\" \/><\/p>\n<p>&nbsp;<\/p>\n","protected":false},"excerpt":{"rendered":"<p>Marco Pantani fue el \u00faltimo en ganar Giro y Tour en la misma temporada. Lo consigui\u00f3 en 1998, pero en [&hellip;]<\/p>\n","protected":false},"author":29,"featured_media":11060,"comment_status":"open","ping_status":"open","sticky":false,"template":"","format":"standard","meta":{"footnotes":""},"categories":[7],"tags":[2293,2305],"global-categories":[1164],"class_list":["post-11059","post","type-post","status-publish","format-standard","has-post-thumbnail","hentry","category-carretera","tag-tadej-pogacar","tag-tour-2024","global-categories-cycling"],"yoast_head":"<!-- This site is optimized with the Yoast SEO Premium plugin v25.3 (Yoast SEO v25.9) - https:\/\/yoast.com\/wordpress\/plugins\/seo\/ -->\n<title>Pogacar, un Tour sin m\u00e1cula (y un Giro, Strade, Lieja...) - \u0160koda We Love Cycling - Spain<\/title>\n<meta name=\"description\" content=\"Pogacar, un Tour sin m\u00e1cula (y un Giro, Strade, Lieja...) La temporada 2024 para el esloveno est\u00e1 siendo una de las mejores de la historia.\" \/>\n<meta name=\"robots\" content=\"index, follow, max-snippet:-1, max-image-preview:large, max-video-preview:-1\" \/>\n<link rel=\"canonical\" href=\"https:\/\/www.welovecycling.com\/es\/2024\/07\/21\/pogacar-un-tour-sin-macula-y-un-giro-strade-lieja\/\" \/>\n<meta property=\"og:locale\" content=\"es_ES\" \/>\n<meta property=\"og:type\" content=\"article\" \/>\n<meta property=\"og:title\" content=\"Pogacar, un Tour sin m\u00e1cula (y un Giro, Strade, Lieja...)\" \/>\n<meta property=\"og:description\" content=\"Pogacar, un Tour sin m\u00e1cula (y un Giro, Strade, Lieja...) La temporada 2024 para el esloveno est\u00e1 siendo una de las mejores de la historia.\" \/>\n<meta property=\"og:url\" content=\"https:\/\/www.welovecycling.com\/es\/2024\/07\/21\/pogacar-un-tour-sin-macula-y-un-giro-strade-lieja\/\" \/>\n<meta property=\"og:site_name\" content=\"\u0160koda We Love Cycling - Spain\" \/>\n<meta property=\"article:published_time\" content=\"2024-07-21T17:34:23+00:00\" \/>\n<meta property=\"og:image\" content=\"https:\/\/d2p6e6u75xmxt8.cloudfront.net\/6\/2024\/07\/poggi.webp\" \/>\n\t<meta property=\"og:image:width\" content=\"1000\" \/>\n\t<meta property=\"og:image:height\" content=\"666\" \/>\n\t<meta property=\"og:image:type\" content=\"image\/webp\" \/>\n<meta name=\"author\" content=\"We Love Cycling Spain\" \/>\n<meta name=\"twitter:card\" content=\"summary_large_image\" \/>\n<meta name=\"twitter:description\" content=\"Pogacar, un Tour sin m\u00e1cula (y un Giro, Strade, Lieja...) La temporada 2024 para el esloveno est\u00e1 siendo una de las mejores de la historia.\" \/>\n<meta name=\"twitter:label1\" content=\"Written by\" \/>\n\t<meta name=\"twitter:data1\" content=\"Luis Ortega @ciclored\" \/>\n\t<meta name=\"twitter:label2\" content=\"Est. reading time\" \/>\n\t<meta name=\"twitter:data2\" content=\"6 minutes\" \/>\n<script type=\"application\/ld+json\" class=\"yoast-schema-graph\">{\"@context\":\"https:\/\/schema.org\",\"@graph\":[{\"@type\":\"WebPage\",\"@id\":\"https:\/\/www.welovecycling.com\/es\/2024\/07\/21\/pogacar-un-tour-sin-macula-y-un-giro-strade-lieja\/\",\"url\":\"https:\/\/www.welovecycling.com\/es\/2024\/07\/21\/pogacar-un-tour-sin-macula-y-un-giro-strade-lieja\/\",\"name\":\"Pogacar, un Tour sin m\u00e1cula (y un Giro, Strade, Lieja...) - \u0160koda We Love Cycling - Spain\",\"isPartOf\":{\"@id\":\"https:\/\/www.welovecycling.com\/es\/#website\"},\"primaryImageOfPage\":{\"@id\":\"https:\/\/www.welovecycling.com\/es\/2024\/07\/21\/pogacar-un-tour-sin-macula-y-un-giro-strade-lieja\/#primaryimage\"},\"image\":{\"@id\":\"https:\/\/www.welovecycling.com\/es\/2024\/07\/21\/pogacar-un-tour-sin-macula-y-un-giro-strade-lieja\/#primaryimage\"},\"thumbnailUrl\":\"https:\/\/d2p6e6u75xmxt8.cloudfront.net\/6\/2024\/07\/poggi.webp\",\"datePublished\":\"2024-07-21T17:34:23+00:00\",\"author\":{\"@id\":\"https:\/\/www.welovecycling.com\/es\/#\/schema\/person\/deb61715b5812698ee79fb96f343ccd4\"},\"description\":\"Pogacar, un Tour sin m\u00e1cula (y un Giro, Strade, Lieja...) La temporada 2024 para el esloveno est\u00e1 siendo una de las mejores de la historia.\",\"breadcrumb\":{\"@id\":\"https:\/\/www.welovecycling.com\/es\/2024\/07\/21\/pogacar-un-tour-sin-macula-y-un-giro-strade-lieja\/#breadcrumb\"},\"inLanguage\":\"es-ES\",\"potentialAction\":[{\"@type\":\"ReadAction\",\"target\":[\"https:\/\/www.welovecycling.com\/es\/2024\/07\/21\/pogacar-un-tour-sin-macula-y-un-giro-strade-lieja\/\"]}]},{\"@type\":\"ImageObject\",\"inLanguage\":\"es-ES\",\"@id\":\"https:\/\/www.welovecycling.com\/es\/2024\/07\/21\/pogacar-un-tour-sin-macula-y-un-giro-strade-lieja\/#primaryimage\",\"url\":\"https:\/\/d2p6e6u75xmxt8.cloudfront.net\/6\/2024\/07\/poggi.webp\",\"contentUrl\":\"https:\/\/d2p6e6u75xmxt8.cloudfront.net\/6\/2024\/07\/poggi.webp\",\"width\":1000,\"height\":666},{\"@type\":\"BreadcrumbList\",\"@id\":\"https:\/\/www.welovecycling.com\/es\/2024\/07\/21\/pogacar-un-tour-sin-macula-y-un-giro-strade-lieja\/#breadcrumb\",\"itemListElement\":[{\"@type\":\"ListItem\",\"position\":1,\"name\":\"Home\",\"item\":\"https:\/\/www.welovecycling.com\/es\/\"},{\"@type\":\"ListItem\",\"position\":2,\"name\":\"Pogacar, un Tour sin m\u00e1cula (y un Giro, Strade, Lieja&#8230;)\"}]},{\"@type\":\"WebSite\",\"@id\":\"https:\/\/www.welovecycling.com\/es\/#website\",\"url\":\"https:\/\/www.welovecycling.com\/es\/\",\"name\":\"\u0160koda We Love Cycling - Spain\",\"description\":\"\u0160koda WeLoveCycling Spain\",\"potentialAction\":[{\"@type\":\"SearchAction\",\"target\":{\"@type\":\"EntryPoint\",\"urlTemplate\":\"https:\/\/www.welovecycling.com\/es\/?s={search_term_string}\"},\"query-input\":{\"@type\":\"PropertyValueSpecification\",\"valueRequired\":true,\"valueName\":\"search_term_string\"}}],\"inLanguage\":\"es-ES\"},{\"@type\":\"Person\",\"@id\":\"https:\/\/www.welovecycling.com\/es\/#\/schema\/person\/deb61715b5812698ee79fb96f343ccd4\",\"name\":\"We Love Cycling Spain\",\"image\":{\"@type\":\"ImageObject\",\"inLanguage\":\"es-ES\",\"@id\":\"https:\/\/www.welovecycling.com\/es\/#\/schema\/person\/image\/\",\"url\":\"https:\/\/secure.gravatar.com\/avatar\/c824b04e6df0e37a03219d0b6481672889df542894588964102459e46513159c?s=96&d=mm&r=g\",\"contentUrl\":\"https:\/\/secure.gravatar.com\/avatar\/c824b04e6df0e37a03219d0b6481672889df542894588964102459e46513159c?s=96&d=mm&r=g\",\"caption\":\"We Love Cycling Spain\"},\"url\":\"https:\/\/www.welovecycling.com\/es\/author\/amunoz\/\"}]}<\/script>\n<!-- \/ Yoast SEO Premium plugin. -->","yoast_head_json":{"title":"Pogacar, un Tour sin m\u00e1cula (y un Giro, Strade, Lieja...) - \u0160koda We Love Cycling - Spain","description":"Pogacar, un Tour sin m\u00e1cula (y un Giro, Strade, Lieja...) La temporada 2024 para el esloveno est\u00e1 siendo una de las mejores de la historia.","robots":{"index":"index","follow":"follow","max-snippet":"max-snippet:-1","max-image-preview":"max-image-preview:large","max-video-preview":"max-video-preview:-1"},"canonical":"https:\/\/www.welovecycling.com\/es\/2024\/07\/21\/pogacar-un-tour-sin-macula-y-un-giro-strade-lieja\/","og_locale":"es_ES","og_type":"article","og_title":"Pogacar, un Tour sin m\u00e1cula (y un Giro, Strade, Lieja...)","og_description":"Pogacar, un Tour sin m\u00e1cula (y un Giro, Strade, Lieja...) La temporada 2024 para el esloveno est\u00e1 siendo una de las mejores de la historia.","og_url":"https:\/\/www.welovecycling.com\/es\/2024\/07\/21\/pogacar-un-tour-sin-macula-y-un-giro-strade-lieja\/","og_site_name":"\u0160koda We Love Cycling - Spain","article_published_time":"2024-07-21T17:34:23+00:00","og_image":[{"width":1000,"height":666,"url":"https:\/\/d2p6e6u75xmxt8.cloudfront.net\/6\/2024\/07\/poggi.webp","type":"image\/webp"}],"author":"We Love Cycling Spain","twitter_card":"summary_large_image","twitter_description":"Pogacar, un Tour sin m\u00e1cula (y un Giro, Strade, Lieja...) La temporada 2024 para el esloveno est\u00e1 siendo una de las mejores de la historia.","twitter_misc":{"Written by":"Luis Ortega @ciclored","Est. reading time":"6 minutes"},"schema":{"@context":"https:\/\/schema.org","@graph":[{"@type":"WebPage","@id":"https:\/\/www.welovecycling.com\/es\/2024\/07\/21\/pogacar-un-tour-sin-macula-y-un-giro-strade-lieja\/","url":"https:\/\/www.welovecycling.com\/es\/2024\/07\/21\/pogacar-un-tour-sin-macula-y-un-giro-strade-lieja\/","name":"Pogacar, un Tour sin m\u00e1cula (y un Giro, Strade, Lieja...) - \u0160koda We Love Cycling - Spain","isPartOf":{"@id":"https:\/\/www.welovecycling.com\/es\/#website"},"primaryImageOfPage":{"@id":"https:\/\/www.welovecycling.com\/es\/2024\/07\/21\/pogacar-un-tour-sin-macula-y-un-giro-strade-lieja\/#primaryimage"},"image":{"@id":"https:\/\/www.welovecycling.com\/es\/2024\/07\/21\/pogacar-un-tour-sin-macula-y-un-giro-strade-lieja\/#primaryimage"},"thumbnailUrl":"https:\/\/d2p6e6u75xmxt8.cloudfront.net\/6\/2024\/07\/poggi.webp","datePublished":"2024-07-21T17:34:23+00:00","author":{"@id":"https:\/\/www.welovecycling.com\/es\/#\/schema\/person\/deb61715b5812698ee79fb96f343ccd4"},"description":"Pogacar, un Tour sin m\u00e1cula (y un Giro, Strade, Lieja...) La temporada 2024 para el esloveno est\u00e1 siendo una de las mejores de la historia.","breadcrumb":{"@id":"https:\/\/www.welovecycling.com\/es\/2024\/07\/21\/pogacar-un-tour-sin-macula-y-un-giro-strade-lieja\/#breadcrumb"},"inLanguage":"es-ES","potentialAction":[{"@type":"ReadAction","target":["https:\/\/www.welovecycling.com\/es\/2024\/07\/21\/pogacar-un-tour-sin-macula-y-un-giro-strade-lieja\/"]}]},{"@type":"ImageObject","inLanguage":"es-ES","@id":"https:\/\/www.welovecycling.com\/es\/2024\/07\/21\/pogacar-un-tour-sin-macula-y-un-giro-strade-lieja\/#primaryimage","url":"https:\/\/d2p6e6u75xmxt8.cloudfront.net\/6\/2024\/07\/poggi.webp","contentUrl":"https:\/\/d2p6e6u75xmxt8.cloudfront.net\/6\/2024\/07\/poggi.webp","width":1000,"height":666},{"@type":"BreadcrumbList","@id":"https:\/\/www.welovecycling.com\/es\/2024\/07\/21\/pogacar-un-tour-sin-macula-y-un-giro-strade-lieja\/#breadcrumb","itemListElement":[{"@type":"ListItem","position":1,"name":"Home","item":"https:\/\/www.welovecycling.com\/es\/"},{"@type":"ListItem","position":2,"name":"Pogacar, un Tour sin m\u00e1cula (y un Giro, Strade, Lieja&#8230;)"}]},{"@type":"WebSite","@id":"https:\/\/www.welovecycling.com\/es\/#website","url":"https:\/\/www.welovecycling.com\/es\/","name":"\u0160koda We Love Cycling - Spain","description":"\u0160koda WeLoveCycling Spain","potentialAction":[{"@type":"SearchAction","target":{"@type":"EntryPoint","urlTemplate":"https:\/\/www.welovecycling.com\/es\/?s={search_term_string}"},"query-input":{"@type":"PropertyValueSpecification","valueRequired":true,"valueName":"search_term_string"}}],"inLanguage":"es-ES"},{"@type":"Person","@id":"https:\/\/www.welovecycling.com\/es\/#\/schema\/person\/deb61715b5812698ee79fb96f343ccd4","name":"We Love Cycling Spain","image":{"@type":"ImageObject","inLanguage":"es-ES","@id":"https:\/\/www.welovecycling.com\/es\/#\/schema\/person\/image\/","url":"https:\/\/secure.gravatar.com\/avatar\/c824b04e6df0e37a03219d0b6481672889df542894588964102459e46513159c?s=96&d=mm&r=g","contentUrl":"https:\/\/secure.gravatar.com\/avatar\/c824b04e6df0e37a03219d0b6481672889df542894588964102459e46513159c?s=96&d=mm&r=g","caption":"We Love Cycling Spain"},"url":"https:\/\/www.welovecycling.com\/es\/author\/amunoz\/"}]}},"_links":{"self":[{"href":"https:\/\/www.welovecycling.com\/es\/wp-json\/wp\/v2\/posts\/11059","targetHints":{"allow":["GET"]}}],"collection":[{"href":"https:\/\/www.welovecycling.com\/es\/wp-json\/wp\/v2\/posts"}],"about":[{"href":"https:\/\/www.welovecycling.com\/es\/wp-json\/wp\/v2\/types\/post"}],"author":[{"embeddable":true,"href":"https:\/\/www.welovecycling.com\/es\/wp-json\/wp\/v2\/users\/29"}],"replies":[{"embeddable":true,"href":"https:\/\/www.welovecycling.com\/es\/wp-json\/wp\/v2\/comments?post=11059"}],"version-history":[{"count":3,"href":"https:\/\/www.welovecycling.com\/es\/wp-json\/wp\/v2\/posts\/11059\/revisions"}],"predecessor-version":[{"id":11064,"href":"https:\/\/www.welovecycling.com\/es\/wp-json\/wp\/v2\/posts\/11059\/revisions\/11064"}],"wp:featuredmedia":[{"embeddable":true,"href":"https:\/\/www.welovecycling.com\/es\/wp-json\/wp\/v2\/media\/11060"}],"wp:attachment":[{"href":"https:\/\/www.welovecycling.com\/es\/wp-json\/wp\/v2\/media?parent=11059"}],"wp:term":[{"taxonomy":"category","embeddable":true,"href":"https:\/\/www.welovecycling.com\/es\/wp-json\/wp\/v2\/categories?post=11059"},{"taxonomy":"post_tag","embeddable":true,"href":"https:\/\/www.welovecycling.com\/es\/wp-json\/wp\/v2\/tags?post=11059"},{"taxonomy":"global-categories","embeddable":true,"href":"https:\/\/www.welovecycling.com\/es\/wp-json\/wp\/v2\/global-categories?post=11059"}],"curies":[{"name":"wp","href":"https:\/\/api.w.org\/{rel}","templated":true}]}}