{"id":11050,"date":"2024-07-20T18:20:42","date_gmt":"2024-07-20T16:20:42","guid":{"rendered":"https:\/\/www.welovecycling.com\/es\/?p=11050"},"modified":"2024-07-19T18:29:50","modified_gmt":"2024-07-19T16:29:50","slug":"martin-jahn","status":"publish","type":"post","link":"https:\/\/www.welovecycling.com\/es\/2024\/07\/20\/martin-jahn\/","title":{"rendered":"Martin Jahn de \u0160koda Auto y su historia en el Tour"},"content":{"rendered":"<div>\n<p><strong>La magia del Tour de Francia, entre otras cosas, reside en reunir a personas de todos los \u00e1mbitos de la vida. Dado que \u0160koda es uno de los principales socios del Tour desde 2004 y del Tour de France Femmes avec Zwift desde 2022, no hay que ir muy lejos para encontrar un entusiasta del ciclismo y un aficionado al Tour dentro de la empresa. Martin Jahn, miembro del Consejo de Ventas y Marketing de \u0160koda Auto, comparti\u00f3 con nosotros un peque\u00f1o trozo de su vida ciclista, qu\u00e9 es lo que m\u00e1s admira de los ciclistas que participan en el Tour o su opini\u00f3n sobre los desplazamientos diarios en bicicleta. Sigue leyendo.<\/strong><\/p>\n<\/div>\n<p><!--more--><\/p>\n<div>\n<p><b><span lang=\"EN-GB\">\u00bfRecuerdas tu primer d\u00eda en bici?<\/span><\/b><\/p>\n<\/div>\n<div>\n<p>Recuerdo algunas cosas. Ten\u00eda cuatro o cinco a\u00f1os y montaba en bicicleta con patines; era una nueva sensaci\u00f3n de valent\u00eda e independencia. Lo que recuerdo mucho mejor, de hecho, son los momentos en que mis hijos empezaron a montar en bici. Son momentos de orgullo inolvidables.<\/p>\n<\/div>\n<div>\n<p><b><span lang=\"EN-GB\">\u00bfCuando empezaste a o\u00edr hablar del Tour de Francia?<\/span><\/b><\/p>\n<\/div>\n<div>\n<p>O\u00ed hablar de \u00e9l en mi infancia, y se hizo a\u00fan m\u00e1s fascinante en los a\u00f1os 90 con leyendas como Indur\u00e1in, Ullrich y Pantani.<\/p>\n<\/div>\n<div>\n<p><b><span lang=\"EN-GB\">\u00bfQu\u00e9 es lo que m\u00e1s te gusta del Tour?<\/span><\/b><\/p>\n<\/div>\n<div>\n<p><span lang=\"EN-GB\">Siempre me asombra lo que son capaces de hacer los mejores ciclistas: rodar bajo la lluvia, con calor, subiendo cuestas y estar listos para los 200 km del d\u00eda siguiente. Incluso si tienen un accidente, la mayor\u00eda de las veces contin\u00faan a pesar de las lesiones. Son como Iron Man. Luego est\u00e1n las bellas escenas de Francia, combinadas con nuestro <a href=\"https:\/\/www.welovecycling.com\/wide\/2020\/09\/08\/the-story-of-the-skoda-green-jersey-and-the-legend-of-peter-sagan\/\">Maillot Verde \u0160koda<\/a> y los elegantes coches \u0160koda, como el coche rojo del director. Este a\u00f1o, ver\u00e1s el Enyaq o el nuevo Superb. Tambi\u00e9n aprecio c\u00f3mo ha evolucionado el Tour de Francia con el tiempo, y en los \u00faltimos a\u00f1os, la inclusi\u00f3n del Tour de Francia Femmes avec Zwift fue un movimiento audaz y encomiable.<\/span><\/p>\n<figure id=\"attachment_11052\" aria-describedby=\"caption-attachment-11052\" style=\"width: 990px\" class=\"wp-caption alignnone\"><a href=\"https:\/\/d2p6e6u75xmxt8.cloudfront.net\/6\/2024\/07\/Martin-Jahn-Tour-de-France-1.webp\"><img loading=\"lazy\" decoding=\"async\" class=\"size-full wp-image-11052\" src=\"https:\/\/d2p6e6u75xmxt8.cloudfront.net\/6\/2024\/07\/Martin-Jahn-Tour-de-France-1.webp\" alt=\"Martin Jahn\" width=\"990\" height=\"660\" srcset=\"https:\/\/d2p6e6u75xmxt8.cloudfront.net\/6\/2024\/07\/Martin-Jahn-Tour-de-France-1.webp 990w, https:\/\/d2p6e6u75xmxt8.cloudfront.net\/6\/2024\/07\/Martin-Jahn-Tour-de-France-1-300x200.webp 300w, https:\/\/d2p6e6u75xmxt8.cloudfront.net\/6\/2024\/07\/Martin-Jahn-Tour-de-France-1-768x512.webp 768w, https:\/\/d2p6e6u75xmxt8.cloudfront.net\/6\/2024\/07\/Martin-Jahn-Tour-de-France-1-400x267.webp 400w, https:\/\/d2p6e6u75xmxt8.cloudfront.net\/6\/2024\/07\/Martin-Jahn-Tour-de-France-1-272x182.webp 272w\" sizes=\"auto, (max-width: 990px) 100vw, 990px\" \/><\/a><figcaption id=\"caption-attachment-11052\" class=\"wp-caption-text\">La magia del Tour de Francia, entre otras cosas, reside en reunir a gente de todas las clases sociales.<\/figcaption><\/figure>\n<\/div>\n<div>\n<p><b><span lang=\"EN-GB\">\u00bfCon qu\u00e9 frecuencia sales en bici?<\/span><\/b><\/p>\n<\/div>\n<div>\n<p>Menos de lo que me gustar\u00eda, la verdad. Tengo una gran pasi\u00f3n por el ciclismo, pero mis compromisos laborales no me permiten pedalear tanto como quisiera. Dicho esto, aprovecho cada oportunidad que tengo para montar en bi<\/p>\n<\/div>\n<div>\n<p><b><span lang=\"EN-GB\">\u00bfQu\u00e9 es lo que m\u00e1s te gusta del ciclismo?<\/span><\/b><\/p>\n<\/div>\n<div>\n<p>Me gusta pasar tiempo a solas, despejarme y disfrutar de la naturaleza y el aire fresco que me rodea.<\/p>\n<\/div>\n<div>\n<p><b><span lang=\"EN-GB\">\u00bfCu\u00e1l es tu destino ciclista favorito?<\/span><\/b><\/p>\n<\/div>\n<div>\n<p><span lang=\"EN-GB\">Cualquier lugar con paisajes y bosques. Como Austria y la Rep\u00fablica Checa.<\/span><\/p>\n<\/div>\n<div>\n<p><b><span lang=\"EN-GB\">\u00bfNiza or Paris?<\/span><\/b><\/p>\n<\/div>\n<div>\n<p>Niza es una ciudad costera encantadora, pero en relaci\u00f3n con el Tour de Francia tiene que ser Par\u00eds, siempre ha sido el s\u00edmbolo de las finales del Tour.<\/p>\n<\/div>\n<div>\n<p><b><span lang=\"EN-GB\">\u00bfQu\u00e9 opina del ciclismo como medio de transporte urbano?<\/span><\/b><\/p>\n<\/div>\n<div>\n<p>Especialmente en los centros hist\u00f3ricos de las ciudades, el futuro deber\u00eda incluir o bien la bicicleta o bien coches el\u00e9ctricos\/transporte p\u00fablico el\u00e9ctrico. Buenos ejemplos en Europa son ciudades como Londres, Copenhague y \u00c1msterdam, donde mucha gente ya se desplaza al centro de la ciudad en bicicleta.<\/p>\n<\/div>\n<div>\n<p><b><span lang=\"EN-GB\">\u00bfCarretera o MTB?<\/span><\/b><\/p>\n<\/div>\n<div>\n<p>Tengo una bicicleta de monta\u00f1a de nuestra colecci\u00f3n \u0160koda. As\u00ed que, incluso cuando consigo sacar tiempo para montar en bici en mi apretada agenda de trabajo, siento una fuerte conexi\u00f3n con nuestra marca.<\/p>\n<\/div>\n","protected":false},"excerpt":{"rendered":"<p>La magia del Tour de Francia, entre otras cosas, reside en reunir a personas de todos los \u00e1mbitos de la [&hellip;]<\/p>\n","protected":false},"author":29,"featured_media":11056,"comment_status":"open","ping_status":"open","sticky":false,"template":"","format":"standard","meta":{"footnotes":""},"categories":[7],"tags":[1788],"global-categories":[],"class_list":["post-11050","post","type-post","status-publish","format-standard","has-post-thumbnail","hentry","category-carretera","tag-alpes-tour-de-francia"],"yoast_head":"<!-- This site is optimized with the Yoast SEO Premium plugin v25.3 (Yoast SEO v25.9) - https:\/\/yoast.com\/wordpress\/plugins\/seo\/ -->\n<title>Martin Jahn de \u0160koda Auto y su historia en el Tour - \u0160koda We Love Cycling - Spain<\/title>\n<meta name=\"description\" content=\"Martin Jahn de \u0160koda Auto y su historia en el Tour. El jefe de ventas cuenta su experiencia con el ciclismo y el Tour de Francia\" \/>\n<meta name=\"robots\" content=\"index, follow, max-snippet:-1, max-image-preview:large, max-video-preview:-1\" \/>\n<link rel=\"canonical\" href=\"https:\/\/www.welovecycling.com\/es\/2024\/07\/20\/martin-jahn\/\" \/>\n<meta property=\"og:locale\" content=\"es_ES\" \/>\n<meta property=\"og:type\" content=\"article\" \/>\n<meta property=\"og:title\" content=\"Martin Jahn de \u0160koda Auto y su historia en el Tour\" \/>\n<meta property=\"og:description\" content=\"Martin Jahn de \u0160koda Auto y su historia en el Tour. El jefe de ventas cuenta su experiencia con el ciclismo y el Tour de Francia\" \/>\n<meta property=\"og:url\" content=\"https:\/\/www.welovecycling.com\/es\/2024\/07\/20\/martin-jahn\/\" \/>\n<meta property=\"og:site_name\" content=\"\u0160koda We Love Cycling - Spain\" \/>\n<meta property=\"article:published_time\" content=\"2024-07-20T16:20:42+00:00\" \/>\n<meta property=\"og:image\" content=\"https:\/\/d2p6e6u75xmxt8.cloudfront.net\/6\/2024\/07\/Martin-Jahn-CVR.webp\" \/>\n\t<meta property=\"og:image:width\" content=\"990\" \/>\n\t<meta property=\"og:image:height\" content=\"660\" \/>\n\t<meta property=\"og:image:type\" content=\"image\/webp\" \/>\n<meta name=\"author\" content=\"We Love Cycling Spain\" \/>\n<meta name=\"twitter:card\" content=\"summary_large_image\" \/>\n<meta name=\"twitter:label1\" content=\"Written by\" \/>\n\t<meta name=\"twitter:data1\" content=\"Frantiska Blazkova\" \/>\n\t<meta name=\"twitter:label2\" content=\"Est. reading time\" \/>\n\t<meta name=\"twitter:data2\" content=\"3\" \/>\n<script type=\"application\/ld+json\" class=\"yoast-schema-graph\">{\"@context\":\"https:\/\/schema.org\",\"@graph\":[{\"@type\":\"WebPage\",\"@id\":\"https:\/\/www.welovecycling.com\/es\/2024\/07\/20\/martin-jahn\/\",\"url\":\"https:\/\/www.welovecycling.com\/es\/2024\/07\/20\/martin-jahn\/\",\"name\":\"Martin Jahn de \u0160koda Auto y su historia en el Tour - \u0160koda We Love Cycling - Spain\",\"isPartOf\":{\"@id\":\"https:\/\/www.welovecycling.com\/es\/#website\"},\"primaryImageOfPage\":{\"@id\":\"https:\/\/www.welovecycling.com\/es\/2024\/07\/20\/martin-jahn\/#primaryimage\"},\"image\":{\"@id\":\"https:\/\/www.welovecycling.com\/es\/2024\/07\/20\/martin-jahn\/#primaryimage\"},\"thumbnailUrl\":\"https:\/\/d2p6e6u75xmxt8.cloudfront.net\/6\/2024\/07\/Martin-Jahn-CVR.webp\",\"datePublished\":\"2024-07-20T16:20:42+00:00\",\"author\":{\"@id\":\"https:\/\/www.welovecycling.com\/es\/#\/schema\/person\/deb61715b5812698ee79fb96f343ccd4\"},\"description\":\"Martin Jahn de \u0160koda Auto y su historia en el Tour. El jefe de ventas cuenta su experiencia con el ciclismo y el Tour de Francia\",\"breadcrumb\":{\"@id\":\"https:\/\/www.welovecycling.com\/es\/2024\/07\/20\/martin-jahn\/#breadcrumb\"},\"inLanguage\":\"es-ES\",\"potentialAction\":[{\"@type\":\"ReadAction\",\"target\":[\"https:\/\/www.welovecycling.com\/es\/2024\/07\/20\/martin-jahn\/\"]}]},{\"@type\":\"ImageObject\",\"inLanguage\":\"es-ES\",\"@id\":\"https:\/\/www.welovecycling.com\/es\/2024\/07\/20\/martin-jahn\/#primaryimage\",\"url\":\"https:\/\/d2p6e6u75xmxt8.cloudfront.net\/6\/2024\/07\/Martin-Jahn-CVR.webp\",\"contentUrl\":\"https:\/\/d2p6e6u75xmxt8.cloudfront.net\/6\/2024\/07\/Martin-Jahn-CVR.webp\",\"width\":990,\"height\":660},{\"@type\":\"BreadcrumbList\",\"@id\":\"https:\/\/www.welovecycling.com\/es\/2024\/07\/20\/martin-jahn\/#breadcrumb\",\"itemListElement\":[{\"@type\":\"ListItem\",\"position\":1,\"name\":\"Home\",\"item\":\"https:\/\/www.welovecycling.com\/es\/\"},{\"@type\":\"ListItem\",\"position\":2,\"name\":\"Martin Jahn de \u0160koda Auto y su historia en el Tour\"}]},{\"@type\":\"WebSite\",\"@id\":\"https:\/\/www.welovecycling.com\/es\/#website\",\"url\":\"https:\/\/www.welovecycling.com\/es\/\",\"name\":\"\u0160koda We Love Cycling - Spain\",\"description\":\"\u0160koda WeLoveCycling Spain\",\"potentialAction\":[{\"@type\":\"SearchAction\",\"target\":{\"@type\":\"EntryPoint\",\"urlTemplate\":\"https:\/\/www.welovecycling.com\/es\/?s={search_term_string}\"},\"query-input\":{\"@type\":\"PropertyValueSpecification\",\"valueRequired\":true,\"valueName\":\"search_term_string\"}}],\"inLanguage\":\"es-ES\"},{\"@type\":\"Person\",\"@id\":\"https:\/\/www.welovecycling.com\/es\/#\/schema\/person\/deb61715b5812698ee79fb96f343ccd4\",\"name\":\"We Love Cycling Spain\",\"image\":{\"@type\":\"ImageObject\",\"inLanguage\":\"es-ES\",\"@id\":\"https:\/\/www.welovecycling.com\/es\/#\/schema\/person\/image\/\",\"url\":\"https:\/\/secure.gravatar.com\/avatar\/c824b04e6df0e37a03219d0b6481672889df542894588964102459e46513159c?s=96&d=mm&r=g\",\"contentUrl\":\"https:\/\/secure.gravatar.com\/avatar\/c824b04e6df0e37a03219d0b6481672889df542894588964102459e46513159c?s=96&d=mm&r=g\",\"caption\":\"We Love Cycling Spain\"},\"url\":\"https:\/\/www.welovecycling.com\/es\/author\/amunoz\/\"}]}<\/script>\n<!-- \/ Yoast SEO Premium plugin. -->","yoast_head_json":{"title":"Martin Jahn de \u0160koda Auto y su historia en el Tour - \u0160koda We Love Cycling - Spain","description":"Martin Jahn de \u0160koda Auto y su historia en el Tour. El jefe de ventas cuenta su experiencia con el ciclismo y el Tour de Francia","robots":{"index":"index","follow":"follow","max-snippet":"max-snippet:-1","max-image-preview":"max-image-preview:large","max-video-preview":"max-video-preview:-1"},"canonical":"https:\/\/www.welovecycling.com\/es\/2024\/07\/20\/martin-jahn\/","og_locale":"es_ES","og_type":"article","og_title":"Martin Jahn de \u0160koda Auto y su historia en el Tour","og_description":"Martin Jahn de \u0160koda Auto y su historia en el Tour. El jefe de ventas cuenta su experiencia con el ciclismo y el Tour de Francia","og_url":"https:\/\/www.welovecycling.com\/es\/2024\/07\/20\/martin-jahn\/","og_site_name":"\u0160koda We Love Cycling - Spain","article_published_time":"2024-07-20T16:20:42+00:00","og_image":[{"width":990,"height":660,"url":"https:\/\/d2p6e6u75xmxt8.cloudfront.net\/6\/2024\/07\/Martin-Jahn-CVR.webp","type":"image\/webp"}],"author":"We Love Cycling Spain","twitter_card":"summary_large_image","twitter_misc":{"Written by":"Frantiska Blazkova","Est. reading time":"3"},"schema":{"@context":"https:\/\/schema.org","@graph":[{"@type":"WebPage","@id":"https:\/\/www.welovecycling.com\/es\/2024\/07\/20\/martin-jahn\/","url":"https:\/\/www.welovecycling.com\/es\/2024\/07\/20\/martin-jahn\/","name":"Martin Jahn de \u0160koda Auto y su historia en el Tour - \u0160koda We Love Cycling - Spain","isPartOf":{"@id":"https:\/\/www.welovecycling.com\/es\/#website"},"primaryImageOfPage":{"@id":"https:\/\/www.welovecycling.com\/es\/2024\/07\/20\/martin-jahn\/#primaryimage"},"image":{"@id":"https:\/\/www.welovecycling.com\/es\/2024\/07\/20\/martin-jahn\/#primaryimage"},"thumbnailUrl":"https:\/\/d2p6e6u75xmxt8.cloudfront.net\/6\/2024\/07\/Martin-Jahn-CVR.webp","datePublished":"2024-07-20T16:20:42+00:00","author":{"@id":"https:\/\/www.welovecycling.com\/es\/#\/schema\/person\/deb61715b5812698ee79fb96f343ccd4"},"description":"Martin Jahn de \u0160koda Auto y su historia en el Tour. El jefe de ventas cuenta su experiencia con el ciclismo y el Tour de Francia","breadcrumb":{"@id":"https:\/\/www.welovecycling.com\/es\/2024\/07\/20\/martin-jahn\/#breadcrumb"},"inLanguage":"es-ES","potentialAction":[{"@type":"ReadAction","target":["https:\/\/www.welovecycling.com\/es\/2024\/07\/20\/martin-jahn\/"]}]},{"@type":"ImageObject","inLanguage":"es-ES","@id":"https:\/\/www.welovecycling.com\/es\/2024\/07\/20\/martin-jahn\/#primaryimage","url":"https:\/\/d2p6e6u75xmxt8.cloudfront.net\/6\/2024\/07\/Martin-Jahn-CVR.webp","contentUrl":"https:\/\/d2p6e6u75xmxt8.cloudfront.net\/6\/2024\/07\/Martin-Jahn-CVR.webp","width":990,"height":660},{"@type":"BreadcrumbList","@id":"https:\/\/www.welovecycling.com\/es\/2024\/07\/20\/martin-jahn\/#breadcrumb","itemListElement":[{"@type":"ListItem","position":1,"name":"Home","item":"https:\/\/www.welovecycling.com\/es\/"},{"@type":"ListItem","position":2,"name":"Martin Jahn de \u0160koda Auto y su historia en el Tour"}]},{"@type":"WebSite","@id":"https:\/\/www.welovecycling.com\/es\/#website","url":"https:\/\/www.welovecycling.com\/es\/","name":"\u0160koda We Love Cycling - Spain","description":"\u0160koda WeLoveCycling Spain","potentialAction":[{"@type":"SearchAction","target":{"@type":"EntryPoint","urlTemplate":"https:\/\/www.welovecycling.com\/es\/?s={search_term_string}"},"query-input":{"@type":"PropertyValueSpecification","valueRequired":true,"valueName":"search_term_string"}}],"inLanguage":"es-ES"},{"@type":"Person","@id":"https:\/\/www.welovecycling.com\/es\/#\/schema\/person\/deb61715b5812698ee79fb96f343ccd4","name":"We Love Cycling Spain","image":{"@type":"ImageObject","inLanguage":"es-ES","@id":"https:\/\/www.welovecycling.com\/es\/#\/schema\/person\/image\/","url":"https:\/\/secure.gravatar.com\/avatar\/c824b04e6df0e37a03219d0b6481672889df542894588964102459e46513159c?s=96&d=mm&r=g","contentUrl":"https:\/\/secure.gravatar.com\/avatar\/c824b04e6df0e37a03219d0b6481672889df542894588964102459e46513159c?s=96&d=mm&r=g","caption":"We Love Cycling Spain"},"url":"https:\/\/www.welovecycling.com\/es\/author\/amunoz\/"}]}},"_links":{"self":[{"href":"https:\/\/www.welovecycling.com\/es\/wp-json\/wp\/v2\/posts\/11050","targetHints":{"allow":["GET"]}}],"collection":[{"href":"https:\/\/www.welovecycling.com\/es\/wp-json\/wp\/v2\/posts"}],"about":[{"href":"https:\/\/www.welovecycling.com\/es\/wp-json\/wp\/v2\/types\/post"}],"author":[{"embeddable":true,"href":"https:\/\/www.welovecycling.com\/es\/wp-json\/wp\/v2\/users\/29"}],"replies":[{"embeddable":true,"href":"https:\/\/www.welovecycling.com\/es\/wp-json\/wp\/v2\/comments?post=11050"}],"version-history":[{"count":2,"href":"https:\/\/www.welovecycling.com\/es\/wp-json\/wp\/v2\/posts\/11050\/revisions"}],"predecessor-version":[{"id":11058,"href":"https:\/\/www.welovecycling.com\/es\/wp-json\/wp\/v2\/posts\/11050\/revisions\/11058"}],"wp:featuredmedia":[{"embeddable":true,"href":"https:\/\/www.welovecycling.com\/es\/wp-json\/wp\/v2\/media\/11056"}],"wp:attachment":[{"href":"https:\/\/www.welovecycling.com\/es\/wp-json\/wp\/v2\/media?parent=11050"}],"wp:term":[{"taxonomy":"category","embeddable":true,"href":"https:\/\/www.welovecycling.com\/es\/wp-json\/wp\/v2\/categories?post=11050"},{"taxonomy":"post_tag","embeddable":true,"href":"https:\/\/www.welovecycling.com\/es\/wp-json\/wp\/v2\/tags?post=11050"},{"taxonomy":"global-categories","embeddable":true,"href":"https:\/\/www.welovecycling.com\/es\/wp-json\/wp\/v2\/global-categories?post=11050"}],"curies":[{"name":"wp","href":"https:\/\/api.w.org\/{rel}","templated":true}]}}