{"id":11046,"date":"2024-07-21T17:50:42","date_gmt":"2024-07-21T15:50:42","guid":{"rendered":"https:\/\/www.welovecycling.com\/es\/?p=11046"},"modified":"2024-07-21T17:59:11","modified_gmt":"2024-07-21T15:59:11","slug":"girmay-hace-historia-verde-en-el-tour-de-francia","status":"publish","type":"post","link":"https:\/\/www.welovecycling.com\/es\/2024\/07\/21\/girmay-hace-historia-verde-en-el-tour-de-francia\/","title":{"rendered":"Girmay hace historia verde en el Tour de Francia"},"content":{"rendered":"<p style=\"font-weight: 400;\"><strong>Girmay ya dijo antes del Tour que el maillot verde<a href=\"https:\/\/www.welovecycling.com\/es\/2024\/06\/25\/de-eritrea-al-tour-de-francia-la-historia-de-biniam-girmay\/\"> era en Eritrea<\/a> casi tan importante como el amarillo, pero nada hac\u00eda pensar que el ciclista del Intermach\u00e9 iba a llegar a Niza vestido de \u0160koda. Antes del Tour jam\u00e1s hab\u00eda dominado los sprints masivos y su \u00fanica victoria en una grande databa del Giro 2022&#8230; y fue en una llegada en subida cara a cara con Mathieu Van der Poel.\u00a0<\/strong><\/p>\n<p><!--more--><\/p>\n<p style=\"font-weight: 400;\">As\u00ed que cuando Girmay gan\u00f3 el primer sprint masivo de este Tour de Francia en Turin se tom\u00f3 como algo hist\u00f3rico, pero anecd\u00f3tico. Era el primer ciclista del \u00c1frica negra en llevarse una etapa de la mejor carrera del mundo. Su predecesor, Daniel Teklehaimanot, se hab\u00eda vestido con el maillot de puntos rojos en Par\u00eds en 2015, pero realmente nunca hab\u00eda estado cerca de levantar los brazos.<\/p>\n<p>Al d\u00eda siguiente en el Tourmalet era imposible para Girmay vestirse de verde, as\u00ed que tuvo que esperar al sprint de la quinta etapa para vestirse de verde. Solo fue noveno en aquel sprint en Saint Vulbas que gan\u00f3 Cavendish, otro d\u00eda para la historia, pero suficiente para ser el m\u00e1s regular hasta entonces y enfundarse el verde <strong>\u0160koda, que ya no ha soltado hasta Niza.<\/strong><\/p>\n<p><img loading=\"lazy\" decoding=\"async\" class=\"alignnone size-extra-large\" src=\"https:\/\/img.aso.fr\/core_app\/img-cycling-tdf-jpg\/clm053\/57993\/0:0,1200:800-1000-0-70\/2b94a\" width=\"1000\" height=\"667\" \/><\/p>\n<p>Girmay volvi\u00f3 a vencer dos etapas m\u00e1s, la octava y la decimosegunda y fue segundo en la d\u00e9cima y cuarto en la decimocuarta. Tambi\u00e9n se meti\u00f3 en fugas para ir sumando puntos de los sprints especiales, sobre todo despu\u00e9s de la ca\u00edda de en Nimes. Era el inicio de la \u00faltima semana y el eritreo dominaba sin problema la clasificaci\u00f3n de la regularidad. Se fue al suelo a falta de cuatro kil\u00f3metros al chocar con una valla. Ca\u00edda, magulladuras, un brazo con lesiones y <a href=\"https:\/\/www.welovecycling.com\/es\/2024\/06\/28\/philipsen-pone-en-juego-su-maillot-verde-skoda-en-el-tour\/\">Philipsen<\/a>, su principal rival, que sumaba su tercera victoria y se pon\u00eda a solo un pu\u00f1ado de puntos de Girmay.<\/p>\n<p><strong>Peleando por el verde<\/strong><\/p>\n<p>Quedaban cinco etapas para el final del Tour, con sus otros tantos sprints especiales. Hab\u00eda margen para que Philipsen pudiese arrebatar el verde a Girmay, aunque todo ten\u00eda que ser en las volatas intermedias, porque la monta\u00f1a era demasiado dura para que uno y otro optasen a levantar los brazos en meta.<\/p>\n<p>Esto provoc\u00f3 una de las batallas m\u00e1s bonitas del Tour 2024. Los <a href=\"https:\/\/www.letour.fr\/es\/clasificaciones\/etapa-17\">114 kil\u00f3metros iniciales de la etapa 17,<\/a> desde la salida de Saint Paul Trois Chateaux hasta el sprint especial de Veynes eran totalmente llanos. Si Philipsen se met\u00eda en la fuga pondr\u00eda el peligro el verde de Girmay. As\u00ed que Intermache y Alpecin pelearon por echar abajo las fugas o dejar que se marchasen. Tambi\u00e9n hab\u00eda implicados otros equipos con otros intereses, pero el resultado fue que se vol\u00f3 en esos kil\u00f3metros y que la escapada no se consolid\u00f3 hasta despu\u00e9s del sprint, justo cuando empezaba la monta\u00f1a.\u00a0 En ella se hab\u00eda metido <strong>Girmay y tambi\u00e9n Philipsen.<\/strong> El eritreo sum\u00f3 un punto m\u00e1s que el belga. Suficiente para acabar son su moral.<\/p>\n<p>Al d\u00eda siguiente, camino de Gap. La fuga se hizo casi de inicio y los puntos de la regularidad volaron. Girmay ya ten\u00eda virtualmente el maillot verde porque ser\u00eda toda una sorpresa que Philipsen pudiese sumar algo en las \u00faltimas tres jornadas, dos de alta monta\u00f1a y la crono final de Niza. As\u00ed que el \u00fanico cometido del eritreo en estos tres \u00faltimos d\u00edas era no caerse ni llegar fuera de control. Con acabar en Niza era suficiente para hacer historia y llevar un maillot inesperado a Eritrea.<br \/>\n<img loading=\"lazy\" decoding=\"async\" class=\"alignnone size-extra-large\" src=\"https:\/\/img.aso.fr\/core_app\/img-cycling-tdf-jpg\/depart-015\/58990\/0:0,1200:800-1000-0-70\/abae0\" width=\"1000\" height=\"667\" \/><\/p>\n","protected":false},"excerpt":{"rendered":"<p>Girmay ya dijo antes del Tour que el maillot verde era en Eritrea casi tan importante como el amarillo, pero [&hellip;]<\/p>\n","protected":false},"author":29,"featured_media":11048,"comment_status":"open","ping_status":"open","sticky":false,"template":"","format":"standard","meta":{"footnotes":""},"categories":[7],"tags":[2142,557],"global-categories":[],"class_list":["post-11046","post","type-post","status-publish","format-standard","has-post-thumbnail","hentry","category-carretera","tag-skoda","tag-tour-de-francia"],"yoast_head":"<!-- This site is optimized with the Yoast SEO Premium plugin v25.3 (Yoast SEO v25.9) - https:\/\/yoast.com\/wordpress\/plugins\/seo\/ -->\n<title>Girmay hace historia verde en el Tour de Francia - \u0160koda We Love Cycling - Spain<\/title>\n<meta name=\"description\" content=\"Girmay hace historia verde en el Tour de Francia. El eritreo es el primer ciclista en llevarse el maillot de la regularidad de \u0160koda del Tour.\" \/>\n<meta name=\"robots\" content=\"index, follow, max-snippet:-1, max-image-preview:large, max-video-preview:-1\" \/>\n<link rel=\"canonical\" href=\"https:\/\/www.welovecycling.com\/es\/2024\/07\/21\/girmay-hace-historia-verde-en-el-tour-de-francia\/\" \/>\n<meta property=\"og:locale\" content=\"es_ES\" \/>\n<meta property=\"og:type\" content=\"article\" \/>\n<meta property=\"og:title\" content=\"Girmay hace historia verde en el Tour de Francia\" \/>\n<meta property=\"og:description\" content=\"Girmay hace historia verde en el Tour de Francia. El eritreo es el primer ciclista en llevarse el maillot de la regularidad de \u0160koda del Tour.\" \/>\n<meta property=\"og:url\" content=\"https:\/\/www.welovecycling.com\/es\/2024\/07\/21\/girmay-hace-historia-verde-en-el-tour-de-francia\/\" \/>\n<meta property=\"og:site_name\" content=\"\u0160koda We Love Cycling - Spain\" \/>\n<meta property=\"article:published_time\" content=\"2024-07-21T15:50:42+00:00\" \/>\n<meta property=\"article:modified_time\" content=\"2024-07-21T15:59:11+00:00\" \/>\n<meta property=\"og:image\" content=\"https:\/\/d2p6e6u75xmxt8.cloudfront.net\/6\/2024\/07\/Girmay.webp\" \/>\n\t<meta property=\"og:image:width\" content=\"1000\" \/>\n\t<meta property=\"og:image:height\" content=\"667\" \/>\n\t<meta property=\"og:image:type\" content=\"image\/webp\" \/>\n<meta name=\"author\" content=\"We Love Cycling Spain\" \/>\n<meta name=\"twitter:card\" content=\"summary_large_image\" \/>\n<meta name=\"twitter:description\" content=\"Girmay hace historia verde en el Tour de Francia. El eritreo es el primer ciclista en llevarse el maillot de la regularidad de \u0160koda del Tour.\" \/>\n<meta name=\"twitter:label1\" content=\"Written by\" \/>\n\t<meta name=\"twitter:data1\" content=\"Luis Ortega @Ciclored\" \/>\n\t<meta name=\"twitter:label2\" content=\"Est. reading time\" \/>\n\t<meta name=\"twitter:data2\" content=\"3 minutes\" \/>\n<script type=\"application\/ld+json\" class=\"yoast-schema-graph\">{\"@context\":\"https:\/\/schema.org\",\"@graph\":[{\"@type\":\"WebPage\",\"@id\":\"https:\/\/www.welovecycling.com\/es\/2024\/07\/21\/girmay-hace-historia-verde-en-el-tour-de-francia\/\",\"url\":\"https:\/\/www.welovecycling.com\/es\/2024\/07\/21\/girmay-hace-historia-verde-en-el-tour-de-francia\/\",\"name\":\"Girmay hace historia verde en el Tour de Francia - \u0160koda We Love Cycling - Spain\",\"isPartOf\":{\"@id\":\"https:\/\/www.welovecycling.com\/es\/#website\"},\"primaryImageOfPage\":{\"@id\":\"https:\/\/www.welovecycling.com\/es\/2024\/07\/21\/girmay-hace-historia-verde-en-el-tour-de-francia\/#primaryimage\"},\"image\":{\"@id\":\"https:\/\/www.welovecycling.com\/es\/2024\/07\/21\/girmay-hace-historia-verde-en-el-tour-de-francia\/#primaryimage\"},\"thumbnailUrl\":\"https:\/\/d2p6e6u75xmxt8.cloudfront.net\/6\/2024\/07\/Girmay.webp\",\"datePublished\":\"2024-07-21T15:50:42+00:00\",\"dateModified\":\"2024-07-21T15:59:11+00:00\",\"author\":{\"@id\":\"https:\/\/www.welovecycling.com\/es\/#\/schema\/person\/deb61715b5812698ee79fb96f343ccd4\"},\"description\":\"Girmay hace historia verde en el Tour de Francia. El eritreo es el primer ciclista en llevarse el maillot de la regularidad de \u0160koda del Tour.\",\"breadcrumb\":{\"@id\":\"https:\/\/www.welovecycling.com\/es\/2024\/07\/21\/girmay-hace-historia-verde-en-el-tour-de-francia\/#breadcrumb\"},\"inLanguage\":\"es-ES\",\"potentialAction\":[{\"@type\":\"ReadAction\",\"target\":[\"https:\/\/www.welovecycling.com\/es\/2024\/07\/21\/girmay-hace-historia-verde-en-el-tour-de-francia\/\"]}]},{\"@type\":\"ImageObject\",\"inLanguage\":\"es-ES\",\"@id\":\"https:\/\/www.welovecycling.com\/es\/2024\/07\/21\/girmay-hace-historia-verde-en-el-tour-de-francia\/#primaryimage\",\"url\":\"https:\/\/d2p6e6u75xmxt8.cloudfront.net\/6\/2024\/07\/Girmay.webp\",\"contentUrl\":\"https:\/\/d2p6e6u75xmxt8.cloudfront.net\/6\/2024\/07\/Girmay.webp\",\"width\":1000,\"height\":667},{\"@type\":\"BreadcrumbList\",\"@id\":\"https:\/\/www.welovecycling.com\/es\/2024\/07\/21\/girmay-hace-historia-verde-en-el-tour-de-francia\/#breadcrumb\",\"itemListElement\":[{\"@type\":\"ListItem\",\"position\":1,\"name\":\"Home\",\"item\":\"https:\/\/www.welovecycling.com\/es\/\"},{\"@type\":\"ListItem\",\"position\":2,\"name\":\"Girmay hace historia verde en el Tour de Francia\"}]},{\"@type\":\"WebSite\",\"@id\":\"https:\/\/www.welovecycling.com\/es\/#website\",\"url\":\"https:\/\/www.welovecycling.com\/es\/\",\"name\":\"\u0160koda We Love Cycling - Spain\",\"description\":\"\u0160koda WeLoveCycling Spain\",\"potentialAction\":[{\"@type\":\"SearchAction\",\"target\":{\"@type\":\"EntryPoint\",\"urlTemplate\":\"https:\/\/www.welovecycling.com\/es\/?s={search_term_string}\"},\"query-input\":{\"@type\":\"PropertyValueSpecification\",\"valueRequired\":true,\"valueName\":\"search_term_string\"}}],\"inLanguage\":\"es-ES\"},{\"@type\":\"Person\",\"@id\":\"https:\/\/www.welovecycling.com\/es\/#\/schema\/person\/deb61715b5812698ee79fb96f343ccd4\",\"name\":\"We Love Cycling Spain\",\"image\":{\"@type\":\"ImageObject\",\"inLanguage\":\"es-ES\",\"@id\":\"https:\/\/www.welovecycling.com\/es\/#\/schema\/person\/image\/\",\"url\":\"https:\/\/secure.gravatar.com\/avatar\/c824b04e6df0e37a03219d0b6481672889df542894588964102459e46513159c?s=96&d=mm&r=g\",\"contentUrl\":\"https:\/\/secure.gravatar.com\/avatar\/c824b04e6df0e37a03219d0b6481672889df542894588964102459e46513159c?s=96&d=mm&r=g\",\"caption\":\"We Love Cycling Spain\"},\"url\":\"https:\/\/www.welovecycling.com\/es\/author\/amunoz\/\"}]}<\/script>\n<!-- \/ Yoast SEO Premium plugin. -->","yoast_head_json":{"title":"Girmay hace historia verde en el Tour de Francia - \u0160koda We Love Cycling - Spain","description":"Girmay hace historia verde en el Tour de Francia. El eritreo es el primer ciclista en llevarse el maillot de la regularidad de \u0160koda del Tour.","robots":{"index":"index","follow":"follow","max-snippet":"max-snippet:-1","max-image-preview":"max-image-preview:large","max-video-preview":"max-video-preview:-1"},"canonical":"https:\/\/www.welovecycling.com\/es\/2024\/07\/21\/girmay-hace-historia-verde-en-el-tour-de-francia\/","og_locale":"es_ES","og_type":"article","og_title":"Girmay hace historia verde en el Tour de Francia","og_description":"Girmay hace historia verde en el Tour de Francia. El eritreo es el primer ciclista en llevarse el maillot de la regularidad de \u0160koda del Tour.","og_url":"https:\/\/www.welovecycling.com\/es\/2024\/07\/21\/girmay-hace-historia-verde-en-el-tour-de-francia\/","og_site_name":"\u0160koda We Love Cycling - Spain","article_published_time":"2024-07-21T15:50:42+00:00","article_modified_time":"2024-07-21T15:59:11+00:00","og_image":[{"width":1000,"height":667,"url":"https:\/\/d2p6e6u75xmxt8.cloudfront.net\/6\/2024\/07\/Girmay.webp","type":"image\/webp"}],"author":"We Love Cycling Spain","twitter_card":"summary_large_image","twitter_description":"Girmay hace historia verde en el Tour de Francia. El eritreo es el primer ciclista en llevarse el maillot de la regularidad de \u0160koda del Tour.","twitter_misc":{"Written by":"Luis Ortega @Ciclored","Est. reading time":"3 minutes"},"schema":{"@context":"https:\/\/schema.org","@graph":[{"@type":"WebPage","@id":"https:\/\/www.welovecycling.com\/es\/2024\/07\/21\/girmay-hace-historia-verde-en-el-tour-de-francia\/","url":"https:\/\/www.welovecycling.com\/es\/2024\/07\/21\/girmay-hace-historia-verde-en-el-tour-de-francia\/","name":"Girmay hace historia verde en el Tour de Francia - \u0160koda We Love Cycling - Spain","isPartOf":{"@id":"https:\/\/www.welovecycling.com\/es\/#website"},"primaryImageOfPage":{"@id":"https:\/\/www.welovecycling.com\/es\/2024\/07\/21\/girmay-hace-historia-verde-en-el-tour-de-francia\/#primaryimage"},"image":{"@id":"https:\/\/www.welovecycling.com\/es\/2024\/07\/21\/girmay-hace-historia-verde-en-el-tour-de-francia\/#primaryimage"},"thumbnailUrl":"https:\/\/d2p6e6u75xmxt8.cloudfront.net\/6\/2024\/07\/Girmay.webp","datePublished":"2024-07-21T15:50:42+00:00","dateModified":"2024-07-21T15:59:11+00:00","author":{"@id":"https:\/\/www.welovecycling.com\/es\/#\/schema\/person\/deb61715b5812698ee79fb96f343ccd4"},"description":"Girmay hace historia verde en el Tour de Francia. El eritreo es el primer ciclista en llevarse el maillot de la regularidad de \u0160koda del Tour.","breadcrumb":{"@id":"https:\/\/www.welovecycling.com\/es\/2024\/07\/21\/girmay-hace-historia-verde-en-el-tour-de-francia\/#breadcrumb"},"inLanguage":"es-ES","potentialAction":[{"@type":"ReadAction","target":["https:\/\/www.welovecycling.com\/es\/2024\/07\/21\/girmay-hace-historia-verde-en-el-tour-de-francia\/"]}]},{"@type":"ImageObject","inLanguage":"es-ES","@id":"https:\/\/www.welovecycling.com\/es\/2024\/07\/21\/girmay-hace-historia-verde-en-el-tour-de-francia\/#primaryimage","url":"https:\/\/d2p6e6u75xmxt8.cloudfront.net\/6\/2024\/07\/Girmay.webp","contentUrl":"https:\/\/d2p6e6u75xmxt8.cloudfront.net\/6\/2024\/07\/Girmay.webp","width":1000,"height":667},{"@type":"BreadcrumbList","@id":"https:\/\/www.welovecycling.com\/es\/2024\/07\/21\/girmay-hace-historia-verde-en-el-tour-de-francia\/#breadcrumb","itemListElement":[{"@type":"ListItem","position":1,"name":"Home","item":"https:\/\/www.welovecycling.com\/es\/"},{"@type":"ListItem","position":2,"name":"Girmay hace historia verde en el Tour de Francia"}]},{"@type":"WebSite","@id":"https:\/\/www.welovecycling.com\/es\/#website","url":"https:\/\/www.welovecycling.com\/es\/","name":"\u0160koda We Love Cycling - Spain","description":"\u0160koda WeLoveCycling Spain","potentialAction":[{"@type":"SearchAction","target":{"@type":"EntryPoint","urlTemplate":"https:\/\/www.welovecycling.com\/es\/?s={search_term_string}"},"query-input":{"@type":"PropertyValueSpecification","valueRequired":true,"valueName":"search_term_string"}}],"inLanguage":"es-ES"},{"@type":"Person","@id":"https:\/\/www.welovecycling.com\/es\/#\/schema\/person\/deb61715b5812698ee79fb96f343ccd4","name":"We Love Cycling Spain","image":{"@type":"ImageObject","inLanguage":"es-ES","@id":"https:\/\/www.welovecycling.com\/es\/#\/schema\/person\/image\/","url":"https:\/\/secure.gravatar.com\/avatar\/c824b04e6df0e37a03219d0b6481672889df542894588964102459e46513159c?s=96&d=mm&r=g","contentUrl":"https:\/\/secure.gravatar.com\/avatar\/c824b04e6df0e37a03219d0b6481672889df542894588964102459e46513159c?s=96&d=mm&r=g","caption":"We Love Cycling Spain"},"url":"https:\/\/www.welovecycling.com\/es\/author\/amunoz\/"}]}},"_links":{"self":[{"href":"https:\/\/www.welovecycling.com\/es\/wp-json\/wp\/v2\/posts\/11046","targetHints":{"allow":["GET"]}}],"collection":[{"href":"https:\/\/www.welovecycling.com\/es\/wp-json\/wp\/v2\/posts"}],"about":[{"href":"https:\/\/www.welovecycling.com\/es\/wp-json\/wp\/v2\/types\/post"}],"author":[{"embeddable":true,"href":"https:\/\/www.welovecycling.com\/es\/wp-json\/wp\/v2\/users\/29"}],"replies":[{"embeddable":true,"href":"https:\/\/www.welovecycling.com\/es\/wp-json\/wp\/v2\/comments?post=11046"}],"version-history":[{"count":2,"href":"https:\/\/www.welovecycling.com\/es\/wp-json\/wp\/v2\/posts\/11046\/revisions"}],"predecessor-version":[{"id":11063,"href":"https:\/\/www.welovecycling.com\/es\/wp-json\/wp\/v2\/posts\/11046\/revisions\/11063"}],"wp:featuredmedia":[{"embeddable":true,"href":"https:\/\/www.welovecycling.com\/es\/wp-json\/wp\/v2\/media\/11048"}],"wp:attachment":[{"href":"https:\/\/www.welovecycling.com\/es\/wp-json\/wp\/v2\/media?parent=11046"}],"wp:term":[{"taxonomy":"category","embeddable":true,"href":"https:\/\/www.welovecycling.com\/es\/wp-json\/wp\/v2\/categories?post=11046"},{"taxonomy":"post_tag","embeddable":true,"href":"https:\/\/www.welovecycling.com\/es\/wp-json\/wp\/v2\/tags?post=11046"},{"taxonomy":"global-categories","embeddable":true,"href":"https:\/\/www.welovecycling.com\/es\/wp-json\/wp\/v2\/global-categories?post=11046"}],"curies":[{"name":"wp","href":"https:\/\/api.w.org\/{rel}","templated":true}]}}