{"id":11037,"date":"2024-07-17T17:53:56","date_gmt":"2024-07-17T15:53:56","guid":{"rendered":"https:\/\/www.welovecycling.com\/es\/?p=11037"},"modified":"2024-07-17T17:53:56","modified_gmt":"2024-07-17T15:53:56","slug":"fotografos-tour-francia","status":"publish","type":"post","link":"https:\/\/www.welovecycling.com\/es\/2024\/07\/17\/fotografos-tour-francia\/","title":{"rendered":"Fot\u00f3grafos del Tour de Francia: Marketa Navratilova"},"content":{"rendered":"<p style=\"font-weight: 400;\"><strong>Fue la \u00fanica mujer que fotografi\u00f3 el Tour de Francia durante 25 a\u00f1os. Sus colegas masculinos tardaron dos a\u00f1os en aceptarla, pero a partir de ese momento se sinti\u00f3 como pez en el agua. Fue testigo de la transformaci\u00f3n de la famosa carrera europea en uno de los acontecimientos deportivos m\u00e1s vistos del mundo. Durante su estancia en el Tour, se produjo la transici\u00f3n de la pel\u00edcula al formato digital y la llegada de la competencia de los espectadores, que capturan cada momento de la carrera en sus tel\u00e9fonos inteligentes. \u00bfQu\u00e9 le ayud\u00f3 a triunfar en la dura competencia entre profesionales, qu\u00e9 deber\u00eda saber todo fot\u00f3grafo del Tour y qu\u00e9 es tab\u00fa para los fot\u00f3grafos?<\/strong><\/p>\n<p><!--more--><\/p>\n<p style=\"font-weight: 400;\"><strong>Cuando se fotograf\u00eda el Tour \u00bfA qu\u00e9 hay que prestar atenci\u00f3n?<\/strong><\/p>\n<p style=\"font-weight: 400;\">Debes mantener la concentraci\u00f3n al cien por cien durante toda la carrera. No se te debe escapar nada. Si ocurre algo, debes estar preparado para captarlo. Debes tener la cabeza despejada. Si tienes problemas en casa, puedes perderte en tus pensamientos y perderte un momento importante. Hay que prestar a\u00fan m\u00e1s atenci\u00f3n a la seguridad. Un fot\u00f3grafo nunca debe poner en peligro a los ciclistas. Por ejemplo, la tapa del objetivo no debe caerse durante el viaje, as\u00ed que lo tapo todo con cinta adhesiva. Pero los mayores nervios son para el conductor de la moto. Durante mi carrera en el Tour, he tenido cinco pilotos y s\u00f3lo uno era del tipo so\u00f1ador. Un a\u00f1o despu\u00e9s de correr conmigo, necesitaba pasar por alg\u00fan sitio y accidentalmente enganch\u00f3 a un corredor. Incluso lo arrastr\u00f3 unos metros detr\u00e1s de \u00e9l. Un conductor que comete un error as\u00ed se enfrenta a las consecuencias. Incluso si el ciclista sale ileso, las im\u00e1genes del incidente se emiten en Eurosport en trailers de televisi\u00f3n hasta Nochevieja.<\/p>\n<p style=\"font-weight: 400;\"><strong>\u00bfEs intensa la rivalidad entre fot\u00f3grafos del Tour? <\/strong><\/p>\n<p style=\"font-weight: 400;\">Muy intenso. Es un entorno muy competitivo pero profesionalmente correcto. Cuando yo, como chica, me un\u00ed a los hombres, tardaron unos dos a\u00f1os en acostumbrarse a m\u00ed. Al principio, miraban porque alguien con coleta aparec\u00eda en su espacio puramente masculino en moto. Nunca utilic\u00e9 el hecho de ser chica en mi beneficio porque habr\u00eda acabado antes de lo que empec\u00e9. Cuando procesaba mis fotos en la oficina de prensa, notaba c\u00f3mo los fot\u00f3grafos se paseaban y echaban un vistazo a mi monitor. Todos sent\u00edan curiosidad por saber c\u00f3mo iba la chica. Yo miraba a los suyos de la misma manera para ver si me hab\u00eda perdido algo. Una vez que te aceptan en el grupo, est\u00e1s como pez en el agua. Hay competencia, pero si tienes un problema, como un pinchazo en una moto o necesitas una tarjeta de memoria, todos te ayudan\u00bb.<\/p>\n<figure id=\"attachment_11038\" aria-describedby=\"caption-attachment-11038\" style=\"width: 990px\" class=\"wp-caption alignnone\"><a href=\"https:\/\/d2p6e6u75xmxt8.cloudfront.net\/6\/2024\/07\/Navratilova-1.webp\"><img loading=\"lazy\" decoding=\"async\" class=\"wp-image-11038 size-full\" src=\"https:\/\/d2p6e6u75xmxt8.cloudfront.net\/6\/2024\/07\/Navratilova-1.webp\" alt=\"TdF Photographers\" width=\"990\" height=\"660\" srcset=\"https:\/\/d2p6e6u75xmxt8.cloudfront.net\/6\/2024\/07\/Navratilova-1.webp 990w, https:\/\/d2p6e6u75xmxt8.cloudfront.net\/6\/2024\/07\/Navratilova-1-300x200.webp 300w, https:\/\/d2p6e6u75xmxt8.cloudfront.net\/6\/2024\/07\/Navratilova-1-768x512.webp 768w, https:\/\/d2p6e6u75xmxt8.cloudfront.net\/6\/2024\/07\/Navratilova-1-400x267.webp 400w, https:\/\/d2p6e6u75xmxt8.cloudfront.net\/6\/2024\/07\/Navratilova-1-272x182.webp 272w\" sizes=\"auto, (max-width: 990px) 100vw, 990px\" \/><\/a><figcaption id=\"caption-attachment-11038\" class=\"wp-caption-text\">La rivalidad entre fot\u00f3grafos es muy intensa. \u00a9 Marketa Navratilova<\/figcaption><\/figure>\n<p style=\"font-weight: 400;\"><strong>\u00bfQu\u00e9 trucos utilizan los fot\u00f3grafos durante el Tour? <\/strong><\/p>\n<p style=\"font-weight: 400;\">La clave es no subestimar la preparaci\u00f3n en casa. Un fot\u00f3grafo debe saber lo que ha pasado y lo que est\u00e1 pasando. Tiene que contextualizar la informaci\u00f3n y pensar en el futuro. No s\u00f3lo un paso, sino al menos dos. Cada dato puede influir en el resultado. Por ejemplo, si lees que a alguien le duele una pierna, lo vigilas en el pelot\u00f3n para ver si puede abandonar. Debes discutir todos los escenarios de antemano con tu conductor, ya que yo era uno de los fot\u00f3grafos que documentaba las carreras desde una moto. La relaci\u00f3n con el conductor es extremadamente importante. Deb\u00e9is estar en sinton\u00eda para que \u00e9l sepa c\u00f3mo y d\u00f3nde ir cuando quieras hacer una foto desde la moto. Los ciclistas tambi\u00e9n tienen su orgullo, y siempre se alegran cuando \u00absu\u00bb fot\u00f3grafo hace una buena foto. El conductor debe confiar en ti y tener un motivo para hacerlo por ti. Para ellos tambi\u00e9n es un trabajo prestigioso, ya que suelen empezar en carreras peque\u00f1as en B\u00e9lgica y poco a poco van ascendiendo hasta llegar al Tour.<\/p>\n<p style=\"font-weight: 400;\"><strong>\u00bfC\u00f3mo se elige el mejor lugar? <\/strong><\/p>\n<p style=\"font-weight: 400;\">Es una pregunta absolutamente clave. En una moto, tienes que decidir constantemente d\u00f3nde situarte en el pelot\u00f3n y d\u00f3nde parar. Yo trabajo para una agencia holandesa, as\u00ed que tuve que considerar cuidadosamente si quedarme delante con el corredor del maillot amarillo o quedarme con un corredor holand\u00e9s m\u00e1s atr\u00e1s, incluso con el riesgo de que abandonara la carrera. Un fot\u00f3grafo realiza ante todo un trabajo period\u00edstico y debe respetar el encargo de su empleador.<\/p>\n<figure id=\"attachment_11039\" aria-describedby=\"caption-attachment-11039\" style=\"width: 990px\" class=\"wp-caption alignnone\"><a href=\"https:\/\/d2p6e6u75xmxt8.cloudfront.net\/6\/2024\/07\/Navratilova-3.webp\"><img loading=\"lazy\" decoding=\"async\" class=\"wp-image-11039 size-full\" src=\"https:\/\/d2p6e6u75xmxt8.cloudfront.net\/6\/2024\/07\/Navratilova-3.webp\" alt=\"Martina Navratilova\" width=\"990\" height=\"660\" srcset=\"https:\/\/d2p6e6u75xmxt8.cloudfront.net\/6\/2024\/07\/Navratilova-3.webp 990w, https:\/\/d2p6e6u75xmxt8.cloudfront.net\/6\/2024\/07\/Navratilova-3-300x200.webp 300w, https:\/\/d2p6e6u75xmxt8.cloudfront.net\/6\/2024\/07\/Navratilova-3-768x512.webp 768w, https:\/\/d2p6e6u75xmxt8.cloudfront.net\/6\/2024\/07\/Navratilova-3-400x267.webp 400w, https:\/\/d2p6e6u75xmxt8.cloudfront.net\/6\/2024\/07\/Navratilova-3-272x182.webp 272w\" sizes=\"auto, (max-width: 990px) 100vw, 990px\" \/><\/a><figcaption id=\"caption-attachment-11039\" class=\"wp-caption-text\">Martina Navratilova fue testigo de la transformaci\u00f3n de la famosa carrera europea en uno de los acontecimientos deportivos m\u00e1s vistos del mundo \u00a9 Martina Navratilova<\/figcaption><\/figure>\n<p style=\"font-weight: 400;\"><strong>Pero, a\u00fan as\u00ed. Hay que estar en el lugar y momento adecuados<\/strong><\/p>\n<p style=\"font-weight: 400;\">Por supuesto, porque una buena foto period\u00edstica saldr\u00e1 en los peri\u00f3dicos al d\u00eda siguiente, y otros diez fot\u00f3grafos est\u00e1n esperando el momento que puede decidir la clasificaci\u00f3n de la etapa. Si quieres fotografiar el Tour, debes ser h\u00e1bil, tener la informaci\u00f3n adecuada, mucha experiencia, una gran dosis de intuici\u00f3n y un poco de suerte. Durante cada etapa, tienes que decidir constantemente si ir por delante del pelot\u00f3n para encontrar un buen sitio para hacer fotos o quedarte con \u00e9l y fotografiar s\u00f3lo desde la moto. Tambi\u00e9n es crucial lo bien que sincronices con el conductor de la moto. Esto determina en gran medida si llegas al lugar adecuado. Si tomas la decisi\u00f3n equivocada, el pelot\u00f3n podr\u00eda escaparse y no tendr\u00e1s otra oportunidad de adelantarlo en esa etapa o secci\u00f3n, ya que s\u00f3lo puedes hacerlo en condiciones muy limitadas que se han vuelto m\u00e1s estrictas con el paso de los a\u00f1os.<\/p>\n<p style=\"font-weight: 400;\"><strong>\u00bfTienes una foto favorita? <\/strong><\/p>\n<p style=\"font-weight: 400;\">Valoro las fotos atemporales que se siguen apreciando a\u00f1os despu\u00e9s. Suelen ser fotos bien pensadas en las que encuentras un lugar con un fondo bonito y esperas a que lleguen los ciclistas. O cuando era el centenario y sab\u00eda que quer\u00eda una foto de Armstrong con la Torre Eiffel. Era arriesgado, y la foto podr\u00eda no haber salido bien porque ten\u00eda que tener la c\u00e1mara en el suelo y no pod\u00eda mirar por el visor. Tuve la tentaci\u00f3n de buscar un sitio para una toma segura, pero no habr\u00eda incluido la torre. Sali\u00f3 bien, y es una de las fotos que todav\u00eda me gustan. Armstrong la incluy\u00f3 en su libro. Luego est\u00e1n las fotos para el servicio de la agencia. Sobreviven hasta el d\u00eda siguiente, ni un d\u00eda m\u00e1s. No pondr\u00edas esas fotos en un libro; nueve de cada diez fot\u00f3grafos deber\u00edan ser capaces de hacerlas.<\/p>\n<p style=\"font-weight: 400;\"><strong>\u00bfHay algo que no deba fotografiarse?<\/strong><\/p>\n<p style=\"font-weight: 400;\">\u00bfAlg\u00fan tab\u00fa fotogr\u00e1fico? Todo se fotograf\u00eda, incluso durante una pausa masiva para orinar, aunque yo suelo evitarlo porque es gracioso una vez, pero luego no es m\u00e1s que una broma repetida. Pol\u00e9mico es fotografiar las ca\u00eddas, que forman parte del Tour. Tengo una historia personal al respecto.<\/p>\n<figure id=\"attachment_11040\" aria-describedby=\"caption-attachment-11040\" style=\"width: 990px\" class=\"wp-caption alignnone\"><a href=\"https:\/\/d2p6e6u75xmxt8.cloudfront.net\/6\/2024\/07\/Navratilova-4-1.webp\"><img loading=\"lazy\" decoding=\"async\" class=\"wp-image-11040 size-full\" src=\"https:\/\/d2p6e6u75xmxt8.cloudfront.net\/6\/2024\/07\/Navratilova-4-1.webp\" alt=\"Tour de France peloton\" width=\"990\" height=\"660\" srcset=\"https:\/\/d2p6e6u75xmxt8.cloudfront.net\/6\/2024\/07\/Navratilova-4-1.webp 990w, https:\/\/d2p6e6u75xmxt8.cloudfront.net\/6\/2024\/07\/Navratilova-4-1-300x200.webp 300w, https:\/\/d2p6e6u75xmxt8.cloudfront.net\/6\/2024\/07\/Navratilova-4-1-768x512.webp 768w, https:\/\/d2p6e6u75xmxt8.cloudfront.net\/6\/2024\/07\/Navratilova-4-1-400x267.webp 400w, https:\/\/d2p6e6u75xmxt8.cloudfront.net\/6\/2024\/07\/Navratilova-4-1-272x182.webp 272w\" sizes=\"auto, (max-width: 990px) 100vw, 990px\" \/><\/a><figcaption id=\"caption-attachment-11040\" class=\"wp-caption-text\">&#8220;Valoro las fotos atemporales que se siguen apreciando a\u00f1os despu\u00e9s&#8221; \u00a9 Martina Navratilova<\/figcaption><\/figure>\n<p style=\"font-weight: 400;\"><strong>\u00bfQu\u00e9 ocurri\u00f3?<\/strong><\/p>\n<p style=\"font-weight: 400;\">Antes del Tour de 2009, estuvimos en Berl\u00edn haciendo un reportaje sobre <a href=\"https:\/\/www.welovecycling.com\/wide\/2022\/07\/29\/when-a-child-saved-the-day-for-jens-voigt-at-the-tour\/\">Jens Voigt<\/a>. Nos llev\u00f3 a su casa, donde estaban su mujer Stephanie y todos sus hijos. Nos dijo que no quer\u00eda entrenar en Mallorca porque le gustaba pasar tiempo con su familia. Fue muy comprensivo, y tres semanas despu\u00e9s, en el Tour, se estrell\u00f3 justo delante de m\u00ed. Estaba tendido en el suelo, sangrando por la cabeza, y yo ten\u00eda l\u00e1grimas en los ojos, pero sab\u00eda que ten\u00eda que hacer mi trabajo y tomar fotos porque tambi\u00e9n hab\u00eda un m\u00e9dico haciendo su trabajo.<\/p>\n<p style=\"font-weight: 400;\"><strong>\u00bfCual es tu relaci\u00f3n con los aficionados? <\/strong><\/p>\n<p style=\"font-weight: 400;\">Me gustan los aficionados porque crean el ambiente en el Tour. Crean un espect\u00e1culo que es gratificante fotografiar. Tengo una buena foto de Chris Froome corriendo su \u00faltima contrarreloj entre aficionados. Encontr\u00e9 un sitio entre los <a href=\"https:\/\/www.welovecycling.com\/wide\/2024\/07\/03\/the-most-epic-tour-de-france-fans-behind-the-scenes-with-the-beefeaters\/\">locos aficionados ingleses<\/a> que bailaban a lo largo de la pista y pas\u00e9 media hora con ellos para calibrar su comportamiento cuando lleg\u00f3 Froome. Siempre intento captar en una foto algo m\u00e1s que al corredor. Esas fotos te distinguen. Por supuesto, tambi\u00e9n fotograf\u00edo sangre, sudor y l\u00e1grimas, pero disfruto cuando una foto tiene una segunda capa.<\/p>\n<p style=\"font-weight: 400;\"><strong>\u00bfC\u00f3mo ha cambiado el trabajo del fot\u00f3grafo en estos \u00faltimos 25 a\u00f1os? <\/strong><\/p>\n<p>Antes hab\u00eda menos competencia entre los fot\u00f3grafos. Creo que empez\u00f3 con la llegada de Lance Armstrong, que populariz\u00f3 el Tour de Francia en todo el mundo, y la llegada de Internet. De repente, todo est\u00e1 al alcance de la mano. Antes era mucho m\u00e1s f\u00e1cil hacer fotos, pero enviarlas era dif\u00edcil. Ahora es muy dif\u00edcil hacer una foto que nadie m\u00e1s tenga. Con la llegada de la tecnolog\u00eda digital, es m\u00e1s f\u00e1cil hacer llegar las fotos a los editores, y hay m\u00e1s competencia.<\/p>\n<p>Todos los espectadores tienen smartphones y pueden hacer fotos. A veces, es un reto mantener el encuadre limpio sin que el p\u00fablico lo bloquee. Con la llegada de los tel\u00e9fonos m\u00f3viles y la competici\u00f3n, aumentan los requisitos para los servicios de agencia. Antes, bastaba con una foto del final. Ahora, es mucho m\u00e1s trabajo, y adem\u00e1s requiere conocimientos de redes sociales. Ahora paso mucho tiempo procesando fotos, cosa que antes hac\u00edan los t\u00e9cnicos de laboratorio.<\/p>\n<p style=\"font-weight: 400;\"><strong>Entonces \u00bfantes era mejor?<\/strong><\/p>\n<p style=\"font-weight: 400;\">Si disfrutas con el trabajo, no importa. El esfuerzo puesto en la foto merece la pena, y sientes una gran alegr\u00eda cuando tienes \u00e9xito. Ahora bien, es dif\u00edcil diferenciar a un buen fot\u00f3grafo de uno excelente. Todos tenemos un gran equipo, y hay que mejorar constantemente, aprender cosas nuevas y mantenerse al d\u00eda. La clave est\u00e1 en captar momentos de una forma nueva.<\/p>\n","protected":false},"excerpt":{"rendered":"<p>Fue la \u00fanica mujer que fotografi\u00f3 el Tour de Francia durante 25 a\u00f1os. Sus colegas masculinos tardaron dos a\u00f1os en [&hellip;]<\/p>\n","protected":false},"author":29,"featured_media":11042,"comment_status":"open","ping_status":"open","sticky":false,"template":"","format":"standard","meta":{"footnotes":""},"categories":[7],"tags":[2305],"global-categories":[],"class_list":["post-11037","post","type-post","status-publish","format-standard","has-post-thumbnail","hentry","category-carretera","tag-tour-2024"],"yoast_head":"<!-- This site is optimized with the Yoast SEO Premium plugin v25.3 (Yoast SEO v25.9) - https:\/\/yoast.com\/wordpress\/plugins\/seo\/ -->\n<title>Fot\u00f3grafos del Tour de Francia: Marketa Navratilova<\/title>\n<meta name=\"description\" content=\"Fot\u00f3grafos del Tour de Francia: Marketa Navratilova. As\u00ed es el trabajo de un fot\u00f3grafo que lleva 25 a\u00f1os en el Tour.\" \/>\n<meta name=\"robots\" content=\"index, follow, max-snippet:-1, max-image-preview:large, max-video-preview:-1\" \/>\n<link rel=\"canonical\" href=\"https:\/\/www.welovecycling.com\/es\/2024\/07\/17\/fotografos-tour-francia\/\" \/>\n<meta property=\"og:locale\" content=\"es_ES\" \/>\n<meta property=\"og:type\" content=\"article\" \/>\n<meta property=\"og:title\" content=\"Fot\u00f3grafos del Tour de Francia: Marketa Navratilova\" \/>\n<meta property=\"og:description\" content=\"Fot\u00f3grafos del Tour de Francia: Marketa Navratilova. As\u00ed es el trabajo de un fot\u00f3grafo que lleva 25 a\u00f1os en el Tour.\" \/>\n<meta property=\"og:url\" content=\"https:\/\/www.welovecycling.com\/es\/2024\/07\/17\/fotografos-tour-francia\/\" \/>\n<meta property=\"og:site_name\" content=\"\u0160koda We Love Cycling - Spain\" \/>\n<meta property=\"article:published_time\" content=\"2024-07-17T15:53:56+00:00\" \/>\n<meta property=\"og:image\" content=\"https:\/\/d2p6e6u75xmxt8.cloudfront.net\/6\/2024\/07\/TdF-Froome-Navratilova-CVR.webp\" \/>\n\t<meta property=\"og:image:width\" content=\"990\" \/>\n\t<meta property=\"og:image:height\" content=\"660\" \/>\n\t<meta property=\"og:image:type\" content=\"image\/webp\" \/>\n<meta name=\"author\" content=\"We Love Cycling Spain\" \/>\n<meta name=\"twitter:card\" content=\"summary_large_image\" \/>\n<meta name=\"twitter:description\" content=\"Fot\u00f3grafos del Tour de Francia: Marketa Navratilova. As\u00ed es el trabajo de un fot\u00f3grafo que lleva 25 a\u00f1os en el Tour.\" \/>\n<meta name=\"twitter:label1\" content=\"Written by\" \/>\n\t<meta name=\"twitter:data1\" content=\"Adam Marsal\" \/>\n\t<meta name=\"twitter:label2\" content=\"Est. reading time\" \/>\n\t<meta name=\"twitter:data2\" content=\"6\" \/>\n<script type=\"application\/ld+json\" class=\"yoast-schema-graph\">{\"@context\":\"https:\/\/schema.org\",\"@graph\":[{\"@type\":\"WebPage\",\"@id\":\"https:\/\/www.welovecycling.com\/es\/2024\/07\/17\/fotografos-tour-francia\/\",\"url\":\"https:\/\/www.welovecycling.com\/es\/2024\/07\/17\/fotografos-tour-francia\/\",\"name\":\"Fot\u00f3grafos del Tour de Francia: Marketa Navratilova\",\"isPartOf\":{\"@id\":\"https:\/\/www.welovecycling.com\/es\/#website\"},\"primaryImageOfPage\":{\"@id\":\"https:\/\/www.welovecycling.com\/es\/2024\/07\/17\/fotografos-tour-francia\/#primaryimage\"},\"image\":{\"@id\":\"https:\/\/www.welovecycling.com\/es\/2024\/07\/17\/fotografos-tour-francia\/#primaryimage\"},\"thumbnailUrl\":\"https:\/\/d2p6e6u75xmxt8.cloudfront.net\/6\/2024\/07\/TdF-Froome-Navratilova-CVR.webp\",\"datePublished\":\"2024-07-17T15:53:56+00:00\",\"author\":{\"@id\":\"https:\/\/www.welovecycling.com\/es\/#\/schema\/person\/deb61715b5812698ee79fb96f343ccd4\"},\"description\":\"Fot\u00f3grafos del Tour de Francia: Marketa Navratilova. As\u00ed es el trabajo de un fot\u00f3grafo que lleva 25 a\u00f1os en el Tour.\",\"breadcrumb\":{\"@id\":\"https:\/\/www.welovecycling.com\/es\/2024\/07\/17\/fotografos-tour-francia\/#breadcrumb\"},\"inLanguage\":\"es-ES\",\"potentialAction\":[{\"@type\":\"ReadAction\",\"target\":[\"https:\/\/www.welovecycling.com\/es\/2024\/07\/17\/fotografos-tour-francia\/\"]}]},{\"@type\":\"ImageObject\",\"inLanguage\":\"es-ES\",\"@id\":\"https:\/\/www.welovecycling.com\/es\/2024\/07\/17\/fotografos-tour-francia\/#primaryimage\",\"url\":\"https:\/\/d2p6e6u75xmxt8.cloudfront.net\/6\/2024\/07\/TdF-Froome-Navratilova-CVR.webp\",\"contentUrl\":\"https:\/\/d2p6e6u75xmxt8.cloudfront.net\/6\/2024\/07\/TdF-Froome-Navratilova-CVR.webp\",\"width\":990,\"height\":660},{\"@type\":\"BreadcrumbList\",\"@id\":\"https:\/\/www.welovecycling.com\/es\/2024\/07\/17\/fotografos-tour-francia\/#breadcrumb\",\"itemListElement\":[{\"@type\":\"ListItem\",\"position\":1,\"name\":\"Home\",\"item\":\"https:\/\/www.welovecycling.com\/es\/\"},{\"@type\":\"ListItem\",\"position\":2,\"name\":\"Fot\u00f3grafos del Tour de Francia: Marketa Navratilova\"}]},{\"@type\":\"WebSite\",\"@id\":\"https:\/\/www.welovecycling.com\/es\/#website\",\"url\":\"https:\/\/www.welovecycling.com\/es\/\",\"name\":\"\u0160koda We Love Cycling - Spain\",\"description\":\"\u0160koda WeLoveCycling Spain\",\"potentialAction\":[{\"@type\":\"SearchAction\",\"target\":{\"@type\":\"EntryPoint\",\"urlTemplate\":\"https:\/\/www.welovecycling.com\/es\/?s={search_term_string}\"},\"query-input\":{\"@type\":\"PropertyValueSpecification\",\"valueRequired\":true,\"valueName\":\"search_term_string\"}}],\"inLanguage\":\"es-ES\"},{\"@type\":\"Person\",\"@id\":\"https:\/\/www.welovecycling.com\/es\/#\/schema\/person\/deb61715b5812698ee79fb96f343ccd4\",\"name\":\"We Love Cycling Spain\",\"image\":{\"@type\":\"ImageObject\",\"inLanguage\":\"es-ES\",\"@id\":\"https:\/\/www.welovecycling.com\/es\/#\/schema\/person\/image\/\",\"url\":\"https:\/\/secure.gravatar.com\/avatar\/c824b04e6df0e37a03219d0b6481672889df542894588964102459e46513159c?s=96&d=mm&r=g\",\"contentUrl\":\"https:\/\/secure.gravatar.com\/avatar\/c824b04e6df0e37a03219d0b6481672889df542894588964102459e46513159c?s=96&d=mm&r=g\",\"caption\":\"We Love Cycling Spain\"},\"url\":\"https:\/\/www.welovecycling.com\/es\/author\/amunoz\/\"}]}<\/script>\n<!-- \/ Yoast SEO Premium plugin. -->","yoast_head_json":{"title":"Fot\u00f3grafos del Tour de Francia: Marketa Navratilova","description":"Fot\u00f3grafos del Tour de Francia: Marketa Navratilova. As\u00ed es el trabajo de un fot\u00f3grafo que lleva 25 a\u00f1os en el Tour.","robots":{"index":"index","follow":"follow","max-snippet":"max-snippet:-1","max-image-preview":"max-image-preview:large","max-video-preview":"max-video-preview:-1"},"canonical":"https:\/\/www.welovecycling.com\/es\/2024\/07\/17\/fotografos-tour-francia\/","og_locale":"es_ES","og_type":"article","og_title":"Fot\u00f3grafos del Tour de Francia: Marketa Navratilova","og_description":"Fot\u00f3grafos del Tour de Francia: Marketa Navratilova. As\u00ed es el trabajo de un fot\u00f3grafo que lleva 25 a\u00f1os en el Tour.","og_url":"https:\/\/www.welovecycling.com\/es\/2024\/07\/17\/fotografos-tour-francia\/","og_site_name":"\u0160koda We Love Cycling - Spain","article_published_time":"2024-07-17T15:53:56+00:00","og_image":[{"width":990,"height":660,"url":"https:\/\/d2p6e6u75xmxt8.cloudfront.net\/6\/2024\/07\/TdF-Froome-Navratilova-CVR.webp","type":"image\/webp"}],"author":"We Love Cycling Spain","twitter_card":"summary_large_image","twitter_description":"Fot\u00f3grafos del Tour de Francia: Marketa Navratilova. As\u00ed es el trabajo de un fot\u00f3grafo que lleva 25 a\u00f1os en el Tour.","twitter_misc":{"Written by":"Adam Marsal","Est. reading time":"6"},"schema":{"@context":"https:\/\/schema.org","@graph":[{"@type":"WebPage","@id":"https:\/\/www.welovecycling.com\/es\/2024\/07\/17\/fotografos-tour-francia\/","url":"https:\/\/www.welovecycling.com\/es\/2024\/07\/17\/fotografos-tour-francia\/","name":"Fot\u00f3grafos del Tour de Francia: Marketa Navratilova","isPartOf":{"@id":"https:\/\/www.welovecycling.com\/es\/#website"},"primaryImageOfPage":{"@id":"https:\/\/www.welovecycling.com\/es\/2024\/07\/17\/fotografos-tour-francia\/#primaryimage"},"image":{"@id":"https:\/\/www.welovecycling.com\/es\/2024\/07\/17\/fotografos-tour-francia\/#primaryimage"},"thumbnailUrl":"https:\/\/d2p6e6u75xmxt8.cloudfront.net\/6\/2024\/07\/TdF-Froome-Navratilova-CVR.webp","datePublished":"2024-07-17T15:53:56+00:00","author":{"@id":"https:\/\/www.welovecycling.com\/es\/#\/schema\/person\/deb61715b5812698ee79fb96f343ccd4"},"description":"Fot\u00f3grafos del Tour de Francia: Marketa Navratilova. As\u00ed es el trabajo de un fot\u00f3grafo que lleva 25 a\u00f1os en el Tour.","breadcrumb":{"@id":"https:\/\/www.welovecycling.com\/es\/2024\/07\/17\/fotografos-tour-francia\/#breadcrumb"},"inLanguage":"es-ES","potentialAction":[{"@type":"ReadAction","target":["https:\/\/www.welovecycling.com\/es\/2024\/07\/17\/fotografos-tour-francia\/"]}]},{"@type":"ImageObject","inLanguage":"es-ES","@id":"https:\/\/www.welovecycling.com\/es\/2024\/07\/17\/fotografos-tour-francia\/#primaryimage","url":"https:\/\/d2p6e6u75xmxt8.cloudfront.net\/6\/2024\/07\/TdF-Froome-Navratilova-CVR.webp","contentUrl":"https:\/\/d2p6e6u75xmxt8.cloudfront.net\/6\/2024\/07\/TdF-Froome-Navratilova-CVR.webp","width":990,"height":660},{"@type":"BreadcrumbList","@id":"https:\/\/www.welovecycling.com\/es\/2024\/07\/17\/fotografos-tour-francia\/#breadcrumb","itemListElement":[{"@type":"ListItem","position":1,"name":"Home","item":"https:\/\/www.welovecycling.com\/es\/"},{"@type":"ListItem","position":2,"name":"Fot\u00f3grafos del Tour de Francia: Marketa Navratilova"}]},{"@type":"WebSite","@id":"https:\/\/www.welovecycling.com\/es\/#website","url":"https:\/\/www.welovecycling.com\/es\/","name":"\u0160koda We Love Cycling - Spain","description":"\u0160koda WeLoveCycling Spain","potentialAction":[{"@type":"SearchAction","target":{"@type":"EntryPoint","urlTemplate":"https:\/\/www.welovecycling.com\/es\/?s={search_term_string}"},"query-input":{"@type":"PropertyValueSpecification","valueRequired":true,"valueName":"search_term_string"}}],"inLanguage":"es-ES"},{"@type":"Person","@id":"https:\/\/www.welovecycling.com\/es\/#\/schema\/person\/deb61715b5812698ee79fb96f343ccd4","name":"We Love Cycling Spain","image":{"@type":"ImageObject","inLanguage":"es-ES","@id":"https:\/\/www.welovecycling.com\/es\/#\/schema\/person\/image\/","url":"https:\/\/secure.gravatar.com\/avatar\/c824b04e6df0e37a03219d0b6481672889df542894588964102459e46513159c?s=96&d=mm&r=g","contentUrl":"https:\/\/secure.gravatar.com\/avatar\/c824b04e6df0e37a03219d0b6481672889df542894588964102459e46513159c?s=96&d=mm&r=g","caption":"We Love Cycling Spain"},"url":"https:\/\/www.welovecycling.com\/es\/author\/amunoz\/"}]}},"_links":{"self":[{"href":"https:\/\/www.welovecycling.com\/es\/wp-json\/wp\/v2\/posts\/11037","targetHints":{"allow":["GET"]}}],"collection":[{"href":"https:\/\/www.welovecycling.com\/es\/wp-json\/wp\/v2\/posts"}],"about":[{"href":"https:\/\/www.welovecycling.com\/es\/wp-json\/wp\/v2\/types\/post"}],"author":[{"embeddable":true,"href":"https:\/\/www.welovecycling.com\/es\/wp-json\/wp\/v2\/users\/29"}],"replies":[{"embeddable":true,"href":"https:\/\/www.welovecycling.com\/es\/wp-json\/wp\/v2\/comments?post=11037"}],"version-history":[{"count":4,"href":"https:\/\/www.welovecycling.com\/es\/wp-json\/wp\/v2\/posts\/11037\/revisions"}],"predecessor-version":[{"id":11047,"href":"https:\/\/www.welovecycling.com\/es\/wp-json\/wp\/v2\/posts\/11037\/revisions\/11047"}],"wp:featuredmedia":[{"embeddable":true,"href":"https:\/\/www.welovecycling.com\/es\/wp-json\/wp\/v2\/media\/11042"}],"wp:attachment":[{"href":"https:\/\/www.welovecycling.com\/es\/wp-json\/wp\/v2\/media?parent=11037"}],"wp:term":[{"taxonomy":"category","embeddable":true,"href":"https:\/\/www.welovecycling.com\/es\/wp-json\/wp\/v2\/categories?post=11037"},{"taxonomy":"post_tag","embeddable":true,"href":"https:\/\/www.welovecycling.com\/es\/wp-json\/wp\/v2\/tags?post=11037"},{"taxonomy":"global-categories","embeddable":true,"href":"https:\/\/www.welovecycling.com\/es\/wp-json\/wp\/v2\/global-categories?post=11037"}],"curies":[{"name":"wp","href":"https:\/\/api.w.org\/{rel}","templated":true}]}}