{"id":11018,"date":"2024-07-14T18:16:28","date_gmt":"2024-07-14T16:16:28","guid":{"rendered":"https:\/\/www.welovecycling.com\/es\/?p=11018"},"modified":"2024-07-14T18:16:28","modified_gmt":"2024-07-14T16:16:28","slug":"pogacar-sin-manos-en-plateau-de-beille","status":"publish","type":"post","link":"https:\/\/www.welovecycling.com\/es\/2024\/07\/14\/pogacar-sin-manos-en-plateau-de-beille\/","title":{"rendered":"Pogacar, sin manos en Plateau de Beille"},"content":{"rendered":"<p style=\"font-weight: 400;\"><strong>El ciclismo son detalles. Sobre todo cuando se va a m\u00e1ximo rendimiento. Vingegaard arranca a m\u00e1s de 10 de meta en Plateau de Beille despu\u00e9s de un excelente trabajo de Jorgenson. Pogacar sale a su rueda, sin problemas. El dan\u00e9s est\u00e1 poniendo todos sus vatios para ganar el Tour y al esloveno le da para soltarse de manos, coger un bid\u00f3n del auxiliar y ech\u00e1rselo por encima del cuerpo para refrescarse. El Tour estaba pr\u00e1cticamente sentenciado a falta de una semana.<\/strong><\/p>\n<p><!--more--><\/p>\n<p style=\"font-weight: 400;\">Lo que sucedi\u00f3 despu\u00e9s entre ambos nunca hab\u00eda pasado en los cuatro a\u00f1os de duelos Vingegaard-Pogacar. El dan\u00e9s, obligado a recuperar tiempo, aguant\u00f3 otros cuatro kil\u00f3metros intentando reventar al esloveno a ritmo. A Pogacar no le hizo falta ni levantarse. Solo le faltaba saludar a la c\u00e1mara. A falta de cinco <strong>Vingegaard hizo un \u00faltimo intento<\/strong>. Levantado\u00a0 sobre la bici aceler\u00f3 al m\u00e1ximo. En otras ocasiones hac\u00eda sufrir a su rival. Esta vez ni se inmut\u00f3. Pero fue la se\u00f1al. En cuanto el dan\u00e9s se sent\u00f3 y baj\u00f3 el ritmo a Pogacar solo le hizo falta bajar dos pi\u00f1ones para alejarse de \u00e9l. No hubo respuesta. No la pod\u00eda haber. El corredor de Visma se hab\u00eda desnundado. Hab\u00eda dejado en la mesa sus mejores cartas y no fueron ni suficientes para inquietar a Pogacar.<\/p>\n<p>A partir de ah\u00ed la \u00fanica duda era cuanta ventaja se iba a llevar Pogacar, que andaba desatado. Meti\u00f3 plato en los \u00faltimos tres kil\u00f3metros mientras Vingegaard sufr\u00eda sin capacidad de respuesta. Cansado, derrotado y al borde de la p\u00e1jara el dan\u00e9s se dej\u00f3 m\u00e1s de un minuto. El Tour a\u00fan m\u00e1s lejos, aunque todav\u00eda quedan\u00a0 tres etapas alpinas y una contrarreloj complicada en Niza.\u00a0 Adi\u00f3s a las esperanzas de la etapa del Macizo Central en Le Lioran, cuando el corredor de Visma pudo recuperar 30 segundos a Pogacar y ganarle el sprint de meta. Ese d\u00eda volvi\u00f3 a so\u00f1ar con el Tour. En Plateau de Beille ya solo hab\u00eda pesadillas.<\/p>\n<p><img loading=\"lazy\" decoding=\"async\" class=\"alignnone size-extra-large\" src=\"https:\/\/img.aso.fr\/core_app\/img-cycling-tdf-jpg\/action-019\/59681\/0:0,1200:800-1000-0-70\/6dd83\" width=\"1000\" height=\"667\" \/>A\u00fan as\u00ed. <a href=\"https:\/\/www.teamvismaleaseabike.com\/liveblog\/liveblog\/liveblog-tour-de-france-2024\/\">Vingegaard fue el \u00fanico<\/a> que pudo rodar un tiempo con Pogacar en los \u00faltimos diez kil\u00f3metros. Remco Evenepoel, el tercero en discordia, ni tan siquiera intent\u00f3 entrar en los movimientos de sus dos rivales. Los dej\u00f3 marchar y se fueron. Lejos. El belga, que se estrena en el Tour, perdi\u00f3 casi tres minutos. Lo suyo no fue p\u00e1jara ni baj\u00f3n de rendimiento, solo su puesto natural en la monta\u00f1a frente a los dos mejores ciclistas del mundo en vueltas de tres semanas. Ya marcha a m\u00e1s de seis minutos, pero a\u00fan as\u00ed puede haberse asegurado una plaza en el podio, porque el quinto en la general, Almeida, ya va a m\u00e1s de 11.<\/p>\n<p>El destrozo del <strong>Visma y Pogacar<\/strong> provoc\u00f3 que Mikel Landa, cuarto, fuese el \u00fanico que lleg\u00f3 a menos de cuatro minutos en la etapa. Por detr\u00e1s dos UAE, Almeida y Yates, a m\u00e1s de cuatro minutos. Carlos Rodr\u00edguez, el l\u00edder del Ineos, y un aval de de resistencia y saber estar, acab\u00f3 a m\u00e1s de cinco minutos.<\/p>\n<p>Las diferencias de Pogacar en Plateau de Beille son de otros tiempos, cuando en el ciclismo los l\u00edderes ten\u00edan muchos m\u00e1s privilegios que los gregarios. Ins\u00f3litas para el ciclismo de la igualdad actual. Quiz\u00e1s su m\u00e1xima exhibici\u00f3n en el Tour de Francia, salvando aquel ataque en el Col de la Romme en el Tour de 2021 a 32 de meta. Esta vez sin la participaci\u00f3n de su equipo. Solo aprovechando las rentas ganadas y la necesidad de Vingegaard para remontar.<\/p>\n<p>Pese a que q<strong>ueda una semana, tres llegadas en alto y una crono, en el Visma ahora mismo son todo dudas<\/strong>. Tiene peor equipo de UAE y su l\u00edder ya no es capaz de hacer sufrir a Pogacar como en las tres ediciones anteriores del Tour. <strong>Adem\u00e1s, si ponen toda la carne en el asador el esloveno les acaba rematando, como sucedi\u00f3 en Plateau de Beille.<\/strong> No les vale arriesgar todo al \u00faltimo puerto, sino jugar a encontrar un d\u00eda malo de Pogacar, que siempre lo ha tenido en todos los Tours. Aunque quiz\u00e1 el de esta edici\u00f3n fue en Le Lioran y no pudieron restarle ni un segundo. La otra sensaci\u00f3n es que el esloveno acabe pagando los esfuerzos del Giro en la \u00faltima semana de Tour y lo pueda aprovechar Vingegaard, que en teor\u00eda llega corto de forma despu\u00e9s de su lesi\u00f3n en la Itzulia. Pero eso, como vimos en 2023, a veces no sucede. Y el que llega corto de forma se acaba hundiendo al final.<\/p>\n<p>El resultado de Plateau de Beille <strong>solo fue una continuaci\u00f3n de los sucedido en Pla de Adet el s\u00e1bado<\/strong>. Esta vez con distinto gui\u00f3n. Control y ritmo fulgurante del UAE y ataque de Pogacar a cinco de meta, al final de las duras rampas del 10%. Vingegaard no pudo cogerle rueda. Solo esperar a que el esloveno aflojase un poco para recuperar terreno a ritmo igual que en el macizo central. No ocurri\u00f3. Y la cuerda se fue estirando hasta los 40 segundos.<\/p>\n<h2><strong>Cuatro d\u00edas de monta\u00f1a y una crono<\/strong><\/h2>\n<p>El Tour entra en la \u00faltima semana con la clasificaci\u00f3n general muy perfilada, pero con muchas dudas en la pelea por el maillot verde. Grmay le saca casi 90 puntos a <strong>Philipsen y el belga solo tiene la etapa del martes en Nime<\/strong>s con previsible final al sprint para recortar ventaja. Tambi\u00e9n los sprints intermedios, pero para eso el corredor del Alpecin tendr\u00e1 que echar mano de su equipo para meterse en fugas de monta\u00f1a y poder ir limando puntos al eritreo. Eso s\u00ed, el siguiente objetivo de ambos es no llegar fuera de control. La exhibici\u00f3n de Pogacar en Plateau de Beille dej\u00f3 a medio pelot\u00f3n en la cuerda floja y en Alpes puede volver a suceder lo mismo.<\/p>\n<p><img loading=\"lazy\" decoding=\"async\" class=\"alignnone size-extra-large\" src=\"https:\/\/img.aso.fr\/core_app\/img-cycling-tdf-jpg\/action-013\/59676\/0:0,1200:800-1000-0-70\/f140d\" width=\"1000\" height=\"667\" \/><br \/>\nY es que despu\u00e9s de la etapa del martes de Nimes a los velocistas solo les queda sufrir y aguantar. Al d\u00eda siguiente final m\u00e1s que peligroso en las monta\u00f1as de los alrededores de Gap, donde siempre han pasado cosas. All\u00ed en 2003 Beloki se dej\u00f3 un Tour bajando por intentar soltar a Lance Armstrong. <strong>La subidas de Bayard y Noyer<\/strong>, cortas pero duras, dan paso al final en la estaci\u00f3n de Superdevoluy de solo cuatro kil\u00f3metros al 6%. Es muy posible que llegue la fuga, pero tambi\u00e9n que haya batalla entre los favoritos.<\/p>\n<p>El jueves el Tour viaja hacia el sur de los Alpes con una etapa de media monta\u00f1a y 3.100 metros de desnivel. Cinco puertos de monta\u00f1a, todos lejos de la meta de Barcelonnette, pero por un terreno quebrado y peligroso, ideal para fugas.<\/p>\n<p>El viernes llega quiz\u00e1s la gran etapa de monta\u00f1a de Alpes. Solo 1<a href=\"https:\/\/www.letour.fr\/es\/etapa-19\">44 kil\u00f3metros y tres puertos de monta\u00f1a.<\/a> Pero todos por encima de 2.000 metros de altitud y sumando m\u00e1s de 4.400 metros de desnivel. Vars (2100), La Bonnette (2.800) y techo de este Tour de Francia y final en la estaci\u00f3n de esqu\u00ed de Isola 2000 a la que no se llegaba desde el 1993, cuando Indurain y Rominger se disputaron el Tour m\u00e1s igualado de la \u00e9poca del navarro.\u00a0 Seguramente la etapa marcada por el Visma para hacer da\u00f1o a Pogacar en un territorio en el que Vingegaard suele ser mejor que el esloveno.<br \/>\n<img loading=\"lazy\" decoding=\"async\" class=\"alignnone size-extra-large\" src=\"https:\/\/img.aso.fr\/core_app\/img-cycling-tdf-jpg\/19\/54059\/0:0,1005:604-960-0-90\/e71d0\" width=\"960\" height=\"577\" \/>Sin descanso llega la etapa de los <a href=\"https:\/\/www.letour.fr\/es\/etapa-20\">Alpes Mar\u00edtimos. Corta, 134 kil\u00f3metros<\/a>, pero con casi 5.000 metros de desnivel. No son puertos demasiados altos, Lo m\u00e1s elevado es la meta del Col de la Couillole a 1.678 metros, pero la carrera parte de Niza, a nivel del mar e ir\u00e1 cogiendo intensidad a cada cima. Primero el Col de Braus, de segunda, luego el Col de Turini, habitual de la Paris Niza, igual que el Col de la Colmiane, otro de los cl\u00e1sicos de la carrera de marzo. Entre ellos ni un metro llano. Sin descanso para reorganizarse. Por ultimo La Couillole. Un puerto de 15 kil\u00f3metros que siempre est\u00e1 entre el 7 y el 8%. Constante, duro y en el que si el Tour hubiese llegado m\u00e1s igualado se podr\u00eda ver una carrera espectacular.<\/p>\n<p><img loading=\"lazy\" decoding=\"async\" class=\"alignnone size-extra-large\" src=\"https:\/\/img.aso.fr\/core_app\/img-cycling-tdf-jpg\/20\/54067\/0:0,1005:604-960-0-90\/d5c2f\" width=\"960\" height=\"577\" \/>Y para acabar la complicada crono entre M\u00f3naco y Niza, de 33 kil\u00f3metros, 650 metros de desnivel y dos puertos de monta\u00f1a, La Turbie y Col de Eze. Pensada para que los equipos debatiesen que material utilizar, pero que puede ser solo anecd\u00f3tica si la carrera sigue la tendencia de Plateau de Beille.<\/p>\n","protected":false},"excerpt":{"rendered":"<p>El ciclismo son detalles. Sobre todo cuando se va a m\u00e1ximo rendimiento. Vingegaard arranca a m\u00e1s de 10 de meta [&hellip;]<\/p>\n","protected":false},"author":29,"featured_media":11021,"comment_status":"open","ping_status":"open","sticky":false,"template":"","format":"standard","meta":{"footnotes":""},"categories":[7],"tags":[1219,2305],"global-categories":[1164],"class_list":["post-11018","post","type-post","status-publish","format-standard","has-post-thumbnail","hentry","category-carretera","tag-pogacar","tag-tour-2024","global-categories-cycling"],"yoast_head":"<!-- This site is optimized with the Yoast SEO Premium plugin v25.3 (Yoast SEO v25.9) - https:\/\/yoast.com\/wordpress\/plugins\/seo\/ -->\n<title>Pogacar, sin manos en Plateau de Beille - \u0160koda We Love Cycling - Spain<\/title>\n<meta name=\"description\" content=\"Pogacar, sin manos en Plateau de Beille. El esloveno dio el golpe de gracia al Tour despu\u00e9s de aguantar y remachar a Vingegaard.\" \/>\n<meta name=\"robots\" content=\"index, follow, max-snippet:-1, max-image-preview:large, max-video-preview:-1\" \/>\n<link rel=\"canonical\" href=\"https:\/\/www.welovecycling.com\/es\/2024\/07\/14\/pogacar-sin-manos-en-plateau-de-beille\/\" \/>\n<meta property=\"og:locale\" content=\"es_ES\" \/>\n<meta property=\"og:type\" content=\"article\" \/>\n<meta property=\"og:title\" content=\"Pogacar, sin manos en Plateau de Beille\" \/>\n<meta property=\"og:description\" content=\"Pogacar, sin manos en Plateau de Beille. El esloveno dio el golpe de gracia al Tour despu\u00e9s de aguantar y remachar a Vingegaard.\" \/>\n<meta property=\"og:url\" content=\"https:\/\/www.welovecycling.com\/es\/2024\/07\/14\/pogacar-sin-manos-en-plateau-de-beille\/\" \/>\n<meta property=\"og:site_name\" content=\"\u0160koda We Love Cycling - Spain\" \/>\n<meta property=\"article:published_time\" content=\"2024-07-14T16:16:28+00:00\" \/>\n<meta property=\"og:image\" content=\"https:\/\/d2p6e6u75xmxt8.cloudfront.net\/6\/2024\/07\/pogacar-Tour-2024.webp\" \/>\n\t<meta property=\"og:image:width\" content=\"1000\" \/>\n\t<meta property=\"og:image:height\" content=\"667\" \/>\n\t<meta property=\"og:image:type\" content=\"image\/webp\" \/>\n<meta name=\"author\" content=\"We Love Cycling Spain\" \/>\n<meta name=\"twitter:card\" content=\"summary_large_image\" \/>\n<meta name=\"twitter:description\" content=\"Pogacar, sin manos en Plateau de Beille. El esloveno dio el golpe de gracia al Tour despu\u00e9s de aguantar y remachar a Vingegaard.\" \/>\n<meta name=\"twitter:label1\" content=\"Written by\" \/>\n\t<meta name=\"twitter:data1\" content=\"Luis Ortega @Ciclored\" \/>\n\t<meta name=\"twitter:label2\" content=\"Est. reading time\" \/>\n\t<meta name=\"twitter:data2\" content=\"7 minutes\" \/>\n<script type=\"application\/ld+json\" class=\"yoast-schema-graph\">{\"@context\":\"https:\/\/schema.org\",\"@graph\":[{\"@type\":\"WebPage\",\"@id\":\"https:\/\/www.welovecycling.com\/es\/2024\/07\/14\/pogacar-sin-manos-en-plateau-de-beille\/\",\"url\":\"https:\/\/www.welovecycling.com\/es\/2024\/07\/14\/pogacar-sin-manos-en-plateau-de-beille\/\",\"name\":\"Pogacar, sin manos en Plateau de Beille - \u0160koda We Love Cycling - Spain\",\"isPartOf\":{\"@id\":\"https:\/\/www.welovecycling.com\/es\/#website\"},\"primaryImageOfPage\":{\"@id\":\"https:\/\/www.welovecycling.com\/es\/2024\/07\/14\/pogacar-sin-manos-en-plateau-de-beille\/#primaryimage\"},\"image\":{\"@id\":\"https:\/\/www.welovecycling.com\/es\/2024\/07\/14\/pogacar-sin-manos-en-plateau-de-beille\/#primaryimage\"},\"thumbnailUrl\":\"https:\/\/d2p6e6u75xmxt8.cloudfront.net\/6\/2024\/07\/pogacar-Tour-2024.webp\",\"datePublished\":\"2024-07-14T16:16:28+00:00\",\"author\":{\"@id\":\"https:\/\/www.welovecycling.com\/es\/#\/schema\/person\/deb61715b5812698ee79fb96f343ccd4\"},\"description\":\"Pogacar, sin manos en Plateau de Beille. El esloveno dio el golpe de gracia al Tour despu\u00e9s de aguantar y remachar a Vingegaard.\",\"breadcrumb\":{\"@id\":\"https:\/\/www.welovecycling.com\/es\/2024\/07\/14\/pogacar-sin-manos-en-plateau-de-beille\/#breadcrumb\"},\"inLanguage\":\"es-ES\",\"potentialAction\":[{\"@type\":\"ReadAction\",\"target\":[\"https:\/\/www.welovecycling.com\/es\/2024\/07\/14\/pogacar-sin-manos-en-plateau-de-beille\/\"]}]},{\"@type\":\"ImageObject\",\"inLanguage\":\"es-ES\",\"@id\":\"https:\/\/www.welovecycling.com\/es\/2024\/07\/14\/pogacar-sin-manos-en-plateau-de-beille\/#primaryimage\",\"url\":\"https:\/\/d2p6e6u75xmxt8.cloudfront.net\/6\/2024\/07\/pogacar-Tour-2024.webp\",\"contentUrl\":\"https:\/\/d2p6e6u75xmxt8.cloudfront.net\/6\/2024\/07\/pogacar-Tour-2024.webp\",\"width\":1000,\"height\":667},{\"@type\":\"BreadcrumbList\",\"@id\":\"https:\/\/www.welovecycling.com\/es\/2024\/07\/14\/pogacar-sin-manos-en-plateau-de-beille\/#breadcrumb\",\"itemListElement\":[{\"@type\":\"ListItem\",\"position\":1,\"name\":\"Home\",\"item\":\"https:\/\/www.welovecycling.com\/es\/\"},{\"@type\":\"ListItem\",\"position\":2,\"name\":\"Pogacar, sin manos en Plateau de Beille\"}]},{\"@type\":\"WebSite\",\"@id\":\"https:\/\/www.welovecycling.com\/es\/#website\",\"url\":\"https:\/\/www.welovecycling.com\/es\/\",\"name\":\"\u0160koda We Love Cycling - Spain\",\"description\":\"\u0160koda WeLoveCycling Spain\",\"potentialAction\":[{\"@type\":\"SearchAction\",\"target\":{\"@type\":\"EntryPoint\",\"urlTemplate\":\"https:\/\/www.welovecycling.com\/es\/?s={search_term_string}\"},\"query-input\":{\"@type\":\"PropertyValueSpecification\",\"valueRequired\":true,\"valueName\":\"search_term_string\"}}],\"inLanguage\":\"es-ES\"},{\"@type\":\"Person\",\"@id\":\"https:\/\/www.welovecycling.com\/es\/#\/schema\/person\/deb61715b5812698ee79fb96f343ccd4\",\"name\":\"We Love Cycling Spain\",\"image\":{\"@type\":\"ImageObject\",\"inLanguage\":\"es-ES\",\"@id\":\"https:\/\/www.welovecycling.com\/es\/#\/schema\/person\/image\/\",\"url\":\"https:\/\/secure.gravatar.com\/avatar\/c824b04e6df0e37a03219d0b6481672889df542894588964102459e46513159c?s=96&d=mm&r=g\",\"contentUrl\":\"https:\/\/secure.gravatar.com\/avatar\/c824b04e6df0e37a03219d0b6481672889df542894588964102459e46513159c?s=96&d=mm&r=g\",\"caption\":\"We Love Cycling Spain\"},\"url\":\"https:\/\/www.welovecycling.com\/es\/author\/amunoz\/\"}]}<\/script>\n<!-- \/ Yoast SEO Premium plugin. -->","yoast_head_json":{"title":"Pogacar, sin manos en Plateau de Beille - \u0160koda We Love Cycling - Spain","description":"Pogacar, sin manos en Plateau de Beille. El esloveno dio el golpe de gracia al Tour despu\u00e9s de aguantar y remachar a Vingegaard.","robots":{"index":"index","follow":"follow","max-snippet":"max-snippet:-1","max-image-preview":"max-image-preview:large","max-video-preview":"max-video-preview:-1"},"canonical":"https:\/\/www.welovecycling.com\/es\/2024\/07\/14\/pogacar-sin-manos-en-plateau-de-beille\/","og_locale":"es_ES","og_type":"article","og_title":"Pogacar, sin manos en Plateau de Beille","og_description":"Pogacar, sin manos en Plateau de Beille. El esloveno dio el golpe de gracia al Tour despu\u00e9s de aguantar y remachar a Vingegaard.","og_url":"https:\/\/www.welovecycling.com\/es\/2024\/07\/14\/pogacar-sin-manos-en-plateau-de-beille\/","og_site_name":"\u0160koda We Love Cycling - Spain","article_published_time":"2024-07-14T16:16:28+00:00","og_image":[{"width":1000,"height":667,"url":"https:\/\/d2p6e6u75xmxt8.cloudfront.net\/6\/2024\/07\/pogacar-Tour-2024.webp","type":"image\/webp"}],"author":"We Love Cycling Spain","twitter_card":"summary_large_image","twitter_description":"Pogacar, sin manos en Plateau de Beille. El esloveno dio el golpe de gracia al Tour despu\u00e9s de aguantar y remachar a Vingegaard.","twitter_misc":{"Written by":"Luis Ortega @Ciclored","Est. reading time":"7 minutes"},"schema":{"@context":"https:\/\/schema.org","@graph":[{"@type":"WebPage","@id":"https:\/\/www.welovecycling.com\/es\/2024\/07\/14\/pogacar-sin-manos-en-plateau-de-beille\/","url":"https:\/\/www.welovecycling.com\/es\/2024\/07\/14\/pogacar-sin-manos-en-plateau-de-beille\/","name":"Pogacar, sin manos en Plateau de Beille - \u0160koda We Love Cycling - Spain","isPartOf":{"@id":"https:\/\/www.welovecycling.com\/es\/#website"},"primaryImageOfPage":{"@id":"https:\/\/www.welovecycling.com\/es\/2024\/07\/14\/pogacar-sin-manos-en-plateau-de-beille\/#primaryimage"},"image":{"@id":"https:\/\/www.welovecycling.com\/es\/2024\/07\/14\/pogacar-sin-manos-en-plateau-de-beille\/#primaryimage"},"thumbnailUrl":"https:\/\/d2p6e6u75xmxt8.cloudfront.net\/6\/2024\/07\/pogacar-Tour-2024.webp","datePublished":"2024-07-14T16:16:28+00:00","author":{"@id":"https:\/\/www.welovecycling.com\/es\/#\/schema\/person\/deb61715b5812698ee79fb96f343ccd4"},"description":"Pogacar, sin manos en Plateau de Beille. El esloveno dio el golpe de gracia al Tour despu\u00e9s de aguantar y remachar a Vingegaard.","breadcrumb":{"@id":"https:\/\/www.welovecycling.com\/es\/2024\/07\/14\/pogacar-sin-manos-en-plateau-de-beille\/#breadcrumb"},"inLanguage":"es-ES","potentialAction":[{"@type":"ReadAction","target":["https:\/\/www.welovecycling.com\/es\/2024\/07\/14\/pogacar-sin-manos-en-plateau-de-beille\/"]}]},{"@type":"ImageObject","inLanguage":"es-ES","@id":"https:\/\/www.welovecycling.com\/es\/2024\/07\/14\/pogacar-sin-manos-en-plateau-de-beille\/#primaryimage","url":"https:\/\/d2p6e6u75xmxt8.cloudfront.net\/6\/2024\/07\/pogacar-Tour-2024.webp","contentUrl":"https:\/\/d2p6e6u75xmxt8.cloudfront.net\/6\/2024\/07\/pogacar-Tour-2024.webp","width":1000,"height":667},{"@type":"BreadcrumbList","@id":"https:\/\/www.welovecycling.com\/es\/2024\/07\/14\/pogacar-sin-manos-en-plateau-de-beille\/#breadcrumb","itemListElement":[{"@type":"ListItem","position":1,"name":"Home","item":"https:\/\/www.welovecycling.com\/es\/"},{"@type":"ListItem","position":2,"name":"Pogacar, sin manos en Plateau de Beille"}]},{"@type":"WebSite","@id":"https:\/\/www.welovecycling.com\/es\/#website","url":"https:\/\/www.welovecycling.com\/es\/","name":"\u0160koda We Love Cycling - Spain","description":"\u0160koda WeLoveCycling Spain","potentialAction":[{"@type":"SearchAction","target":{"@type":"EntryPoint","urlTemplate":"https:\/\/www.welovecycling.com\/es\/?s={search_term_string}"},"query-input":{"@type":"PropertyValueSpecification","valueRequired":true,"valueName":"search_term_string"}}],"inLanguage":"es-ES"},{"@type":"Person","@id":"https:\/\/www.welovecycling.com\/es\/#\/schema\/person\/deb61715b5812698ee79fb96f343ccd4","name":"We Love Cycling Spain","image":{"@type":"ImageObject","inLanguage":"es-ES","@id":"https:\/\/www.welovecycling.com\/es\/#\/schema\/person\/image\/","url":"https:\/\/secure.gravatar.com\/avatar\/c824b04e6df0e37a03219d0b6481672889df542894588964102459e46513159c?s=96&d=mm&r=g","contentUrl":"https:\/\/secure.gravatar.com\/avatar\/c824b04e6df0e37a03219d0b6481672889df542894588964102459e46513159c?s=96&d=mm&r=g","caption":"We Love Cycling Spain"},"url":"https:\/\/www.welovecycling.com\/es\/author\/amunoz\/"}]}},"_links":{"self":[{"href":"https:\/\/www.welovecycling.com\/es\/wp-json\/wp\/v2\/posts\/11018","targetHints":{"allow":["GET"]}}],"collection":[{"href":"https:\/\/www.welovecycling.com\/es\/wp-json\/wp\/v2\/posts"}],"about":[{"href":"https:\/\/www.welovecycling.com\/es\/wp-json\/wp\/v2\/types\/post"}],"author":[{"embeddable":true,"href":"https:\/\/www.welovecycling.com\/es\/wp-json\/wp\/v2\/users\/29"}],"replies":[{"embeddable":true,"href":"https:\/\/www.welovecycling.com\/es\/wp-json\/wp\/v2\/comments?post=11018"}],"version-history":[{"count":4,"href":"https:\/\/www.welovecycling.com\/es\/wp-json\/wp\/v2\/posts\/11018\/revisions"}],"predecessor-version":[{"id":11023,"href":"https:\/\/www.welovecycling.com\/es\/wp-json\/wp\/v2\/posts\/11018\/revisions\/11023"}],"wp:featuredmedia":[{"embeddable":true,"href":"https:\/\/www.welovecycling.com\/es\/wp-json\/wp\/v2\/media\/11021"}],"wp:attachment":[{"href":"https:\/\/www.welovecycling.com\/es\/wp-json\/wp\/v2\/media?parent=11018"}],"wp:term":[{"taxonomy":"category","embeddable":true,"href":"https:\/\/www.welovecycling.com\/es\/wp-json\/wp\/v2\/categories?post=11018"},{"taxonomy":"post_tag","embeddable":true,"href":"https:\/\/www.welovecycling.com\/es\/wp-json\/wp\/v2\/tags?post=11018"},{"taxonomy":"global-categories","embeddable":true,"href":"https:\/\/www.welovecycling.com\/es\/wp-json\/wp\/v2\/global-categories?post=11018"}],"curies":[{"name":"wp","href":"https:\/\/api.w.org\/{rel}","templated":true}]}}