{"id":11010,"date":"2024-07-14T11:41:22","date_gmt":"2024-07-14T09:41:22","guid":{"rendered":"https:\/\/www.welovecycling.com\/es\/?p=11010"},"modified":"2024-07-14T11:41:22","modified_gmt":"2024-07-14T09:41:22","slug":"amor-tour-de-francia","status":"publish","type":"post","link":"https:\/\/www.welovecycling.com\/es\/2024\/07\/14\/amor-tour-de-francia\/","title":{"rendered":"Historias de amor del Tour de Francia"},"content":{"rendered":"<p style=\"font-weight: 400;\"><strong>El ciclismo es amor. No hay discusi\u00f3n. Nos encanta el ciclismo, nos encantan los ciclistas y nos encanta amar. Y como el Tour de Francia es el mayor acontecimiento ciclista del a\u00f1o, nos preguntamos: \u00bfcu\u00e1l es tu mayor historia de amor ciclista? \u00bfCu\u00e1l es tu historia de amor en el Tour de Francia?<\/strong><\/p>\n<p><!--more--><\/p>\n<p style=\"font-weight: 400;\">He aqu\u00ed algunas de las historias de amor m\u00e1s interesantes que hab\u00e9is compartido.<\/p>\n<h2><strong>Un amor diferente<\/strong><\/h2>\n<p>No todo el mundo ve el amor tan unilateralmente como pretend\u00edamos. Aunque esper\u00e1bamos conexiones m\u00e1s personales, los aficionados ser\u00e1n aficionados, y la pasi\u00f3n por este deporte siempre tendr\u00e1 prioridad.<\/p>\n<p>&#8220;No recuerdo no haber estado enamorado del Tour. Siempre se ha celebrado durante mis veranos de ni\u00f1o, y creo que es mi primer y eterno amor. Las cuatro veces que he asistido son algunos de mis recuerdos favoritos. A d\u00eda de hoy, sigo la carrera de principio a fin, y la gente, las carreteras y el paisaje siempre me hacen sonre\u00edr&#8221;, dice el usuario de Reddit @frkloja.<\/p>\n<p>@zep2floyd tiene una opini\u00f3n diferente. Tienen un momento concreto del Tour que les enamor\u00f3.<\/p>\n<p>&#8220;<a href=\"https:\/\/www.welovecycling.com\/wide\/2024\/06\/25\/love-letter-to-the-tour-de-france-stephen-roche-relives-the-glory-and-the-heartbreak\/\">Cuando Stephen Roche gan\u00f3 la Triple Corona,<\/a> nunca olvidar\u00e9 ese a\u00f1o como aficionado irland\u00e9s al ciclismo. La victoria en el Tour de Francia fue algo que nunca olvidar\u00e9, y comenz\u00f3 mi historia de amor con el ciclismo profesional&#8221;.<\/p>\n<p>A veces, el amor trasciende generaciones. Los padres cogen a sus hijos y consiguen darles un recuerdo atesorado para toda la vida. @Anaalgarnaal es el ejemplo perfecto.<\/p>\n<p>&#8220;El s\u00e1bado 21 de julio de 2001, mi padre me llev\u00f3 -a un ni\u00f1o de 10 a\u00f1os- a la salida de la 12\u00aa etapa del Tour en Perpi\u00f1\u00e1n (Perpi\u00f1\u00e1n &#8211; Ax-les-Thermes). Est\u00e1bamos acampados con la familia cerca. La ciudad estaba inundada de otros turistas que tambi\u00e9n ven\u00edan a ver la caravana del Tour.<\/p>\n<p>En alg\u00fan momento, mi padre decidi\u00f3 dejarme subir a la valla, lo que me dio acceso a la zona de prensa\/VIP. Estuve muy cerca de la mayor\u00eda de mis ciclistas favoritos y recog\u00ed m\u00e1s de diez aut\u00f3grafos antes de que los ciclistas fueran llamados a la salida. Despu\u00e9s de la salida volvimos al camping y vimos juntos el resto de la etapa desde nuestra caba\u00f1a&#8221;.<\/p>\n<p>As\u00ed es como se crea un <a href=\"http:\/\/letour.fr\">fan del Tour de Francia<\/a> para toda la vida.<\/p>\n<p>Por \u00faltimo, tenemos a @exphysed, que tiene su propia opini\u00f3n sobre la pregunta de la historia de amor del Tour de Francia. Dice: &#8220;Aprend\u00ed a amar la versi\u00f3n vasca de la canci\u00f3n &#8216;ol\u00e9 ol\u00e9 ol\u00e9&#8217; despu\u00e9s de escucharla durante nueve horas seguidas hasta el amanecer mientras intentaba dormir debajo de mi coche de alquiler en Pla d&#8217;Adet la noche antes de la Etapa 15 del Tour de 2005&#8243;. \u00bfEs ese el tipo de historia que buscas?&#8221;.<\/p>\n<p>Bueno, no es exactamente lo que buscaba, pero desde luego me hizo re\u00edr a carcajadas.<\/p>\n<p>En cualquier caso, el Tour y el ciclismo en su conjunto son la raz\u00f3n por la que muchos de ustedes se enamoraron.<\/p>\n<figure id=\"attachment_11012\" aria-describedby=\"caption-attachment-11012\" style=\"width: 990px\" class=\"wp-caption alignnone\"><a href=\"https:\/\/d2p6e6u75xmxt8.cloudfront.net\/6\/2024\/07\/Vingegaard-Wife-Kiss-profimedia-0709539567-CVR.webp\"><img loading=\"lazy\" decoding=\"async\" class=\"wp-image-11012 size-full\" src=\"https:\/\/d2p6e6u75xmxt8.cloudfront.net\/6\/2024\/07\/Vingegaard-Wife-Kiss-profimedia-0709539567-CVR.webp\" alt=\"Vingegaard and his wife\" width=\"990\" height=\"660\" srcset=\"https:\/\/d2p6e6u75xmxt8.cloudfront.net\/6\/2024\/07\/Vingegaard-Wife-Kiss-profimedia-0709539567-CVR.webp 990w, https:\/\/d2p6e6u75xmxt8.cloudfront.net\/6\/2024\/07\/Vingegaard-Wife-Kiss-profimedia-0709539567-CVR-300x200.webp 300w, https:\/\/d2p6e6u75xmxt8.cloudfront.net\/6\/2024\/07\/Vingegaard-Wife-Kiss-profimedia-0709539567-CVR-768x512.webp 768w, https:\/\/d2p6e6u75xmxt8.cloudfront.net\/6\/2024\/07\/Vingegaard-Wife-Kiss-profimedia-0709539567-CVR-400x267.webp 400w, https:\/\/d2p6e6u75xmxt8.cloudfront.net\/6\/2024\/07\/Vingegaard-Wife-Kiss-profimedia-0709539567-CVR-272x182.webp 272w\" sizes=\"auto, (max-width: 990px) 100vw, 990px\" \/><\/a><figcaption id=\"caption-attachment-11012\" class=\"wp-caption-text\">El ciclismo es amor. \u00a9 Profimedia<\/figcaption><\/figure>\n<h2><strong>El Tour es el mejor compa\u00f1ero<\/strong><\/h2>\n<p>Efectivamente, no hay mejor manera de encontrar a tu media naranja que formando parte del mayor evento ciclista del mundo. \u00bfTe imaginas encontrar a alguien dispuesto a ver m\u00e1s de cuatro horas diarias de ciclismo durante un mes si no est\u00e1 enamorado de este deporte? As\u00ed que, s\u00ed, muchos de vosotros encontraron su verdadero amor en las carreteras de Francia, esperando a que el pelot\u00f3n pasara.<\/p>\n<p>@canadianhifive comparte: &#8220;Tuve mi primera cita con una mujer en la etapa final del Tour de Francia 2018. Somos de Canad\u00e1. Nos vamos a casar en dos semanas!&#8221;. Supongo que ya est\u00e1s casado, amigo, as\u00ed que felicidades de parte de todos nosotros aqu\u00ed en We Love Cycling.<\/p>\n<p>@johndoe701 tambi\u00e9n tuvo una experiencia bastante buena. \u00c9l dice: &#8220;Mi Esposa y yo nos paramos en los Campos El\u00edseos para ver la etapa final del Tour 2017 como parte de nuestra luna de miel.&#8221; Eso es lo que yo llamo una rom\u00e1ntica luna de miel en Par\u00eds. Definitivamente tienes un guardi\u00e1n, amigo.<\/p>\n<p style=\"font-weight: 400;\">@Jagoda.khatri, una de nuestras seguidoras de Instagram, tambi\u00e9n comparti\u00f3 su historia de amor. &#8220;L&#8217;\u00e9tape du Tour 2018 nos uni\u00f3 a mi novio y a m\u00ed. Conseguimos los dorsales en el \u00faltimo momento gracias a un amigo com\u00fan, hicimos la carrera juntos y cruzamos la meta cogidos de la mano. Dos d\u00edas antes del evento, Eric decidi\u00f3 que necesitaba una bicicleta de escalada adecuada (ten\u00eda una Trek Lexa de aluminio). Me regal\u00f3 uno de sus cuadros de carbono (la geometr\u00eda era estupenda para m\u00ed) y junt\u00f3 todas las piezas. Todav\u00eda uso esta bici y siempre digo que es una historia de amor ciclista lo que nos uni\u00f3&#8221;, escribi\u00f3, y no podr\u00edamos alegrarnos m\u00e1s por ella.<\/p>\n<h2><strong>Ciclismo es amor<\/strong><\/h2>\n<p><a href=\"https:\/\/d2p6e6u75xmxt8.cloudfront.net\/6\/2024\/07\/Tour-de-Love-Story-Mari-Wedding.webp\"><img loading=\"lazy\" decoding=\"async\" class=\"alignnone size-full wp-image-11013\" src=\"https:\/\/d2p6e6u75xmxt8.cloudfront.net\/6\/2024\/07\/Tour-de-Love-Story-Mari-Wedding.webp\" alt=\"Marriage pohtos\" width=\"828\" height=\"356\" srcset=\"https:\/\/d2p6e6u75xmxt8.cloudfront.net\/6\/2024\/07\/Tour-de-Love-Story-Mari-Wedding.webp 828w, https:\/\/d2p6e6u75xmxt8.cloudfront.net\/6\/2024\/07\/Tour-de-Love-Story-Mari-Wedding-300x129.webp 300w, https:\/\/d2p6e6u75xmxt8.cloudfront.net\/6\/2024\/07\/Tour-de-Love-Story-Mari-Wedding-768x330.webp 768w, https:\/\/d2p6e6u75xmxt8.cloudfront.net\/6\/2024\/07\/Tour-de-Love-Story-Mari-Wedding-400x172.webp 400w\" sizes=\"auto, (max-width: 828px) 100vw, 828px\" \/><\/a><\/p>\n<div id='gallery-1' class='gallery galleryid-11010 gallery-columns-2 gallery-size-large'><figure class='gallery-item'>\n\t\t\t<div class='gallery-icon landscape'>\n\t\t\t\t<a href='https:\/\/d2p6e6u75xmxt8.cloudfront.net\/6\/2024\/07\/Tour-de-Love-Story-1.webp'><img loading=\"lazy\" decoding=\"async\" width=\"990\" height=\"660\" src=\"https:\/\/d2p6e6u75xmxt8.cloudfront.net\/6\/2024\/07\/Tour-de-Love-Story-1.webp\" class=\"attachment-large size-large\" alt=\"\" srcset=\"https:\/\/d2p6e6u75xmxt8.cloudfront.net\/6\/2024\/07\/Tour-de-Love-Story-1.webp 990w, https:\/\/d2p6e6u75xmxt8.cloudfront.net\/6\/2024\/07\/Tour-de-Love-Story-1-300x200.webp 300w, https:\/\/d2p6e6u75xmxt8.cloudfront.net\/6\/2024\/07\/Tour-de-Love-Story-1-768x512.webp 768w, https:\/\/d2p6e6u75xmxt8.cloudfront.net\/6\/2024\/07\/Tour-de-Love-Story-1-400x267.webp 400w, https:\/\/d2p6e6u75xmxt8.cloudfront.net\/6\/2024\/07\/Tour-de-Love-Story-1-272x182.webp 272w\" sizes=\"auto, (max-width: 990px) 100vw, 990px\" \/><\/a>\n\t\t\t<\/div><\/figure><figure class='gallery-item'>\n\t\t\t<div class='gallery-icon landscape'>\n\t\t\t\t<a href='https:\/\/d2p6e6u75xmxt8.cloudfront.net\/6\/2024\/07\/Tour-de-Love-Story-2.webp'><img loading=\"lazy\" decoding=\"async\" width=\"990\" height=\"660\" src=\"https:\/\/d2p6e6u75xmxt8.cloudfront.net\/6\/2024\/07\/Tour-de-Love-Story-2.webp\" class=\"attachment-large size-large\" alt=\"\" srcset=\"https:\/\/d2p6e6u75xmxt8.cloudfront.net\/6\/2024\/07\/Tour-de-Love-Story-2.webp 990w, https:\/\/d2p6e6u75xmxt8.cloudfront.net\/6\/2024\/07\/Tour-de-Love-Story-2-300x200.webp 300w, https:\/\/d2p6e6u75xmxt8.cloudfront.net\/6\/2024\/07\/Tour-de-Love-Story-2-768x512.webp 768w, https:\/\/d2p6e6u75xmxt8.cloudfront.net\/6\/2024\/07\/Tour-de-Love-Story-2-400x267.webp 400w, https:\/\/d2p6e6u75xmxt8.cloudfront.net\/6\/2024\/07\/Tour-de-Love-Story-2-272x182.webp 272w\" sizes=\"auto, (max-width: 990px) 100vw, 990px\" \/><\/a>\n\t\t\t<\/div><\/figure>\n\t\t<\/div>\n\n<p>Sin embargo, el amor sobre dos ruedas puede surgir en cualquier parte. Eso es lo que podemos aprender de la conmovedora historia de Mariam Dgebuadze y Giorgi Gobadze.<\/p>\n<p>&#8220;Mi marido y yo nos conocimos en una carrera. Yo estaba en el equipo de direcci\u00f3n y \u00e9l corr\u00eda un desaf\u00edo de triatl\u00f3n. Mi Gio gan\u00f3 la carrera y mi coraz\u00f3n.<\/p>\n<p>Tras cinco a\u00f1os de noviazgo, Giorgi disputaba la \u00faltima carrera del Campeonato Nacional de Georgia. En la l\u00ednea de meta, le estaba esperando para animarle. Acab\u00f3 primero, y yo estaba extasiada. Imag\u00ednense lo que sent\u00ed cuando se baj\u00f3 de la bicicleta, se arrodill\u00f3 y me propuso matrimonio. Ese d\u00eda se convirti\u00f3 en el Campe\u00f3n Nacional de MTB de Georgia y en mi prometido.<\/p>\n<p>Pero eso no es todo. El d\u00eda de nuestra boda, fuimos al altar en bicicleta. No fue la experiencia m\u00e1s c\u00f3moda, pero bueno, las bicis eran una parte esencial de nuestra rom\u00e1ntica historia a lo Disney, as\u00ed que \u00bfc\u00f3mo \u00edbamos a dejarlas de lado en nuestro d\u00eda especial?<\/p>\n<p>Hoy seguimos pedaleando juntos, de la mano; no importa lo empinadas que sean las subidas en nuestro viaje juntos por la vida, siempre podemos contar el uno con el otro para tirar del carro y llevarnos a la cima&#8221;.<\/p>\n<p>Si \u00e9se no es el gui\u00f3n perfecto para una pel\u00edcula rom\u00e1ntica sobre ciclismo, no s\u00e9 qu\u00e9 lo es.<\/p>\n<p>Podemos decir muchas cosas sobre el amor sobre dos ruedas, pero rara vez se puede encontrar una historia de amor m\u00e1s rom\u00e1ntica y lacrim\u00f3gena que la de Mari y Gio. As\u00ed que s\u00f3lo podemos desearles muchos a\u00f1os m\u00e1s de ciclismo juntos.<\/p>\n<h2><strong>Se acerca el Tour \u00bfCon qui\u00e9n lo compartiras?<\/strong><\/h2>\n<p style=\"font-weight: 400;\">Como ves, el ciclismo es m\u00e1gico, y el Tour de Francia es como un catalizador de los inexplicables poderes rom\u00e1nticos de tu bicicleta. As\u00ed que aseg\u00farate de encontrar a alguien especial con quien compartir el TDF de este a\u00f1o. Qui\u00e9n sabe, quiz\u00e1 dentro de unos a\u00f1os pod\u00e1is compartir vuestra historia de amor y c\u00f3mo empez\u00f3 all\u00ed mismo, mientras el pelot\u00f3n estaba a tiro de piedra.<\/p>\n","protected":false},"excerpt":{"rendered":"<p>El ciclismo es amor. No hay discusi\u00f3n. Nos encanta el ciclismo, nos encantan los ciclistas y nos encanta amar. Y [&hellip;]<\/p>\n","protected":false},"author":29,"featured_media":11015,"comment_status":"open","ping_status":"open","sticky":false,"template":"","format":"standard","meta":{"footnotes":""},"categories":[7],"tags":[557,2307],"global-categories":[],"class_list":["post-11010","post","type-post","status-publish","format-standard","has-post-thumbnail","hentry","category-carretera","tag-tour-de-francia","tag-tour-de-francia-2024"],"yoast_head":"<!-- This site is optimized with the Yoast SEO Premium plugin v25.3 (Yoast SEO v25.9) - https:\/\/yoast.com\/wordpress\/plugins\/seo\/ -->\n<title>Historias de amor del Tour de Francia - \u0160koda We Love Cycling - Spain<\/title>\n<meta name=\"description\" content=\"Historias de amor del Tour de Francia. Enamorarse del ciclismo y con el ciclismo. Algunos casos de nuestros seguidores.\" \/>\n<meta name=\"robots\" content=\"index, follow, max-snippet:-1, max-image-preview:large, max-video-preview:-1\" \/>\n<link rel=\"canonical\" href=\"https:\/\/www.welovecycling.com\/es\/2024\/07\/14\/amor-tour-de-francia\/\" \/>\n<meta property=\"og:locale\" content=\"es_ES\" \/>\n<meta property=\"og:type\" content=\"article\" \/>\n<meta property=\"og:title\" content=\"Historias de amor del Tour de Francia\" \/>\n<meta property=\"og:description\" content=\"Historias de amor del Tour de Francia. Enamorarse del ciclismo y con el ciclismo. Algunos casos de nuestros seguidores.\" \/>\n<meta property=\"og:url\" content=\"https:\/\/www.welovecycling.com\/es\/2024\/07\/14\/amor-tour-de-francia\/\" \/>\n<meta property=\"og:site_name\" content=\"\u0160koda We Love Cycling - Spain\" \/>\n<meta property=\"article:published_time\" content=\"2024-07-14T09:41:22+00:00\" \/>\n<meta property=\"og:image\" content=\"https:\/\/d2p6e6u75xmxt8.cloudfront.net\/6\/2024\/07\/Tour-de-Love-Story-CVR.webp\" \/>\n\t<meta property=\"og:image:width\" content=\"990\" \/>\n\t<meta property=\"og:image:height\" content=\"660\" \/>\n\t<meta property=\"og:image:type\" content=\"image\/webp\" \/>\n<meta name=\"author\" content=\"We Love Cycling Spain\" \/>\n<meta name=\"twitter:card\" content=\"summary_large_image\" \/>\n<meta name=\"twitter:description\" content=\"Historias de amor del Tour de Francia. Enamorarse del ciclismo y con el ciclismo. Algunos casos de nuestros seguidores.\" \/>\n<meta name=\"twitter:label1\" content=\"Written by\" \/>\n\t<meta name=\"twitter:data1\" content=\"Martin Atanasov\" \/>\n\t<meta name=\"twitter:label2\" content=\"Est. reading time\" \/>\n\t<meta name=\"twitter:data2\" content=\"5\" \/>\n<script type=\"application\/ld+json\" class=\"yoast-schema-graph\">{\"@context\":\"https:\/\/schema.org\",\"@graph\":[{\"@type\":\"WebPage\",\"@id\":\"https:\/\/www.welovecycling.com\/es\/2024\/07\/14\/amor-tour-de-francia\/\",\"url\":\"https:\/\/www.welovecycling.com\/es\/2024\/07\/14\/amor-tour-de-francia\/\",\"name\":\"Historias de amor del Tour de Francia - \u0160koda We Love Cycling - Spain\",\"isPartOf\":{\"@id\":\"https:\/\/www.welovecycling.com\/es\/#website\"},\"primaryImageOfPage\":{\"@id\":\"https:\/\/www.welovecycling.com\/es\/2024\/07\/14\/amor-tour-de-francia\/#primaryimage\"},\"image\":{\"@id\":\"https:\/\/www.welovecycling.com\/es\/2024\/07\/14\/amor-tour-de-francia\/#primaryimage\"},\"thumbnailUrl\":\"https:\/\/d2p6e6u75xmxt8.cloudfront.net\/6\/2024\/07\/Tour-de-Love-Story-CVR.webp\",\"datePublished\":\"2024-07-14T09:41:22+00:00\",\"author\":{\"@id\":\"https:\/\/www.welovecycling.com\/es\/#\/schema\/person\/deb61715b5812698ee79fb96f343ccd4\"},\"description\":\"Historias de amor del Tour de Francia. Enamorarse del ciclismo y con el ciclismo. Algunos casos de nuestros seguidores.\",\"breadcrumb\":{\"@id\":\"https:\/\/www.welovecycling.com\/es\/2024\/07\/14\/amor-tour-de-francia\/#breadcrumb\"},\"inLanguage\":\"es-ES\",\"potentialAction\":[{\"@type\":\"ReadAction\",\"target\":[\"https:\/\/www.welovecycling.com\/es\/2024\/07\/14\/amor-tour-de-francia\/\"]}]},{\"@type\":\"ImageObject\",\"inLanguage\":\"es-ES\",\"@id\":\"https:\/\/www.welovecycling.com\/es\/2024\/07\/14\/amor-tour-de-francia\/#primaryimage\",\"url\":\"https:\/\/d2p6e6u75xmxt8.cloudfront.net\/6\/2024\/07\/Tour-de-Love-Story-CVR.webp\",\"contentUrl\":\"https:\/\/d2p6e6u75xmxt8.cloudfront.net\/6\/2024\/07\/Tour-de-Love-Story-CVR.webp\",\"width\":990,\"height\":660,\"caption\":\"Marriage proposal\"},{\"@type\":\"BreadcrumbList\",\"@id\":\"https:\/\/www.welovecycling.com\/es\/2024\/07\/14\/amor-tour-de-francia\/#breadcrumb\",\"itemListElement\":[{\"@type\":\"ListItem\",\"position\":1,\"name\":\"Home\",\"item\":\"https:\/\/www.welovecycling.com\/es\/\"},{\"@type\":\"ListItem\",\"position\":2,\"name\":\"Historias de amor del Tour de Francia\"}]},{\"@type\":\"WebSite\",\"@id\":\"https:\/\/www.welovecycling.com\/es\/#website\",\"url\":\"https:\/\/www.welovecycling.com\/es\/\",\"name\":\"\u0160koda We Love Cycling - Spain\",\"description\":\"\u0160koda WeLoveCycling Spain\",\"potentialAction\":[{\"@type\":\"SearchAction\",\"target\":{\"@type\":\"EntryPoint\",\"urlTemplate\":\"https:\/\/www.welovecycling.com\/es\/?s={search_term_string}\"},\"query-input\":{\"@type\":\"PropertyValueSpecification\",\"valueRequired\":true,\"valueName\":\"search_term_string\"}}],\"inLanguage\":\"es-ES\"},{\"@type\":\"Person\",\"@id\":\"https:\/\/www.welovecycling.com\/es\/#\/schema\/person\/deb61715b5812698ee79fb96f343ccd4\",\"name\":\"We Love Cycling Spain\",\"image\":{\"@type\":\"ImageObject\",\"inLanguage\":\"es-ES\",\"@id\":\"https:\/\/www.welovecycling.com\/es\/#\/schema\/person\/image\/\",\"url\":\"https:\/\/secure.gravatar.com\/avatar\/c824b04e6df0e37a03219d0b6481672889df542894588964102459e46513159c?s=96&d=mm&r=g\",\"contentUrl\":\"https:\/\/secure.gravatar.com\/avatar\/c824b04e6df0e37a03219d0b6481672889df542894588964102459e46513159c?s=96&d=mm&r=g\",\"caption\":\"We Love Cycling Spain\"},\"url\":\"https:\/\/www.welovecycling.com\/es\/author\/amunoz\/\"}]}<\/script>\n<!-- \/ Yoast SEO Premium plugin. -->","yoast_head_json":{"title":"Historias de amor del Tour de Francia - \u0160koda We Love Cycling - Spain","description":"Historias de amor del Tour de Francia. Enamorarse del ciclismo y con el ciclismo. Algunos casos de nuestros seguidores.","robots":{"index":"index","follow":"follow","max-snippet":"max-snippet:-1","max-image-preview":"max-image-preview:large","max-video-preview":"max-video-preview:-1"},"canonical":"https:\/\/www.welovecycling.com\/es\/2024\/07\/14\/amor-tour-de-francia\/","og_locale":"es_ES","og_type":"article","og_title":"Historias de amor del Tour de Francia","og_description":"Historias de amor del Tour de Francia. Enamorarse del ciclismo y con el ciclismo. Algunos casos de nuestros seguidores.","og_url":"https:\/\/www.welovecycling.com\/es\/2024\/07\/14\/amor-tour-de-francia\/","og_site_name":"\u0160koda We Love Cycling - Spain","article_published_time":"2024-07-14T09:41:22+00:00","og_image":[{"width":990,"height":660,"url":"https:\/\/d2p6e6u75xmxt8.cloudfront.net\/6\/2024\/07\/Tour-de-Love-Story-CVR.webp","type":"image\/webp"}],"author":"We Love Cycling Spain","twitter_card":"summary_large_image","twitter_description":"Historias de amor del Tour de Francia. Enamorarse del ciclismo y con el ciclismo. Algunos casos de nuestros seguidores.","twitter_misc":{"Written by":"Martin Atanasov","Est. reading time":"5"},"schema":{"@context":"https:\/\/schema.org","@graph":[{"@type":"WebPage","@id":"https:\/\/www.welovecycling.com\/es\/2024\/07\/14\/amor-tour-de-francia\/","url":"https:\/\/www.welovecycling.com\/es\/2024\/07\/14\/amor-tour-de-francia\/","name":"Historias de amor del Tour de Francia - \u0160koda We Love Cycling - Spain","isPartOf":{"@id":"https:\/\/www.welovecycling.com\/es\/#website"},"primaryImageOfPage":{"@id":"https:\/\/www.welovecycling.com\/es\/2024\/07\/14\/amor-tour-de-francia\/#primaryimage"},"image":{"@id":"https:\/\/www.welovecycling.com\/es\/2024\/07\/14\/amor-tour-de-francia\/#primaryimage"},"thumbnailUrl":"https:\/\/d2p6e6u75xmxt8.cloudfront.net\/6\/2024\/07\/Tour-de-Love-Story-CVR.webp","datePublished":"2024-07-14T09:41:22+00:00","author":{"@id":"https:\/\/www.welovecycling.com\/es\/#\/schema\/person\/deb61715b5812698ee79fb96f343ccd4"},"description":"Historias de amor del Tour de Francia. Enamorarse del ciclismo y con el ciclismo. Algunos casos de nuestros seguidores.","breadcrumb":{"@id":"https:\/\/www.welovecycling.com\/es\/2024\/07\/14\/amor-tour-de-francia\/#breadcrumb"},"inLanguage":"es-ES","potentialAction":[{"@type":"ReadAction","target":["https:\/\/www.welovecycling.com\/es\/2024\/07\/14\/amor-tour-de-francia\/"]}]},{"@type":"ImageObject","inLanguage":"es-ES","@id":"https:\/\/www.welovecycling.com\/es\/2024\/07\/14\/amor-tour-de-francia\/#primaryimage","url":"https:\/\/d2p6e6u75xmxt8.cloudfront.net\/6\/2024\/07\/Tour-de-Love-Story-CVR.webp","contentUrl":"https:\/\/d2p6e6u75xmxt8.cloudfront.net\/6\/2024\/07\/Tour-de-Love-Story-CVR.webp","width":990,"height":660,"caption":"Marriage proposal"},{"@type":"BreadcrumbList","@id":"https:\/\/www.welovecycling.com\/es\/2024\/07\/14\/amor-tour-de-francia\/#breadcrumb","itemListElement":[{"@type":"ListItem","position":1,"name":"Home","item":"https:\/\/www.welovecycling.com\/es\/"},{"@type":"ListItem","position":2,"name":"Historias de amor del Tour de Francia"}]},{"@type":"WebSite","@id":"https:\/\/www.welovecycling.com\/es\/#website","url":"https:\/\/www.welovecycling.com\/es\/","name":"\u0160koda We Love Cycling - Spain","description":"\u0160koda WeLoveCycling Spain","potentialAction":[{"@type":"SearchAction","target":{"@type":"EntryPoint","urlTemplate":"https:\/\/www.welovecycling.com\/es\/?s={search_term_string}"},"query-input":{"@type":"PropertyValueSpecification","valueRequired":true,"valueName":"search_term_string"}}],"inLanguage":"es-ES"},{"@type":"Person","@id":"https:\/\/www.welovecycling.com\/es\/#\/schema\/person\/deb61715b5812698ee79fb96f343ccd4","name":"We Love Cycling Spain","image":{"@type":"ImageObject","inLanguage":"es-ES","@id":"https:\/\/www.welovecycling.com\/es\/#\/schema\/person\/image\/","url":"https:\/\/secure.gravatar.com\/avatar\/c824b04e6df0e37a03219d0b6481672889df542894588964102459e46513159c?s=96&d=mm&r=g","contentUrl":"https:\/\/secure.gravatar.com\/avatar\/c824b04e6df0e37a03219d0b6481672889df542894588964102459e46513159c?s=96&d=mm&r=g","caption":"We Love Cycling Spain"},"url":"https:\/\/www.welovecycling.com\/es\/author\/amunoz\/"}]}},"_links":{"self":[{"href":"https:\/\/www.welovecycling.com\/es\/wp-json\/wp\/v2\/posts\/11010","targetHints":{"allow":["GET"]}}],"collection":[{"href":"https:\/\/www.welovecycling.com\/es\/wp-json\/wp\/v2\/posts"}],"about":[{"href":"https:\/\/www.welovecycling.com\/es\/wp-json\/wp\/v2\/types\/post"}],"author":[{"embeddable":true,"href":"https:\/\/www.welovecycling.com\/es\/wp-json\/wp\/v2\/users\/29"}],"replies":[{"embeddable":true,"href":"https:\/\/www.welovecycling.com\/es\/wp-json\/wp\/v2\/comments?post=11010"}],"version-history":[{"count":2,"href":"https:\/\/www.welovecycling.com\/es\/wp-json\/wp\/v2\/posts\/11010\/revisions"}],"predecessor-version":[{"id":11017,"href":"https:\/\/www.welovecycling.com\/es\/wp-json\/wp\/v2\/posts\/11010\/revisions\/11017"}],"wp:featuredmedia":[{"embeddable":true,"href":"https:\/\/www.welovecycling.com\/es\/wp-json\/wp\/v2\/media\/11015"}],"wp:attachment":[{"href":"https:\/\/www.welovecycling.com\/es\/wp-json\/wp\/v2\/media?parent=11010"}],"wp:term":[{"taxonomy":"category","embeddable":true,"href":"https:\/\/www.welovecycling.com\/es\/wp-json\/wp\/v2\/categories?post=11010"},{"taxonomy":"post_tag","embeddable":true,"href":"https:\/\/www.welovecycling.com\/es\/wp-json\/wp\/v2\/tags?post=11010"},{"taxonomy":"global-categories","embeddable":true,"href":"https:\/\/www.welovecycling.com\/es\/wp-json\/wp\/v2\/global-categories?post=11010"}],"curies":[{"name":"wp","href":"https:\/\/api.w.org\/{rel}","templated":true}]}}