{"id":11000,"date":"2024-07-11T20:57:45","date_gmt":"2024-07-11T18:57:45","guid":{"rendered":"https:\/\/www.welovecycling.com\/es\/?p=11000"},"modified":"2024-07-11T20:57:45","modified_gmt":"2024-07-11T18:57:45","slug":"acampada-tour-de-francia","status":"publish","type":"post","link":"https:\/\/www.welovecycling.com\/es\/2024\/07\/11\/acampada-tour-de-francia\/","title":{"rendered":"Acampada para ver el Tour de Francia"},"content":{"rendered":"<p style=\"font-weight: 400;\"><strong>Vivir en persona uno de los mayores espect\u00e1culos deportivos del mundo es algo especial. Y no hay mejor lugar para convertirlo en una experiencia memorable que la cima de una monta\u00f1a. Si alguna vez te has preguntado c\u00f3mo es acampar para ver una etapa de monta\u00f1a del Tour de Francia, este art\u00edculo puede darte una idea.<\/strong><\/p>\n<p><!--more--><\/p>\n<h2><strong>\u00bfC\u00f3mo acaban los aficionados en esas carreteras?<\/strong><\/h2>\n<p>El principal problema para asistir como espectador a las etapas de monta\u00f1a del Tour de Francia es que los organizadores de la carrera cierran las carreteras un d\u00eda o incluso dos antes de la etapa en cuesti\u00f3n. Esto significa que hay tres formas de llegar hasta all\u00ed para ver de cerca a los ciclistas. La que elijas depender\u00e1 de tu forma f\u00edsica y de lo cerca que quieras estar de la cima.<\/p>\n<p><strong>Subir en bicicleta.<\/strong> Si quieres combinar el espect\u00e1culo con el ciclismo, la mejor opci\u00f3n es alojarse cerca de la monta\u00f1a, madrugar y subir en bicicleta antes de que llegue el pelot\u00f3n. Las carreteras permanecen abiertas a ciclistas y peatones hasta pocas horas antes de que pase toda la caravana del Tour.<br \/>\n<strong>Subir en coche y a pie<\/strong>. Si te alojas en un hotel cercano y no dispones de bicicleta ni de la forma f\u00edsica necesaria para afrontar una subida de monta\u00f1a, puede utilizar tu coche. Algunas carreteras secundarias pueden estar abiertas para subir parte de la monta\u00f1a. Y puedes seguir subiendo para tener al menos una vista de media monta\u00f1a.<\/p>\n<p><strong>Acampar en la monta\u00f1a.<\/strong> Si quieres sumergirte por completo en el ambiente del Tour, sin duda debes optar por la tercera opci\u00f3n, acampar. Puedes subir en tu autocaravana, acampar en una tienda de campa\u00f1a o incluso en un coche normal. Eso s\u00ed, preparate para recorrer estrechas carreteras de monta\u00f1a con pronunciados desniveles y muchos otros campistas a lo largo de la carretera. Si te sientes c\u00f3modo maniobrando con tus veh\u00edculos en espacios reducidos, podr\u00e1 llegar muy alto en la monta\u00f1a.<\/p>\n<figure id=\"attachment_11001\" aria-describedby=\"caption-attachment-11001\" style=\"width: 990px\" class=\"wp-caption alignnone\"><a href=\"https:\/\/d2p6e6u75xmxt8.cloudfront.net\/6\/2024\/07\/2024-Tour-de-France-Camping-profimedia-0378495034.webp\"><img loading=\"lazy\" decoding=\"async\" class=\"wp-image-11001 size-full\" src=\"https:\/\/d2p6e6u75xmxt8.cloudfront.net\/6\/2024\/07\/2024-Tour-de-France-Camping-profimedia-0378495034.webp\" alt=\"2018 Tour\" width=\"990\" height=\"660\" srcset=\"https:\/\/d2p6e6u75xmxt8.cloudfront.net\/6\/2024\/07\/2024-Tour-de-France-Camping-profimedia-0378495034.webp 990w, https:\/\/d2p6e6u75xmxt8.cloudfront.net\/6\/2024\/07\/2024-Tour-de-France-Camping-profimedia-0378495034-300x200.webp 300w, https:\/\/d2p6e6u75xmxt8.cloudfront.net\/6\/2024\/07\/2024-Tour-de-France-Camping-profimedia-0378495034-768x512.webp 768w, https:\/\/d2p6e6u75xmxt8.cloudfront.net\/6\/2024\/07\/2024-Tour-de-France-Camping-profimedia-0378495034-400x267.webp 400w, https:\/\/d2p6e6u75xmxt8.cloudfront.net\/6\/2024\/07\/2024-Tour-de-France-Camping-profimedia-0378495034-272x182.webp 272w\" sizes=\"auto, (max-width: 990px) 100vw, 990px\" \/><\/a><figcaption id=\"caption-attachment-11001\" class=\"wp-caption-text\">El principal problema para asistir como espectador a las etapas de monta\u00f1a del Tour de Francia es que los organizadores de la carrera cierran las carreteras un d\u00eda o incluso dos antes de la etapa en cuesti\u00f3n \u00a9 Profimedia<\/figcaption><\/figure>\n<h2><strong>Planificaci\u00f3n<\/strong><\/h2>\n<p style=\"font-weight: 400;\">El mejor momento para empezar a planificar es en cuanto se anuncie el recorrido del Tour en octubre. Los hoteles y apartamentos de alquiler en los alrededores de la salida o llegada de la etapa se reservar\u00e1n muy r\u00e1pidamente. Para evitar los cierres de carreteras, debes planear estar en la monta\u00f1a al menos 48 horas antes de que llegue el pelot\u00f3n. Pero si quieres conseguir un lugar con las mejores vistas, tendr\u00e1s que planificar tu llegada con 3 d\u00edas de antelaci\u00f3n.<\/p>\n<h2><strong>Cocinar, fuego, historias&#8230;<\/strong><\/h2>\n<p>Puede que est\u00e9s pensando: tres d\u00edas en una monta\u00f1a, \u00bfqu\u00e9 voy a hacer all\u00ed? No te preocupes, all\u00ed arriba no tendr\u00e1s ni un minuto de aburrimiento. La comunidad de entusiastas del ciclismo y del Tour de Francia te recibir\u00e1 con los brazos abiertos, y puedes estar seguro de que todo el mundo quiere pas\u00e1rselo bien. Podr\u00e1s subir y bajar de la cima de la monta\u00f1a durante el d\u00eda, conociendo a gente de toda Europa y m\u00e1s all\u00e1.<\/p>\n<p>Podr\u00e1s hablar con aficionados que llevan d\u00e9cadas acampando as\u00ed, j\u00f3venes lugare\u00f1os, jubilados de distintos continentes, ac\u00e9rrimos aficionados al ciclismo y gente que nunca antes hab\u00eda visto la carrera ni hab\u00eda estado en la cima de una monta\u00f1a. Algunos se pasan el d\u00eda de fiesta, otros se sientan tranquilamente a disfrutar de las vistas.<br \/>\nPodr\u00e1s escuchar sus historias, compartir sus comidas y su vino, y unirte a ellos mientras gritan en sus peque\u00f1os televisores tras la carrera.<\/p>\n<h2><strong>El dia de carrera<\/strong><\/h2>\n<p>Cuando las carreteras se cierran el d\u00eda antes de la carrera, empiezas a tener la sensaci\u00f3n de que hay una comunidad all\u00ed arriba, en la monta\u00f1a. Y este sentimiento s\u00f3lo se intensifica en la ma\u00f1ana de la etapa que pasa o termina en tu monta\u00f1a.<\/p>\n<p>Al amanecer del d\u00eda de la carrera, la ruta bullir\u00e1 de emoci\u00f3n. Los organizadores estar\u00e1n colocando todas las se\u00f1ales y pancartas del recorrido, los ciclistas aficionados estar\u00e1n realizando sus subidas, y la gente estar\u00e1 charlando sobre el desarrollo de la carrera, y buscando el lugar perfecto para ver la carrera. A lo largo del recorrido tambi\u00e9n podr\u00e1 encontrar puestos de comida y vendedores de <a href=\"https:\/\/www.welovecycling.com\/wide\/2024\/06\/28\/tour-de-gourmandise-a-food-lovers-guide-to-the-tour-de-france\/\">deliciosos platos locales franceses<\/a>.<\/p>\n<h2><strong>La Caravana<\/strong><\/h2>\n<p>Cuando falta aproximadamente una hora para que los ciclistas lleguen a la monta\u00f1a, la caravana publicitaria entra en escena. La caravana es un desfile de veh\u00edculos salvajemente decorados que representan a cada una de las 30 marcas que patrocinan el Tour. Es un espect\u00e1culo continuo sobre ruedas que dura m\u00e1s de 30 minutos y se extiende a lo largo de m\u00e1s de 10 km. Llegan con m\u00fasica a todo volumen y lanzan regalos gratuitos a ambos lados de la carretera hacia los espectadores. Prep\u00e1rate para coger tu gorra y camiseta de lunares, bocadillos, llaveros, peluches o gafas de sol. Esto anima la fiesta y es se\u00f1al de que los ciclistas est\u00e1n cerca.<\/p>\n<p>Tras este estallido de actividad, llega un poco de calma antes de la tormenta. Todo el mundo est\u00e1 pegado a la ladera de la monta\u00f1a con la esperanza de echar el primer vistazo a los ciclistas. Los primeros indicios del pelot\u00f3n son los helic\u00f3pteros que proporcionan las im\u00e1genes a\u00e9reas; en cuanto los oyes, sabes que ha llegado el momento.<\/p>\n<h2><strong>Llega el pelot\u00f3n<\/strong><\/h2>\n<p>Por fin empiezan a llegar losciclistas y se les puede ver de cerca y en persona. Muchos corredores no muestran ning\u00fan dolor, mientras que otros luchan visiblemente. Puedes ver a los que se han curado de ca\u00eddas anteriores, a los especialistas en escalada y a los velocistas. Y puedes estar atento a todos los maillots que pasan a tu lado. \u00bfAparecer\u00e1 primero el amarillo, el blanco o el de lunares? Es probable que el verde est\u00e9 m\u00e1s rezagado, pero esos son los ciclistas que reciben los v\u00edtores m\u00e1s ruidosos, ya que la gente les est\u00e1 deseando que lleguen a la cima.<\/p>\n<p>A pesar de lo empinado del terreno, es probable que todo el pelot\u00f3n pase a toda velocidad en cuesti\u00f3n de minutos. Pero la energ\u00eda de la multitud, los gritos y los espectadores persiguiendo a los ciclistas, y las actuaciones irreales hacen que todo merezca la pena. Y sin m\u00e1s, se acab\u00f3, el pelot\u00f3n sigue descendiendo por el otro lado de la monta\u00f1a. Los aficionados empiezan a recoger y comienza la lucha por bajar la monta\u00f1a. Lo mejor es tomarse su tiempo y esperar para estar seguro. Si no tienes que bajar corriendo, disfruta de la cima de la monta\u00f1a con su serenidad de vuelta durante unos momentos m\u00e1s.<\/p>\n","protected":false},"excerpt":{"rendered":"<p>Vivir en persona uno de los mayores espect\u00e1culos deportivos del mundo es algo especial. Y no hay mejor lugar para [&hellip;]<\/p>\n","protected":false},"author":29,"featured_media":11003,"comment_status":"open","ping_status":"open","sticky":false,"template":"","format":"standard","meta":{"footnotes":""},"categories":[7],"tags":[2305,557],"global-categories":[],"class_list":["post-11000","post","type-post","status-publish","format-standard","has-post-thumbnail","hentry","category-carretera","tag-tour-2024","tag-tour-de-francia"],"yoast_head":"<!-- This site is optimized with the Yoast SEO Premium plugin v25.3 (Yoast SEO v25.9) - https:\/\/yoast.com\/wordpress\/plugins\/seo\/ -->\n<title>Acampada para ver el Tour de Francia - \u0160koda We Love Cycling - Spain<\/title>\n<meta name=\"description\" content=\"Acampada para ver el Tour de Francia. Lo que sucede cuando te vas con la tienda de campa\u00f1a para ver el Tour en alta monta\u00f1a\" \/>\n<meta name=\"robots\" content=\"index, follow, max-snippet:-1, max-image-preview:large, max-video-preview:-1\" \/>\n<link rel=\"canonical\" href=\"https:\/\/www.welovecycling.com\/es\/2024\/07\/11\/acampada-tour-de-francia\/\" \/>\n<meta property=\"og:locale\" content=\"es_ES\" \/>\n<meta property=\"og:type\" content=\"article\" \/>\n<meta property=\"og:title\" content=\"Acampada para ver el Tour de Francia\" \/>\n<meta property=\"og:description\" content=\"Acampada para ver el Tour de Francia. Lo que sucede cuando te vas con la tienda de campa\u00f1a para ver el Tour en alta monta\u00f1a\" \/>\n<meta property=\"og:url\" content=\"https:\/\/www.welovecycling.com\/es\/2024\/07\/11\/acampada-tour-de-francia\/\" \/>\n<meta property=\"og:site_name\" content=\"\u0160koda We Love Cycling - Spain\" \/>\n<meta property=\"article:published_time\" content=\"2024-07-11T18:57:45+00:00\" \/>\n<meta property=\"og:image\" content=\"https:\/\/d2p6e6u75xmxt8.cloudfront.net\/6\/2024\/07\/2024-Tour-de-France-Camping-profimedia-0788094712-CVR.webp\" \/>\n\t<meta property=\"og:image:width\" content=\"990\" \/>\n\t<meta property=\"og:image:height\" content=\"660\" \/>\n\t<meta property=\"og:image:type\" content=\"image\/webp\" \/>\n<meta name=\"author\" content=\"We Love Cycling Spain\" \/>\n<meta name=\"twitter:card\" content=\"summary_large_image\" \/>\n<meta name=\"twitter:description\" content=\"Acampada para ver el Tour de Francia. Lo que sucede cuando te vas con la tienda de campa\u00f1a para ver el Tour en alta monta\u00f1a\" \/>\n<meta name=\"twitter:label1\" content=\"Written by\" \/>\n\t<meta name=\"twitter:data1\" content=\"Jiri Kaloc\" \/>\n\t<meta name=\"twitter:label2\" content=\"Est. reading time\" \/>\n\t<meta name=\"twitter:data2\" content=\"4\" \/>\n<script type=\"application\/ld+json\" class=\"yoast-schema-graph\">{\"@context\":\"https:\/\/schema.org\",\"@graph\":[{\"@type\":\"WebPage\",\"@id\":\"https:\/\/www.welovecycling.com\/es\/2024\/07\/11\/acampada-tour-de-francia\/\",\"url\":\"https:\/\/www.welovecycling.com\/es\/2024\/07\/11\/acampada-tour-de-francia\/\",\"name\":\"Acampada para ver el Tour de Francia - \u0160koda We Love Cycling - Spain\",\"isPartOf\":{\"@id\":\"https:\/\/www.welovecycling.com\/es\/#website\"},\"primaryImageOfPage\":{\"@id\":\"https:\/\/www.welovecycling.com\/es\/2024\/07\/11\/acampada-tour-de-francia\/#primaryimage\"},\"image\":{\"@id\":\"https:\/\/www.welovecycling.com\/es\/2024\/07\/11\/acampada-tour-de-francia\/#primaryimage\"},\"thumbnailUrl\":\"https:\/\/d2p6e6u75xmxt8.cloudfront.net\/6\/2024\/07\/2024-Tour-de-France-Camping-profimedia-0788094712-CVR.webp\",\"datePublished\":\"2024-07-11T18:57:45+00:00\",\"author\":{\"@id\":\"https:\/\/www.welovecycling.com\/es\/#\/schema\/person\/deb61715b5812698ee79fb96f343ccd4\"},\"description\":\"Acampada para ver el Tour de Francia. Lo que sucede cuando te vas con la tienda de campa\u00f1a para ver el Tour en alta monta\u00f1a\",\"breadcrumb\":{\"@id\":\"https:\/\/www.welovecycling.com\/es\/2024\/07\/11\/acampada-tour-de-francia\/#breadcrumb\"},\"inLanguage\":\"es-ES\",\"potentialAction\":[{\"@type\":\"ReadAction\",\"target\":[\"https:\/\/www.welovecycling.com\/es\/2024\/07\/11\/acampada-tour-de-francia\/\"]}]},{\"@type\":\"ImageObject\",\"inLanguage\":\"es-ES\",\"@id\":\"https:\/\/www.welovecycling.com\/es\/2024\/07\/11\/acampada-tour-de-francia\/#primaryimage\",\"url\":\"https:\/\/d2p6e6u75xmxt8.cloudfront.net\/6\/2024\/07\/2024-Tour-de-France-Camping-profimedia-0788094712-CVR.webp\",\"contentUrl\":\"https:\/\/d2p6e6u75xmxt8.cloudfront.net\/6\/2024\/07\/2024-Tour-de-France-Camping-profimedia-0788094712-CVR.webp\",\"width\":990,\"height\":660},{\"@type\":\"BreadcrumbList\",\"@id\":\"https:\/\/www.welovecycling.com\/es\/2024\/07\/11\/acampada-tour-de-francia\/#breadcrumb\",\"itemListElement\":[{\"@type\":\"ListItem\",\"position\":1,\"name\":\"Home\",\"item\":\"https:\/\/www.welovecycling.com\/es\/\"},{\"@type\":\"ListItem\",\"position\":2,\"name\":\"Acampada para ver el Tour de Francia\"}]},{\"@type\":\"WebSite\",\"@id\":\"https:\/\/www.welovecycling.com\/es\/#website\",\"url\":\"https:\/\/www.welovecycling.com\/es\/\",\"name\":\"\u0160koda We Love Cycling - Spain\",\"description\":\"\u0160koda WeLoveCycling Spain\",\"potentialAction\":[{\"@type\":\"SearchAction\",\"target\":{\"@type\":\"EntryPoint\",\"urlTemplate\":\"https:\/\/www.welovecycling.com\/es\/?s={search_term_string}\"},\"query-input\":{\"@type\":\"PropertyValueSpecification\",\"valueRequired\":true,\"valueName\":\"search_term_string\"}}],\"inLanguage\":\"es-ES\"},{\"@type\":\"Person\",\"@id\":\"https:\/\/www.welovecycling.com\/es\/#\/schema\/person\/deb61715b5812698ee79fb96f343ccd4\",\"name\":\"We Love Cycling Spain\",\"image\":{\"@type\":\"ImageObject\",\"inLanguage\":\"es-ES\",\"@id\":\"https:\/\/www.welovecycling.com\/es\/#\/schema\/person\/image\/\",\"url\":\"https:\/\/secure.gravatar.com\/avatar\/c824b04e6df0e37a03219d0b6481672889df542894588964102459e46513159c?s=96&d=mm&r=g\",\"contentUrl\":\"https:\/\/secure.gravatar.com\/avatar\/c824b04e6df0e37a03219d0b6481672889df542894588964102459e46513159c?s=96&d=mm&r=g\",\"caption\":\"We Love Cycling Spain\"},\"url\":\"https:\/\/www.welovecycling.com\/es\/author\/amunoz\/\"}]}<\/script>\n<!-- \/ Yoast SEO Premium plugin. -->","yoast_head_json":{"title":"Acampada para ver el Tour de Francia - \u0160koda We Love Cycling - Spain","description":"Acampada para ver el Tour de Francia. Lo que sucede cuando te vas con la tienda de campa\u00f1a para ver el Tour en alta monta\u00f1a","robots":{"index":"index","follow":"follow","max-snippet":"max-snippet:-1","max-image-preview":"max-image-preview:large","max-video-preview":"max-video-preview:-1"},"canonical":"https:\/\/www.welovecycling.com\/es\/2024\/07\/11\/acampada-tour-de-francia\/","og_locale":"es_ES","og_type":"article","og_title":"Acampada para ver el Tour de Francia","og_description":"Acampada para ver el Tour de Francia. Lo que sucede cuando te vas con la tienda de campa\u00f1a para ver el Tour en alta monta\u00f1a","og_url":"https:\/\/www.welovecycling.com\/es\/2024\/07\/11\/acampada-tour-de-francia\/","og_site_name":"\u0160koda We Love Cycling - Spain","article_published_time":"2024-07-11T18:57:45+00:00","og_image":[{"width":990,"height":660,"url":"https:\/\/d2p6e6u75xmxt8.cloudfront.net\/6\/2024\/07\/2024-Tour-de-France-Camping-profimedia-0788094712-CVR.webp","type":"image\/webp"}],"author":"We Love Cycling Spain","twitter_card":"summary_large_image","twitter_description":"Acampada para ver el Tour de Francia. Lo que sucede cuando te vas con la tienda de campa\u00f1a para ver el Tour en alta monta\u00f1a","twitter_misc":{"Written by":"Jiri Kaloc","Est. reading time":"4"},"schema":{"@context":"https:\/\/schema.org","@graph":[{"@type":"WebPage","@id":"https:\/\/www.welovecycling.com\/es\/2024\/07\/11\/acampada-tour-de-francia\/","url":"https:\/\/www.welovecycling.com\/es\/2024\/07\/11\/acampada-tour-de-francia\/","name":"Acampada para ver el Tour de Francia - \u0160koda We Love Cycling - Spain","isPartOf":{"@id":"https:\/\/www.welovecycling.com\/es\/#website"},"primaryImageOfPage":{"@id":"https:\/\/www.welovecycling.com\/es\/2024\/07\/11\/acampada-tour-de-francia\/#primaryimage"},"image":{"@id":"https:\/\/www.welovecycling.com\/es\/2024\/07\/11\/acampada-tour-de-francia\/#primaryimage"},"thumbnailUrl":"https:\/\/d2p6e6u75xmxt8.cloudfront.net\/6\/2024\/07\/2024-Tour-de-France-Camping-profimedia-0788094712-CVR.webp","datePublished":"2024-07-11T18:57:45+00:00","author":{"@id":"https:\/\/www.welovecycling.com\/es\/#\/schema\/person\/deb61715b5812698ee79fb96f343ccd4"},"description":"Acampada para ver el Tour de Francia. Lo que sucede cuando te vas con la tienda de campa\u00f1a para ver el Tour en alta monta\u00f1a","breadcrumb":{"@id":"https:\/\/www.welovecycling.com\/es\/2024\/07\/11\/acampada-tour-de-francia\/#breadcrumb"},"inLanguage":"es-ES","potentialAction":[{"@type":"ReadAction","target":["https:\/\/www.welovecycling.com\/es\/2024\/07\/11\/acampada-tour-de-francia\/"]}]},{"@type":"ImageObject","inLanguage":"es-ES","@id":"https:\/\/www.welovecycling.com\/es\/2024\/07\/11\/acampada-tour-de-francia\/#primaryimage","url":"https:\/\/d2p6e6u75xmxt8.cloudfront.net\/6\/2024\/07\/2024-Tour-de-France-Camping-profimedia-0788094712-CVR.webp","contentUrl":"https:\/\/d2p6e6u75xmxt8.cloudfront.net\/6\/2024\/07\/2024-Tour-de-France-Camping-profimedia-0788094712-CVR.webp","width":990,"height":660},{"@type":"BreadcrumbList","@id":"https:\/\/www.welovecycling.com\/es\/2024\/07\/11\/acampada-tour-de-francia\/#breadcrumb","itemListElement":[{"@type":"ListItem","position":1,"name":"Home","item":"https:\/\/www.welovecycling.com\/es\/"},{"@type":"ListItem","position":2,"name":"Acampada para ver el Tour de Francia"}]},{"@type":"WebSite","@id":"https:\/\/www.welovecycling.com\/es\/#website","url":"https:\/\/www.welovecycling.com\/es\/","name":"\u0160koda We Love Cycling - Spain","description":"\u0160koda WeLoveCycling Spain","potentialAction":[{"@type":"SearchAction","target":{"@type":"EntryPoint","urlTemplate":"https:\/\/www.welovecycling.com\/es\/?s={search_term_string}"},"query-input":{"@type":"PropertyValueSpecification","valueRequired":true,"valueName":"search_term_string"}}],"inLanguage":"es-ES"},{"@type":"Person","@id":"https:\/\/www.welovecycling.com\/es\/#\/schema\/person\/deb61715b5812698ee79fb96f343ccd4","name":"We Love Cycling Spain","image":{"@type":"ImageObject","inLanguage":"es-ES","@id":"https:\/\/www.welovecycling.com\/es\/#\/schema\/person\/image\/","url":"https:\/\/secure.gravatar.com\/avatar\/c824b04e6df0e37a03219d0b6481672889df542894588964102459e46513159c?s=96&d=mm&r=g","contentUrl":"https:\/\/secure.gravatar.com\/avatar\/c824b04e6df0e37a03219d0b6481672889df542894588964102459e46513159c?s=96&d=mm&r=g","caption":"We Love Cycling Spain"},"url":"https:\/\/www.welovecycling.com\/es\/author\/amunoz\/"}]}},"_links":{"self":[{"href":"https:\/\/www.welovecycling.com\/es\/wp-json\/wp\/v2\/posts\/11000","targetHints":{"allow":["GET"]}}],"collection":[{"href":"https:\/\/www.welovecycling.com\/es\/wp-json\/wp\/v2\/posts"}],"about":[{"href":"https:\/\/www.welovecycling.com\/es\/wp-json\/wp\/v2\/types\/post"}],"author":[{"embeddable":true,"href":"https:\/\/www.welovecycling.com\/es\/wp-json\/wp\/v2\/users\/29"}],"replies":[{"embeddable":true,"href":"https:\/\/www.welovecycling.com\/es\/wp-json\/wp\/v2\/comments?post=11000"}],"version-history":[{"count":2,"href":"https:\/\/www.welovecycling.com\/es\/wp-json\/wp\/v2\/posts\/11000\/revisions"}],"predecessor-version":[{"id":11004,"href":"https:\/\/www.welovecycling.com\/es\/wp-json\/wp\/v2\/posts\/11000\/revisions\/11004"}],"wp:featuredmedia":[{"embeddable":true,"href":"https:\/\/www.welovecycling.com\/es\/wp-json\/wp\/v2\/media\/11003"}],"wp:attachment":[{"href":"https:\/\/www.welovecycling.com\/es\/wp-json\/wp\/v2\/media?parent=11000"}],"wp:term":[{"taxonomy":"category","embeddable":true,"href":"https:\/\/www.welovecycling.com\/es\/wp-json\/wp\/v2\/categories?post=11000"},{"taxonomy":"post_tag","embeddable":true,"href":"https:\/\/www.welovecycling.com\/es\/wp-json\/wp\/v2\/tags?post=11000"},{"taxonomy":"global-categories","embeddable":true,"href":"https:\/\/www.welovecycling.com\/es\/wp-json\/wp\/v2\/global-categories?post=11000"}],"curies":[{"name":"wp","href":"https:\/\/api.w.org\/{rel}","templated":true}]}}