{"id":10983,"date":"2024-07-04T16:29:19","date_gmt":"2024-07-04T14:29:19","guid":{"rendered":"https:\/\/www.welovecycling.com\/es\/?p=10983"},"modified":"2024-07-04T16:29:19","modified_gmt":"2024-07-04T14:29:19","slug":"bellezas-tour-francia-2024","status":"publish","type":"post","link":"https:\/\/www.welovecycling.com\/es\/2024\/07\/04\/bellezas-tour-francia-2024\/","title":{"rendered":"Las bellezas que no te puedes perder del Tour de Francia 2024"},"content":{"rendered":"<p><strong>El Tour de Francia es mucho m\u00e1s que una exhibici\u00f3n anual de destreza atl\u00e9tica: es una odisea por algunas de las regiones m\u00e1s encantadoras de Europa. A medida que el pelot\u00f3n recorre las exigentes etapas del recorrido de 2024, atraviesa una impresionante selecci\u00f3n de lugares repletos de historia, belleza natural intacta y un encanto inconfundible.<\/strong><\/p>\n<p><!--more--><\/p>\n<p>El recorrido de este a\u00f1o ofrece una oportunidad \u00fanica para descubrir joyas ocultas que se encuentran fuera de los caminos trillados. Le invita a explorar la profundidad y la riqueza de esta parte del mundo m\u00e1s all\u00e1 de la propia carrera. Tanto si sigue de cerca el Tour como si busca una experiencia cultural m\u00e1s profunda, estos destinos prometen cautivarle e inspirarle.<\/p>\n<h2><b>Etapa 6: KM 26.9 \u2014 Encuentra la calma en Taiz\u00e9<\/b><\/h2>\n<p>Taiz\u00e9 es mundialmente conocida por albergar la Comunidad de Taiz\u00e9, fundada en 1944 por el fraile suizo Roger Schutz, que re\u00fane a un centenar de pastores y frailes de todo el mundo que han elegido vivir juntos una vida de oraci\u00f3n y celibato. La elecci\u00f3n de este lugar est\u00e1 ligada a su proximidad con la Abad\u00eda de Cluny. La comunidad, la primera del mundo en acoger a monjes protestantes, recibe desde 1966 unos 50.000 visitantes al a\u00f1o, lo que hace un total de casi 4 millones de visitantes desde su fundaci\u00f3n. Se alojan en chal\u00e9s y tiendas y pueden unirse a grupos de reflexi\u00f3n, canto, m\u00fasica, estudio de la Biblia y oraci\u00f3n.<\/p>\n<h2><b>Etapa<\/b><b> 7: KM 19.9 \u2014 Brindis en Morey-Saint-Denis\u00a0<\/b><\/h2>\n<p>El vi\u00f1edo de Morey-Saint-Denis, en la C\u00f4te de Nuits, es uno de los m\u00e1s prestigiosos de Borgo\u00f1a y, de hecho, de Francia y del mundo, con una superficie de 150 hect\u00e1reas plantadas con uvas Pinot Noir para vino tinto, 40 de ellas calificadas como Grand Cru y 44 como Premier Cru. Una hect\u00e1rea est\u00e1 plantada con aligot\u00e9, que produce uno de los blancos premier cru m\u00e1s raros de Borgo\u00f1a, el Clos des Monts Luisants. Ni que decir tiene que el pueblo alberga numerosas bodegas de viticultores que merece la pena visitar y varios restaurantes gastron\u00f3micos.<\/p>\n<h2><b>Etapa<\/b><b> 12: KM 79.9 \u2014 La majestuosa Rocamadour\u00a0<\/b><\/h2>\n<figure id=\"attachment_10985\" aria-describedby=\"caption-attachment-10985\" style=\"width: 990px\" class=\"wp-caption alignnone\"><a href=\"https:\/\/d2p6e6u75xmxt8.cloudfront.net\/6\/2024\/07\/Rocamadour-profimedia-0865315528.webp\"><img loading=\"lazy\" decoding=\"async\" class=\"wp-image-10985 size-full\" src=\"https:\/\/d2p6e6u75xmxt8.cloudfront.net\/6\/2024\/07\/Rocamadour-profimedia-0865315528.webp\" alt=\"Rocamadour\" width=\"990\" height=\"660\" srcset=\"https:\/\/d2p6e6u75xmxt8.cloudfront.net\/6\/2024\/07\/Rocamadour-profimedia-0865315528.webp 990w, https:\/\/d2p6e6u75xmxt8.cloudfront.net\/6\/2024\/07\/Rocamadour-profimedia-0865315528-300x200.webp 300w, https:\/\/d2p6e6u75xmxt8.cloudfront.net\/6\/2024\/07\/Rocamadour-profimedia-0865315528-768x512.webp 768w, https:\/\/d2p6e6u75xmxt8.cloudfront.net\/6\/2024\/07\/Rocamadour-profimedia-0865315528-400x267.webp 400w, https:\/\/d2p6e6u75xmxt8.cloudfront.net\/6\/2024\/07\/Rocamadour-profimedia-0865315528-272x182.webp 272w\" sizes=\"auto, (max-width: 990px) 100vw, 990px\" \/><\/a><figcaption id=\"caption-attachment-10985\" class=\"wp-caption-text\">Rocamadour est\u00e1 considerado como uno de los lugares m\u00e1s bellos de Francia \u00a9 Profimedia<\/figcaption><\/figure>\n<p>La ciudad mariana de Rocamadour, un aut\u00e9ntico desaf\u00edo al equilibrio, enclavada en un acantilado, acoge a visitantes y peregrinos durante todo el a\u00f1o. Su historia milenaria se remonta a los primeros eremitas que se instalaron en un vasto abrigo rocoso. En 1166, se descubri\u00f3 el cuerpo perfectamente conservado de San Amador en el lugar donde ahora se encuentra el santuario. Rocamadour fue el suntuoso escenario en 2022 de la contrarreloj final del Tour de Francia (40 km), en la que Jonas Vingegaard complet\u00f3 su victoria en la prueba, mientras que su compa\u00f1ero de equipo <a href=\"https:\/\/www.welovecycling.com\/es\/2023\/06\/28\/maillot-verde-tour-2023\/\">Wout van Aert<\/a> gan\u00f3 la etapa.<\/p>\n<h2><b>Etapa 14: KM 37.6 \u2014 Lourdes<\/b><\/h2>\n<p>Cada a\u00f1o, Lourdes acoge a millones de visitantes de todos los continentes. Desde 1858, acuden en peregrinaci\u00f3n al lugar donde Bernadette Soubirous se encontr\u00f3 con la Virgen en una gruta cerca del r\u00edo Gave. En 2018, Lourdes celebr\u00f3 los 160 a\u00f1os de las apariciones. Una etapa del Tour de Francia parti\u00f3 de all\u00ed en direcci\u00f3n a Laruns, donde Primo\u017e Rogli\u010d obtuvo su segunda victoria de etapa en la Grande Boucle. Hubo que esperar hasta 1948 para que se trazara por primera vez una l\u00ednea de meta en Lourdes con motivo de la victoria de Gino &#8220;El Piadoso&#8221; Bartali. Ese d\u00eda, el h\u00e9roe nacional del ciclismo italiano, encargado junto con Fausto Coppi de levantar la moral de su pa\u00eds, llev\u00f3 su ramo de flores ganador a la gruta y atribuy\u00f3 su milagrosa victoria en el Tour, diez a\u00f1os despu\u00e9s de la primera, a Nuestra Se\u00f1ora de Lourdes. Volver\u00eda al santuario cada vez que visitara la regi\u00f3n.<\/p>\n<h2><b>Etapa 15: KM 19.9 \u2014 Un spa en Bagn\u00e8res-de-Luchon<\/b><\/h2>\n<figure id=\"attachment_10987\" aria-describedby=\"caption-attachment-10987\" style=\"width: 990px\" class=\"wp-caption alignnone\"><a href=\"https:\/\/d2p6e6u75xmxt8.cloudfront.net\/6\/2024\/07\/Bagneres-de-Luchon-profimedia-0880640918.webp\"><img loading=\"lazy\" decoding=\"async\" class=\"size-full wp-image-10987\" src=\"https:\/\/d2p6e6u75xmxt8.cloudfront.net\/6\/2024\/07\/Bagneres-de-Luchon-profimedia-0880640918.webp\" alt=\"Bagneres-de-Luchon\" width=\"990\" height=\"660\" srcset=\"https:\/\/d2p6e6u75xmxt8.cloudfront.net\/6\/2024\/07\/Bagneres-de-Luchon-profimedia-0880640918.webp 990w, https:\/\/d2p6e6u75xmxt8.cloudfront.net\/6\/2024\/07\/Bagneres-de-Luchon-profimedia-0880640918-300x200.webp 300w, https:\/\/d2p6e6u75xmxt8.cloudfront.net\/6\/2024\/07\/Bagneres-de-Luchon-profimedia-0880640918-768x512.webp 768w, https:\/\/d2p6e6u75xmxt8.cloudfront.net\/6\/2024\/07\/Bagneres-de-Luchon-profimedia-0880640918-400x267.webp 400w, https:\/\/d2p6e6u75xmxt8.cloudfront.net\/6\/2024\/07\/Bagneres-de-Luchon-profimedia-0880640918-272x182.webp 272w\" sizes=\"auto, (max-width: 990px) 100vw, 990px\" \/><\/a><figcaption id=\"caption-attachment-10987\" class=\"wp-caption-text\">Dia de spa en Bagn\u00e8res-de-Luchon. \u00a9 Profimedia<\/figcaption><\/figure>\n<p>Su posici\u00f3n privilegiada le ha permitido acoger el Tour de Francia en 55 ocasiones, todo un r\u00e9cord para una ciudad de su tama\u00f1o. Hay que decir que esta c\u00e9lebre ciudad balneario forma parte de la historia de la carrera desde 1910, cuando acogi\u00f3 las dos primeras etapas de alta monta\u00f1a de la prueba, ambas ganadas por Octave Lapize, futuro vencedor de aquella edici\u00f3n. La Reina de los Pirineos tambi\u00e9n ha coronado a menudo al futuro ganador del Tour o a su h\u00e9roe, como Pascal Simon en 1983, Thomas Voeckler en 2010 y Julian Alaphilippe en 2018. Aquel a\u00f1o, las all\u00e9es d&#8217;\u00c9tigny fueron el escenario de una salida in\u00e9dita en forma de parrilla al estilo Gran Premio de F1. Bagn\u00e8res-de-Luchon es la ciudad de monta\u00f1a m\u00e1s caracter\u00edstica de toda la cordillera pirenaica. Rodeada por los 13 picos m\u00e1s famosos de la cordillera, entre ellos el Aneto (3.404 m), el pico m\u00e1s alto de los Pirineos, Luchon tiene todo lo necesario para vivir emociones fuertes y relajarse.<\/p>\n<h2><b>Etapa 16: KM 7.2 \u2014 Escapada marina en Fleury<\/b><\/h2>\n<p>Tambi\u00e9n conocido como Fleury d&#8217;Aude, este municipio costero ocupa m\u00e1s de 5.000 hect\u00e1reas y comprende tres entidades: el pueblo vin\u00edcola de Fleury, la estaci\u00f3n balnearia de Saint Pierre la Mer, frecuentada por Toulouse-Lautrec, y el puerto pesquero y deportivo de Les Cabanes de Fleury. El municipio ofrece una gran variedad de paisajes: 3.000 hect\u00e1reas de garriga, 6 kil\u00f3metros de playas de arena y el r\u00edo Aude, que atraviesa la zona durante 9 km antes de desembocar en el Mediterr\u00e1neo, 1.000 hect\u00e1reas de vi\u00f1edos, 1.000 hect\u00e1reas de marismas, estanques y humedales. El mercado al aire libre de Saint-Pierre-la-Mer es el m\u00e1s grande de la regi\u00f3n y abre todos los d\u00edas de mayo a septiembre.<\/p>\n<h2><b>Etapa 18: KM 139.4 \u2014 Chimeneas de hadas en Les Demoiselles coiff\u00e9es<\/b><\/h2>\n<p>Las <a href=\"https:\/\/www.serreponconvallees.com\/decouvrir-visiter\/etonnante-nature\/demoiselles-coiffees-theus-remollon\">Demoiselles coiff\u00e9es<\/a>, m\u00e1s conocidas como &#8220;chimeneas de las hadas&#8221;, son formaciones originales creadas por la erosi\u00f3n. Adoptan la forma de una columna de conglomerados diversos que sostienen una roca de tama\u00f1o variable. Para evitar que sigan deterior\u00e1ndose y, sobre todo, para no poner en peligro de accidente al p\u00fablico, se ha creado un sendero bajo ellas, con paneles explicativos y magn\u00edficas vistas panor\u00e1micas. La parcela de 2,60 ha que alberga las Demoiselles coiff\u00e9es de Sauze du Lac est\u00e1 catalogada desde 1966.<\/p>\n<h2><b>Etapa 20: KM 35.9 \u2014 Pueblo medieval de Sospel\u00a0<\/b><\/h2>\n<p>Pueblo medieval a las puertas del Parque del Mercantour, <a href=\"https:\/\/www.france-voyage.com\/francia-ciudades\/sospel-23578.htm\">Sospel<\/a> es famoso por su antiguo puente de peaje. Este tipo de puente, uno de los \u00faltimos de Europa, es una rareza. Adem\u00e1s de esta curiosidad hist\u00f3rica, Sospel posee un entorno natural excepcional. Enclavado a orillas del r\u00edo B\u00e9v\u00e9ra, el pueblo medieval se encuentra a s\u00f3lo 20 km de Menton, a unos 350 metros de altitud. La Segunda Guerra Mundial estuvo a punto de devastar la ciudad. Pero Sospel se defendi\u00f3, y a\u00fan hoy exhibe con orgullo su rico patrimonio hist\u00f3rico, con no menos de diecisiete edificios catalogados.<\/p>\n","protected":false},"excerpt":{"rendered":"<p>El Tour de Francia es mucho m\u00e1s que una exhibici\u00f3n anual de destreza atl\u00e9tica: es una odisea por algunas de [&hellip;]<\/p>\n","protected":false},"author":29,"featured_media":10991,"comment_status":"open","ping_status":"open","sticky":false,"template":"","format":"standard","meta":{"footnotes":""},"categories":[7],"tags":[2305],"global-categories":[],"class_list":["post-10983","post","type-post","status-publish","format-standard","has-post-thumbnail","hentry","category-carretera","tag-tour-2024"],"yoast_head":"<!-- This site is optimized with the Yoast SEO Premium plugin v25.3 (Yoast SEO v25.9) - https:\/\/yoast.com\/wordpress\/plugins\/seo\/ -->\n<title>Las bellezas que no te puedes perder del Tour de Francia 2024 - \u0160koda We Love Cycling - Spain<\/title>\n<meta name=\"description\" content=\"Las bellezas que no te puedes perder del Tour de Francia 2024. El Tour pasa este a\u00f1o por varios de los lugares m\u00e1s bellos del Francia.\" \/>\n<meta name=\"robots\" content=\"index, follow, max-snippet:-1, max-image-preview:large, max-video-preview:-1\" \/>\n<link rel=\"canonical\" href=\"https:\/\/www.welovecycling.com\/es\/2024\/07\/04\/bellezas-tour-francia-2024\/\" \/>\n<meta property=\"og:locale\" content=\"es_ES\" \/>\n<meta property=\"og:type\" content=\"article\" \/>\n<meta property=\"og:title\" content=\"Las bellezas que no te puedes perder del Tour de Francia 2024\" \/>\n<meta property=\"og:description\" content=\"Las bellezas que no te puedes perder del Tour de Francia 2024. El Tour pasa este a\u00f1o por varios de los lugares m\u00e1s bellos del Francia.\" \/>\n<meta property=\"og:url\" content=\"https:\/\/www.welovecycling.com\/es\/2024\/07\/04\/bellezas-tour-francia-2024\/\" \/>\n<meta property=\"og:site_name\" content=\"\u0160koda We Love Cycling - Spain\" \/>\n<meta property=\"article:published_time\" content=\"2024-07-04T14:29:19+00:00\" \/>\n<meta property=\"og:image\" content=\"https:\/\/d2p6e6u75xmxt8.cloudfront.net\/6\/2024\/07\/2024_Tour-de-France-Peloton-profimedia-0886222558.webp\" \/>\n\t<meta property=\"og:image:width\" content=\"990\" \/>\n\t<meta property=\"og:image:height\" content=\"660\" \/>\n\t<meta property=\"og:image:type\" content=\"image\/webp\" \/>\n<meta name=\"author\" content=\"We Love Cycling Spain\" \/>\n<meta name=\"twitter:card\" content=\"summary_large_image\" \/>\n<meta name=\"twitter:description\" content=\"Las bellezas que no te puedes perder del Tour de Francia 2024. El Tour pasa este a\u00f1o por varios de los lugares m\u00e1s bellos del Francia.\" \/>\n<meta name=\"twitter:label1\" content=\"Written by\" \/>\n\t<meta name=\"twitter:data1\" content=\"Megan Flottorp\" \/>\n\t<meta name=\"twitter:label2\" content=\"Est. reading time\" \/>\n\t<meta name=\"twitter:data2\" content=\"4\" \/>\n<script type=\"application\/ld+json\" class=\"yoast-schema-graph\">{\"@context\":\"https:\/\/schema.org\",\"@graph\":[{\"@type\":\"WebPage\",\"@id\":\"https:\/\/www.welovecycling.com\/es\/2024\/07\/04\/bellezas-tour-francia-2024\/\",\"url\":\"https:\/\/www.welovecycling.com\/es\/2024\/07\/04\/bellezas-tour-francia-2024\/\",\"name\":\"Las bellezas que no te puedes perder del Tour de Francia 2024 - \u0160koda We Love Cycling - Spain\",\"isPartOf\":{\"@id\":\"https:\/\/www.welovecycling.com\/es\/#website\"},\"primaryImageOfPage\":{\"@id\":\"https:\/\/www.welovecycling.com\/es\/2024\/07\/04\/bellezas-tour-francia-2024\/#primaryimage\"},\"image\":{\"@id\":\"https:\/\/www.welovecycling.com\/es\/2024\/07\/04\/bellezas-tour-francia-2024\/#primaryimage\"},\"thumbnailUrl\":\"https:\/\/d2p6e6u75xmxt8.cloudfront.net\/6\/2024\/07\/2024_Tour-de-France-Peloton-profimedia-0886222558.webp\",\"datePublished\":\"2024-07-04T14:29:19+00:00\",\"author\":{\"@id\":\"https:\/\/www.welovecycling.com\/es\/#\/schema\/person\/deb61715b5812698ee79fb96f343ccd4\"},\"description\":\"Las bellezas que no te puedes perder del Tour de Francia 2024. El Tour pasa este a\u00f1o por varios de los lugares m\u00e1s bellos del Francia.\",\"breadcrumb\":{\"@id\":\"https:\/\/www.welovecycling.com\/es\/2024\/07\/04\/bellezas-tour-francia-2024\/#breadcrumb\"},\"inLanguage\":\"es-ES\",\"potentialAction\":[{\"@type\":\"ReadAction\",\"target\":[\"https:\/\/www.welovecycling.com\/es\/2024\/07\/04\/bellezas-tour-francia-2024\/\"]}]},{\"@type\":\"ImageObject\",\"inLanguage\":\"es-ES\",\"@id\":\"https:\/\/www.welovecycling.com\/es\/2024\/07\/04\/bellezas-tour-francia-2024\/#primaryimage\",\"url\":\"https:\/\/d2p6e6u75xmxt8.cloudfront.net\/6\/2024\/07\/2024_Tour-de-France-Peloton-profimedia-0886222558.webp\",\"contentUrl\":\"https:\/\/d2p6e6u75xmxt8.cloudfront.net\/6\/2024\/07\/2024_Tour-de-France-Peloton-profimedia-0886222558.webp\",\"width\":990,\"height\":660,\"caption\":\"Tour de Frace peloton\"},{\"@type\":\"BreadcrumbList\",\"@id\":\"https:\/\/www.welovecycling.com\/es\/2024\/07\/04\/bellezas-tour-francia-2024\/#breadcrumb\",\"itemListElement\":[{\"@type\":\"ListItem\",\"position\":1,\"name\":\"Home\",\"item\":\"https:\/\/www.welovecycling.com\/es\/\"},{\"@type\":\"ListItem\",\"position\":2,\"name\":\"Las bellezas que no te puedes perder del Tour de Francia 2024\"}]},{\"@type\":\"WebSite\",\"@id\":\"https:\/\/www.welovecycling.com\/es\/#website\",\"url\":\"https:\/\/www.welovecycling.com\/es\/\",\"name\":\"\u0160koda We Love Cycling - Spain\",\"description\":\"\u0160koda WeLoveCycling Spain\",\"potentialAction\":[{\"@type\":\"SearchAction\",\"target\":{\"@type\":\"EntryPoint\",\"urlTemplate\":\"https:\/\/www.welovecycling.com\/es\/?s={search_term_string}\"},\"query-input\":{\"@type\":\"PropertyValueSpecification\",\"valueRequired\":true,\"valueName\":\"search_term_string\"}}],\"inLanguage\":\"es-ES\"},{\"@type\":\"Person\",\"@id\":\"https:\/\/www.welovecycling.com\/es\/#\/schema\/person\/deb61715b5812698ee79fb96f343ccd4\",\"name\":\"We Love Cycling Spain\",\"image\":{\"@type\":\"ImageObject\",\"inLanguage\":\"es-ES\",\"@id\":\"https:\/\/www.welovecycling.com\/es\/#\/schema\/person\/image\/\",\"url\":\"https:\/\/secure.gravatar.com\/avatar\/c824b04e6df0e37a03219d0b6481672889df542894588964102459e46513159c?s=96&d=mm&r=g\",\"contentUrl\":\"https:\/\/secure.gravatar.com\/avatar\/c824b04e6df0e37a03219d0b6481672889df542894588964102459e46513159c?s=96&d=mm&r=g\",\"caption\":\"We Love Cycling Spain\"},\"url\":\"https:\/\/www.welovecycling.com\/es\/author\/amunoz\/\"}]}<\/script>\n<!-- \/ Yoast SEO Premium plugin. -->","yoast_head_json":{"title":"Las bellezas que no te puedes perder del Tour de Francia 2024 - \u0160koda We Love Cycling - Spain","description":"Las bellezas que no te puedes perder del Tour de Francia 2024. El Tour pasa este a\u00f1o por varios de los lugares m\u00e1s bellos del Francia.","robots":{"index":"index","follow":"follow","max-snippet":"max-snippet:-1","max-image-preview":"max-image-preview:large","max-video-preview":"max-video-preview:-1"},"canonical":"https:\/\/www.welovecycling.com\/es\/2024\/07\/04\/bellezas-tour-francia-2024\/","og_locale":"es_ES","og_type":"article","og_title":"Las bellezas que no te puedes perder del Tour de Francia 2024","og_description":"Las bellezas que no te puedes perder del Tour de Francia 2024. El Tour pasa este a\u00f1o por varios de los lugares m\u00e1s bellos del Francia.","og_url":"https:\/\/www.welovecycling.com\/es\/2024\/07\/04\/bellezas-tour-francia-2024\/","og_site_name":"\u0160koda We Love Cycling - Spain","article_published_time":"2024-07-04T14:29:19+00:00","og_image":[{"width":990,"height":660,"url":"https:\/\/d2p6e6u75xmxt8.cloudfront.net\/6\/2024\/07\/2024_Tour-de-France-Peloton-profimedia-0886222558.webp","type":"image\/webp"}],"author":"We Love Cycling Spain","twitter_card":"summary_large_image","twitter_description":"Las bellezas que no te puedes perder del Tour de Francia 2024. El Tour pasa este a\u00f1o por varios de los lugares m\u00e1s bellos del Francia.","twitter_misc":{"Written by":"Megan Flottorp","Est. reading time":"4"},"schema":{"@context":"https:\/\/schema.org","@graph":[{"@type":"WebPage","@id":"https:\/\/www.welovecycling.com\/es\/2024\/07\/04\/bellezas-tour-francia-2024\/","url":"https:\/\/www.welovecycling.com\/es\/2024\/07\/04\/bellezas-tour-francia-2024\/","name":"Las bellezas que no te puedes perder del Tour de Francia 2024 - \u0160koda We Love Cycling - Spain","isPartOf":{"@id":"https:\/\/www.welovecycling.com\/es\/#website"},"primaryImageOfPage":{"@id":"https:\/\/www.welovecycling.com\/es\/2024\/07\/04\/bellezas-tour-francia-2024\/#primaryimage"},"image":{"@id":"https:\/\/www.welovecycling.com\/es\/2024\/07\/04\/bellezas-tour-francia-2024\/#primaryimage"},"thumbnailUrl":"https:\/\/d2p6e6u75xmxt8.cloudfront.net\/6\/2024\/07\/2024_Tour-de-France-Peloton-profimedia-0886222558.webp","datePublished":"2024-07-04T14:29:19+00:00","author":{"@id":"https:\/\/www.welovecycling.com\/es\/#\/schema\/person\/deb61715b5812698ee79fb96f343ccd4"},"description":"Las bellezas que no te puedes perder del Tour de Francia 2024. El Tour pasa este a\u00f1o por varios de los lugares m\u00e1s bellos del Francia.","breadcrumb":{"@id":"https:\/\/www.welovecycling.com\/es\/2024\/07\/04\/bellezas-tour-francia-2024\/#breadcrumb"},"inLanguage":"es-ES","potentialAction":[{"@type":"ReadAction","target":["https:\/\/www.welovecycling.com\/es\/2024\/07\/04\/bellezas-tour-francia-2024\/"]}]},{"@type":"ImageObject","inLanguage":"es-ES","@id":"https:\/\/www.welovecycling.com\/es\/2024\/07\/04\/bellezas-tour-francia-2024\/#primaryimage","url":"https:\/\/d2p6e6u75xmxt8.cloudfront.net\/6\/2024\/07\/2024_Tour-de-France-Peloton-profimedia-0886222558.webp","contentUrl":"https:\/\/d2p6e6u75xmxt8.cloudfront.net\/6\/2024\/07\/2024_Tour-de-France-Peloton-profimedia-0886222558.webp","width":990,"height":660,"caption":"Tour de Frace peloton"},{"@type":"BreadcrumbList","@id":"https:\/\/www.welovecycling.com\/es\/2024\/07\/04\/bellezas-tour-francia-2024\/#breadcrumb","itemListElement":[{"@type":"ListItem","position":1,"name":"Home","item":"https:\/\/www.welovecycling.com\/es\/"},{"@type":"ListItem","position":2,"name":"Las bellezas que no te puedes perder del Tour de Francia 2024"}]},{"@type":"WebSite","@id":"https:\/\/www.welovecycling.com\/es\/#website","url":"https:\/\/www.welovecycling.com\/es\/","name":"\u0160koda We Love Cycling - Spain","description":"\u0160koda WeLoveCycling Spain","potentialAction":[{"@type":"SearchAction","target":{"@type":"EntryPoint","urlTemplate":"https:\/\/www.welovecycling.com\/es\/?s={search_term_string}"},"query-input":{"@type":"PropertyValueSpecification","valueRequired":true,"valueName":"search_term_string"}}],"inLanguage":"es-ES"},{"@type":"Person","@id":"https:\/\/www.welovecycling.com\/es\/#\/schema\/person\/deb61715b5812698ee79fb96f343ccd4","name":"We Love Cycling Spain","image":{"@type":"ImageObject","inLanguage":"es-ES","@id":"https:\/\/www.welovecycling.com\/es\/#\/schema\/person\/image\/","url":"https:\/\/secure.gravatar.com\/avatar\/c824b04e6df0e37a03219d0b6481672889df542894588964102459e46513159c?s=96&d=mm&r=g","contentUrl":"https:\/\/secure.gravatar.com\/avatar\/c824b04e6df0e37a03219d0b6481672889df542894588964102459e46513159c?s=96&d=mm&r=g","caption":"We Love Cycling Spain"},"url":"https:\/\/www.welovecycling.com\/es\/author\/amunoz\/"}]}},"_links":{"self":[{"href":"https:\/\/www.welovecycling.com\/es\/wp-json\/wp\/v2\/posts\/10983","targetHints":{"allow":["GET"]}}],"collection":[{"href":"https:\/\/www.welovecycling.com\/es\/wp-json\/wp\/v2\/posts"}],"about":[{"href":"https:\/\/www.welovecycling.com\/es\/wp-json\/wp\/v2\/types\/post"}],"author":[{"embeddable":true,"href":"https:\/\/www.welovecycling.com\/es\/wp-json\/wp\/v2\/users\/29"}],"replies":[{"embeddable":true,"href":"https:\/\/www.welovecycling.com\/es\/wp-json\/wp\/v2\/comments?post=10983"}],"version-history":[{"count":2,"href":"https:\/\/www.welovecycling.com\/es\/wp-json\/wp\/v2\/posts\/10983\/revisions"}],"predecessor-version":[{"id":10992,"href":"https:\/\/www.welovecycling.com\/es\/wp-json\/wp\/v2\/posts\/10983\/revisions\/10992"}],"wp:featuredmedia":[{"embeddable":true,"href":"https:\/\/www.welovecycling.com\/es\/wp-json\/wp\/v2\/media\/10991"}],"wp:attachment":[{"href":"https:\/\/www.welovecycling.com\/es\/wp-json\/wp\/v2\/media?parent=10983"}],"wp:term":[{"taxonomy":"category","embeddable":true,"href":"https:\/\/www.welovecycling.com\/es\/wp-json\/wp\/v2\/categories?post=10983"},{"taxonomy":"post_tag","embeddable":true,"href":"https:\/\/www.welovecycling.com\/es\/wp-json\/wp\/v2\/tags?post=10983"},{"taxonomy":"global-categories","embeddable":true,"href":"https:\/\/www.welovecycling.com\/es\/wp-json\/wp\/v2\/global-categories?post=10983"}],"curies":[{"name":"wp","href":"https:\/\/api.w.org\/{rel}","templated":true}]}}