{"id":10949,"date":"2024-06-28T09:44:02","date_gmt":"2024-06-28T07:44:02","guid":{"rendered":"https:\/\/www.welovecycling.com\/es\/?p=10949"},"modified":"2024-06-26T21:05:56","modified_gmt":"2024-06-26T19:05:56","slug":"philipsen-pone-en-juego-su-maillot-verde-skoda-en-el-tour","status":"publish","type":"post","link":"https:\/\/www.welovecycling.com\/es\/2024\/06\/28\/philipsen-pone-en-juego-su-maillot-verde-skoda-en-el-tour\/","title":{"rendered":"Philipsen pone en juego su maillot verde \u0160KODA en el Tour"},"content":{"rendered":"<p><b>El belga Jasper Philipsen inicia en el Tour 2024 su primera defensa del maillot verde de la regularidad que patrocina \u0160KODA. Despu\u00e9s del dominio absoluto de 2023, con cuatro victorias de etapa y cinco top cinco, el velocista del Alpecin tendr\u00e1 enfrente a los mejores velocistas del mundo para jugarse los puntos en las ocho etapas catalogadas como llanas (las que dan m\u00e1s puntos en la clasificaci\u00f3n de la regularidad)<\/b><\/p>\n<p><!--more--><\/p>\n<p>Aunque Tadej Pogacar es capaz de ganar cuatro o cinco etapas en un Tour de Francia, como ya hizo en el pasado Giro de Italia. El esloveno no deber\u00eda ser rival porque las jornadas en las que suele destacar siempre est\u00e1n catalogadas como de media o alta monta\u00f1a y son los que otorgan menos puntos. La regularidad se suele decir en los d\u00edas con previsible sprint masivo y en las volatas intermedias, que, si no hay fuga, suelen ser un punto de recogida de puntos para los velocistas.<\/p>\n<p>Philipsen volver\u00e1 a contar con todo el Alpecin-Deceunick a su servicio, lo que incluye a un tal Van der Poel como lanzador en los sprints m\u00e1s complicados. Con esa formula los resultados en 2023 fueron inmejorables y su estado de forma en 2024 es algo mejor porque incluso se llev\u00f3 la Milan SanRemo y eso supone no quedar demasiado lejos de los cambios de ritmo de Pogacar en el Poggio, y volvi\u00f3 a repetir en el segundo caj\u00f3n de la Paris Roubaix.<\/p>\n<p><span style=\"font-size: 18pt;\"><strong>VAN AERT, DE LIE Y PEDERSEN<\/strong><\/span><\/p>\n<p>Al belga le surgen dos tipos de rivales, los velocistas puros, como <strong>Groenewegen, Jakobsen, Demare, Cavendish, Sam Bennet, Ackermann o Gaviria<\/strong> y los corredores que adem\u00e1s de ser r\u00e1pidos pueden pasar la media monta\u00f1a y sumar puntos en otro tipo de llegadas como <strong>Mads Pedersen, Arnaud de Lie<\/strong>,<a href=\"https:\/\/www.welovecycling.com\/es\/2024\/06\/25\/de-eritrea-al-tour-de-francia-la-historia-de-biniam-girmay\/\"> Girmay<\/a> o el todopoderoso <a href=\"https:\/\/www.welovecycling.com\/es\/2022\/07\/14\/maillot-verde-skoda-tour-2022\/\">Wout Van Aert.<\/a><\/p>\n<p>Empezamos por este \u00faltimo porque su temporada se vio truncada por la ca\u00edda previa al Tour de Flandes en el mes de marzo. Nos priv\u00f3 de ver la mejor versi\u00f3n del belga, que hab\u00eda preparado con mimo el Tour\u00a0 de Flandes y la Par\u00eds Roubaix. Desde entonces recuperaci\u00f3n y entrenamiento en alta monta\u00f1a para terminar quinto en el sprint del Campeonato de B\u00e9lgica. Adem\u00e1s tendr\u00e1 que estar atento a Vingegaard en su pelea por el Tour de Francia, aunque el estado de forma del dan\u00e9s tambi\u00e9n es una inc\u00f3gnita.<\/p>\n<figure id=\"attachment_10064\" aria-describedby=\"caption-attachment-10064\" style=\"width: 1000px\" class=\"wp-caption aligncenter\"><a href=\"https:\/\/d2p6e6u75xmxt8.cloudfront.net\/6\/2023\/07\/Wout-van-Aert-profimedia-0707338266.webp\"><img loading=\"lazy\" decoding=\"async\" class=\"size-full wp-image-10064\" src=\"https:\/\/d2p6e6u75xmxt8.cloudfront.net\/6\/2023\/07\/Wout-van-Aert-profimedia-0707338266.webp\" alt=\"Wout van Aert\" width=\"1000\" height=\"666\" srcset=\"https:\/\/d2p6e6u75xmxt8.cloudfront.net\/6\/2023\/07\/Wout-van-Aert-profimedia-0707338266.webp 1000w, https:\/\/d2p6e6u75xmxt8.cloudfront.net\/6\/2023\/07\/Wout-van-Aert-profimedia-0707338266-300x200.webp 300w, https:\/\/d2p6e6u75xmxt8.cloudfront.net\/6\/2023\/07\/Wout-van-Aert-profimedia-0707338266-768x511.webp 768w, https:\/\/d2p6e6u75xmxt8.cloudfront.net\/6\/2023\/07\/Wout-van-Aert-profimedia-0707338266-400x266.webp 400w, https:\/\/d2p6e6u75xmxt8.cloudfront.net\/6\/2023\/07\/Wout-van-Aert-profimedia-0707338266-272x182.webp 272w\" sizes=\"auto, (max-width: 1000px) 100vw, 1000px\" \/><\/a><figcaption id=\"caption-attachment-10064\" class=\"wp-caption-text\">Van Aert se llev\u00f3 el verde en 2022.<\/figcaption><\/figure>\n<p><strong>Mads Pedersen<\/strong> es otro de los grandes aspirantes porque puede sumar puntos en cualquier sprint masivo y filtrarse en las fugas de las jornadas de media monta\u00f1a. En el Lidl Trek no tienen un lider por la general, ya que Ciccone posiblemente solo pelear\u00e1 por etapas, as\u00ed que el dan\u00e9s podr\u00e1n tener a su disposici\u00f3n efectivos para aspirar al maillot verde.<\/p>\n<p><strong>Arnaud de Lie<\/strong> no tuvo el inicio de temporada so\u00f1ado. Malos resultados y problemas que provocaron que se perdiese toda la temporada de cl\u00e1sicas del norte. Retorn\u00f3 en el mes de mayo y desde entonces no ha dejado de ganar. Su \u00faltima victoria es el Campeonato de B\u00e9lgica frente a los mejores velocistas de su pa\u00eds. No solo es un sprinter, as\u00ed que podr\u00e1 sumar puntos en varios etapas m\u00e1s. Con las mismas carecter\u00edsticas, pero un punto por debajo de su nivel est\u00e1 <strong>Girmay.<\/strong> El eritreo es un \u00eddolo en su pa\u00eds, donde el maillot verde de <b>\u0160KODA se valora casi tanto como el amarillo. Acude a su segundo con al menos la esperanza de sumar un triunfo.<\/b><\/p>\n<p>Entre los velocistas puros, muy pocas opciones, sobre todo porque ni <strong>Groenewegen, Cavendish, Sam Bennet, Ackermann o Gaviria <\/strong>est\u00e1n en su mejor estado de forma. Ninguno de ellos tiene opciones de ser el gran dominador de las volatas. Solo aspiran a sumar uno o dos triunfos como m\u00e1ximo, eso s\u00ed, en el caso de <b><strong>Cavendish batir\u00eda el r\u00e9cord de triunfos de Eddy Merckx.<\/strong><\/b><\/p>\n<p><span style=\"font-size: 18pt;\">SOBREVIVIR A LA ALTA MONTA\u00d1A<\/span><\/p>\n<p>La pelea por el maillot verde tendr\u00e1 que esperar a la tercera etapa, con el final plano de Tur\u00edn. Antes, las subidas de San Marino en la etapa primera y de San Luca en la etapa dos descartar\u00e1 a muchos de los aspirantes. Solo hombres como Van Aert, Van der Poel o Pedersen tienen opciones de sumar.<\/p>\n<p>Despu\u00e9s tienen que ir aguantando la alta monta\u00f1a y &#8216;sobrevivir&#8217; al fuera de control. En la segunda semana de carrera hay tres previsibles llegadas al sprint, pero en la \u00faltima semana solo una, la etapa 16 con final en Nimes. Desde entonces al aspirante al maillot verde le tocar\u00e1 sufrir cuatro d\u00edas por los Alpes para llegar a <strong>Niza y subir al\u00a0 podio del Tour.<\/strong><\/p>\n<p><a href=\"https:\/\/d2p6e6u75xmxt8.cloudfront.net\/6\/2023\/07\/Col-du-Tourmalet-profimedia-0621732375-CVR.webp\"><img loading=\"lazy\" decoding=\"async\" class=\"aligncenter size-full wp-image-10087\" src=\"https:\/\/d2p6e6u75xmxt8.cloudfront.net\/6\/2023\/07\/Col-du-Tourmalet-profimedia-0621732375-CVR.webp\" alt=\"Col du Tourmalet\" width=\"990\" height=\"660\" srcset=\"https:\/\/d2p6e6u75xmxt8.cloudfront.net\/6\/2023\/07\/Col-du-Tourmalet-profimedia-0621732375-CVR.webp 990w, https:\/\/d2p6e6u75xmxt8.cloudfront.net\/6\/2023\/07\/Col-du-Tourmalet-profimedia-0621732375-CVR-300x200.webp 300w, https:\/\/d2p6e6u75xmxt8.cloudfront.net\/6\/2023\/07\/Col-du-Tourmalet-profimedia-0621732375-CVR-768x512.webp 768w, https:\/\/d2p6e6u75xmxt8.cloudfront.net\/6\/2023\/07\/Col-du-Tourmalet-profimedia-0621732375-CVR-400x267.webp 400w, https:\/\/d2p6e6u75xmxt8.cloudfront.net\/6\/2023\/07\/Col-du-Tourmalet-profimedia-0621732375-CVR-272x182.webp 272w\" sizes=\"auto, (max-width: 990px) 100vw, 990px\" \/><\/a><\/p>\n","protected":false},"excerpt":{"rendered":"<p>El belga Jasper Philipsen inicia en el Tour 2024 su primera defensa del maillot verde de la regularidad que patrocina [&hellip;]<\/p>\n","protected":false},"author":29,"featured_media":10148,"comment_status":"open","ping_status":"open","sticky":false,"template":"","format":"standard","meta":{"footnotes":""},"categories":[7],"tags":[2305],"global-categories":[1164],"class_list":["post-10949","post","type-post","status-publish","format-standard","has-post-thumbnail","hentry","category-carretera","tag-tour-2024","global-categories-cycling"],"yoast_head":"<!-- This site is optimized with the Yoast SEO Premium plugin v25.3 (Yoast SEO v25.9) - https:\/\/yoast.com\/wordpress\/plugins\/seo\/ -->\n<title>Philipsen pone en juego su maillot verde \u0160KODA en el Tour - \u0160koda We Love Cycling - Spain<\/title>\n<meta name=\"description\" content=\"Philipsen pone en juego su maillot verde \u0160KODA en el Tour. Van Aert, Pedersen y De Lie aspiran tambi\u00e9n a la regularidad en 2024.\" \/>\n<meta name=\"robots\" content=\"index, follow, max-snippet:-1, max-image-preview:large, max-video-preview:-1\" \/>\n<link rel=\"canonical\" href=\"https:\/\/www.welovecycling.com\/es\/2024\/06\/28\/philipsen-pone-en-juego-su-maillot-verde-skoda-en-el-tour\/\" \/>\n<meta property=\"og:locale\" content=\"es_ES\" \/>\n<meta property=\"og:type\" content=\"article\" \/>\n<meta property=\"og:title\" content=\"Philipsen pone en juego su maillot verde \u0160KODA en el Tour\" \/>\n<meta property=\"og:description\" content=\"Philipsen pone en juego su maillot verde \u0160KODA en el Tour. Van Aert, Pedersen y De Lie aspiran tambi\u00e9n a la regularidad en 2024.\" \/>\n<meta property=\"og:url\" content=\"https:\/\/www.welovecycling.com\/es\/2024\/06\/28\/philipsen-pone-en-juego-su-maillot-verde-skoda-en-el-tour\/\" \/>\n<meta property=\"og:site_name\" content=\"\u0160koda We Love Cycling - Spain\" \/>\n<meta property=\"article:published_time\" content=\"2024-06-28T07:44:02+00:00\" \/>\n<meta property=\"og:image\" content=\"https:\/\/d2p6e6u75xmxt8.cloudfront.net\/6\/2023\/07\/Jasper-Philipsen-profimedia-0791389419-CVR.webp\" \/>\n\t<meta property=\"og:image:width\" content=\"990\" \/>\n\t<meta property=\"og:image:height\" content=\"660\" \/>\n\t<meta property=\"og:image:type\" content=\"image\/webp\" \/>\n<meta name=\"author\" content=\"We Love Cycling Spain\" \/>\n<meta name=\"twitter:card\" content=\"summary_large_image\" \/>\n<meta name=\"twitter:description\" content=\"Philipsen pone en juego su maillot verde \u0160KODA en el Tour. Van Aert, Pedersen y De Lie aspiran tambi\u00e9n a la regularidad en 2024.\" \/>\n<meta name=\"twitter:label1\" content=\"Written by\" \/>\n\t<meta name=\"twitter:data1\" content=\"Luis Ortega @Ciclored\" \/>\n\t<meta name=\"twitter:label2\" content=\"Est. reading time\" \/>\n\t<meta name=\"twitter:data2\" content=\"4 minutes\" \/>\n<script type=\"application\/ld+json\" class=\"yoast-schema-graph\">{\"@context\":\"https:\/\/schema.org\",\"@graph\":[{\"@type\":\"WebPage\",\"@id\":\"https:\/\/www.welovecycling.com\/es\/2024\/06\/28\/philipsen-pone-en-juego-su-maillot-verde-skoda-en-el-tour\/\",\"url\":\"https:\/\/www.welovecycling.com\/es\/2024\/06\/28\/philipsen-pone-en-juego-su-maillot-verde-skoda-en-el-tour\/\",\"name\":\"Philipsen pone en juego su maillot verde \u0160KODA en el Tour - \u0160koda We Love Cycling - Spain\",\"isPartOf\":{\"@id\":\"https:\/\/www.welovecycling.com\/es\/#website\"},\"primaryImageOfPage\":{\"@id\":\"https:\/\/www.welovecycling.com\/es\/2024\/06\/28\/philipsen-pone-en-juego-su-maillot-verde-skoda-en-el-tour\/#primaryimage\"},\"image\":{\"@id\":\"https:\/\/www.welovecycling.com\/es\/2024\/06\/28\/philipsen-pone-en-juego-su-maillot-verde-skoda-en-el-tour\/#primaryimage\"},\"thumbnailUrl\":\"https:\/\/d2p6e6u75xmxt8.cloudfront.net\/6\/2023\/07\/Jasper-Philipsen-profimedia-0791389419-CVR.webp\",\"datePublished\":\"2024-06-28T07:44:02+00:00\",\"author\":{\"@id\":\"https:\/\/www.welovecycling.com\/es\/#\/schema\/person\/deb61715b5812698ee79fb96f343ccd4\"},\"description\":\"Philipsen pone en juego su maillot verde \u0160KODA en el Tour. Van Aert, Pedersen y De Lie aspiran tambi\u00e9n a la regularidad en 2024.\",\"breadcrumb\":{\"@id\":\"https:\/\/www.welovecycling.com\/es\/2024\/06\/28\/philipsen-pone-en-juego-su-maillot-verde-skoda-en-el-tour\/#breadcrumb\"},\"inLanguage\":\"es-ES\",\"potentialAction\":[{\"@type\":\"ReadAction\",\"target\":[\"https:\/\/www.welovecycling.com\/es\/2024\/06\/28\/philipsen-pone-en-juego-su-maillot-verde-skoda-en-el-tour\/\"]}]},{\"@type\":\"ImageObject\",\"inLanguage\":\"es-ES\",\"@id\":\"https:\/\/www.welovecycling.com\/es\/2024\/06\/28\/philipsen-pone-en-juego-su-maillot-verde-skoda-en-el-tour\/#primaryimage\",\"url\":\"https:\/\/d2p6e6u75xmxt8.cloudfront.net\/6\/2023\/07\/Jasper-Philipsen-profimedia-0791389419-CVR.webp\",\"contentUrl\":\"https:\/\/d2p6e6u75xmxt8.cloudfront.net\/6\/2023\/07\/Jasper-Philipsen-profimedia-0791389419-CVR.webp\",\"width\":990,\"height\":660},{\"@type\":\"BreadcrumbList\",\"@id\":\"https:\/\/www.welovecycling.com\/es\/2024\/06\/28\/philipsen-pone-en-juego-su-maillot-verde-skoda-en-el-tour\/#breadcrumb\",\"itemListElement\":[{\"@type\":\"ListItem\",\"position\":1,\"name\":\"Home\",\"item\":\"https:\/\/www.welovecycling.com\/es\/\"},{\"@type\":\"ListItem\",\"position\":2,\"name\":\"Philipsen pone en juego su maillot verde \u0160KODA en el Tour\"}]},{\"@type\":\"WebSite\",\"@id\":\"https:\/\/www.welovecycling.com\/es\/#website\",\"url\":\"https:\/\/www.welovecycling.com\/es\/\",\"name\":\"\u0160koda We Love Cycling - Spain\",\"description\":\"\u0160koda WeLoveCycling Spain\",\"potentialAction\":[{\"@type\":\"SearchAction\",\"target\":{\"@type\":\"EntryPoint\",\"urlTemplate\":\"https:\/\/www.welovecycling.com\/es\/?s={search_term_string}\"},\"query-input\":{\"@type\":\"PropertyValueSpecification\",\"valueRequired\":true,\"valueName\":\"search_term_string\"}}],\"inLanguage\":\"es-ES\"},{\"@type\":\"Person\",\"@id\":\"https:\/\/www.welovecycling.com\/es\/#\/schema\/person\/deb61715b5812698ee79fb96f343ccd4\",\"name\":\"We Love Cycling Spain\",\"image\":{\"@type\":\"ImageObject\",\"inLanguage\":\"es-ES\",\"@id\":\"https:\/\/www.welovecycling.com\/es\/#\/schema\/person\/image\/\",\"url\":\"https:\/\/secure.gravatar.com\/avatar\/c824b04e6df0e37a03219d0b6481672889df542894588964102459e46513159c?s=96&d=mm&r=g\",\"contentUrl\":\"https:\/\/secure.gravatar.com\/avatar\/c824b04e6df0e37a03219d0b6481672889df542894588964102459e46513159c?s=96&d=mm&r=g\",\"caption\":\"We Love Cycling Spain\"},\"url\":\"https:\/\/www.welovecycling.com\/es\/author\/amunoz\/\"}]}<\/script>\n<!-- \/ Yoast SEO Premium plugin. -->","yoast_head_json":{"title":"Philipsen pone en juego su maillot verde \u0160KODA en el Tour - \u0160koda We Love Cycling - Spain","description":"Philipsen pone en juego su maillot verde \u0160KODA en el Tour. Van Aert, Pedersen y De Lie aspiran tambi\u00e9n a la regularidad en 2024.","robots":{"index":"index","follow":"follow","max-snippet":"max-snippet:-1","max-image-preview":"max-image-preview:large","max-video-preview":"max-video-preview:-1"},"canonical":"https:\/\/www.welovecycling.com\/es\/2024\/06\/28\/philipsen-pone-en-juego-su-maillot-verde-skoda-en-el-tour\/","og_locale":"es_ES","og_type":"article","og_title":"Philipsen pone en juego su maillot verde \u0160KODA en el Tour","og_description":"Philipsen pone en juego su maillot verde \u0160KODA en el Tour. Van Aert, Pedersen y De Lie aspiran tambi\u00e9n a la regularidad en 2024.","og_url":"https:\/\/www.welovecycling.com\/es\/2024\/06\/28\/philipsen-pone-en-juego-su-maillot-verde-skoda-en-el-tour\/","og_site_name":"\u0160koda We Love Cycling - Spain","article_published_time":"2024-06-28T07:44:02+00:00","og_image":[{"width":990,"height":660,"url":"https:\/\/d2p6e6u75xmxt8.cloudfront.net\/6\/2023\/07\/Jasper-Philipsen-profimedia-0791389419-CVR.webp","type":"image\/webp"}],"author":"We Love Cycling Spain","twitter_card":"summary_large_image","twitter_description":"Philipsen pone en juego su maillot verde \u0160KODA en el Tour. Van Aert, Pedersen y De Lie aspiran tambi\u00e9n a la regularidad en 2024.","twitter_misc":{"Written by":"Luis Ortega @Ciclored","Est. reading time":"4 minutes"},"schema":{"@context":"https:\/\/schema.org","@graph":[{"@type":"WebPage","@id":"https:\/\/www.welovecycling.com\/es\/2024\/06\/28\/philipsen-pone-en-juego-su-maillot-verde-skoda-en-el-tour\/","url":"https:\/\/www.welovecycling.com\/es\/2024\/06\/28\/philipsen-pone-en-juego-su-maillot-verde-skoda-en-el-tour\/","name":"Philipsen pone en juego su maillot verde \u0160KODA en el Tour - \u0160koda We Love Cycling - Spain","isPartOf":{"@id":"https:\/\/www.welovecycling.com\/es\/#website"},"primaryImageOfPage":{"@id":"https:\/\/www.welovecycling.com\/es\/2024\/06\/28\/philipsen-pone-en-juego-su-maillot-verde-skoda-en-el-tour\/#primaryimage"},"image":{"@id":"https:\/\/www.welovecycling.com\/es\/2024\/06\/28\/philipsen-pone-en-juego-su-maillot-verde-skoda-en-el-tour\/#primaryimage"},"thumbnailUrl":"https:\/\/d2p6e6u75xmxt8.cloudfront.net\/6\/2023\/07\/Jasper-Philipsen-profimedia-0791389419-CVR.webp","datePublished":"2024-06-28T07:44:02+00:00","author":{"@id":"https:\/\/www.welovecycling.com\/es\/#\/schema\/person\/deb61715b5812698ee79fb96f343ccd4"},"description":"Philipsen pone en juego su maillot verde \u0160KODA en el Tour. Van Aert, Pedersen y De Lie aspiran tambi\u00e9n a la regularidad en 2024.","breadcrumb":{"@id":"https:\/\/www.welovecycling.com\/es\/2024\/06\/28\/philipsen-pone-en-juego-su-maillot-verde-skoda-en-el-tour\/#breadcrumb"},"inLanguage":"es-ES","potentialAction":[{"@type":"ReadAction","target":["https:\/\/www.welovecycling.com\/es\/2024\/06\/28\/philipsen-pone-en-juego-su-maillot-verde-skoda-en-el-tour\/"]}]},{"@type":"ImageObject","inLanguage":"es-ES","@id":"https:\/\/www.welovecycling.com\/es\/2024\/06\/28\/philipsen-pone-en-juego-su-maillot-verde-skoda-en-el-tour\/#primaryimage","url":"https:\/\/d2p6e6u75xmxt8.cloudfront.net\/6\/2023\/07\/Jasper-Philipsen-profimedia-0791389419-CVR.webp","contentUrl":"https:\/\/d2p6e6u75xmxt8.cloudfront.net\/6\/2023\/07\/Jasper-Philipsen-profimedia-0791389419-CVR.webp","width":990,"height":660},{"@type":"BreadcrumbList","@id":"https:\/\/www.welovecycling.com\/es\/2024\/06\/28\/philipsen-pone-en-juego-su-maillot-verde-skoda-en-el-tour\/#breadcrumb","itemListElement":[{"@type":"ListItem","position":1,"name":"Home","item":"https:\/\/www.welovecycling.com\/es\/"},{"@type":"ListItem","position":2,"name":"Philipsen pone en juego su maillot verde \u0160KODA en el Tour"}]},{"@type":"WebSite","@id":"https:\/\/www.welovecycling.com\/es\/#website","url":"https:\/\/www.welovecycling.com\/es\/","name":"\u0160koda We Love Cycling - Spain","description":"\u0160koda WeLoveCycling Spain","potentialAction":[{"@type":"SearchAction","target":{"@type":"EntryPoint","urlTemplate":"https:\/\/www.welovecycling.com\/es\/?s={search_term_string}"},"query-input":{"@type":"PropertyValueSpecification","valueRequired":true,"valueName":"search_term_string"}}],"inLanguage":"es-ES"},{"@type":"Person","@id":"https:\/\/www.welovecycling.com\/es\/#\/schema\/person\/deb61715b5812698ee79fb96f343ccd4","name":"We Love Cycling Spain","image":{"@type":"ImageObject","inLanguage":"es-ES","@id":"https:\/\/www.welovecycling.com\/es\/#\/schema\/person\/image\/","url":"https:\/\/secure.gravatar.com\/avatar\/c824b04e6df0e37a03219d0b6481672889df542894588964102459e46513159c?s=96&d=mm&r=g","contentUrl":"https:\/\/secure.gravatar.com\/avatar\/c824b04e6df0e37a03219d0b6481672889df542894588964102459e46513159c?s=96&d=mm&r=g","caption":"We Love Cycling Spain"},"url":"https:\/\/www.welovecycling.com\/es\/author\/amunoz\/"}]}},"_links":{"self":[{"href":"https:\/\/www.welovecycling.com\/es\/wp-json\/wp\/v2\/posts\/10949","targetHints":{"allow":["GET"]}}],"collection":[{"href":"https:\/\/www.welovecycling.com\/es\/wp-json\/wp\/v2\/posts"}],"about":[{"href":"https:\/\/www.welovecycling.com\/es\/wp-json\/wp\/v2\/types\/post"}],"author":[{"embeddable":true,"href":"https:\/\/www.welovecycling.com\/es\/wp-json\/wp\/v2\/users\/29"}],"replies":[{"embeddable":true,"href":"https:\/\/www.welovecycling.com\/es\/wp-json\/wp\/v2\/comments?post=10949"}],"version-history":[{"count":3,"href":"https:\/\/www.welovecycling.com\/es\/wp-json\/wp\/v2\/posts\/10949\/revisions"}],"predecessor-version":[{"id":10955,"href":"https:\/\/www.welovecycling.com\/es\/wp-json\/wp\/v2\/posts\/10949\/revisions\/10955"}],"wp:featuredmedia":[{"embeddable":true,"href":"https:\/\/www.welovecycling.com\/es\/wp-json\/wp\/v2\/media\/10148"}],"wp:attachment":[{"href":"https:\/\/www.welovecycling.com\/es\/wp-json\/wp\/v2\/media?parent=10949"}],"wp:term":[{"taxonomy":"category","embeddable":true,"href":"https:\/\/www.welovecycling.com\/es\/wp-json\/wp\/v2\/categories?post=10949"},{"taxonomy":"post_tag","embeddable":true,"href":"https:\/\/www.welovecycling.com\/es\/wp-json\/wp\/v2\/tags?post=10949"},{"taxonomy":"global-categories","embeddable":true,"href":"https:\/\/www.welovecycling.com\/es\/wp-json\/wp\/v2\/global-categories?post=10949"}],"curies":[{"name":"wp","href":"https:\/\/api.w.org\/{rel}","templated":true}]}}