{"id":10941,"date":"2024-06-25T21:37:13","date_gmt":"2024-06-25T19:37:13","guid":{"rendered":"https:\/\/www.welovecycling.com\/es\/?p=10941"},"modified":"2024-06-25T21:37:13","modified_gmt":"2024-06-25T19:37:13","slug":"de-eritrea-al-tour-de-francia-la-historia-de-biniam-girmay","status":"publish","type":"post","link":"https:\/\/www.welovecycling.com\/es\/2024\/06\/25\/de-eritrea-al-tour-de-francia-la-historia-de-biniam-girmay\/","title":{"rendered":"De Eritrea al Tour de Francia: La historia de Biniam Girmay"},"content":{"rendered":"<p><strong>Con el Tour de Francia de 2024 cada vez m\u00e1s cerca, los aficionados al ciclismo de carretera ya se sienten atra\u00eddos por la carrera. Como este a\u00f1o nos centramos en experiencias, recuerdos y conexiones profundamente personales con el Tour, Matt Stephens tambi\u00e9n ha convertido esta entrega del podcast en un especial sobre el Tour de Francia. El invitado de hoy es Biniam Girmay y el tema es el Tour hecho personal.<\/strong><\/p>\n<p><!--more--><\/p>\n<p>Matt se puso al d\u00eda con Biniam cuando acababa de conseguir una victoria en el Circuito Franco-Belga el 29 de mayo, pero este talentoso corredor lleva tiempo dando que hablar. Cuando Biniam oy\u00f3 hablar por primera vez del Tour de Francia en Eritrea, gracias a su padre, un ferviente aficionado al ciclismo, ten\u00eda unos cuatro o cinco a\u00f1os. Con el tiempo, fue su primo quien le acerc\u00f3 al ciclismo de carretera, despertando su amor por este deporte. En el podcast, nombra a varios velocistas como su inspiraci\u00f3n y destaca especialmente a <a href=\"https:\/\/www.welovecycling.com\/es\/2020\/09\/06\/maillot-verde-skoda-tour-sagan\/\">Peter Sagan<\/a>. Biniam menciona que &#8220;est\u00e1 contento de tener el recuerdo&#8221; de los famosos bailecitos de la victoria de Sagan y otras travesuras varias en el Tour de Francia, que seguramente tambi\u00e9n est\u00e1n en la mente y el coraz\u00f3n de muchos aficionados.<\/p>\n<figure id=\"attachment_10942\" aria-describedby=\"caption-attachment-10942\" style=\"width: 990px\" class=\"wp-caption alignnone\"><a href=\"https:\/\/d2p6e6u75xmxt8.cloudfront.net\/6\/2024\/06\/Biniam-Girmay-profimedia-0786906534-CVR.webp\"><img loading=\"lazy\" decoding=\"async\" class=\"wp-image-10942 size-full\" src=\"https:\/\/d2p6e6u75xmxt8.cloudfront.net\/6\/2024\/06\/Biniam-Girmay-profimedia-0786906534-CVR.webp\" alt=\"Biniam Girmay\" width=\"990\" height=\"660\" srcset=\"https:\/\/d2p6e6u75xmxt8.cloudfront.net\/6\/2024\/06\/Biniam-Girmay-profimedia-0786906534-CVR.webp 990w, https:\/\/d2p6e6u75xmxt8.cloudfront.net\/6\/2024\/06\/Biniam-Girmay-profimedia-0786906534-CVR-300x200.webp 300w, https:\/\/d2p6e6u75xmxt8.cloudfront.net\/6\/2024\/06\/Biniam-Girmay-profimedia-0786906534-CVR-768x512.webp 768w, https:\/\/d2p6e6u75xmxt8.cloudfront.net\/6\/2024\/06\/Biniam-Girmay-profimedia-0786906534-CVR-400x267.webp 400w, https:\/\/d2p6e6u75xmxt8.cloudfront.net\/6\/2024\/06\/Biniam-Girmay-profimedia-0786906534-CVR-272x182.webp 272w\" sizes=\"auto, (max-width: 990px) 100vw, 990px\" \/><\/a><figcaption id=\"caption-attachment-10942\" class=\"wp-caption-text\">Girmay es el primer africano y persona de color que gana una carrera del World Tour y una cl\u00e1sica de un d\u00eda a la tierna edad de 21 a\u00f1os. \u00a9 Profimedia<\/figcaption><\/figure>\n<p>Ahora Biniam tiene su propia historia que escribir, ya que particip\u00f3 en su primer Tour en 2023. Con Matt, comparti\u00f3 que cuando era peque\u00f1o, supon\u00eda que con toda la hermosa naturaleza y el espectacular final en los Campos El\u00edseos, los ciclistas ten\u00edan tiempo para disfrutar y contemplar el paisaje. Resulta que no podr\u00eda estar m\u00e1s lejos de la realidad. Como \u00e9l mismo resumi\u00f3 lac\u00f3nicamente, &#8220;el Tour de Francia es realmente duro&#8221;. No obstante, ha declarado en m\u00faltiples ocasiones que el Tour es lo \u00fanico que &#8220;realmente espera ganar&#8221; en su carrera ciclista.<\/p>\n<div class=\"embed-controller-wrapper\"><iframe title=\"Spotify Embed: From Dreaming in Eritrea to Starting at the Tour de France: Biniam Girmay\u2019s Incredible Rise\" style=\"border-radius: 12px\" width=\"100%\" height=\"152\" frameborder=\"0\" allowfullscreen allow=\"autoplay; clipboard-write; encrypted-media; fullscreen; picture-in-picture\" loading=\"lazy\" data-src=\"https:\/\/open.spotify.com\/embed\/episode\/2YcSEi2QaeErviiR9f85SU?si=1M5hNyQhR-m1bxmNU0drzw&#038;utm_source=oembed\"><\/iframe><\/div>\n<p>Actualmente, Biniam no es el \u00fanico corredor eritreo en el pelot\u00f3n profesional. Tambi\u00e9n est\u00e1n Merhawi Kudus y Daniel Teklehaimanot. Este \u00faltimo gan\u00f3 el maillot de lunares del Tour de Francia en 2015, lo que result\u00f3 ser un momento decisivo para el adolescente Biniam, que lo vio por televisi\u00f3n. &#8220;Cuando lleg\u00f3 al podio, llor\u00e9 de verdad, [al ver] a un ciclista eritreo&#8221;, exclam\u00f3 Biniam, a\u00f1adiendo que eso le hizo darse cuenta de que \u00e9l tambi\u00e9n pod\u00eda seguir los pasos de Daniel.<\/p>\n<p>Adem\u00e1s, como curiosidad, Biniam explic\u00f3 a Matt que durante el <a href=\"http:\/\/letour.fr\">Tour de Francia<\/a>, los cines eritreos apenas ponen pel\u00edculas porque emiten un flujo constante de contenidos del Tour, y casi todos los caf\u00e9s y hogares retransmiten el Tour 24 horas al d\u00eda, 7 d\u00edas a la semana. Los aficionados eritreos tambi\u00e9n acuden en masa al recorrido del Tour para animar a Biniam. Y, al parecer, el maillot verde del \u0160koda es m\u00e1s apreciado en Eritrea que el maillot amarillo de la general, lo que podr\u00eda explicar la temprana inclinaci\u00f3n de Biniam por los velocistas. Se trata de una afici\u00f3n nacional.<\/p>\n<p>Biniam, de 24 a\u00f1os, no s\u00f3lo es una estrella emergente de este deporte, sino tambi\u00e9n un atleta excepcional con muchas primicias. Se convirti\u00f3 en el primer ciclista africano negro en ganar una etapa del Grand Tour y una carrera de ciclismo cl\u00e1sico, el primer ciclista nacido en la d\u00e9cada de 2000 en ganar una carrera profesional y el primer corredor africano negro en subir al podio en la historia de los Campeonatos del Mundo de carretera de la UCI. Actualmente, Biniam corre para el UCI WorldTeam Intermarch\u00e9-Wanty, que lo fich\u00f3 en 2021. El lema que tiene en la p\u00e1gina de perfil de su equipo, &#8220;Veni Vidi Bini&#8221;, parece muy apropiado.<\/p>\n<p>Escucha todo el podcast para descubrir qu\u00e9 tipo de legado le gustar\u00eda dejar atr\u00e1s a Biniam y a qui\u00e9n le gustar\u00eda inspirar, c\u00f3mo es tener el Tour de Francia como una victoria cumbre so\u00f1ada, c\u00f3mo ser\u00eda la &#8220;Etapa Biniam Girmay&#8221; en el Tour, y mucho m\u00e1s.<\/p>\n","protected":false},"excerpt":{"rendered":"<p>Con el Tour de Francia de 2024 cada vez m\u00e1s cerca, los aficionados al ciclismo de carretera ya se sienten [&hellip;]<\/p>\n","protected":false},"author":29,"featured_media":10944,"comment_status":"open","ping_status":"open","sticky":false,"template":"","format":"standard","meta":{"footnotes":""},"categories":[7],"tags":[2305,2307],"global-categories":[],"class_list":["post-10941","post","type-post","status-publish","format-standard","has-post-thumbnail","hentry","category-carretera","tag-tour-2024","tag-tour-de-francia-2024"],"yoast_head":"<!-- This site is optimized with the Yoast SEO Premium plugin v25.3 (Yoast SEO v25.9) - https:\/\/yoast.com\/wordpress\/plugins\/seo\/ -->\n<title>De Eritrea al Tour de Francia: La historia de Biniam Girmay<\/title>\n<meta name=\"description\" content=\"De Eritrea al Tour de Francia: La historia de Biniam Girmay, Entrevista en el podcast con el velocista eritreo.\" \/>\n<meta name=\"robots\" content=\"index, follow, max-snippet:-1, max-image-preview:large, max-video-preview:-1\" \/>\n<link rel=\"canonical\" href=\"https:\/\/www.welovecycling.com\/es\/2024\/06\/25\/de-eritrea-al-tour-de-francia-la-historia-de-biniam-girmay\/\" \/>\n<meta property=\"og:locale\" content=\"es_ES\" \/>\n<meta property=\"og:type\" content=\"article\" \/>\n<meta property=\"og:title\" content=\"De Eritrea al Tour de Francia: La historia de Biniam Girmay\" \/>\n<meta property=\"og:description\" content=\"De Eritrea al Tour de Francia: La historia de Biniam Girmay, Entrevista en el podcast con el velocista eritreo.\" \/>\n<meta property=\"og:url\" content=\"https:\/\/www.welovecycling.com\/es\/2024\/06\/25\/de-eritrea-al-tour-de-francia-la-historia-de-biniam-girmay\/\" \/>\n<meta property=\"og:site_name\" content=\"\u0160koda We Love Cycling - Spain\" \/>\n<meta property=\"article:published_time\" content=\"2024-06-25T19:37:13+00:00\" \/>\n<meta property=\"og:image\" content=\"https:\/\/d2p6e6u75xmxt8.cloudfront.net\/6\/2024\/06\/WLC_Podcast_Biniam-Girmay_ArticleCover.webp\" \/>\n\t<meta property=\"og:image:width\" content=\"990\" \/>\n\t<meta property=\"og:image:height\" content=\"660\" \/>\n\t<meta property=\"og:image:type\" content=\"image\/webp\" \/>\n<meta name=\"author\" content=\"We Love Cycling Spain\" \/>\n<meta name=\"twitter:card\" content=\"summary_large_image\" \/>\n<meta name=\"twitter:description\" content=\"De Eritrea al Tour de Francia: La historia de Biniam Girmay, Entrevista en el podcast con el velocista eritreo.\" \/>\n<meta name=\"twitter:label1\" content=\"Written by\" \/>\n\t<meta name=\"twitter:data1\" content=\"Matt Stephens and Frantiska Blazkova\" \/>\n\t<meta name=\"twitter:label2\" content=\"Est. reading time\" \/>\n\t<meta name=\"twitter:data2\" content=\"4\" \/>\n<script type=\"application\/ld+json\" class=\"yoast-schema-graph\">{\"@context\":\"https:\/\/schema.org\",\"@graph\":[{\"@type\":\"WebPage\",\"@id\":\"https:\/\/www.welovecycling.com\/es\/2024\/06\/25\/de-eritrea-al-tour-de-francia-la-historia-de-biniam-girmay\/\",\"url\":\"https:\/\/www.welovecycling.com\/es\/2024\/06\/25\/de-eritrea-al-tour-de-francia-la-historia-de-biniam-girmay\/\",\"name\":\"De Eritrea al Tour de Francia: La historia de Biniam Girmay\",\"isPartOf\":{\"@id\":\"https:\/\/www.welovecycling.com\/es\/#website\"},\"primaryImageOfPage\":{\"@id\":\"https:\/\/www.welovecycling.com\/es\/2024\/06\/25\/de-eritrea-al-tour-de-francia-la-historia-de-biniam-girmay\/#primaryimage\"},\"image\":{\"@id\":\"https:\/\/www.welovecycling.com\/es\/2024\/06\/25\/de-eritrea-al-tour-de-francia-la-historia-de-biniam-girmay\/#primaryimage\"},\"thumbnailUrl\":\"https:\/\/d2p6e6u75xmxt8.cloudfront.net\/6\/2024\/06\/WLC_Podcast_Biniam-Girmay_ArticleCover.webp\",\"datePublished\":\"2024-06-25T19:37:13+00:00\",\"author\":{\"@id\":\"https:\/\/www.welovecycling.com\/es\/#\/schema\/person\/deb61715b5812698ee79fb96f343ccd4\"},\"description\":\"De Eritrea al Tour de Francia: La historia de Biniam Girmay, Entrevista en el podcast con el velocista eritreo.\",\"breadcrumb\":{\"@id\":\"https:\/\/www.welovecycling.com\/es\/2024\/06\/25\/de-eritrea-al-tour-de-francia-la-historia-de-biniam-girmay\/#breadcrumb\"},\"inLanguage\":\"es-ES\",\"potentialAction\":[{\"@type\":\"ReadAction\",\"target\":[\"https:\/\/www.welovecycling.com\/es\/2024\/06\/25\/de-eritrea-al-tour-de-francia-la-historia-de-biniam-girmay\/\"]}]},{\"@type\":\"ImageObject\",\"inLanguage\":\"es-ES\",\"@id\":\"https:\/\/www.welovecycling.com\/es\/2024\/06\/25\/de-eritrea-al-tour-de-francia-la-historia-de-biniam-girmay\/#primaryimage\",\"url\":\"https:\/\/d2p6e6u75xmxt8.cloudfront.net\/6\/2024\/06\/WLC_Podcast_Biniam-Girmay_ArticleCover.webp\",\"contentUrl\":\"https:\/\/d2p6e6u75xmxt8.cloudfront.net\/6\/2024\/06\/WLC_Podcast_Biniam-Girmay_ArticleCover.webp\",\"width\":990,\"height\":660,\"caption\":\"Biniam Girmay\"},{\"@type\":\"BreadcrumbList\",\"@id\":\"https:\/\/www.welovecycling.com\/es\/2024\/06\/25\/de-eritrea-al-tour-de-francia-la-historia-de-biniam-girmay\/#breadcrumb\",\"itemListElement\":[{\"@type\":\"ListItem\",\"position\":1,\"name\":\"Home\",\"item\":\"https:\/\/www.welovecycling.com\/es\/\"},{\"@type\":\"ListItem\",\"position\":2,\"name\":\"De Eritrea al Tour de Francia: La historia de Biniam Girmay\"}]},{\"@type\":\"WebSite\",\"@id\":\"https:\/\/www.welovecycling.com\/es\/#website\",\"url\":\"https:\/\/www.welovecycling.com\/es\/\",\"name\":\"\u0160koda We Love Cycling - Spain\",\"description\":\"\u0160koda WeLoveCycling Spain\",\"potentialAction\":[{\"@type\":\"SearchAction\",\"target\":{\"@type\":\"EntryPoint\",\"urlTemplate\":\"https:\/\/www.welovecycling.com\/es\/?s={search_term_string}\"},\"query-input\":{\"@type\":\"PropertyValueSpecification\",\"valueRequired\":true,\"valueName\":\"search_term_string\"}}],\"inLanguage\":\"es-ES\"},{\"@type\":\"Person\",\"@id\":\"https:\/\/www.welovecycling.com\/es\/#\/schema\/person\/deb61715b5812698ee79fb96f343ccd4\",\"name\":\"We Love Cycling Spain\",\"image\":{\"@type\":\"ImageObject\",\"inLanguage\":\"es-ES\",\"@id\":\"https:\/\/www.welovecycling.com\/es\/#\/schema\/person\/image\/\",\"url\":\"https:\/\/secure.gravatar.com\/avatar\/c824b04e6df0e37a03219d0b6481672889df542894588964102459e46513159c?s=96&d=mm&r=g\",\"contentUrl\":\"https:\/\/secure.gravatar.com\/avatar\/c824b04e6df0e37a03219d0b6481672889df542894588964102459e46513159c?s=96&d=mm&r=g\",\"caption\":\"We Love Cycling Spain\"},\"url\":\"https:\/\/www.welovecycling.com\/es\/author\/amunoz\/\"}]}<\/script>\n<!-- \/ Yoast SEO Premium plugin. -->","yoast_head_json":{"title":"De Eritrea al Tour de Francia: La historia de Biniam Girmay","description":"De Eritrea al Tour de Francia: La historia de Biniam Girmay, Entrevista en el podcast con el velocista eritreo.","robots":{"index":"index","follow":"follow","max-snippet":"max-snippet:-1","max-image-preview":"max-image-preview:large","max-video-preview":"max-video-preview:-1"},"canonical":"https:\/\/www.welovecycling.com\/es\/2024\/06\/25\/de-eritrea-al-tour-de-francia-la-historia-de-biniam-girmay\/","og_locale":"es_ES","og_type":"article","og_title":"De Eritrea al Tour de Francia: La historia de Biniam Girmay","og_description":"De Eritrea al Tour de Francia: La historia de Biniam Girmay, Entrevista en el podcast con el velocista eritreo.","og_url":"https:\/\/www.welovecycling.com\/es\/2024\/06\/25\/de-eritrea-al-tour-de-francia-la-historia-de-biniam-girmay\/","og_site_name":"\u0160koda We Love Cycling - Spain","article_published_time":"2024-06-25T19:37:13+00:00","og_image":[{"width":990,"height":660,"url":"https:\/\/d2p6e6u75xmxt8.cloudfront.net\/6\/2024\/06\/WLC_Podcast_Biniam-Girmay_ArticleCover.webp","type":"image\/webp"}],"author":"We Love Cycling Spain","twitter_card":"summary_large_image","twitter_description":"De Eritrea al Tour de Francia: La historia de Biniam Girmay, Entrevista en el podcast con el velocista eritreo.","twitter_misc":{"Written by":"Matt Stephens and Frantiska Blazkova","Est. reading time":"4"},"schema":{"@context":"https:\/\/schema.org","@graph":[{"@type":"WebPage","@id":"https:\/\/www.welovecycling.com\/es\/2024\/06\/25\/de-eritrea-al-tour-de-francia-la-historia-de-biniam-girmay\/","url":"https:\/\/www.welovecycling.com\/es\/2024\/06\/25\/de-eritrea-al-tour-de-francia-la-historia-de-biniam-girmay\/","name":"De Eritrea al Tour de Francia: La historia de Biniam Girmay","isPartOf":{"@id":"https:\/\/www.welovecycling.com\/es\/#website"},"primaryImageOfPage":{"@id":"https:\/\/www.welovecycling.com\/es\/2024\/06\/25\/de-eritrea-al-tour-de-francia-la-historia-de-biniam-girmay\/#primaryimage"},"image":{"@id":"https:\/\/www.welovecycling.com\/es\/2024\/06\/25\/de-eritrea-al-tour-de-francia-la-historia-de-biniam-girmay\/#primaryimage"},"thumbnailUrl":"https:\/\/d2p6e6u75xmxt8.cloudfront.net\/6\/2024\/06\/WLC_Podcast_Biniam-Girmay_ArticleCover.webp","datePublished":"2024-06-25T19:37:13+00:00","author":{"@id":"https:\/\/www.welovecycling.com\/es\/#\/schema\/person\/deb61715b5812698ee79fb96f343ccd4"},"description":"De Eritrea al Tour de Francia: La historia de Biniam Girmay, Entrevista en el podcast con el velocista eritreo.","breadcrumb":{"@id":"https:\/\/www.welovecycling.com\/es\/2024\/06\/25\/de-eritrea-al-tour-de-francia-la-historia-de-biniam-girmay\/#breadcrumb"},"inLanguage":"es-ES","potentialAction":[{"@type":"ReadAction","target":["https:\/\/www.welovecycling.com\/es\/2024\/06\/25\/de-eritrea-al-tour-de-francia-la-historia-de-biniam-girmay\/"]}]},{"@type":"ImageObject","inLanguage":"es-ES","@id":"https:\/\/www.welovecycling.com\/es\/2024\/06\/25\/de-eritrea-al-tour-de-francia-la-historia-de-biniam-girmay\/#primaryimage","url":"https:\/\/d2p6e6u75xmxt8.cloudfront.net\/6\/2024\/06\/WLC_Podcast_Biniam-Girmay_ArticleCover.webp","contentUrl":"https:\/\/d2p6e6u75xmxt8.cloudfront.net\/6\/2024\/06\/WLC_Podcast_Biniam-Girmay_ArticleCover.webp","width":990,"height":660,"caption":"Biniam Girmay"},{"@type":"BreadcrumbList","@id":"https:\/\/www.welovecycling.com\/es\/2024\/06\/25\/de-eritrea-al-tour-de-francia-la-historia-de-biniam-girmay\/#breadcrumb","itemListElement":[{"@type":"ListItem","position":1,"name":"Home","item":"https:\/\/www.welovecycling.com\/es\/"},{"@type":"ListItem","position":2,"name":"De Eritrea al Tour de Francia: La historia de Biniam Girmay"}]},{"@type":"WebSite","@id":"https:\/\/www.welovecycling.com\/es\/#website","url":"https:\/\/www.welovecycling.com\/es\/","name":"\u0160koda We Love Cycling - Spain","description":"\u0160koda WeLoveCycling Spain","potentialAction":[{"@type":"SearchAction","target":{"@type":"EntryPoint","urlTemplate":"https:\/\/www.welovecycling.com\/es\/?s={search_term_string}"},"query-input":{"@type":"PropertyValueSpecification","valueRequired":true,"valueName":"search_term_string"}}],"inLanguage":"es-ES"},{"@type":"Person","@id":"https:\/\/www.welovecycling.com\/es\/#\/schema\/person\/deb61715b5812698ee79fb96f343ccd4","name":"We Love Cycling Spain","image":{"@type":"ImageObject","inLanguage":"es-ES","@id":"https:\/\/www.welovecycling.com\/es\/#\/schema\/person\/image\/","url":"https:\/\/secure.gravatar.com\/avatar\/c824b04e6df0e37a03219d0b6481672889df542894588964102459e46513159c?s=96&d=mm&r=g","contentUrl":"https:\/\/secure.gravatar.com\/avatar\/c824b04e6df0e37a03219d0b6481672889df542894588964102459e46513159c?s=96&d=mm&r=g","caption":"We Love Cycling Spain"},"url":"https:\/\/www.welovecycling.com\/es\/author\/amunoz\/"}]}},"_links":{"self":[{"href":"https:\/\/www.welovecycling.com\/es\/wp-json\/wp\/v2\/posts\/10941","targetHints":{"allow":["GET"]}}],"collection":[{"href":"https:\/\/www.welovecycling.com\/es\/wp-json\/wp\/v2\/posts"}],"about":[{"href":"https:\/\/www.welovecycling.com\/es\/wp-json\/wp\/v2\/types\/post"}],"author":[{"embeddable":true,"href":"https:\/\/www.welovecycling.com\/es\/wp-json\/wp\/v2\/users\/29"}],"replies":[{"embeddable":true,"href":"https:\/\/www.welovecycling.com\/es\/wp-json\/wp\/v2\/comments?post=10941"}],"version-history":[{"count":2,"href":"https:\/\/www.welovecycling.com\/es\/wp-json\/wp\/v2\/posts\/10941\/revisions"}],"predecessor-version":[{"id":10946,"href":"https:\/\/www.welovecycling.com\/es\/wp-json\/wp\/v2\/posts\/10941\/revisions\/10946"}],"wp:featuredmedia":[{"embeddable":true,"href":"https:\/\/www.welovecycling.com\/es\/wp-json\/wp\/v2\/media\/10944"}],"wp:attachment":[{"href":"https:\/\/www.welovecycling.com\/es\/wp-json\/wp\/v2\/media?parent=10941"}],"wp:term":[{"taxonomy":"category","embeddable":true,"href":"https:\/\/www.welovecycling.com\/es\/wp-json\/wp\/v2\/categories?post=10941"},{"taxonomy":"post_tag","embeddable":true,"href":"https:\/\/www.welovecycling.com\/es\/wp-json\/wp\/v2\/tags?post=10941"},{"taxonomy":"global-categories","embeddable":true,"href":"https:\/\/www.welovecycling.com\/es\/wp-json\/wp\/v2\/global-categories?post=10941"}],"curies":[{"name":"wp","href":"https:\/\/api.w.org\/{rel}","templated":true}]}}