{"id":10928,"date":"2024-06-25T22:46:54","date_gmt":"2024-06-25T20:46:54","guid":{"rendered":"https:\/\/www.welovecycling.com\/es\/?p=10928"},"modified":"2024-06-24T22:59:56","modified_gmt":"2024-06-24T20:59:56","slug":"cobertura-carreras-femeninas","status":"publish","type":"post","link":"https:\/\/www.welovecycling.com\/es\/2024\/06\/25\/cobertura-carreras-femeninas\/","title":{"rendered":"La cobertura de las carreras femeninas"},"content":{"rendered":"<p><strong>Hasta ahora ha sido una temporada de carreras incre\u00edble, y ahora que nos preparamos para algunas de las pruebas m\u00e1s importantes del calendario, quer\u00edamos hacer balance del estado de la cobertura de las carreras femeninas, el impacto que est\u00e1 teniendo, adem\u00e1s de lo que le falta y lo que esperamos ver en el futuro.<\/strong><\/p>\n<p><!--more--><\/p>\n<p>En pocas palabras, el aumento de la cobertura medi\u00e1tica del ciclismo femenino est\u00e1 transformando el deporte, atrayendo a un p\u00fablico m\u00e1s amplio y despertando un nuevo entusiasmo entre los aficionados de todo el mundo. El ejemplo m\u00e1s notable de esta tendencia es el \u00e9xito del <a href=\"https:\/\/www.welovecycling.com\/wide\/2023\/08\/17\/kasia-niewiadoma-my-experience-at-the-2023-tour-de-france-femmes-avec-zwift\/\">Tour de France Femmes avec Zwift<\/a> de los dos \u00faltimos a\u00f1os, que atrajo a un gran n\u00famero de espectadores y cautiv\u00f3 la atenci\u00f3n de una audiencia mundial. Al t\u00e9rmino de las carreras, los organizadores informaron de cifras r\u00e9cord de audiencia televisiva, lo que demuestra un hito significativo en la historia de este deporte.<\/p>\n<p>Sin embargo, para mantener y consolidar este progreso, es crucial asegurarnos de que estamos contando la historia completa y llena de matices del ciclismo femenino. Al hacerlo, podemos fomentar una narrativa m\u00e1s rica e inclusiva que apoye el crecimiento continuo del deporte y a las extraordinarias atletas que lo impulsan.<\/p>\n<h2><strong>El Tour de 2022 marca la pauta<\/strong><\/h2>\n<p>El acontecimiento, retransmitido con una <a href=\"https:\/\/www.cyclingweekly.com\/news\/232-million-viewers-watched-the-tour-de-france-femmes-live-in-2022\">media de 2,25 millones de telespectadores en Francia<\/a> y que alcanz\u00f3 un m\u00e1ximo de 5,1 millones en su fase final, tambi\u00e9n tuvo una gran audiencia en toda Europa, con Eurosport registrando la asombrosa cifra de 14 millones de telespectadores. En los Pa\u00edses Bajos, el 45% de la audiencia televisiva sintoniz\u00f3 la televisi\u00f3n para presenciar el espect\u00e1culo. Esta oleada de inter\u00e9s continu\u00f3 pocos d\u00edas despu\u00e9s con el Tour de Escandinavia, que puso de relieve el creciente apetito por el ciclismo femenino. La carrera escandinava se ampli\u00f3 a seis etapas en tres pa\u00edses y atrajo a la impresionante cifra de 4,6 millones de espectadores s\u00f3lo en Eurosport, con una estimaci\u00f3n de 16 millones si se incluyen otras plataformas y las retransmisiones en diferido. Las estad\u00edsticas de la edici\u00f3n del a\u00f1o pasado fueron igualmente convincentes.<\/p>\n<h2><strong>El efecto expansivo de la cobertura<\/strong><\/h2>\n<p>El aumento de la atenci\u00f3n medi\u00e1tica sobre el ciclismo femenino ha cambiado radicalmente el panorama de este deporte. La Uni\u00f3n Ciclista Internacional (UCI) exige ahora un m\u00ednimo de 45 minutos de cobertura en directo para que una carrera pueda optar al estatus de WorldTour Femenino, un est\u00e1ndar que tanto el Tour de France Femmes como el Tour de Escandinavia han superado con creces, emitiendo cada d\u00eda m\u00e1s del doble de la cantidad requerida. Este aumento sustancial de la cobertura ha tenido un impacto positivo directo en las cifras de audiencia.<\/p>\n<p>El adagio &#8220;Si lo muestras, lo ver\u00e1n&#8221; es v\u00e1lido en este contexto. Desde que la UCI introdujo su regla de los 45 minutos, las cifras de audiencia de algunas de las carreras femeninas m\u00e1s importantes se han disparado. Por ejemplo, el Tour de Flandes vio c\u00f3mo la audiencia<a href=\"https:\/\/velo.outsideonline.com\/news\/flanders-organizer-reports-viewership-gains-for-womens-race\/\"> local flamenca de la carrera femenina pas\u00f3 de 157.000 espectadores en 2019 a 764.000 en los \u00faltimos a\u00f1os.<\/a> Este aumento se produjo tras cambios estrat\u00e9gicos como programar la carrera femenina para que terminara despu\u00e9s de la masculina, capitalizando el creciente inter\u00e9s por el ciclismo femenino.<\/p>\n<p>Sin embargo, las expectativas de los aficionados han aumentado al mejorar la calidad media y la duraci\u00f3n de la cobertura de las carreras. De hecho, la disparidad en la calidad de la cobertura de las diferentes carreras WorldTour femeninas sigue siendo un problema, como se vio en el Ceratizit Challenge de La Vuelta, donde la contrarreloj por equipos de apertura fue criticada por carecer de gr\u00e1ficos esenciales. No obstante, la carrera mejor\u00f3 su cobertura en las etapas posteriores, emitiendo alrededor de 90 minutos de contenido por etapa. Esta variaci\u00f3n en la calidad subraya la importancia de unas retransmisiones coherentes y de alto nivel para satisfacer las expectativas de una audiencia creciente y cada vez m\u00e1s comprometida.<\/p>\n<h2><strong>Exploraci\u00f3n de las narrativas medi\u00e1ticas en el ciclismo femenino: Problemas de profundidad y complejidad en la cobertura<\/strong><\/h2>\n<figure id=\"attachment_9463\" aria-describedby=\"caption-attachment-9463\" style=\"width: 990px\" class=\"wp-caption alignnone\"><a href=\"https:\/\/d2p6e6u75xmxt8.cloudfront.net\/6\/2022\/11\/Women39s-Peloton-Tour-de-Romandie-profimedia-0729334102-CVR.webp\"><img loading=\"lazy\" decoding=\"async\" class=\"wp-image-9463 size-full\" src=\"https:\/\/d2p6e6u75xmxt8.cloudfront.net\/6\/2022\/11\/Women39s-Peloton-Tour-de-Romandie-profimedia-0729334102-CVR.webp\" alt=\"Women's Peloton\" width=\"990\" height=\"660\" srcset=\"https:\/\/d2p6e6u75xmxt8.cloudfront.net\/6\/2022\/11\/Women39s-Peloton-Tour-de-Romandie-profimedia-0729334102-CVR.webp 990w, https:\/\/d2p6e6u75xmxt8.cloudfront.net\/6\/2022\/11\/Women39s-Peloton-Tour-de-Romandie-profimedia-0729334102-CVR-300x200.webp 300w, https:\/\/d2p6e6u75xmxt8.cloudfront.net\/6\/2022\/11\/Women39s-Peloton-Tour-de-Romandie-profimedia-0729334102-CVR-768x512.webp 768w, https:\/\/d2p6e6u75xmxt8.cloudfront.net\/6\/2022\/11\/Women39s-Peloton-Tour-de-Romandie-profimedia-0729334102-CVR-272x182.webp 272w\" sizes=\"auto, (max-width: 990px) 100vw, 990px\" \/><\/a><figcaption id=\"caption-attachment-9463\" class=\"wp-caption-text\">El aumento de la cobertura medi\u00e1tica del ciclismo femenino est\u00e1 transformando este deporte, atrayendo a un p\u00fablico m\u00e1s amplio y despertando un nuevo entusiasmo entre los aficionados de todo el mundo. \u00a9 Profimedia<\/figcaption><\/figure>\n<p>Tambi\u00e9n es necesario analizar el nivel de cantidad en relaci\u00f3n con la calidad. Si bien es innegable que el aumento de la cobertura medi\u00e1tica del ciclismo femenino ha elevado el perfil de este deporte, tambi\u00e9n revela discrepancias significativas en la profundidad y la naturaleza de los reportajes en comparaci\u00f3n con los deportes masculinos. El an\u00e1lisis del contenido de esta cobertura revela una tendencia a centrarse de forma simplista en los resultados y el rendimiento del ciclismo femenino, que a menudo carece del an\u00e1lisis rico y polifac\u00e9tico que se ofrece a sus hom\u00f3logos masculinos. Esta disparidad no s\u00f3lo subraya los prejuicios de g\u00e9nero existentes, sino que tambi\u00e9n pone de relieve las \u00e1reas de crecimiento potencial en la forma en que los deportes femeninos son retratados y valorados.<\/p>\n<h2><strong>1. Enfoque superficial de la cobertura<\/strong><\/h2>\n<p>A pesar del creciente inter\u00e9s de los medios de comunicaci\u00f3n, la cobertura del ciclismo femenino se inclina con frecuencia hacia la informaci\u00f3n b\u00e1sica sobre los resultados de las carreras y el rendimiento de las ciclistas. Un estudio reciente de Change Our Game revel\u00f3 la profundidad de esta situaci\u00f3n. Por ejemplo, mientras que la cobertura del ciclismo masculino a menudo se adentra en debates detallados sobre los reg\u00edmenes de entrenamiento, las estrategias de los equipos y las historias individuales de los atletas, el ciclismo femenino se limita predominantemente a destacar las puntuaciones y los resultados. Centrarse en los resultados inmediatos en lugar de en narraciones en profundidad deja un vac\u00edo en la comprensi\u00f3n y apreciaci\u00f3n m\u00e1s amplias del deporte y sus ciclistas.<\/p>\n<h2><strong>2. Disparidades de g\u00e9nero en la narrativa de los medios<\/strong><\/h2>\n<p>Las narrativas que rodean a los deportes femeninos tambi\u00e9n difieren significativamente de las de los deportes masculinos, reflejando prejuicios de g\u00e9nero arraigados. A las ciclistas, por ejemplo, se las suele describir con rasgos como &#8220;triunfadoras silenciosas&#8221; o &#8220;trabajadoras&#8221;, haciendo hincapi\u00e9 en el esfuerzo y la perseverancia por encima de la habilidad y el rendimiento. Esto puede verse como una continuaci\u00f3n de tendencias hist\u00f3ricas en las que los deportes femeninos se valoran m\u00e1s por la dedicaci\u00f3n e integridad de sus participantes que por sus proezas y logros competitivos.<\/p>\n<p>Adem\u00e1s, es menos probable que las mujeres deportistas sean retratadas como figuras queridas o influyentes en comparaci\u00f3n con sus hom\u00f3logos masculinos, que a menudo son representados como carism\u00e1ticos, aunque a veces problem\u00e1ticos o antideportivos. Este desequilibrio no s\u00f3lo influye en la percepci\u00f3n p\u00fablica, sino tambi\u00e9n en el inter\u00e9s y la inversi\u00f3n de los medios de comunicaci\u00f3n en el deporte femenino. Por ejemplo, los relatos que hacen hincapi\u00e9 en las luchas personales y las historias de redenci\u00f3n, habituales en la cobertura del deporte masculino, se aplican con menos frecuencia a las mujeres.<\/p>\n<h2><strong>3. Defensa y representaci\u00f3n del ciclismo femenino<\/strong><\/h2>\n<p>Por \u00faltimo, mientras que la cobertura medi\u00e1tica de los deportes masculinos incluye a menudo debates sobre la defensa de la causa, como las peticiones de un mejor tratamiento de las lesiones o una remuneraci\u00f3n m\u00e1s justa, la cobertura de los deportes femeninos rara vez se aventura en estas \u00e1reas cr\u00edticas. Esta falta de cobertura centrada en la defensa del ciclismo femenino significa que cuestiones importantes, como las disparidades de financiaci\u00f3n o la necesidad de mejores sistemas de apoyo para las atletas, reciben menos atenci\u00f3n y, en consecuencia, menos recursos para el cambio.<\/p>\n<p>Esta disparidad es especialmente evidente en el contexto del patrocinio y la inversi\u00f3n. Los deportes masculinos reciben una cobertura significativamente mayor en relaci\u00f3n con el respaldo financiero y la inversi\u00f3n, lo que ayuda a construir una base econ\u00f3mica sostenible para estos deportes. Por el contrario, rara vez se habla del ciclismo femenino en estos t\u00e9rminos, lo que perpet\u00faa un ciclo de infrafinanciaci\u00f3n e infravaloraci\u00f3n.<\/p>\n<h2><strong>Camino a seguir: Mejorar la cobertura medi\u00e1tica<\/strong><\/h2>\n<p>A medida que el ciclismo femenino sigue ganando adeptas y abriendo nuevos caminos, est\u00e1 claro que una mayor cobertura medi\u00e1tica, m\u00e1s matizada y reflexiva, es un factor crucial en el floreciente \u00e9xito de este deporte. Para elevar verdaderamente el deporte, es imperativo que la cobertura de los medios de comunicaci\u00f3n evolucione m\u00e1s all\u00e1 de la mera informaci\u00f3n sobre los resultados y se adentre en las narrativas m\u00e1s profundas y complejas que enriquecen nuestra comprensi\u00f3n y apreciaci\u00f3n de estos atletas y sus esfuerzos.<\/p>\n<p>De cara al futuro, el Tour de Francia 2024 Femmes avec Zwift presenta una oportunidad apasionante para consolidar el ciclismo femenino en la escena mundial. Con la amplia cobertura prevista por las principales cadenas como Eurosport en Europa, NBC Sports en EE.UU. y SBS en Australia, los aficionados tendr\u00e1n acceso reciente a la carrera y podr\u00e1n conocer mejor a sus atletas favoritas.<\/p>\n<p>Si siguen ampliando y mejorando la calidad de la cobertura, los medios de comunicaci\u00f3n pueden desempe\u00f1ar un papel fundamental para garantizar que el ciclismo femenino reciba el reconocimiento y el respeto que merece.<\/p>\n","protected":false},"excerpt":{"rendered":"<p>Hasta ahora ha sido una temporada de carreras incre\u00edble, y ahora que nos preparamos para algunas de las pruebas m\u00e1s [&hellip;]<\/p>\n","protected":false},"author":29,"featured_media":10932,"comment_status":"open","ping_status":"open","sticky":false,"template":"","format":"standard","meta":{"footnotes":""},"categories":[7],"tags":[571],"global-categories":[],"class_list":["post-10928","post","type-post","status-publish","format-standard","has-post-thumbnail","hentry","category-carretera","tag-ciclismo-femenino"],"yoast_head":"<!-- This site is optimized with the Yoast SEO Premium plugin v25.3 (Yoast SEO v25.9) - https:\/\/yoast.com\/wordpress\/plugins\/seo\/ -->\n<title>Impact of Increased Media Coverage on Women\u2019s Cycling<\/title>\n<meta name=\"description\" content=\"La cobertura de las carreras femeninas. Un an\u00e1lisis de c\u00f3mo la televisi\u00f3n est\u00e1 repercutiendo la visibilidad del ciclismo femenino.\" \/>\n<meta name=\"robots\" content=\"index, follow, max-snippet:-1, max-image-preview:large, max-video-preview:-1\" \/>\n<link rel=\"canonical\" href=\"https:\/\/www.welovecycling.com\/es\/2024\/06\/25\/cobertura-carreras-femeninas\/\" \/>\n<meta property=\"og:locale\" content=\"es_ES\" \/>\n<meta property=\"og:type\" content=\"article\" \/>\n<meta property=\"og:title\" content=\"La cobertura de las carreras femeninas\" \/>\n<meta property=\"og:description\" content=\"La cobertura de las carreras femeninas. Un an\u00e1lisis de c\u00f3mo la televisi\u00f3n est\u00e1 repercutiendo la visibilidad del ciclismo femenino.\" \/>\n<meta property=\"og:url\" content=\"https:\/\/www.welovecycling.com\/es\/2024\/06\/25\/cobertura-carreras-femeninas\/\" \/>\n<meta property=\"og:site_name\" content=\"\u0160koda We Love Cycling - Spain\" \/>\n<meta property=\"article:published_time\" content=\"2024-06-25T20:46:54+00:00\" \/>\n<meta property=\"og:image\" content=\"https:\/\/d2p6e6u75xmxt8.cloudfront.net\/6\/2024\/06\/Tour-de-France-Femmes-Peloton-profimedia-0710730378-CVR.webp\" \/>\n\t<meta property=\"og:image:width\" content=\"990\" \/>\n\t<meta property=\"og:image:height\" content=\"660\" \/>\n\t<meta property=\"og:image:type\" content=\"image\/webp\" \/>\n<meta name=\"author\" content=\"We Love Cycling Spain\" \/>\n<meta name=\"twitter:card\" content=\"summary_large_image\" \/>\n<meta name=\"twitter:label1\" content=\"Written by\" \/>\n\t<meta name=\"twitter:data1\" content=\"Megan Flottorp\" \/>\n\t<meta name=\"twitter:label2\" content=\"Est. reading time\" \/>\n\t<meta name=\"twitter:data2\" content=\"5\" \/>\n<script type=\"application\/ld+json\" class=\"yoast-schema-graph\">{\"@context\":\"https:\/\/schema.org\",\"@graph\":[{\"@type\":\"WebPage\",\"@id\":\"https:\/\/www.welovecycling.com\/es\/2024\/06\/25\/cobertura-carreras-femeninas\/\",\"url\":\"https:\/\/www.welovecycling.com\/es\/2024\/06\/25\/cobertura-carreras-femeninas\/\",\"name\":\"Impact of Increased Media Coverage on Women\u2019s Cycling\",\"isPartOf\":{\"@id\":\"https:\/\/www.welovecycling.com\/es\/#website\"},\"primaryImageOfPage\":{\"@id\":\"https:\/\/www.welovecycling.com\/es\/2024\/06\/25\/cobertura-carreras-femeninas\/#primaryimage\"},\"image\":{\"@id\":\"https:\/\/www.welovecycling.com\/es\/2024\/06\/25\/cobertura-carreras-femeninas\/#primaryimage\"},\"thumbnailUrl\":\"https:\/\/d2p6e6u75xmxt8.cloudfront.net\/6\/2024\/06\/Tour-de-France-Femmes-Peloton-profimedia-0710730378-CVR.webp\",\"datePublished\":\"2024-06-25T20:46:54+00:00\",\"author\":{\"@id\":\"https:\/\/www.welovecycling.com\/es\/#\/schema\/person\/deb61715b5812698ee79fb96f343ccd4\"},\"description\":\"La cobertura de las carreras femeninas. Un an\u00e1lisis de c\u00f3mo la televisi\u00f3n est\u00e1 repercutiendo la visibilidad del ciclismo femenino.\",\"breadcrumb\":{\"@id\":\"https:\/\/www.welovecycling.com\/es\/2024\/06\/25\/cobertura-carreras-femeninas\/#breadcrumb\"},\"inLanguage\":\"es-ES\",\"potentialAction\":[{\"@type\":\"ReadAction\",\"target\":[\"https:\/\/www.welovecycling.com\/es\/2024\/06\/25\/cobertura-carreras-femeninas\/\"]}]},{\"@type\":\"ImageObject\",\"inLanguage\":\"es-ES\",\"@id\":\"https:\/\/www.welovecycling.com\/es\/2024\/06\/25\/cobertura-carreras-femeninas\/#primaryimage\",\"url\":\"https:\/\/d2p6e6u75xmxt8.cloudfront.net\/6\/2024\/06\/Tour-de-France-Femmes-Peloton-profimedia-0710730378-CVR.webp\",\"contentUrl\":\"https:\/\/d2p6e6u75xmxt8.cloudfront.net\/6\/2024\/06\/Tour-de-France-Femmes-Peloton-profimedia-0710730378-CVR.webp\",\"width\":990,\"height\":660,\"caption\":\"Tour de France Femmes Peloton\"},{\"@type\":\"BreadcrumbList\",\"@id\":\"https:\/\/www.welovecycling.com\/es\/2024\/06\/25\/cobertura-carreras-femeninas\/#breadcrumb\",\"itemListElement\":[{\"@type\":\"ListItem\",\"position\":1,\"name\":\"Home\",\"item\":\"https:\/\/www.welovecycling.com\/es\/\"},{\"@type\":\"ListItem\",\"position\":2,\"name\":\"La cobertura de las carreras femeninas\"}]},{\"@type\":\"WebSite\",\"@id\":\"https:\/\/www.welovecycling.com\/es\/#website\",\"url\":\"https:\/\/www.welovecycling.com\/es\/\",\"name\":\"\u0160koda We Love Cycling - Spain\",\"description\":\"\u0160koda WeLoveCycling Spain\",\"potentialAction\":[{\"@type\":\"SearchAction\",\"target\":{\"@type\":\"EntryPoint\",\"urlTemplate\":\"https:\/\/www.welovecycling.com\/es\/?s={search_term_string}\"},\"query-input\":{\"@type\":\"PropertyValueSpecification\",\"valueRequired\":true,\"valueName\":\"search_term_string\"}}],\"inLanguage\":\"es-ES\"},{\"@type\":\"Person\",\"@id\":\"https:\/\/www.welovecycling.com\/es\/#\/schema\/person\/deb61715b5812698ee79fb96f343ccd4\",\"name\":\"We Love Cycling Spain\",\"image\":{\"@type\":\"ImageObject\",\"inLanguage\":\"es-ES\",\"@id\":\"https:\/\/www.welovecycling.com\/es\/#\/schema\/person\/image\/\",\"url\":\"https:\/\/secure.gravatar.com\/avatar\/c824b04e6df0e37a03219d0b6481672889df542894588964102459e46513159c?s=96&d=mm&r=g\",\"contentUrl\":\"https:\/\/secure.gravatar.com\/avatar\/c824b04e6df0e37a03219d0b6481672889df542894588964102459e46513159c?s=96&d=mm&r=g\",\"caption\":\"We Love Cycling Spain\"},\"url\":\"https:\/\/www.welovecycling.com\/es\/author\/amunoz\/\"}]}<\/script>\n<!-- \/ Yoast SEO Premium plugin. -->","yoast_head_json":{"title":"Impact of Increased Media Coverage on Women\u2019s Cycling","description":"La cobertura de las carreras femeninas. Un an\u00e1lisis de c\u00f3mo la televisi\u00f3n est\u00e1 repercutiendo la visibilidad del ciclismo femenino.","robots":{"index":"index","follow":"follow","max-snippet":"max-snippet:-1","max-image-preview":"max-image-preview:large","max-video-preview":"max-video-preview:-1"},"canonical":"https:\/\/www.welovecycling.com\/es\/2024\/06\/25\/cobertura-carreras-femeninas\/","og_locale":"es_ES","og_type":"article","og_title":"La cobertura de las carreras femeninas","og_description":"La cobertura de las carreras femeninas. Un an\u00e1lisis de c\u00f3mo la televisi\u00f3n est\u00e1 repercutiendo la visibilidad del ciclismo femenino.","og_url":"https:\/\/www.welovecycling.com\/es\/2024\/06\/25\/cobertura-carreras-femeninas\/","og_site_name":"\u0160koda We Love Cycling - Spain","article_published_time":"2024-06-25T20:46:54+00:00","og_image":[{"width":990,"height":660,"url":"https:\/\/d2p6e6u75xmxt8.cloudfront.net\/6\/2024\/06\/Tour-de-France-Femmes-Peloton-profimedia-0710730378-CVR.webp","type":"image\/webp"}],"author":"We Love Cycling Spain","twitter_card":"summary_large_image","twitter_misc":{"Written by":"Megan Flottorp","Est. reading time":"5"},"schema":{"@context":"https:\/\/schema.org","@graph":[{"@type":"WebPage","@id":"https:\/\/www.welovecycling.com\/es\/2024\/06\/25\/cobertura-carreras-femeninas\/","url":"https:\/\/www.welovecycling.com\/es\/2024\/06\/25\/cobertura-carreras-femeninas\/","name":"Impact of Increased Media Coverage on Women\u2019s Cycling","isPartOf":{"@id":"https:\/\/www.welovecycling.com\/es\/#website"},"primaryImageOfPage":{"@id":"https:\/\/www.welovecycling.com\/es\/2024\/06\/25\/cobertura-carreras-femeninas\/#primaryimage"},"image":{"@id":"https:\/\/www.welovecycling.com\/es\/2024\/06\/25\/cobertura-carreras-femeninas\/#primaryimage"},"thumbnailUrl":"https:\/\/d2p6e6u75xmxt8.cloudfront.net\/6\/2024\/06\/Tour-de-France-Femmes-Peloton-profimedia-0710730378-CVR.webp","datePublished":"2024-06-25T20:46:54+00:00","author":{"@id":"https:\/\/www.welovecycling.com\/es\/#\/schema\/person\/deb61715b5812698ee79fb96f343ccd4"},"description":"La cobertura de las carreras femeninas. Un an\u00e1lisis de c\u00f3mo la televisi\u00f3n est\u00e1 repercutiendo la visibilidad del ciclismo femenino.","breadcrumb":{"@id":"https:\/\/www.welovecycling.com\/es\/2024\/06\/25\/cobertura-carreras-femeninas\/#breadcrumb"},"inLanguage":"es-ES","potentialAction":[{"@type":"ReadAction","target":["https:\/\/www.welovecycling.com\/es\/2024\/06\/25\/cobertura-carreras-femeninas\/"]}]},{"@type":"ImageObject","inLanguage":"es-ES","@id":"https:\/\/www.welovecycling.com\/es\/2024\/06\/25\/cobertura-carreras-femeninas\/#primaryimage","url":"https:\/\/d2p6e6u75xmxt8.cloudfront.net\/6\/2024\/06\/Tour-de-France-Femmes-Peloton-profimedia-0710730378-CVR.webp","contentUrl":"https:\/\/d2p6e6u75xmxt8.cloudfront.net\/6\/2024\/06\/Tour-de-France-Femmes-Peloton-profimedia-0710730378-CVR.webp","width":990,"height":660,"caption":"Tour de France Femmes Peloton"},{"@type":"BreadcrumbList","@id":"https:\/\/www.welovecycling.com\/es\/2024\/06\/25\/cobertura-carreras-femeninas\/#breadcrumb","itemListElement":[{"@type":"ListItem","position":1,"name":"Home","item":"https:\/\/www.welovecycling.com\/es\/"},{"@type":"ListItem","position":2,"name":"La cobertura de las carreras femeninas"}]},{"@type":"WebSite","@id":"https:\/\/www.welovecycling.com\/es\/#website","url":"https:\/\/www.welovecycling.com\/es\/","name":"\u0160koda We Love Cycling - Spain","description":"\u0160koda WeLoveCycling Spain","potentialAction":[{"@type":"SearchAction","target":{"@type":"EntryPoint","urlTemplate":"https:\/\/www.welovecycling.com\/es\/?s={search_term_string}"},"query-input":{"@type":"PropertyValueSpecification","valueRequired":true,"valueName":"search_term_string"}}],"inLanguage":"es-ES"},{"@type":"Person","@id":"https:\/\/www.welovecycling.com\/es\/#\/schema\/person\/deb61715b5812698ee79fb96f343ccd4","name":"We Love Cycling Spain","image":{"@type":"ImageObject","inLanguage":"es-ES","@id":"https:\/\/www.welovecycling.com\/es\/#\/schema\/person\/image\/","url":"https:\/\/secure.gravatar.com\/avatar\/c824b04e6df0e37a03219d0b6481672889df542894588964102459e46513159c?s=96&d=mm&r=g","contentUrl":"https:\/\/secure.gravatar.com\/avatar\/c824b04e6df0e37a03219d0b6481672889df542894588964102459e46513159c?s=96&d=mm&r=g","caption":"We Love Cycling Spain"},"url":"https:\/\/www.welovecycling.com\/es\/author\/amunoz\/"}]}},"_links":{"self":[{"href":"https:\/\/www.welovecycling.com\/es\/wp-json\/wp\/v2\/posts\/10928","targetHints":{"allow":["GET"]}}],"collection":[{"href":"https:\/\/www.welovecycling.com\/es\/wp-json\/wp\/v2\/posts"}],"about":[{"href":"https:\/\/www.welovecycling.com\/es\/wp-json\/wp\/v2\/types\/post"}],"author":[{"embeddable":true,"href":"https:\/\/www.welovecycling.com\/es\/wp-json\/wp\/v2\/users\/29"}],"replies":[{"embeddable":true,"href":"https:\/\/www.welovecycling.com\/es\/wp-json\/wp\/v2\/comments?post=10928"}],"version-history":[{"count":2,"href":"https:\/\/www.welovecycling.com\/es\/wp-json\/wp\/v2\/posts\/10928\/revisions"}],"predecessor-version":[{"id":10935,"href":"https:\/\/www.welovecycling.com\/es\/wp-json\/wp\/v2\/posts\/10928\/revisions\/10935"}],"wp:featuredmedia":[{"embeddable":true,"href":"https:\/\/www.welovecycling.com\/es\/wp-json\/wp\/v2\/media\/10932"}],"wp:attachment":[{"href":"https:\/\/www.welovecycling.com\/es\/wp-json\/wp\/v2\/media?parent=10928"}],"wp:term":[{"taxonomy":"category","embeddable":true,"href":"https:\/\/www.welovecycling.com\/es\/wp-json\/wp\/v2\/categories?post=10928"},{"taxonomy":"post_tag","embeddable":true,"href":"https:\/\/www.welovecycling.com\/es\/wp-json\/wp\/v2\/tags?post=10928"},{"taxonomy":"global-categories","embeddable":true,"href":"https:\/\/www.welovecycling.com\/es\/wp-json\/wp\/v2\/global-categories?post=10928"}],"curies":[{"name":"wp","href":"https:\/\/api.w.org\/{rel}","templated":true}]}}