{"id":10926,"date":"2024-06-26T21:58:39","date_gmt":"2024-06-26T19:58:39","guid":{"rendered":"https:\/\/www.welovecycling.com\/es\/?p=10926"},"modified":"2024-06-26T09:09:08","modified_gmt":"2024-06-26T07:09:08","slug":"los-jovenes-espanoles-toman-el-poder-en-el-tour-2024","status":"publish","type":"post","link":"https:\/\/www.welovecycling.com\/es\/2024\/06\/26\/los-jovenes-espanoles-toman-el-poder-en-el-tour-2024\/","title":{"rendered":"Los j\u00f3venes espa\u00f1oles toman el poder en el Tour 2024"},"content":{"rendered":"<p><b>El relevo generacional del ciclismo espa\u00f1ol llega al Tour de Francia. Carlos Rodr\u00edguez, con solo 23 a\u00f1os, ser\u00e1 el l\u00edder del Team Ineos, uno de los tres equipos m\u00e1s caros del mundo. Y Juan Ayuso el gregario de lujo de Tadej Pogacar para ganar su tercer Tour de Francia, aunque el valenciano, en su debut, tendr\u00e1 opciones si falla el esloveno. Pero ojo, que todav\u00eda aguanta la vieja guardia con Mikel Landa como hombre clave de Remco Evenepoel en la monta\u00f1a y Jes\u00fas Herrada, Ion Izaguirre y Peio Bilbao en busca de etapas y la duda ya eterna del rendimiento de Enric Mas.<\/b><\/p>\n<p><!--more--><\/p>\n<p>Despu\u00e9s de su victoria de etapa y su gran actuaci\u00f3n en el <strong>Tour 2023, Carlos Rodr\u00edguez<\/strong> se ha erigido como la esperanza del ciclismo espa\u00f1ol en la ronda gala. El granadino tendr\u00e1 a su servicio de todo el Team Ineos con Egan Bernal, Geraint Thomas, Tom Pidckok, Castroviejo o Kwiato. Un equipazo para que Carlos Rodr\u00edguez pueda ser el aspirante a ocupar el podio junto al duo Pogacar &#8211; Vingegaard. Como siempre, su rendimiento hay ido de menos a m\u00e1s en la temporada. Su \u00faltima etapa fue la final de Dauphine en la que junto a Jorgenson (Visma) puso contra las cuerdas a todo un Primoz Roglic, uno de sus grandes rivales para subir al caj\u00f3n en Niza (ojo, que este a\u00f1o no acaba el Tour en Paris).<\/p>\n<p>Su h\u00e1ndicap es la contrarreloj llana de la primera semana, de casi 30 kil\u00f3metros, en la que ceder\u00e1 tiempo ante los favoritos. Aunque tiene suficiente monta\u00f1a para mostrar su consistencia y, quien sabe, sumar una nueva victoria su Vingegaard y Pogacar se vigilan como en 2023.<\/p>\n<p><strong>Juan Ayuso<\/strong> es de la misma generaci\u00f3n que Carlos Rodr\u00edguez (solo un a\u00f1o menor), pero todav\u00eda no se ha ganado los galones para ser el l\u00edder del UAE. En primer lugar porque en ese equipo est\u00e1 Tadej Pogacar, y despu\u00e9s porque, pese a su gran rendimiento en La Vuelta Espa\u00f1a, con un podio y un cuarto puesto, nunca ha corrido en el Tour y eso se suele notar. A priori la labor de Ayuso ser\u00e1 la de ser, junto a Adam Yates, el \u00faltimo hombre del equipo de Emiratos en la monta\u00f1a junto a Pogacar. Le tocar\u00e1 trabajar, aunque pocas veces se ha visto al valenciano vaciarse para un compa\u00f1ero de escuadra.<\/p>\n<p>Esta temporada Ayuso se ha apuntado la <a href=\"https:\/\/www.welovecycling.com\/es\/2024\/04\/07\/juan-ayuso\/\">Itzulia<\/a> de las ca\u00eddas de Vingegaard, Roglic y Evenepoel. Acudi\u00f3 a Dauphine pero no pudo demostrar su forma porque se fue al suelo en la cuarta etapa. As\u00ed que todav\u00eda sigue siendo una inc\u00f3gnita. Junto a \u00e9l en el UAE estar\u00e1 Marc Soler, uno de los hombres de confianza de Pogacar.<\/p>\n<p><span style=\"font-size: 18pt;\"><strong>MOVISTAR CAMBIA EL GUI\u00d3N<\/strong><\/span><br \/>\nEl Movistar hace debutar a dos de su valores en alza, ambos de la generaci\u00f3n del 99. Por un lado <strong>Oier Lazkano<\/strong>, que despu\u00e9s de una buena temporada de cl\u00e1sicas se ha destapado como &#8216;escalador&#8217; en la \u00faltima <a href=\"https:\/\/www.welovecycling.com\/es\/2024\/06\/09\/dauphine-2024-las-dudas-de-los-aspirantes\/\">Dauphine<\/a>. El de Vitoria tendr\u00e1 libertad para moverse por su cuenta, igual que <strong>Javier Romo<\/strong>. El toledano viene del triatl\u00f3n y en su primer a\u00f1o en Movistar tambi\u00e9n ha rendido en la alta monta\u00f1a. Acumul\u00f3 buenos puestos en Dauphine junto a Lazkano y es un ciclista perfecto para ir en fuga.<\/p>\n<p><a href=\"https:\/\/d2p6e6u75xmxt8.cloudfront.net\/6\/2024\/02\/jaen_lazcano.webp\"><img loading=\"lazy\" decoding=\"async\" class=\"aligncenter size-large wp-image-10587\" src=\"https:\/\/d2p6e6u75xmxt8.cloudfront.net\/6\/2024\/02\/jaen_lazcano-1024x682.webp\" alt=\"\" width=\"1024\" height=\"682\" srcset=\"https:\/\/d2p6e6u75xmxt8.cloudfront.net\/6\/2024\/02\/jaen_lazcano-1024x682.webp 1024w, https:\/\/d2p6e6u75xmxt8.cloudfront.net\/6\/2024\/02\/jaen_lazcano-300x200.webp 300w, https:\/\/d2p6e6u75xmxt8.cloudfront.net\/6\/2024\/02\/jaen_lazcano-768x512.webp 768w, https:\/\/d2p6e6u75xmxt8.cloudfront.net\/6\/2024\/02\/jaen_lazcano-1536x1023.webp 1536w, https:\/\/d2p6e6u75xmxt8.cloudfront.net\/6\/2024\/02\/jaen_lazcano-400x267.webp 400w, https:\/\/d2p6e6u75xmxt8.cloudfront.net\/6\/2024\/02\/jaen_lazcano-272x182.webp 272w, https:\/\/d2p6e6u75xmxt8.cloudfront.net\/6\/2024\/02\/jaen_lazcano.webp 1600w\" sizes=\"auto, (max-width: 1024px) 100vw, 1024px\" \/><\/a><\/p>\n<p>El ocho del equipo telef\u00f3nico tambi\u00e9n lleva a <strong>Alex Aramburu<\/strong>, reciente campe\u00f3n de Espa\u00f1a y uno de los mejores finishers en llegadas con unos metros de desnivel. Le ser\u00e1 complicado sumar etapas porque los Pogacar, Vingegaard, Roglic y compa\u00f1\u00eda tambi\u00e9n se meten en este tipo de finales, pero tendr\u00e1 su libertad. Todo esto hace que esta vez <strong>Enric Mas<\/strong> no acuda como l\u00edder absoluto de Movistar y es complicado que pueda optar a la general. En la Vuelta a Suiza estuvo lejos de los mejores en la alta monta\u00f1a y el equipo que lleva Unzu\u00e9 es m\u00e1s para buscar etapas que para trabajar porque al grupo de espa\u00f1oles hay que sumar al sprinter Gaviria y a los escaladores Formolo y Mulberger, adem\u00e1s de Nelson Oliveira.<\/p>\n<p><span style=\"font-size: 18pt;\"><strong>LANDA, PEIO, IZAGIRRE, HERRADA&#8230;<\/strong><\/span><br \/>\nPara completar la lista de espa\u00f1oles en el Tour quedan nombres ilustres y veteranos. El primero <strong>Mikel Landa<\/strong>, que esta temporada ha rendido al m\u00e1ximo nivel en casi todas las carreras. Fue el \u00fanico en no quedar demasiado lejos de Pogacar en la Volta y se marc\u00f3 una buena Dauphine ayudando a Remco Evenepoel pese a la corta preparaci\u00f3n despu\u00e9s de la rotura de clav\u00edcula de la Itzulia. En teor\u00eda su papel es &#8216;apadrinar&#8217; en la alta monta\u00f1a a Remco en el Soudal, pero a poco que falle el belga tendr\u00e1 libertad para moverse y Mikel siempre ha tenido buenas actuaciones cuando no ha partido de gregario.<\/p>\n<p>El que s\u00ed acude como l\u00edder del Bahrein es <a href=\"https:\/\/www.welovecycling.com\/es\/2021\/04\/11\/itzulia-2021-roglic-cobra-a-pogacar-la-primera-venganza-del-tour\/\">Peio Bilbao<\/a>. Victoria en el Tour de Eslovenia hace solo quince d\u00edas y triunfo en el Tour de 2023. El vasco se ha hecho el &#8216;jefe&#8217; de la escuadra despu\u00e9s de que se marchase Mikel Landa. Es capaz de ganar etapa y acabar en el Top Ten y tambi\u00e9n de cambiar el gui\u00f3n y ayudar al colombiano Buitrago si rinde en la alta monta\u00f1a.<br \/>\n<img loading=\"lazy\" decoding=\"async\" class=\"alignnone size-extra-large\" src=\"https:\/\/img.aso.fr\/core_app\/img-cycling-vcc-jpg\/7rv4352\/4343\/0:0,1000:666-1000-0-70\/95657\" width=\"1000\" height=\"666\" \/><\/p>\n<p>El Cofidis no tiene un l\u00edder absoluto con Guillaume Martin, as\u00ed que <strong>Jes\u00fas Herrada y Ion Izagirre<\/strong> buscar\u00e1n sus opciones en las fugas. El vasco sum\u00f3 en 2023 su segunda victoria de etapa en el Tour y el manchego lleva tres etapas en la Vuelta y ya fue segundo detr\u00e1s de Lutsenko en una etapa en el Tour de 2020. Ser\u00e1n dos fijos en las escapadas.<\/p>\n<p><strong>Carlos Verona<\/strong> ha cambiado de aires en 2024 y vuelve al Tour con el Lidl Trek. En principio el l\u00edder del equipo ser\u00e1 Ciccone, aunque el italiano hace tiempo que dej\u00f3 de aspirar a las generales y se mueve a las mil maravillas buscando etapas. As\u00ed que eso dejar\u00e1 algo de margen a Verona para tener libertad, aunque siempre supeditado a las \u00f3rdenes de Josu Larraz\u00e1bal, el jefe del equipo.<\/p>\n<p>El Arkea lleva a dos ciclistas espa\u00f1oles. Por un lado el debut de <strong>Ra\u00fal Garc\u00eda Pierna<\/strong>, que viene de ser tercero en la contrarreloj\u00a0 del Campeonato de Espa\u00f1a y que dej\u00f3 el Kern Pharma el a\u00f1o pasado para debutar en el Tour. Y tambi\u00e9n el valor fijo de <strong>Christian Rodr\u00edguez<\/strong>. Un seguro en la monta\u00f1a y que dar\u00e1 opciones al equipo franc\u00e9s en las escapadas.<\/p>\n","protected":false},"excerpt":{"rendered":"<p>El relevo generacional del ciclismo espa\u00f1ol llega al Tour de Francia. Carlos Rodr\u00edguez, con solo 23 a\u00f1os, ser\u00e1 el l\u00edder [&hellip;]<\/p>\n","protected":false},"author":29,"featured_media":10696,"comment_status":"open","ping_status":"open","sticky":false,"template":"","format":"standard","meta":{"footnotes":""},"categories":[7],"tags":[],"global-categories":[],"class_list":["post-10926","post","type-post","status-publish","format-standard","has-post-thumbnail","hentry","category-carretera"],"yoast_head":"<!-- This site is optimized with the Yoast SEO Premium plugin v25.3 (Yoast SEO v25.9) - https:\/\/yoast.com\/wordpress\/plugins\/seo\/ -->\n<title>Los j\u00f3venes espa\u00f1oles toman el poder en el Tour 2024 - \u0160koda We Love Cycling - Spain<\/title>\n<meta name=\"description\" content=\"Los j\u00f3venes espa\u00f1oles toman el poder en el Tour 2024. Carlos Rodr\u00edguez y Juan Ayuso lideran la participaci\u00f3n nacional.\" \/>\n<meta name=\"robots\" content=\"index, follow, max-snippet:-1, max-image-preview:large, max-video-preview:-1\" \/>\n<link rel=\"canonical\" href=\"https:\/\/www.welovecycling.com\/es\/2024\/06\/26\/los-jovenes-espanoles-toman-el-poder-en-el-tour-2024\/\" \/>\n<meta property=\"og:locale\" content=\"es_ES\" \/>\n<meta property=\"og:type\" content=\"article\" \/>\n<meta property=\"og:title\" content=\"Los j\u00f3venes espa\u00f1oles toman el poder en el Tour 2024\" \/>\n<meta property=\"og:description\" content=\"Los j\u00f3venes espa\u00f1oles toman el poder en el Tour 2024. Carlos Rodr\u00edguez y Juan Ayuso lideran la participaci\u00f3n nacional.\" \/>\n<meta property=\"og:url\" content=\"https:\/\/www.welovecycling.com\/es\/2024\/06\/26\/los-jovenes-espanoles-toman-el-poder-en-el-tour-2024\/\" \/>\n<meta property=\"og:site_name\" content=\"\u0160koda We Love Cycling - Spain\" \/>\n<meta property=\"article:published_time\" content=\"2024-06-26T19:58:39+00:00\" \/>\n<meta property=\"og:image\" content=\"https:\/\/d2p6e6u75xmxt8.cloudfront.net\/6\/2024\/04\/ayuso_carlos.webp\" \/>\n\t<meta property=\"og:image:width\" content=\"1280\" \/>\n\t<meta property=\"og:image:height\" content=\"853\" \/>\n\t<meta property=\"og:image:type\" content=\"image\/webp\" \/>\n<meta name=\"author\" content=\"We Love Cycling Spain\" \/>\n<meta name=\"twitter:card\" content=\"summary_large_image\" \/>\n<meta name=\"twitter:label1\" content=\"Written by\" \/>\n\t<meta name=\"twitter:data1\" content=\"Luis Ortega @ciclored\" \/>\n\t<meta name=\"twitter:label2\" content=\"Est. reading time\" \/>\n\t<meta name=\"twitter:data2\" content=\"6 minutes\" \/>\n<script type=\"application\/ld+json\" class=\"yoast-schema-graph\">{\"@context\":\"https:\/\/schema.org\",\"@graph\":[{\"@type\":\"WebPage\",\"@id\":\"https:\/\/www.welovecycling.com\/es\/2024\/06\/26\/los-jovenes-espanoles-toman-el-poder-en-el-tour-2024\/\",\"url\":\"https:\/\/www.welovecycling.com\/es\/2024\/06\/26\/los-jovenes-espanoles-toman-el-poder-en-el-tour-2024\/\",\"name\":\"Los j\u00f3venes espa\u00f1oles toman el poder en el Tour 2024 - \u0160koda We Love Cycling - Spain\",\"isPartOf\":{\"@id\":\"https:\/\/www.welovecycling.com\/es\/#website\"},\"primaryImageOfPage\":{\"@id\":\"https:\/\/www.welovecycling.com\/es\/2024\/06\/26\/los-jovenes-espanoles-toman-el-poder-en-el-tour-2024\/#primaryimage\"},\"image\":{\"@id\":\"https:\/\/www.welovecycling.com\/es\/2024\/06\/26\/los-jovenes-espanoles-toman-el-poder-en-el-tour-2024\/#primaryimage\"},\"thumbnailUrl\":\"https:\/\/d2p6e6u75xmxt8.cloudfront.net\/6\/2024\/04\/ayuso_carlos.webp\",\"datePublished\":\"2024-06-26T19:58:39+00:00\",\"author\":{\"@id\":\"https:\/\/www.welovecycling.com\/es\/#\/schema\/person\/deb61715b5812698ee79fb96f343ccd4\"},\"description\":\"Los j\u00f3venes espa\u00f1oles toman el poder en el Tour 2024. Carlos Rodr\u00edguez y Juan Ayuso lideran la participaci\u00f3n nacional.\",\"breadcrumb\":{\"@id\":\"https:\/\/www.welovecycling.com\/es\/2024\/06\/26\/los-jovenes-espanoles-toman-el-poder-en-el-tour-2024\/#breadcrumb\"},\"inLanguage\":\"es-ES\",\"potentialAction\":[{\"@type\":\"ReadAction\",\"target\":[\"https:\/\/www.welovecycling.com\/es\/2024\/06\/26\/los-jovenes-espanoles-toman-el-poder-en-el-tour-2024\/\"]}]},{\"@type\":\"ImageObject\",\"inLanguage\":\"es-ES\",\"@id\":\"https:\/\/www.welovecycling.com\/es\/2024\/06\/26\/los-jovenes-espanoles-toman-el-poder-en-el-tour-2024\/#primaryimage\",\"url\":\"https:\/\/d2p6e6u75xmxt8.cloudfront.net\/6\/2024\/04\/ayuso_carlos.webp\",\"contentUrl\":\"https:\/\/d2p6e6u75xmxt8.cloudfront.net\/6\/2024\/04\/ayuso_carlos.webp\",\"width\":1280,\"height\":853},{\"@type\":\"BreadcrumbList\",\"@id\":\"https:\/\/www.welovecycling.com\/es\/2024\/06\/26\/los-jovenes-espanoles-toman-el-poder-en-el-tour-2024\/#breadcrumb\",\"itemListElement\":[{\"@type\":\"ListItem\",\"position\":1,\"name\":\"Home\",\"item\":\"https:\/\/www.welovecycling.com\/es\/\"},{\"@type\":\"ListItem\",\"position\":2,\"name\":\"Los j\u00f3venes espa\u00f1oles toman el poder en el Tour 2024\"}]},{\"@type\":\"WebSite\",\"@id\":\"https:\/\/www.welovecycling.com\/es\/#website\",\"url\":\"https:\/\/www.welovecycling.com\/es\/\",\"name\":\"\u0160koda We Love Cycling - Spain\",\"description\":\"\u0160koda WeLoveCycling Spain\",\"potentialAction\":[{\"@type\":\"SearchAction\",\"target\":{\"@type\":\"EntryPoint\",\"urlTemplate\":\"https:\/\/www.welovecycling.com\/es\/?s={search_term_string}\"},\"query-input\":{\"@type\":\"PropertyValueSpecification\",\"valueRequired\":true,\"valueName\":\"search_term_string\"}}],\"inLanguage\":\"es-ES\"},{\"@type\":\"Person\",\"@id\":\"https:\/\/www.welovecycling.com\/es\/#\/schema\/person\/deb61715b5812698ee79fb96f343ccd4\",\"name\":\"We Love Cycling Spain\",\"image\":{\"@type\":\"ImageObject\",\"inLanguage\":\"es-ES\",\"@id\":\"https:\/\/www.welovecycling.com\/es\/#\/schema\/person\/image\/\",\"url\":\"https:\/\/secure.gravatar.com\/avatar\/c824b04e6df0e37a03219d0b6481672889df542894588964102459e46513159c?s=96&d=mm&r=g\",\"contentUrl\":\"https:\/\/secure.gravatar.com\/avatar\/c824b04e6df0e37a03219d0b6481672889df542894588964102459e46513159c?s=96&d=mm&r=g\",\"caption\":\"We Love Cycling Spain\"},\"url\":\"https:\/\/www.welovecycling.com\/es\/author\/amunoz\/\"}]}<\/script>\n<!-- \/ Yoast SEO Premium plugin. -->","yoast_head_json":{"title":"Los j\u00f3venes espa\u00f1oles toman el poder en el Tour 2024 - \u0160koda We Love Cycling - Spain","description":"Los j\u00f3venes espa\u00f1oles toman el poder en el Tour 2024. Carlos Rodr\u00edguez y Juan Ayuso lideran la participaci\u00f3n nacional.","robots":{"index":"index","follow":"follow","max-snippet":"max-snippet:-1","max-image-preview":"max-image-preview:large","max-video-preview":"max-video-preview:-1"},"canonical":"https:\/\/www.welovecycling.com\/es\/2024\/06\/26\/los-jovenes-espanoles-toman-el-poder-en-el-tour-2024\/","og_locale":"es_ES","og_type":"article","og_title":"Los j\u00f3venes espa\u00f1oles toman el poder en el Tour 2024","og_description":"Los j\u00f3venes espa\u00f1oles toman el poder en el Tour 2024. Carlos Rodr\u00edguez y Juan Ayuso lideran la participaci\u00f3n nacional.","og_url":"https:\/\/www.welovecycling.com\/es\/2024\/06\/26\/los-jovenes-espanoles-toman-el-poder-en-el-tour-2024\/","og_site_name":"\u0160koda We Love Cycling - Spain","article_published_time":"2024-06-26T19:58:39+00:00","og_image":[{"width":1280,"height":853,"url":"https:\/\/d2p6e6u75xmxt8.cloudfront.net\/6\/2024\/04\/ayuso_carlos.webp","type":"image\/webp"}],"author":"We Love Cycling Spain","twitter_card":"summary_large_image","twitter_misc":{"Written by":"Luis Ortega @ciclored","Est. reading time":"6 minutes"},"schema":{"@context":"https:\/\/schema.org","@graph":[{"@type":"WebPage","@id":"https:\/\/www.welovecycling.com\/es\/2024\/06\/26\/los-jovenes-espanoles-toman-el-poder-en-el-tour-2024\/","url":"https:\/\/www.welovecycling.com\/es\/2024\/06\/26\/los-jovenes-espanoles-toman-el-poder-en-el-tour-2024\/","name":"Los j\u00f3venes espa\u00f1oles toman el poder en el Tour 2024 - \u0160koda We Love Cycling - Spain","isPartOf":{"@id":"https:\/\/www.welovecycling.com\/es\/#website"},"primaryImageOfPage":{"@id":"https:\/\/www.welovecycling.com\/es\/2024\/06\/26\/los-jovenes-espanoles-toman-el-poder-en-el-tour-2024\/#primaryimage"},"image":{"@id":"https:\/\/www.welovecycling.com\/es\/2024\/06\/26\/los-jovenes-espanoles-toman-el-poder-en-el-tour-2024\/#primaryimage"},"thumbnailUrl":"https:\/\/d2p6e6u75xmxt8.cloudfront.net\/6\/2024\/04\/ayuso_carlos.webp","datePublished":"2024-06-26T19:58:39+00:00","author":{"@id":"https:\/\/www.welovecycling.com\/es\/#\/schema\/person\/deb61715b5812698ee79fb96f343ccd4"},"description":"Los j\u00f3venes espa\u00f1oles toman el poder en el Tour 2024. Carlos Rodr\u00edguez y Juan Ayuso lideran la participaci\u00f3n nacional.","breadcrumb":{"@id":"https:\/\/www.welovecycling.com\/es\/2024\/06\/26\/los-jovenes-espanoles-toman-el-poder-en-el-tour-2024\/#breadcrumb"},"inLanguage":"es-ES","potentialAction":[{"@type":"ReadAction","target":["https:\/\/www.welovecycling.com\/es\/2024\/06\/26\/los-jovenes-espanoles-toman-el-poder-en-el-tour-2024\/"]}]},{"@type":"ImageObject","inLanguage":"es-ES","@id":"https:\/\/www.welovecycling.com\/es\/2024\/06\/26\/los-jovenes-espanoles-toman-el-poder-en-el-tour-2024\/#primaryimage","url":"https:\/\/d2p6e6u75xmxt8.cloudfront.net\/6\/2024\/04\/ayuso_carlos.webp","contentUrl":"https:\/\/d2p6e6u75xmxt8.cloudfront.net\/6\/2024\/04\/ayuso_carlos.webp","width":1280,"height":853},{"@type":"BreadcrumbList","@id":"https:\/\/www.welovecycling.com\/es\/2024\/06\/26\/los-jovenes-espanoles-toman-el-poder-en-el-tour-2024\/#breadcrumb","itemListElement":[{"@type":"ListItem","position":1,"name":"Home","item":"https:\/\/www.welovecycling.com\/es\/"},{"@type":"ListItem","position":2,"name":"Los j\u00f3venes espa\u00f1oles toman el poder en el Tour 2024"}]},{"@type":"WebSite","@id":"https:\/\/www.welovecycling.com\/es\/#website","url":"https:\/\/www.welovecycling.com\/es\/","name":"\u0160koda We Love Cycling - Spain","description":"\u0160koda WeLoveCycling Spain","potentialAction":[{"@type":"SearchAction","target":{"@type":"EntryPoint","urlTemplate":"https:\/\/www.welovecycling.com\/es\/?s={search_term_string}"},"query-input":{"@type":"PropertyValueSpecification","valueRequired":true,"valueName":"search_term_string"}}],"inLanguage":"es-ES"},{"@type":"Person","@id":"https:\/\/www.welovecycling.com\/es\/#\/schema\/person\/deb61715b5812698ee79fb96f343ccd4","name":"We Love Cycling Spain","image":{"@type":"ImageObject","inLanguage":"es-ES","@id":"https:\/\/www.welovecycling.com\/es\/#\/schema\/person\/image\/","url":"https:\/\/secure.gravatar.com\/avatar\/c824b04e6df0e37a03219d0b6481672889df542894588964102459e46513159c?s=96&d=mm&r=g","contentUrl":"https:\/\/secure.gravatar.com\/avatar\/c824b04e6df0e37a03219d0b6481672889df542894588964102459e46513159c?s=96&d=mm&r=g","caption":"We Love Cycling Spain"},"url":"https:\/\/www.welovecycling.com\/es\/author\/amunoz\/"}]}},"_links":{"self":[{"href":"https:\/\/www.welovecycling.com\/es\/wp-json\/wp\/v2\/posts\/10926","targetHints":{"allow":["GET"]}}],"collection":[{"href":"https:\/\/www.welovecycling.com\/es\/wp-json\/wp\/v2\/posts"}],"about":[{"href":"https:\/\/www.welovecycling.com\/es\/wp-json\/wp\/v2\/types\/post"}],"author":[{"embeddable":true,"href":"https:\/\/www.welovecycling.com\/es\/wp-json\/wp\/v2\/users\/29"}],"replies":[{"embeddable":true,"href":"https:\/\/www.welovecycling.com\/es\/wp-json\/wp\/v2\/comments?post=10926"}],"version-history":[{"count":3,"href":"https:\/\/www.welovecycling.com\/es\/wp-json\/wp\/v2\/posts\/10926\/revisions"}],"predecessor-version":[{"id":10948,"href":"https:\/\/www.welovecycling.com\/es\/wp-json\/wp\/v2\/posts\/10926\/revisions\/10948"}],"wp:featuredmedia":[{"embeddable":true,"href":"https:\/\/www.welovecycling.com\/es\/wp-json\/wp\/v2\/media\/10696"}],"wp:attachment":[{"href":"https:\/\/www.welovecycling.com\/es\/wp-json\/wp\/v2\/media?parent=10926"}],"wp:term":[{"taxonomy":"category","embeddable":true,"href":"https:\/\/www.welovecycling.com\/es\/wp-json\/wp\/v2\/categories?post=10926"},{"taxonomy":"post_tag","embeddable":true,"href":"https:\/\/www.welovecycling.com\/es\/wp-json\/wp\/v2\/tags?post=10926"},{"taxonomy":"global-categories","embeddable":true,"href":"https:\/\/www.welovecycling.com\/es\/wp-json\/wp\/v2\/global-categories?post=10926"}],"curies":[{"name":"wp","href":"https:\/\/api.w.org\/{rel}","templated":true}]}}