{"id":10922,"date":"2024-06-24T17:02:11","date_gmt":"2024-06-24T15:02:11","guid":{"rendered":"https:\/\/www.welovecycling.com\/es\/?p=10922"},"modified":"2024-06-25T21:25:00","modified_gmt":"2024-06-25T19:25:00","slug":"vingegaard-vs-pogacar-2","status":"publish","type":"post","link":"https:\/\/www.welovecycling.com\/es\/2024\/06\/24\/vingegaard-vs-pogacar-2\/","title":{"rendered":"Tour 2024. La rev\u00e1lida Vingegaard vs Pogacar"},"content":{"rendered":"<p><strong>El Tour 2024 es at\u00edpico. Por primera vez no acabar\u00e1 en Paris. Los Juegos Ol\u00edmpicos se lo impiden. La \u00faltima l\u00ednea de meta estar\u00e1 en Niza, igual que la<a href=\"https:\/\/www.welovecycling.com\/es\/2023\/06\/28\/vingegaard-vs-pogacar\/\"> Par\u00eds-Niza,<\/a> el &#8216;Tour&#8217; de principios de temporada. All\u00ed en 2023 Pogacar bati\u00f3 sin problemas a Vingegaard. El esloveno era el m\u00e1ximo favorito hasta la ca\u00edda de Lieja. Ah\u00ed surgieron las dudas que se resolvieron entre la crono de Alpes y el <a href=\"https:\/\/www.welovecycling.com\/es\/2023\/07\/14\/un-tour-por-los-alpes-en-busca-de-la-historia\/\">Col de la Loze<\/a>. Pogacar sucumbi\u00f3 y en 2024 tiene la rev\u00e1lida.<\/strong><\/p>\n<p><!--more--><\/p>\n<p>Esta vez el gui\u00f3n ha girado. Las dudas las tiene el Visma de Vingegaard y Van Aert. Los dos cayeron en el mes de abril. <a href=\"https:\/\/www.welovecycling.com\/es\/2024\/04\/07\/juan-ayuso\/\">El dan\u00e9s se pas\u00f3 m\u00e1s de 10 d\u00edas en el Hospital de Vitoria<\/a>. Se lleg\u00f3 a dudar de que volviese a correr esta temporada. Necesit\u00f3 casi un mes para volver a subirse en la bici. Diez dias m\u00e1s para ir a Mallorca a entrenar en busca del buen tiempo y solo despu\u00e9s viaj\u00f3 a la concentraci\u00f3n del equipo en Tignes para terminar de cerrar su preparaci\u00f3n del Tour sin competir nada despu\u00e9s de la ca\u00edda. <strong>Sus datos son buenos, si no, no ir\u00eda al Tour, pero tambi\u00e9n lo eran los de Pogacar en 2023&#8230;<\/strong><\/p>\n<p>El esloveno tambi\u00e9n tiene alguna duda. Nunca ha disputado dos grandes vueltas en la misma temporada. El Giro se acab\u00f3 hace poco m\u00e1s de un mes y <strong>Pogacar lo finaliz\u00f3 de rosa en en Coliseo romano<\/strong>, exultante y dominando la carrera a su antojo. Hizo las maletas y a los pocos d\u00edas ya estaba concentrado en la estaci\u00f3n alpina de Isola 2000. Que ser\u00e1 meta de la antepen\u00faltima etapa de este Tour. Todo dice que llega en buen estado de forma, pero que puede acusar los esfuerzos de tres semanas.<\/p>\n<p>Y como es un Tour con un <a href=\"https:\/\/www.welovecycling.com\/es\/2023\/10\/25\/un-tour-de-francia-2024-mas-que-atipico\/\">recorrido at\u00edpico<\/a>, pues en este 2024 la carrera exige a los favoritos llegar a pleno rendimiento. Parte de Florencia el s\u00e1bado 29 de junio y ya en la primera jornada atraviesa los Apeninos, sube m\u00e1s de 3.500 metros de desnivel y pese a que acaba en la planicie de Rimini en el Adri\u00e1tico todo lo anterior es un serrucho constante. Perfecto para romper la carrera y comprobar si Vingegaard llega como dice, aunque su compa\u00f1ero <a href=\"https:\/\/espanol.eurosport.com\/ciclismo\/tour-de-francia\/2024\/tour-francia-2024-crecen-las-dudas-en-el-visma-sobre-las-opciones-de-vingegaard-nadie-apostaria-a-que-sube-al-podio_sto20013006\/story.shtml\">Tiejs Benoot ya baj\u00f3 el sufl\u00e9<\/a> . Tambi\u00e9n si los invitados al duelo, <a href=\"https:\/\/www.welovecycling.com\/es\/2023\/03\/29\/roglic-vs-evenepoel-una-rivalidad-que-solo-acaba-de-empezar\/\">Roglic y Evenepoel<\/a>, puede presentar batalla. Incluso el Team Ineos, que presenta a Carlos Rodr\u00edguez como l\u00edder a dos ganadores de Tour como Egan Bernal y Geraint Thomas como gregarios de lujo, adem\u00e1s del siempre peligroso Tom Pidcock.<\/p>\n<p><a href=\"https:\/\/d2p6e6u75xmxt8.cloudfront.net\/6\/2024\/06\/Roglic_dauphine.webp\"><img loading=\"lazy\" decoding=\"async\" class=\"aligncenter size-full wp-image-10896\" src=\"https:\/\/d2p6e6u75xmxt8.cloudfront.net\/6\/2024\/06\/Roglic_dauphine.webp\" alt=\"\" width=\"1000\" height=\"664\" srcset=\"https:\/\/d2p6e6u75xmxt8.cloudfront.net\/6\/2024\/06\/Roglic_dauphine.webp 1000w, https:\/\/d2p6e6u75xmxt8.cloudfront.net\/6\/2024\/06\/Roglic_dauphine-300x199.webp 300w, https:\/\/d2p6e6u75xmxt8.cloudfront.net\/6\/2024\/06\/Roglic_dauphine-768x510.webp 768w, https:\/\/d2p6e6u75xmxt8.cloudfront.net\/6\/2024\/06\/Roglic_dauphine-400x266.webp 400w, https:\/\/d2p6e6u75xmxt8.cloudfront.net\/6\/2024\/06\/Roglic_dauphine-272x182.webp 272w\" sizes=\"auto, (max-width: 1000px) 100vw, 1000px\" \/><\/a><\/p>\n<p><span style=\"font-size: 18pt;\"><strong>INICIO COMPLICADO<\/strong><\/span><\/p>\n<p>El domingo sigue siendo peligroso con la doble ascensi\u00f3n a San Luca (2 km al 10%) antes del final en Bolonia. Y el martes, en la etapa 4, llega el Galibier. La alta monta\u00f1a antes que nunca. Lo peor que le pod\u00eda pasar a Vingegaard si llega corto de forma. Es cierto que las dos subidas previas, Sestrieres y Montgenevre (la que separa Italia de Francia) no son excesivamentes duras y que despu\u00e9s est\u00e1 todo el inicio de Lautaret para recuperar, pero los ocho kil\u00f3metros finales de Galibier van a servir para ver el estado real de forma de todos los favoritos y de sus equipos. Pogacar llega con un Dream Team con <strong>Adam Yates, Ayuso, Soler y Wellens,<\/strong> que ser\u00edan l\u00edderes en cualquier otro conjunto del mundo. Jonas tendr\u00e1 que echar mano de Jorgenson, que hizo un Dauphine prodigioso y de Van Aert, que tampoco ha competido tras su ca\u00edda previa al Tour de Flandes. Pero echar\u00e1 de menos a <strong>Sepp Kuss,<\/strong> baja de \u00faltima hora por Covid, y <strong>Kruiskwijk y Van Vaarle<\/strong>, que se fueron al suelo en Dauphine.<\/p>\n<p>Los lideres se podr\u00e1n tomar dos d\u00edas tranquilos antes de la contrarreloj llana del viernes 5 de julio entre Nuits Saint Goerges y Chambertin. Ser\u00e1n 25 kil\u00f3metros una distancia suficiente para que <strong>Remco Evenepoel<\/strong> pueda recuperar algo de terreno y para que la clasificaci\u00f3n se abra un poco m\u00e1s.<\/p>\n<p>La primera semana acaba en el norte de Francia, en<strong> Troyes, con una etapa de repechos y 14 tramos de tierra<\/strong>, el \u00faltimo a solo diez de meta. Uno de esos d\u00edas en los que puede pasar cualquier cosa. La emoci\u00f3n vuelve el mi\u00e9rcoles 10 de julio con una etapa de media monta\u00f1a en el macizo central. 211 kil\u00f3metros y m\u00e1s de 4.000 metros de desnivel. Una &#8216;Lieja&#8217; con cuatro puertos, un primera, dos segundas y un tercera en lo \u00faltimos 40 kil\u00f3metros de etapa.<\/p>\n<p><strong><span style=\"font-size: 18pt;\">PIRINEOS Y ALPES<\/span><\/strong><\/p>\n<p>Dos jornadas de transici\u00f3n dar\u00e1n paso al fin de semana piren\u00e1ico. El s\u00e1bado 12 de julio un cl\u00e1sico de 150 kil\u00f3metros y 4.000 metros de desnivel con <strong>Tourmalet, Hourquette de Ancizan y final en Saint Lary Pla de Adet<\/strong>, con sus siete kil\u00f3metros iniciales al 10%.<br \/>\nLa carrera dormir\u00e1 all\u00ed mismo porque al d\u00eda tocan 200 kil\u00f3metros y casi 5.000 metros de desnivel y atravesar los Pirineos de oeste a este. El destino, el dur\u00edsimo <strong>Plateau de Beille.<\/strong> Por el camino Peyresourde, Ment\u00e9, Col de Anges y Port de Lers.<\/p>\n<p>Despu\u00e9s del \u00faltimo d\u00eda de descanso el Tour remonta la Costa Azul para llegar a los Alpes. Solo habr\u00e1 oportunidad para los velocistas el martes 16 de julio porque al d\u00eda siguiente el Tour llega al final en alto de <a href=\"https:\/\/www.letour.fr\/es\/etapa-17\"><strong>Superdevoluy<\/strong><\/a>. El jueves cinco puertos de tercera y 3.100 metros de desnivel antes de entrar en Barcelonotte y a partir del viernes el tr\u00edptico final m\u00e1s duro de los \u00faltimos a\u00f1os de Tour de Francia.<\/p>\n<figure id=\"attachment_10266\" aria-describedby=\"caption-attachment-10266\" style=\"width: 1024px\" class=\"wp-caption aligncenter\"><a href=\"https:\/\/d2p6e6u75xmxt8.cloudfront.net\/6\/2023\/09\/vingegaard_la_vuelta_23-e1694341585166.webp\"><img loading=\"lazy\" decoding=\"async\" class=\"size-large wp-image-10266\" src=\"https:\/\/d2p6e6u75xmxt8.cloudfront.net\/6\/2023\/09\/vingegaard_la_vuelta_23-e1694341585166-1024x692.webp\" alt=\"\" width=\"1024\" height=\"692\" srcset=\"https:\/\/d2p6e6u75xmxt8.cloudfront.net\/6\/2023\/09\/vingegaard_la_vuelta_23-e1694341585166-1024x692.webp 1024w, https:\/\/d2p6e6u75xmxt8.cloudfront.net\/6\/2023\/09\/vingegaard_la_vuelta_23-e1694341585166-300x203.webp 300w, https:\/\/d2p6e6u75xmxt8.cloudfront.net\/6\/2023\/09\/vingegaard_la_vuelta_23-e1694341585166-768x519.webp 768w, https:\/\/d2p6e6u75xmxt8.cloudfront.net\/6\/2023\/09\/vingegaard_la_vuelta_23-e1694341585166-400x270.webp 400w, https:\/\/d2p6e6u75xmxt8.cloudfront.net\/6\/2023\/09\/vingegaard_la_vuelta_23-e1694341585166.webp 1420w\" sizes=\"auto, (max-width: 1024px) 100vw, 1024px\" \/><\/a><figcaption id=\"caption-attachment-10266\" class=\"wp-caption-text\">Vuelta Espa\u00f1a 2023 &#8211; 78.\u00aa edici\u00f3n &#8211; 13.\u00aa etapa Formigal &#8211; Col du Tourmalet 134,7 km &#8211; 09\/08\/2023 &#8211; Jonas Vingegaard (DEN &#8211; Jumbo &#8211; Visma) &#8211; foto Luis Angel Gomez\/SprintCyclingAgency\u00a92023<\/figcaption><\/figure>\n<p>La pen\u00faltima jornada es un cl\u00e1sico de los Alpes. No demasiado larga, 140 kil\u00f3metros, pero con puestos largos, tendidos y por encima de los 2.000 metros de altitud. <strong>Col de Vars, la Bonette (con sus 2.800 metros, el techo del Tour) y final en Isola 2000<\/strong>, con sus 16 kil\u00f3metros de longitud al 7,1% de pendiente media. Al d\u00eda siguiente, m\u00e1s monta\u00f1a, esta vez en los Alpes Mar\u00edtimos que rodean a Niza. Otra vez casi 5.000 metros de desnivel por <strong>Col de Braus, Col de Turini, Col de la Colmiane y final en <a href=\"https:\/\/www.letour.fr\/es\/etapa-20\">Col de la Couillole<\/a><\/strong>. Sin rampas demasiado empinadas, pero puertos constantes para hacer diferencias a poco que alguno de los favoritos ceda.<\/p>\n<p>Y esta vez el Tour no tiene paseo en la \u00faltima etapa, sino que al igual que en 1991, y ya ha llovido, habr\u00e1 una contrarreloj final por las monta\u00f1as de Niza. Adem\u00e1s, con una dificultad t\u00e9cnica a\u00f1adida porque no tiene casi nada de llano. Son 33 kil\u00f3metros con la subida inicial a La Turbie (8 km al 5,6%), despu\u00e9s el kil\u00f3metro y medio al 11% para enganchar con el <strong>Col de Eze<\/strong> y el descenso complicado y curveado de este \u00faltimo. Solo los cinco kil\u00f3metros finales del Tour 2024 son planos. Ser\u00e1 un d\u00eda para que los equipos tomen decisiones sobre el material que van a utilizar los favoritos para ganar la edici\u00f3n de 2024.<\/p>\n","protected":false},"excerpt":{"rendered":"<p>El Tour 2024 es at\u00edpico. Por primera vez no acabar\u00e1 en Paris. Los Juegos Ol\u00edmpicos se lo impiden. La \u00faltima [&hellip;]<\/p>\n","protected":false},"author":29,"featured_media":10100,"comment_status":"open","ping_status":"open","sticky":false,"template":"","format":"standard","meta":{"footnotes":""},"categories":[7],"tags":[2305,557],"global-categories":[1164],"class_list":["post-10922","post","type-post","status-publish","format-standard","has-post-thumbnail","hentry","category-carretera","tag-tour-2024","tag-tour-de-francia","global-categories-cycling"],"yoast_head":"<!-- This site is optimized with the Yoast SEO Premium plugin v25.3 (Yoast SEO v25.9) - https:\/\/yoast.com\/wordpress\/plugins\/seo\/ -->\n<title>Tour 2024. La rev\u00e1lida Vingegaard vs Pogacar - \u0160koda We Love Cycling - Spain<\/title>\n<meta name=\"description\" content=\"La previa del Tour de Francia 2024. De las dudas de Vingegaard despu\u00e9s de su ca\u00edda al estado de forma de Pogacar tras el Giro de Italia.\" \/>\n<meta name=\"robots\" content=\"index, follow, max-snippet:-1, max-image-preview:large, max-video-preview:-1\" \/>\n<link rel=\"canonical\" href=\"https:\/\/www.welovecycling.com\/es\/2024\/06\/24\/vingegaard-vs-pogacar-2\/\" \/>\n<meta property=\"og:locale\" content=\"es_ES\" \/>\n<meta property=\"og:type\" content=\"article\" \/>\n<meta property=\"og:title\" content=\"Tour 2024. La rev\u00e1lida Vingegaard vs Pogacar\" \/>\n<meta property=\"og:description\" content=\"La previa del Tour de Francia 2024. De las dudas de Vingegaard despu\u00e9s de su ca\u00edda al estado de forma de Pogacar tras el Giro de Italia.\" \/>\n<meta property=\"og:url\" content=\"https:\/\/www.welovecycling.com\/es\/2024\/06\/24\/vingegaard-vs-pogacar-2\/\" \/>\n<meta property=\"og:site_name\" content=\"\u0160koda We Love Cycling - Spain\" \/>\n<meta property=\"article:published_time\" content=\"2024-06-24T15:02:11+00:00\" \/>\n<meta property=\"article:modified_time\" content=\"2024-06-25T19:25:00+00:00\" \/>\n<meta property=\"og:image\" content=\"https:\/\/d2p6e6u75xmxt8.cloudfront.net\/6\/2023\/07\/Tour_2023_pogacar_vingegaard.webp\" \/>\n\t<meta property=\"og:image:width\" content=\"1000\" \/>\n\t<meta property=\"og:image:height\" content=\"667\" \/>\n\t<meta property=\"og:image:type\" content=\"image\/webp\" \/>\n<meta name=\"author\" content=\"We Love Cycling Spain\" \/>\n<meta name=\"twitter:card\" content=\"summary_large_image\" \/>\n<meta name=\"twitter:description\" content=\"La previa del Tour de Francia 2024. De las dudas de Vingegaard despu\u00e9s de su ca\u00edda al estado de forma de Pogacar tras el Giro de Italia.\" \/>\n<meta name=\"twitter:label1\" content=\"Written by\" \/>\n\t<meta name=\"twitter:data1\" content=\"Luis Ortega @Ciclored\" \/>\n\t<meta name=\"twitter:label2\" content=\"Est. reading time\" \/>\n\t<meta name=\"twitter:data2\" content=\"6 minutes\" \/>\n<script type=\"application\/ld+json\" class=\"yoast-schema-graph\">{\"@context\":\"https:\/\/schema.org\",\"@graph\":[{\"@type\":\"WebPage\",\"@id\":\"https:\/\/www.welovecycling.com\/es\/2024\/06\/24\/vingegaard-vs-pogacar-2\/\",\"url\":\"https:\/\/www.welovecycling.com\/es\/2024\/06\/24\/vingegaard-vs-pogacar-2\/\",\"name\":\"Tour 2024. La rev\u00e1lida Vingegaard vs Pogacar - \u0160koda We Love Cycling - Spain\",\"isPartOf\":{\"@id\":\"https:\/\/www.welovecycling.com\/es\/#website\"},\"primaryImageOfPage\":{\"@id\":\"https:\/\/www.welovecycling.com\/es\/2024\/06\/24\/vingegaard-vs-pogacar-2\/#primaryimage\"},\"image\":{\"@id\":\"https:\/\/www.welovecycling.com\/es\/2024\/06\/24\/vingegaard-vs-pogacar-2\/#primaryimage\"},\"thumbnailUrl\":\"https:\/\/d2p6e6u75xmxt8.cloudfront.net\/6\/2023\/07\/Tour_2023_pogacar_vingegaard.webp\",\"datePublished\":\"2024-06-24T15:02:11+00:00\",\"dateModified\":\"2024-06-25T19:25:00+00:00\",\"author\":{\"@id\":\"https:\/\/www.welovecycling.com\/es\/#\/schema\/person\/deb61715b5812698ee79fb96f343ccd4\"},\"description\":\"La previa del Tour de Francia 2024. De las dudas de Vingegaard despu\u00e9s de su ca\u00edda al estado de forma de Pogacar tras el Giro de Italia.\",\"breadcrumb\":{\"@id\":\"https:\/\/www.welovecycling.com\/es\/2024\/06\/24\/vingegaard-vs-pogacar-2\/#breadcrumb\"},\"inLanguage\":\"es-ES\",\"potentialAction\":[{\"@type\":\"ReadAction\",\"target\":[\"https:\/\/www.welovecycling.com\/es\/2024\/06\/24\/vingegaard-vs-pogacar-2\/\"]}]},{\"@type\":\"ImageObject\",\"inLanguage\":\"es-ES\",\"@id\":\"https:\/\/www.welovecycling.com\/es\/2024\/06\/24\/vingegaard-vs-pogacar-2\/#primaryimage\",\"url\":\"https:\/\/d2p6e6u75xmxt8.cloudfront.net\/6\/2023\/07\/Tour_2023_pogacar_vingegaard.webp\",\"contentUrl\":\"https:\/\/d2p6e6u75xmxt8.cloudfront.net\/6\/2023\/07\/Tour_2023_pogacar_vingegaard.webp\",\"width\":1000,\"height\":667},{\"@type\":\"BreadcrumbList\",\"@id\":\"https:\/\/www.welovecycling.com\/es\/2024\/06\/24\/vingegaard-vs-pogacar-2\/#breadcrumb\",\"itemListElement\":[{\"@type\":\"ListItem\",\"position\":1,\"name\":\"Home\",\"item\":\"https:\/\/www.welovecycling.com\/es\/\"},{\"@type\":\"ListItem\",\"position\":2,\"name\":\"Tour 2024. La rev\u00e1lida Vingegaard vs Pogacar\"}]},{\"@type\":\"WebSite\",\"@id\":\"https:\/\/www.welovecycling.com\/es\/#website\",\"url\":\"https:\/\/www.welovecycling.com\/es\/\",\"name\":\"\u0160koda We Love Cycling - Spain\",\"description\":\"\u0160koda WeLoveCycling Spain\",\"potentialAction\":[{\"@type\":\"SearchAction\",\"target\":{\"@type\":\"EntryPoint\",\"urlTemplate\":\"https:\/\/www.welovecycling.com\/es\/?s={search_term_string}\"},\"query-input\":{\"@type\":\"PropertyValueSpecification\",\"valueRequired\":true,\"valueName\":\"search_term_string\"}}],\"inLanguage\":\"es-ES\"},{\"@type\":\"Person\",\"@id\":\"https:\/\/www.welovecycling.com\/es\/#\/schema\/person\/deb61715b5812698ee79fb96f343ccd4\",\"name\":\"We Love Cycling Spain\",\"image\":{\"@type\":\"ImageObject\",\"inLanguage\":\"es-ES\",\"@id\":\"https:\/\/www.welovecycling.com\/es\/#\/schema\/person\/image\/\",\"url\":\"https:\/\/secure.gravatar.com\/avatar\/c824b04e6df0e37a03219d0b6481672889df542894588964102459e46513159c?s=96&d=mm&r=g\",\"contentUrl\":\"https:\/\/secure.gravatar.com\/avatar\/c824b04e6df0e37a03219d0b6481672889df542894588964102459e46513159c?s=96&d=mm&r=g\",\"caption\":\"We Love Cycling Spain\"},\"url\":\"https:\/\/www.welovecycling.com\/es\/author\/amunoz\/\"}]}<\/script>\n<!-- \/ Yoast SEO Premium plugin. -->","yoast_head_json":{"title":"Tour 2024. La rev\u00e1lida Vingegaard vs Pogacar - \u0160koda We Love Cycling - Spain","description":"La previa del Tour de Francia 2024. De las dudas de Vingegaard despu\u00e9s de su ca\u00edda al estado de forma de Pogacar tras el Giro de Italia.","robots":{"index":"index","follow":"follow","max-snippet":"max-snippet:-1","max-image-preview":"max-image-preview:large","max-video-preview":"max-video-preview:-1"},"canonical":"https:\/\/www.welovecycling.com\/es\/2024\/06\/24\/vingegaard-vs-pogacar-2\/","og_locale":"es_ES","og_type":"article","og_title":"Tour 2024. La rev\u00e1lida Vingegaard vs Pogacar","og_description":"La previa del Tour de Francia 2024. De las dudas de Vingegaard despu\u00e9s de su ca\u00edda al estado de forma de Pogacar tras el Giro de Italia.","og_url":"https:\/\/www.welovecycling.com\/es\/2024\/06\/24\/vingegaard-vs-pogacar-2\/","og_site_name":"\u0160koda We Love Cycling - Spain","article_published_time":"2024-06-24T15:02:11+00:00","article_modified_time":"2024-06-25T19:25:00+00:00","og_image":[{"width":1000,"height":667,"url":"https:\/\/d2p6e6u75xmxt8.cloudfront.net\/6\/2023\/07\/Tour_2023_pogacar_vingegaard.webp","type":"image\/webp"}],"author":"We Love Cycling Spain","twitter_card":"summary_large_image","twitter_description":"La previa del Tour de Francia 2024. De las dudas de Vingegaard despu\u00e9s de su ca\u00edda al estado de forma de Pogacar tras el Giro de Italia.","twitter_misc":{"Written by":"Luis Ortega @Ciclored","Est. reading time":"6 minutes"},"schema":{"@context":"https:\/\/schema.org","@graph":[{"@type":"WebPage","@id":"https:\/\/www.welovecycling.com\/es\/2024\/06\/24\/vingegaard-vs-pogacar-2\/","url":"https:\/\/www.welovecycling.com\/es\/2024\/06\/24\/vingegaard-vs-pogacar-2\/","name":"Tour 2024. La rev\u00e1lida Vingegaard vs Pogacar - \u0160koda We Love Cycling - Spain","isPartOf":{"@id":"https:\/\/www.welovecycling.com\/es\/#website"},"primaryImageOfPage":{"@id":"https:\/\/www.welovecycling.com\/es\/2024\/06\/24\/vingegaard-vs-pogacar-2\/#primaryimage"},"image":{"@id":"https:\/\/www.welovecycling.com\/es\/2024\/06\/24\/vingegaard-vs-pogacar-2\/#primaryimage"},"thumbnailUrl":"https:\/\/d2p6e6u75xmxt8.cloudfront.net\/6\/2023\/07\/Tour_2023_pogacar_vingegaard.webp","datePublished":"2024-06-24T15:02:11+00:00","dateModified":"2024-06-25T19:25:00+00:00","author":{"@id":"https:\/\/www.welovecycling.com\/es\/#\/schema\/person\/deb61715b5812698ee79fb96f343ccd4"},"description":"La previa del Tour de Francia 2024. De las dudas de Vingegaard despu\u00e9s de su ca\u00edda al estado de forma de Pogacar tras el Giro de Italia.","breadcrumb":{"@id":"https:\/\/www.welovecycling.com\/es\/2024\/06\/24\/vingegaard-vs-pogacar-2\/#breadcrumb"},"inLanguage":"es-ES","potentialAction":[{"@type":"ReadAction","target":["https:\/\/www.welovecycling.com\/es\/2024\/06\/24\/vingegaard-vs-pogacar-2\/"]}]},{"@type":"ImageObject","inLanguage":"es-ES","@id":"https:\/\/www.welovecycling.com\/es\/2024\/06\/24\/vingegaard-vs-pogacar-2\/#primaryimage","url":"https:\/\/d2p6e6u75xmxt8.cloudfront.net\/6\/2023\/07\/Tour_2023_pogacar_vingegaard.webp","contentUrl":"https:\/\/d2p6e6u75xmxt8.cloudfront.net\/6\/2023\/07\/Tour_2023_pogacar_vingegaard.webp","width":1000,"height":667},{"@type":"BreadcrumbList","@id":"https:\/\/www.welovecycling.com\/es\/2024\/06\/24\/vingegaard-vs-pogacar-2\/#breadcrumb","itemListElement":[{"@type":"ListItem","position":1,"name":"Home","item":"https:\/\/www.welovecycling.com\/es\/"},{"@type":"ListItem","position":2,"name":"Tour 2024. La rev\u00e1lida Vingegaard vs Pogacar"}]},{"@type":"WebSite","@id":"https:\/\/www.welovecycling.com\/es\/#website","url":"https:\/\/www.welovecycling.com\/es\/","name":"\u0160koda We Love Cycling - Spain","description":"\u0160koda WeLoveCycling Spain","potentialAction":[{"@type":"SearchAction","target":{"@type":"EntryPoint","urlTemplate":"https:\/\/www.welovecycling.com\/es\/?s={search_term_string}"},"query-input":{"@type":"PropertyValueSpecification","valueRequired":true,"valueName":"search_term_string"}}],"inLanguage":"es-ES"},{"@type":"Person","@id":"https:\/\/www.welovecycling.com\/es\/#\/schema\/person\/deb61715b5812698ee79fb96f343ccd4","name":"We Love Cycling Spain","image":{"@type":"ImageObject","inLanguage":"es-ES","@id":"https:\/\/www.welovecycling.com\/es\/#\/schema\/person\/image\/","url":"https:\/\/secure.gravatar.com\/avatar\/c824b04e6df0e37a03219d0b6481672889df542894588964102459e46513159c?s=96&d=mm&r=g","contentUrl":"https:\/\/secure.gravatar.com\/avatar\/c824b04e6df0e37a03219d0b6481672889df542894588964102459e46513159c?s=96&d=mm&r=g","caption":"We Love Cycling Spain"},"url":"https:\/\/www.welovecycling.com\/es\/author\/amunoz\/"}]}},"_links":{"self":[{"href":"https:\/\/www.welovecycling.com\/es\/wp-json\/wp\/v2\/posts\/10922","targetHints":{"allow":["GET"]}}],"collection":[{"href":"https:\/\/www.welovecycling.com\/es\/wp-json\/wp\/v2\/posts"}],"about":[{"href":"https:\/\/www.welovecycling.com\/es\/wp-json\/wp\/v2\/types\/post"}],"author":[{"embeddable":true,"href":"https:\/\/www.welovecycling.com\/es\/wp-json\/wp\/v2\/users\/29"}],"replies":[{"embeddable":true,"href":"https:\/\/www.welovecycling.com\/es\/wp-json\/wp\/v2\/comments?post=10922"}],"version-history":[{"count":4,"href":"https:\/\/www.welovecycling.com\/es\/wp-json\/wp\/v2\/posts\/10922\/revisions"}],"predecessor-version":[{"id":10945,"href":"https:\/\/www.welovecycling.com\/es\/wp-json\/wp\/v2\/posts\/10922\/revisions\/10945"}],"wp:featuredmedia":[{"embeddable":true,"href":"https:\/\/www.welovecycling.com\/es\/wp-json\/wp\/v2\/media\/10100"}],"wp:attachment":[{"href":"https:\/\/www.welovecycling.com\/es\/wp-json\/wp\/v2\/media?parent=10922"}],"wp:term":[{"taxonomy":"category","embeddable":true,"href":"https:\/\/www.welovecycling.com\/es\/wp-json\/wp\/v2\/categories?post=10922"},{"taxonomy":"post_tag","embeddable":true,"href":"https:\/\/www.welovecycling.com\/es\/wp-json\/wp\/v2\/tags?post=10922"},{"taxonomy":"global-categories","embeddable":true,"href":"https:\/\/www.welovecycling.com\/es\/wp-json\/wp\/v2\/global-categories?post=10922"}],"curies":[{"name":"wp","href":"https:\/\/api.w.org\/{rel}","templated":true}]}}