{"id":10887,"date":"2024-06-05T12:25:08","date_gmt":"2024-06-05T10:25:08","guid":{"rendered":"https:\/\/www.welovecycling.com\/es\/?p=10887"},"modified":"2024-06-03T13:10:20","modified_gmt":"2024-06-03T11:10:20","slug":"mejoras-aerodinamicas","status":"publish","type":"post","link":"https:\/\/www.welovecycling.com\/es\/2024\/06\/05\/mejoras-aerodinamicas\/","title":{"rendered":"Ganancias marginales &#8211; Mejoras aerodin\u00e1micas"},"content":{"rendered":"<p><strong>Algunas de las mayores mejoras aerodin\u00e1micas vendr\u00e1n sin duda de tu posici\u00f3n en la bicicleta. Conseguir un manillar aerodin\u00e1mico y un buen ajuste de la bicicleta son los puntos de partida si quieres cubrir tus necesidades b\u00e1sicas. Pero este art\u00edculo trata de las mejoras marginales, las mejoras aerodin\u00e1micas menos obvias. Echemos un vistazo a d\u00f3nde gastar tu dinero y centrarte si quieres ir m\u00e1s all\u00e1.<\/strong><\/p>\n<p><!--more--><\/p>\n<h2><strong>Ropa optimizada<\/strong><\/h2>\n<p style=\"font-weight: 400;\">Llevar ropa espec\u00edfica para ciclismo es una obviedad: es m\u00e1s pr\u00e1ctica. Pero quiz\u00e1 no sepas hasta qu\u00e9 punto influye la ropa en la aerodin\u00e1mica. Pr\u00e1cticamente cada pieza de tela que lleves es importante, as\u00ed que veamos algunos ejemplos concretos.<\/p>\n<h4>Calcetines<\/h4>\n<p>S\u00ed, algo tan insignificante como unos calcetines puede hacerte m\u00e1s r\u00e1pido. Especialmente en recorridos de m\u00e1s de 100 km con muchos llanos y descensos, los calcetines aerodin\u00e1micos son algo a tener muy en cuenta. Son baratos en comparaci\u00f3n con muchas otras mejoras aerodin\u00e1micas y las pruebas muestran mejoras significativas. Esto es lo que dicen los expertos sobre ellos<\/p>\n<p>\u00abLos calcetines aerodin\u00e1micos de 20 a 40 d\u00f3lares pueden ahorrarte m\u00e1s vatios que un cambio de 500 d\u00f3lares\u00bb, dijo Josh Poertner, ex director t\u00e9cnico de Zipp y experto l\u00edder de la industria en ganancias marginales, en una entrevista <a href=\"https:\/\/www.youtube.com\/watch?v=DKSIt1rprN4\">con Dylan Johnson.<\/a> Continu\u00f3 compartiendo sus experiencias probando calcetines aerodin\u00e1micos en un t\u00fanel de viento: \u00abA 50 km\/h, los mejores calcetines aerodin\u00e1micos pueden valer unos 12-15 vatios\u00bb.<\/p>\n<h4>Maillot, culotte&#8230;<\/h4>\n<p style=\"font-weight: 400;\">No seas el tipo de ciclista que compra ruedas de perfil alto de alta gama mientras monta en bicicleta con un viejo maillot holgado. El ajuste de lo que te pongas mientras pedaleas es crucial. Josh Poertner lo resume muy bien.<\/p>\n<p style=\"font-weight: 400;\">\u00abDedicar tiempo a encontrar el ajuste y la marca que se adapte a ti y comprarlo lo m\u00e1s peque\u00f1o que puedas ayuda mucho. Cada arruga en tu ropa es un vatio, quiz\u00e1s no literalmente pero probablemente no muy lejos de ello. Cada arruga te penaliza de alguna manera&#8221;, afirma Josh.<\/p>\n<figure id=\"attachment_10888\" aria-describedby=\"caption-attachment-10888\" style=\"width: 990px\" class=\"wp-caption alignnone\"><a href=\"https:\/\/d2p6e6u75xmxt8.cloudfront.net\/6\/2024\/06\/Cyclist-Training-profimedia-0780531895-CVR.webp\"><img loading=\"lazy\" decoding=\"async\" class=\"wp-image-10888 size-full\" src=\"https:\/\/d2p6e6u75xmxt8.cloudfront.net\/6\/2024\/06\/Cyclist-Training-profimedia-0780531895-CVR.webp\" alt=\"Road cyclist\" width=\"990\" height=\"660\" srcset=\"https:\/\/d2p6e6u75xmxt8.cloudfront.net\/6\/2024\/06\/Cyclist-Training-profimedia-0780531895-CVR.webp 990w, https:\/\/d2p6e6u75xmxt8.cloudfront.net\/6\/2024\/06\/Cyclist-Training-profimedia-0780531895-CVR-300x200.webp 300w, https:\/\/d2p6e6u75xmxt8.cloudfront.net\/6\/2024\/06\/Cyclist-Training-profimedia-0780531895-CVR-768x512.webp 768w, https:\/\/d2p6e6u75xmxt8.cloudfront.net\/6\/2024\/06\/Cyclist-Training-profimedia-0780531895-CVR-400x267.webp 400w, https:\/\/d2p6e6u75xmxt8.cloudfront.net\/6\/2024\/06\/Cyclist-Training-profimedia-0780531895-CVR-272x182.webp 272w\" sizes=\"auto, (max-width: 990px) 100vw, 990px\" \/><\/a><figcaption id=\"caption-attachment-10888\" class=\"wp-caption-text\">El ajuste de cualquier prenda que te pongas mientras ruedas es crucial. \u00a9 Profimedia<\/figcaption><\/figure>\n<h4>Guantes<\/h4>\n<p style=\"font-weight: 400;\">Los guantes son algo que muchos ciclistas llevan s\u00f3lo por costumbre o con el objetivo de proteger sus mu\u00f1ecas de las vibraciones. Es hora de replantearse los guantes. Si vas a llevarlos, tienes que optar por unos aerodin\u00e1micos. Los guantes normales son menos aerodin\u00e1micos que la piel desnuda.<\/p>\n<h2><strong>Cascos<\/strong><\/h2>\n<p>Los<a href=\"https:\/\/www.welovecycling.com\/wide\/2021\/09\/08\/new-material-elium-can-reduce-injuries-by-12-when-used-in-helmets\/\"> cascos est\u00e1n ah\u00ed para proteger<\/a>, pero como podemos ver en casi cualquier contrarreloj, son de gran importancia para la aerodin\u00e1mica. Josh Poertner ilustra la gran diferencia que puede suponer.<\/p>\n<p>\u00abUn casco aerodin\u00e1mico de contrarreloj de 300 d\u00f3lares puede ahorrarte 30 vatios o m\u00e1s con respecto a un casco de carretera. Pero los cascos aerodin\u00e1micos de carretera pueden seguir siendo bastante buenos. Hemos visto ahorros de entre 12 y 15 vatios\u00bb.<\/p>\n<p>Si est\u00e1s tratando de decidir si gastarte el dinero en el \u00faltimo y m\u00e1s caro casco, a\u00f1ade un consejo m\u00e1s que puede ahorrarte algo de dinero a la vez que obtienes un rendimiento aerodin\u00e1mico a\u00fan mejor.<\/p>\n<p>\u00abEl secreto del sector es que algunos de los cascos m\u00e1s baratos son m\u00e1s aerodin\u00e1micos que algunos de los m\u00e1s caros. Esto se debe a que los cascos m\u00e1s caros se han centrado en el n\u00famero de ventilaciones y el peso. Al final, los cascos tienen m\u00e1s agujeros que casco. Los cascos m\u00e1s baratos, con menos aberturas, acaban siendo m\u00e1s aerodin\u00e1micos&#8221;, afirma Josh.<\/p>\n<h2><strong>Manillares<\/strong><\/h2>\n<p>Volviendo a la bicicleta en s\u00ed, la zona del manillar es algo a lo que hay que prestar mucha atenci\u00f3n. Todos los grupos de gama alta son electr\u00f3nicos o pasan los cables internamente, por debajo de la cinta, para evitar crear una resistencia adicional. Por lo tanto, la mayor parte del trabajo est\u00e1 hecho para ti, pero todav\u00eda tienes que pensar en su ciclocomputador y en el propio manillar. Los manillares planos de carbono pueden ser muy caros, pero realmente marcan la diferencia. Si tienes el presupuesto, es una necesidad para cualquiera que persiga ganancias marginales aerodin\u00e1micas.<\/p>\n<p>\u00abEl manillar aerodin\u00e1mico flat-top marca una gran diferencia. En una prueba de t\u00fanel de viento a 50 km\/h, un buen manillar aerodin\u00e1mico plano puede suponer un ahorro de 25 a 28 vatios&#8221;, afirma Josh.<\/p>\n<h2><strong>Mantenimiento de la bici<\/strong><\/h2>\n<p style=\"font-weight: 400;\">La ganancia marginal m\u00e1s barata que puedes conseguir es mantener la bicicleta muy limpia. La suciedad a\u00f1ade fricci\u00f3n y eso es un problema, especialmente en la cadena y otros componentes m\u00f3viles. Pero la suciedad es un problema incluso para el cuadro y los componentes inm\u00f3viles porque aumenta la resistencia. Aseg\u00farate de que tu bicicleta est\u00e1 reluciente de limpia para cada carrera o ruta importante.<\/p>\n","protected":false},"excerpt":{"rendered":"<p>Algunas de las mayores mejoras aerodin\u00e1micas vendr\u00e1n sin duda de tu posici\u00f3n en la bicicleta. Conseguir un manillar aerodin\u00e1mico y [&hellip;]<\/p>\n","protected":false},"author":29,"featured_media":10890,"comment_status":"open","ping_status":"open","sticky":false,"template":"","format":"standard","meta":{"footnotes":""},"categories":[7],"tags":[2303],"global-categories":[],"class_list":["post-10887","post","type-post","status-publish","format-standard","has-post-thumbnail","hentry","category-carretera","tag-mejoras-aerodinamicas"],"yoast_head":"<!-- This site is optimized with the Yoast SEO Premium plugin v25.3 (Yoast SEO v25.9) - https:\/\/yoast.com\/wordpress\/plugins\/seo\/ -->\n<title>Ganancias marginales - Mejoras aerodin\u00e1micas - \u0160koda We Love Cycling - Spain<\/title>\n<meta name=\"description\" content=\"Ganancias marginales. Qu\u00e9 mejoras aerodin\u00e1micas puedes hacer a tu ropa y bicicleta para ir m\u00e1s r\u00e1pido.\" \/>\n<meta name=\"robots\" content=\"index, follow, max-snippet:-1, max-image-preview:large, max-video-preview:-1\" \/>\n<link rel=\"canonical\" href=\"https:\/\/www.welovecycling.com\/es\/2024\/06\/05\/mejoras-aerodinamicas\/\" \/>\n<meta property=\"og:locale\" content=\"es_ES\" \/>\n<meta property=\"og:type\" content=\"article\" \/>\n<meta property=\"og:title\" content=\"Ganancias marginales - Mejoras aerodin\u00e1micas\" \/>\n<meta property=\"og:description\" content=\"Ganancias marginales. Qu\u00e9 mejoras aerodin\u00e1micas puedes hacer a tu ropa y bicicleta para ir m\u00e1s r\u00e1pido.\" \/>\n<meta property=\"og:url\" content=\"https:\/\/www.welovecycling.com\/es\/2024\/06\/05\/mejoras-aerodinamicas\/\" \/>\n<meta property=\"og:site_name\" content=\"\u0160koda We Love Cycling - Spain\" \/>\n<meta property=\"article:published_time\" content=\"2024-06-05T10:25:08+00:00\" \/>\n<meta property=\"og:image\" content=\"https:\/\/d2p6e6u75xmxt8.cloudfront.net\/6\/2024\/06\/Cian-Uijtdebroeks-Aero-Helmet-profimedia-0853628653-CVR.webp\" \/>\n\t<meta property=\"og:image:width\" content=\"990\" \/>\n\t<meta property=\"og:image:height\" content=\"660\" \/>\n\t<meta property=\"og:image:type\" content=\"image\/webp\" \/>\n<meta name=\"author\" content=\"We Love Cycling Spain\" \/>\n<meta name=\"twitter:card\" content=\"summary_large_image\" \/>\n<meta name=\"twitter:description\" content=\"Ganancias marginales. Qu\u00e9 mejoras aerodin\u00e1micas puedes hacer a tu ropa y bicicleta para ir m\u00e1s r\u00e1pido.\" \/>\n<meta name=\"twitter:label1\" content=\"Written by\" \/>\n\t<meta name=\"twitter:data1\" content=\"Jiri Kaloc\" \/>\n\t<meta name=\"twitter:label2\" content=\"Est. reading time\" \/>\n\t<meta name=\"twitter:data2\" content=\"4\" \/>\n<script type=\"application\/ld+json\" class=\"yoast-schema-graph\">{\"@context\":\"https:\/\/schema.org\",\"@graph\":[{\"@type\":\"WebPage\",\"@id\":\"https:\/\/www.welovecycling.com\/es\/2024\/06\/05\/mejoras-aerodinamicas\/\",\"url\":\"https:\/\/www.welovecycling.com\/es\/2024\/06\/05\/mejoras-aerodinamicas\/\",\"name\":\"Ganancias marginales - Mejoras aerodin\u00e1micas - \u0160koda We Love Cycling - Spain\",\"isPartOf\":{\"@id\":\"https:\/\/www.welovecycling.com\/es\/#website\"},\"primaryImageOfPage\":{\"@id\":\"https:\/\/www.welovecycling.com\/es\/2024\/06\/05\/mejoras-aerodinamicas\/#primaryimage\"},\"image\":{\"@id\":\"https:\/\/www.welovecycling.com\/es\/2024\/06\/05\/mejoras-aerodinamicas\/#primaryimage\"},\"thumbnailUrl\":\"https:\/\/d2p6e6u75xmxt8.cloudfront.net\/6\/2024\/06\/Cian-Uijtdebroeks-Aero-Helmet-profimedia-0853628653-CVR.webp\",\"datePublished\":\"2024-06-05T10:25:08+00:00\",\"author\":{\"@id\":\"https:\/\/www.welovecycling.com\/es\/#\/schema\/person\/deb61715b5812698ee79fb96f343ccd4\"},\"description\":\"Ganancias marginales. Qu\u00e9 mejoras aerodin\u00e1micas puedes hacer a tu ropa y bicicleta para ir m\u00e1s r\u00e1pido.\",\"breadcrumb\":{\"@id\":\"https:\/\/www.welovecycling.com\/es\/2024\/06\/05\/mejoras-aerodinamicas\/#breadcrumb\"},\"inLanguage\":\"es-ES\",\"potentialAction\":[{\"@type\":\"ReadAction\",\"target\":[\"https:\/\/www.welovecycling.com\/es\/2024\/06\/05\/mejoras-aerodinamicas\/\"]}]},{\"@type\":\"ImageObject\",\"inLanguage\":\"es-ES\",\"@id\":\"https:\/\/www.welovecycling.com\/es\/2024\/06\/05\/mejoras-aerodinamicas\/#primaryimage\",\"url\":\"https:\/\/d2p6e6u75xmxt8.cloudfront.net\/6\/2024\/06\/Cian-Uijtdebroeks-Aero-Helmet-profimedia-0853628653-CVR.webp\",\"contentUrl\":\"https:\/\/d2p6e6u75xmxt8.cloudfront.net\/6\/2024\/06\/Cian-Uijtdebroeks-Aero-Helmet-profimedia-0853628653-CVR.webp\",\"width\":990,\"height\":660,\"caption\":\"Aero helmet\"},{\"@type\":\"BreadcrumbList\",\"@id\":\"https:\/\/www.welovecycling.com\/es\/2024\/06\/05\/mejoras-aerodinamicas\/#breadcrumb\",\"itemListElement\":[{\"@type\":\"ListItem\",\"position\":1,\"name\":\"Home\",\"item\":\"https:\/\/www.welovecycling.com\/es\/\"},{\"@type\":\"ListItem\",\"position\":2,\"name\":\"Ganancias marginales &#8211; Mejoras aerodin\u00e1micas\"}]},{\"@type\":\"WebSite\",\"@id\":\"https:\/\/www.welovecycling.com\/es\/#website\",\"url\":\"https:\/\/www.welovecycling.com\/es\/\",\"name\":\"\u0160koda We Love Cycling - Spain\",\"description\":\"\u0160koda WeLoveCycling Spain\",\"potentialAction\":[{\"@type\":\"SearchAction\",\"target\":{\"@type\":\"EntryPoint\",\"urlTemplate\":\"https:\/\/www.welovecycling.com\/es\/?s={search_term_string}\"},\"query-input\":{\"@type\":\"PropertyValueSpecification\",\"valueRequired\":true,\"valueName\":\"search_term_string\"}}],\"inLanguage\":\"es-ES\"},{\"@type\":\"Person\",\"@id\":\"https:\/\/www.welovecycling.com\/es\/#\/schema\/person\/deb61715b5812698ee79fb96f343ccd4\",\"name\":\"We Love Cycling Spain\",\"image\":{\"@type\":\"ImageObject\",\"inLanguage\":\"es-ES\",\"@id\":\"https:\/\/www.welovecycling.com\/es\/#\/schema\/person\/image\/\",\"url\":\"https:\/\/secure.gravatar.com\/avatar\/c824b04e6df0e37a03219d0b6481672889df542894588964102459e46513159c?s=96&d=mm&r=g\",\"contentUrl\":\"https:\/\/secure.gravatar.com\/avatar\/c824b04e6df0e37a03219d0b6481672889df542894588964102459e46513159c?s=96&d=mm&r=g\",\"caption\":\"We Love Cycling Spain\"},\"url\":\"https:\/\/www.welovecycling.com\/es\/author\/amunoz\/\"}]}<\/script>\n<!-- \/ Yoast SEO Premium plugin. -->","yoast_head_json":{"title":"Ganancias marginales - Mejoras aerodin\u00e1micas - \u0160koda We Love Cycling - Spain","description":"Ganancias marginales. Qu\u00e9 mejoras aerodin\u00e1micas puedes hacer a tu ropa y bicicleta para ir m\u00e1s r\u00e1pido.","robots":{"index":"index","follow":"follow","max-snippet":"max-snippet:-1","max-image-preview":"max-image-preview:large","max-video-preview":"max-video-preview:-1"},"canonical":"https:\/\/www.welovecycling.com\/es\/2024\/06\/05\/mejoras-aerodinamicas\/","og_locale":"es_ES","og_type":"article","og_title":"Ganancias marginales - Mejoras aerodin\u00e1micas","og_description":"Ganancias marginales. Qu\u00e9 mejoras aerodin\u00e1micas puedes hacer a tu ropa y bicicleta para ir m\u00e1s r\u00e1pido.","og_url":"https:\/\/www.welovecycling.com\/es\/2024\/06\/05\/mejoras-aerodinamicas\/","og_site_name":"\u0160koda We Love Cycling - Spain","article_published_time":"2024-06-05T10:25:08+00:00","og_image":[{"width":990,"height":660,"url":"https:\/\/d2p6e6u75xmxt8.cloudfront.net\/6\/2024\/06\/Cian-Uijtdebroeks-Aero-Helmet-profimedia-0853628653-CVR.webp","type":"image\/webp"}],"author":"We Love Cycling Spain","twitter_card":"summary_large_image","twitter_description":"Ganancias marginales. Qu\u00e9 mejoras aerodin\u00e1micas puedes hacer a tu ropa y bicicleta para ir m\u00e1s r\u00e1pido.","twitter_misc":{"Written by":"Jiri Kaloc","Est. reading time":"4"},"schema":{"@context":"https:\/\/schema.org","@graph":[{"@type":"WebPage","@id":"https:\/\/www.welovecycling.com\/es\/2024\/06\/05\/mejoras-aerodinamicas\/","url":"https:\/\/www.welovecycling.com\/es\/2024\/06\/05\/mejoras-aerodinamicas\/","name":"Ganancias marginales - Mejoras aerodin\u00e1micas - \u0160koda We Love Cycling - Spain","isPartOf":{"@id":"https:\/\/www.welovecycling.com\/es\/#website"},"primaryImageOfPage":{"@id":"https:\/\/www.welovecycling.com\/es\/2024\/06\/05\/mejoras-aerodinamicas\/#primaryimage"},"image":{"@id":"https:\/\/www.welovecycling.com\/es\/2024\/06\/05\/mejoras-aerodinamicas\/#primaryimage"},"thumbnailUrl":"https:\/\/d2p6e6u75xmxt8.cloudfront.net\/6\/2024\/06\/Cian-Uijtdebroeks-Aero-Helmet-profimedia-0853628653-CVR.webp","datePublished":"2024-06-05T10:25:08+00:00","author":{"@id":"https:\/\/www.welovecycling.com\/es\/#\/schema\/person\/deb61715b5812698ee79fb96f343ccd4"},"description":"Ganancias marginales. Qu\u00e9 mejoras aerodin\u00e1micas puedes hacer a tu ropa y bicicleta para ir m\u00e1s r\u00e1pido.","breadcrumb":{"@id":"https:\/\/www.welovecycling.com\/es\/2024\/06\/05\/mejoras-aerodinamicas\/#breadcrumb"},"inLanguage":"es-ES","potentialAction":[{"@type":"ReadAction","target":["https:\/\/www.welovecycling.com\/es\/2024\/06\/05\/mejoras-aerodinamicas\/"]}]},{"@type":"ImageObject","inLanguage":"es-ES","@id":"https:\/\/www.welovecycling.com\/es\/2024\/06\/05\/mejoras-aerodinamicas\/#primaryimage","url":"https:\/\/d2p6e6u75xmxt8.cloudfront.net\/6\/2024\/06\/Cian-Uijtdebroeks-Aero-Helmet-profimedia-0853628653-CVR.webp","contentUrl":"https:\/\/d2p6e6u75xmxt8.cloudfront.net\/6\/2024\/06\/Cian-Uijtdebroeks-Aero-Helmet-profimedia-0853628653-CVR.webp","width":990,"height":660,"caption":"Aero helmet"},{"@type":"BreadcrumbList","@id":"https:\/\/www.welovecycling.com\/es\/2024\/06\/05\/mejoras-aerodinamicas\/#breadcrumb","itemListElement":[{"@type":"ListItem","position":1,"name":"Home","item":"https:\/\/www.welovecycling.com\/es\/"},{"@type":"ListItem","position":2,"name":"Ganancias marginales &#8211; Mejoras aerodin\u00e1micas"}]},{"@type":"WebSite","@id":"https:\/\/www.welovecycling.com\/es\/#website","url":"https:\/\/www.welovecycling.com\/es\/","name":"\u0160koda We Love Cycling - Spain","description":"\u0160koda WeLoveCycling Spain","potentialAction":[{"@type":"SearchAction","target":{"@type":"EntryPoint","urlTemplate":"https:\/\/www.welovecycling.com\/es\/?s={search_term_string}"},"query-input":{"@type":"PropertyValueSpecification","valueRequired":true,"valueName":"search_term_string"}}],"inLanguage":"es-ES"},{"@type":"Person","@id":"https:\/\/www.welovecycling.com\/es\/#\/schema\/person\/deb61715b5812698ee79fb96f343ccd4","name":"We Love Cycling Spain","image":{"@type":"ImageObject","inLanguage":"es-ES","@id":"https:\/\/www.welovecycling.com\/es\/#\/schema\/person\/image\/","url":"https:\/\/secure.gravatar.com\/avatar\/c824b04e6df0e37a03219d0b6481672889df542894588964102459e46513159c?s=96&d=mm&r=g","contentUrl":"https:\/\/secure.gravatar.com\/avatar\/c824b04e6df0e37a03219d0b6481672889df542894588964102459e46513159c?s=96&d=mm&r=g","caption":"We Love Cycling Spain"},"url":"https:\/\/www.welovecycling.com\/es\/author\/amunoz\/"}]}},"_links":{"self":[{"href":"https:\/\/www.welovecycling.com\/es\/wp-json\/wp\/v2\/posts\/10887","targetHints":{"allow":["GET"]}}],"collection":[{"href":"https:\/\/www.welovecycling.com\/es\/wp-json\/wp\/v2\/posts"}],"about":[{"href":"https:\/\/www.welovecycling.com\/es\/wp-json\/wp\/v2\/types\/post"}],"author":[{"embeddable":true,"href":"https:\/\/www.welovecycling.com\/es\/wp-json\/wp\/v2\/users\/29"}],"replies":[{"embeddable":true,"href":"https:\/\/www.welovecycling.com\/es\/wp-json\/wp\/v2\/comments?post=10887"}],"version-history":[{"count":2,"href":"https:\/\/www.welovecycling.com\/es\/wp-json\/wp\/v2\/posts\/10887\/revisions"}],"predecessor-version":[{"id":10891,"href":"https:\/\/www.welovecycling.com\/es\/wp-json\/wp\/v2\/posts\/10887\/revisions\/10891"}],"wp:featuredmedia":[{"embeddable":true,"href":"https:\/\/www.welovecycling.com\/es\/wp-json\/wp\/v2\/media\/10890"}],"wp:attachment":[{"href":"https:\/\/www.welovecycling.com\/es\/wp-json\/wp\/v2\/media?parent=10887"}],"wp:term":[{"taxonomy":"category","embeddable":true,"href":"https:\/\/www.welovecycling.com\/es\/wp-json\/wp\/v2\/categories?post=10887"},{"taxonomy":"post_tag","embeddable":true,"href":"https:\/\/www.welovecycling.com\/es\/wp-json\/wp\/v2\/tags?post=10887"},{"taxonomy":"global-categories","embeddable":true,"href":"https:\/\/www.welovecycling.com\/es\/wp-json\/wp\/v2\/global-categories?post=10887"}],"curies":[{"name":"wp","href":"https:\/\/api.w.org\/{rel}","templated":true}]}}