{"id":10846,"date":"2024-05-14T11:43:33","date_gmt":"2024-05-14T09:43:33","guid":{"rendered":"https:\/\/www.welovecycling.com\/es\/?p=10846"},"modified":"2024-05-14T11:43:33","modified_gmt":"2024-05-14T09:43:33","slug":"bikepacking-una-semana","status":"publish","type":"post","link":"https:\/\/www.welovecycling.com\/es\/2024\/05\/14\/bikepacking-una-semana\/","title":{"rendered":"Tres desaf\u00edos de bikepacking de una semana en Europa"},"content":{"rendered":"<p><strong>Cuando se trata de ciclismo, no eres de los que reh\u00fayen los retos. Anhelas la adrenalina, la tensi\u00f3n y la gloria que supone conquistar las rutas m\u00e1s duras. Europa ofrece algunas de las aventuras ciclistas m\u00e1s brutales y gratificantes del planeta. A continuaci\u00f3n te presentamos tres desaf\u00edos de bikepacking de una semana dise\u00f1ados espec\u00edficamente para ciclistas empedernidos como tu, incluida una intensa ruta en BTT que pondr\u00e1 a prueba tus l\u00edmites.<\/strong><\/p>\n<p><!--more--><\/p>\n<h2><strong>1. Domina los Dolomitas: Ultimate MTB tour<\/strong><\/h2>\n<h4>Ruta prevista<\/h4>\n<ul>\n<li>Inicio: Bolzano, Italia<\/li>\n<li>Final: Cortina d&#8217;Ampezzo, Italia<\/li>\n<li>Distancia: Unos 4.000 kil\u00f3metros<\/li>\n<li>Desnivel acumulado: Unos 15.000 metros<\/li>\n<li>Duraci\u00f3n: 7 d\u00eda<\/li>\n<\/ul>\n<h4>\nEtapa a etapa<\/h4>\n<ul>\n<li>Day 1: Bolzano a Val Gardena (Aprox. 60 km)<\/li>\n<li>Day 2: Val Gardena a Alta Badia (Aprox. 55 km)<\/li>\n<li>Day 3: Alta Badia a Arabba (Aprox. 50 km)<\/li>\n<li>Day 4: Arabba a Canazei (Approx. 60 km)<\/li>\n<li>Day 5: Canazei a San Martino di Castrozza (Aprox 70 km)<\/li>\n<li>Day 6: San Martino di Castrozza a Auronzo di Cadore (Aprox 65 km)<\/li>\n<li>Day 7: Auronzo di Cadore a Cortina d&#8217;Ampezzo (Aprox 40 km)<\/li>\n<\/ul>\n<p><strong><br \/>\nQu\u00e9 esperar:<\/strong> Prep\u00e1rate para una \u00e9pica aventura en BTT por las escarpadas y majestuosas<a href=\"https:\/\/demonerosso.dainese.com\/es\/las-6-mejores-rutas-de-los-dolomitas\"> Dolomitas<\/a>. Esta ruta ofrece una mezcla de subidas empinadas, descensos t\u00e9cnicos e impresionantes paisajes alpinos. Tendr\u00e1s que traer tu mejor juego, enfrent\u00e1ndote a senderos rocosos, pistas forestales y puertos de monta\u00f1a que exigen habilidad, resistencia y\u00a0 determinaci\u00f3n.<\/p>\n<h2><strong>2. Conquista los Pirineos: Trans-Pyrenees Challenge<\/strong><\/h2>\n<p><a href=\"https:\/\/d2p6e6u75xmxt8.cloudfront.net\/6\/2024\/05\/Trans-Pyrenees-Challenge.webp\"><img loading=\"lazy\" decoding=\"async\" class=\"alignnone size-full wp-image-10847\" src=\"https:\/\/d2p6e6u75xmxt8.cloudfront.net\/6\/2024\/05\/Trans-Pyrenees-Challenge.webp\" alt=\"Trans-Pyrenees Challenge\" width=\"1376\" height=\"650\" srcset=\"https:\/\/d2p6e6u75xmxt8.cloudfront.net\/6\/2024\/05\/Trans-Pyrenees-Challenge.webp 1376w, https:\/\/d2p6e6u75xmxt8.cloudfront.net\/6\/2024\/05\/Trans-Pyrenees-Challenge-300x142.webp 300w, https:\/\/d2p6e6u75xmxt8.cloudfront.net\/6\/2024\/05\/Trans-Pyrenees-Challenge-1024x484.webp 1024w, https:\/\/d2p6e6u75xmxt8.cloudfront.net\/6\/2024\/05\/Trans-Pyrenees-Challenge-768x363.webp 768w, https:\/\/d2p6e6u75xmxt8.cloudfront.net\/6\/2024\/05\/Trans-Pyrenees-Challenge-400x189.webp 400w\" sizes=\"auto, (max-width: 1376px) 100vw, 1376px\" \/><\/a><\/p>\n<h4>Ruta prevista<\/h4>\n<ul>\n<li>Inicio: San Sebasti\u00e1n,<\/li>\n<li>Final: Banyuls-sur-Mer, Francia<\/li>\n<li>Distancia: Unos 800 kil\u00f3metros<\/li>\n<li>Desnivel acumulado: M\u00e1s de 20.000 metros<\/li>\n<li>Duraci\u00f3n: 7 dias<\/li>\n<\/ul>\n<h4>\nEtapas<\/h4>\n<ul>\n<li>Day 1: San Sebasti\u00e1n a Pamplona (Aprox. 130 km)<\/li>\n<li>Day 2: Pamplona a Jaca (Aprox. 140 km)<\/li>\n<li>Day 3: Jaca a Bagn\u00e8res-de-Luchon (Aprox. 150 km)<\/li>\n<li>Day 4: Bagn\u00e8res-de-Luchon a Saint-Girons (Aprox. 100 km)<\/li>\n<li>Day 5: Saint-Girons a Foix (Aprox. 80 km)<\/li>\n<li>Day 6: Foix a Perpignan (Aprox. 130 km)<\/li>\n<li>Day 7: Perpignan a Banyuls-sur-Mer (Aprox. 70 km)<\/li>\n<\/ul>\n<p><strong>Qu\u00e9 esperar:<\/strong> No es para pusil\u00e1nimes. El Desaf\u00edo Transpirenaico es una prueba de resistencia y destreza ciclista, con subidas complicadas descensos r\u00e1pidos y condiciones meteorol\u00f3gicas variables. Prep\u00e1rate para superar tus l\u00edmites mientras atraviesas parques nacionales, conquistas collados emblem\u00e1ticos y te sumerges en la belleza agreste de los Pirineos.<\/p>\n<h2><strong>3. Rey de los Alpes: Alpine Arc Adventure<\/strong><\/h2>\n<h4>Ruta prevista<\/h4>\n<ul>\n<li>Inicio: Ginebra, Suiza<\/li>\n<li>Final: Venecia, Italia<\/li>\n<li>Distancia: Unos 750 kil\u00f3metros<\/li>\n<li>Desnivel: M\u00e1s de 18.000 metros<\/li>\n<li>Duracion: 7 dias<\/li>\n<\/ul>\n<h4>Etapas<\/h4>\n<ul>\n<li>Day 1: Ginebra a Chamonix (Aprox. 100 km)<\/li>\n<li>Day 2: Chamonix a Aosta (Aprox. 110 km)<\/li>\n<li>Day 3: Aosta a Courmayeur (via Col du Grand-Saint-Bernard) (Aprox. 80 km)<\/li>\n<li>Day 4: Courmayeur a Bormio (Aprox. 120 km)<\/li>\n<li>Day 5: Bormio a Bolzano (Aprox. 150 km)<\/li>\n<li>Day 6: Bolzano a Cortina d&#8217;Ampezzo (Aprox. 100 km)<\/li>\n<li>Day 7: Cortina d&#8217;Ampezzo a Venice (Aprox. 90 km)<\/li>\n<\/ul>\n<p><strong><br \/>\nQu\u00e9 espera:<\/strong> La Aventura del Arco Alpino es una odisea que desaf\u00eda tus l\u00edmites y recompensa tu esp\u00edritu. A lo largo de siete agotadores d\u00edas, te enfrentar\u00e1s a algunos de los puertos y descensos m\u00e1s exigentes de los Alpes, navegando por paisajes impresionantes que pondr\u00e1n a prueba tu resistencia, habilidad y fuerza de voluntad.<\/p>\n<p>Estos itinerarios no son s\u00f3lo rutas; son batallas contra los elementos, pruebas de resistencia y <a href=\"https:\/\/www.welovecycling.com\/es\/2024\/04\/25\/bikepacking\/\">viajes de autodescubrimiento<\/a>. Mientras pedaleas por estos terrenos desafiantes, recuerda que cada giro, cada ascenso y cada descenso es una historia en construcci\u00f3n, un testimonio de tu resistencia y pasi\u00f3n por el ciclismo.<\/p>\n<p><strong>Prep\u00e1rate:<\/strong> Aseg\u00farate de que tu <a href=\"https:\/\/www.welovecycling.com\/es\/2021\/01\/31\/equipaje-basico-para-rutas-bikepacking\/\">bicicleta est\u00e1 en perfectas condiciones<\/a>, adaptada a las exigencias de la ruta elegida. En el caso de la BTT, la bicicleta debe ser apta para terrenos t\u00e9cnicos, mientras que las rutas de carretera exigen un equipo ligero y fiable.<\/p>\n<p><strong>Entrena con inteligencia:<\/strong> Estas rutas exigen la m\u00e1xima condici\u00f3n f\u00edsica. Adapta tu entrenamiento para incluir recorridos largos, desniveles y, en el caso de los ciclistas de BTT, desarrollo de habilidades t\u00e9cnicas: Despu\u00e9s de cada d\u00eda de ruta, d\u00e9 prioridad a la recuperaci\u00f3n: la nutrici\u00f3n, la hidrataci\u00f3n y el descanso son fundamentales para mantener el esfuerzo de una semana.<\/p>\n<p><strong>\u00danete a la comunidad:<\/strong> Relaci\u00f3nate con otros ciclistas que encuentres por el camino. Los retos compartidos forjan v\u00ednculos duraderos y enriquecen su experiencia: Explorar estos paisajes naturales es un privilegio. Minimice su impacto y no deje rastro.<\/p>\n<p>Cuando te embarques en estos viajes \u00e9picos, recuerda que la verdadera recompensa no est\u00e1 s\u00f3lo en los destinos que alcances, sino en las historias que crees, los l\u00edmites que superes y el esp\u00edritu indomable que demuestres. Prep\u00e1rate, pedalea duro y disfruta de la aventura que te espera.\u00a0Haz cualquiera de estas cosas y prep\u00e1rate para la pr\u00f3xima \u0160koda Titan Desert.<\/p>\n","protected":false},"excerpt":{"rendered":"<p>Cuando se trata de ciclismo, no eres de los que reh\u00fayen los retos. Anhelas la adrenalina, la tensi\u00f3n y la [&hellip;]<\/p>\n","protected":false},"author":29,"featured_media":10540,"comment_status":"open","ping_status":"open","sticky":false,"template":"","format":"standard","meta":{"footnotes":""},"categories":[7,9],"tags":[458],"global-categories":[],"class_list":["post-10846","post","type-post","status-publish","format-standard","has-post-thumbnail","hentry","category-carretera","category-mtb-aventura","tag-bikepacking"],"yoast_head":"<!-- This site is optimized with the Yoast SEO Premium plugin v25.3 (Yoast SEO v25.9) - https:\/\/yoast.com\/wordpress\/plugins\/seo\/ -->\n<title>Tres rutas bikepacking de una semana<\/title>\n<meta name=\"description\" content=\"Tres rutas bikepacking de una semana para este verano. Atraviesa los Dolomitas en BTT o los Alpes y Pirineos en bici de gravel.\" \/>\n<meta name=\"robots\" content=\"index, follow, max-snippet:-1, max-image-preview:large, max-video-preview:-1\" \/>\n<link rel=\"canonical\" href=\"https:\/\/www.welovecycling.com\/es\/2024\/05\/14\/bikepacking-una-semana\/\" \/>\n<meta property=\"og:locale\" content=\"es_ES\" \/>\n<meta property=\"og:type\" content=\"article\" \/>\n<meta property=\"og:title\" content=\"Tres desaf\u00edos de bikepacking de una semana en Europa\" \/>\n<meta property=\"og:description\" content=\"Tres rutas bikepacking de una semana para este verano. Atraviesa los Dolomitas en BTT o los Alpes y Pirineos en bici de gravel.\" \/>\n<meta property=\"og:url\" content=\"https:\/\/www.welovecycling.com\/es\/2024\/05\/14\/bikepacking-una-semana\/\" \/>\n<meta property=\"og:site_name\" content=\"\u0160koda We Love Cycling - Spain\" \/>\n<meta property=\"article:published_time\" content=\"2024-05-14T09:43:33+00:00\" \/>\n<meta property=\"og:image\" content=\"https:\/\/d2p6e6u75xmxt8.cloudfront.net\/6\/2024\/01\/Bikepacking-bicycles-profimedia-0361761231-CVR.webp\" \/>\n\t<meta property=\"og:image:width\" content=\"990\" \/>\n\t<meta property=\"og:image:height\" content=\"660\" \/>\n\t<meta property=\"og:image:type\" content=\"image\/webp\" \/>\n<meta name=\"author\" content=\"We Love Cycling Spain\" \/>\n<meta name=\"twitter:card\" content=\"summary_large_image\" \/>\n<meta name=\"twitter:description\" content=\"Tres rutas bikepacking de una semana para este verano. Atraviesa los Dolomitas en BTT o los Alpes y Pirineos en bici de gravel.\" \/>\n<meta name=\"twitter:label1\" content=\"Written by\" \/>\n\t<meta name=\"twitter:data1\" content=\"Monica Buck\" \/>\n\t<meta name=\"twitter:label2\" content=\"Est. reading time\" \/>\n\t<meta name=\"twitter:data2\" content=\"3\" \/>\n<script type=\"application\/ld+json\" class=\"yoast-schema-graph\">{\"@context\":\"https:\/\/schema.org\",\"@graph\":[{\"@type\":\"WebPage\",\"@id\":\"https:\/\/www.welovecycling.com\/es\/2024\/05\/14\/bikepacking-una-semana\/\",\"url\":\"https:\/\/www.welovecycling.com\/es\/2024\/05\/14\/bikepacking-una-semana\/\",\"name\":\"Tres rutas bikepacking de una semana\",\"isPartOf\":{\"@id\":\"https:\/\/www.welovecycling.com\/es\/#website\"},\"primaryImageOfPage\":{\"@id\":\"https:\/\/www.welovecycling.com\/es\/2024\/05\/14\/bikepacking-una-semana\/#primaryimage\"},\"image\":{\"@id\":\"https:\/\/www.welovecycling.com\/es\/2024\/05\/14\/bikepacking-una-semana\/#primaryimage\"},\"thumbnailUrl\":\"https:\/\/d2p6e6u75xmxt8.cloudfront.net\/6\/2024\/01\/Bikepacking-bicycles-profimedia-0361761231-CVR.webp\",\"datePublished\":\"2024-05-14T09:43:33+00:00\",\"author\":{\"@id\":\"https:\/\/www.welovecycling.com\/es\/#\/schema\/person\/deb61715b5812698ee79fb96f343ccd4\"},\"description\":\"Tres rutas bikepacking de una semana para este verano. Atraviesa los Dolomitas en BTT o los Alpes y Pirineos en bici de gravel.\",\"breadcrumb\":{\"@id\":\"https:\/\/www.welovecycling.com\/es\/2024\/05\/14\/bikepacking-una-semana\/#breadcrumb\"},\"inLanguage\":\"es-ES\",\"potentialAction\":[{\"@type\":\"ReadAction\",\"target\":[\"https:\/\/www.welovecycling.com\/es\/2024\/05\/14\/bikepacking-una-semana\/\"]}]},{\"@type\":\"ImageObject\",\"inLanguage\":\"es-ES\",\"@id\":\"https:\/\/www.welovecycling.com\/es\/2024\/05\/14\/bikepacking-una-semana\/#primaryimage\",\"url\":\"https:\/\/d2p6e6u75xmxt8.cloudfront.net\/6\/2024\/01\/Bikepacking-bicycles-profimedia-0361761231-CVR.webp\",\"contentUrl\":\"https:\/\/d2p6e6u75xmxt8.cloudfront.net\/6\/2024\/01\/Bikepacking-bicycles-profimedia-0361761231-CVR.webp\",\"width\":990,\"height\":660,\"caption\":\"Bikepacking\"},{\"@type\":\"BreadcrumbList\",\"@id\":\"https:\/\/www.welovecycling.com\/es\/2024\/05\/14\/bikepacking-una-semana\/#breadcrumb\",\"itemListElement\":[{\"@type\":\"ListItem\",\"position\":1,\"name\":\"Home\",\"item\":\"https:\/\/www.welovecycling.com\/es\/\"},{\"@type\":\"ListItem\",\"position\":2,\"name\":\"Tres desaf\u00edos de bikepacking de una semana en Europa\"}]},{\"@type\":\"WebSite\",\"@id\":\"https:\/\/www.welovecycling.com\/es\/#website\",\"url\":\"https:\/\/www.welovecycling.com\/es\/\",\"name\":\"\u0160koda We Love Cycling - Spain\",\"description\":\"\u0160koda WeLoveCycling Spain\",\"potentialAction\":[{\"@type\":\"SearchAction\",\"target\":{\"@type\":\"EntryPoint\",\"urlTemplate\":\"https:\/\/www.welovecycling.com\/es\/?s={search_term_string}\"},\"query-input\":{\"@type\":\"PropertyValueSpecification\",\"valueRequired\":true,\"valueName\":\"search_term_string\"}}],\"inLanguage\":\"es-ES\"},{\"@type\":\"Person\",\"@id\":\"https:\/\/www.welovecycling.com\/es\/#\/schema\/person\/deb61715b5812698ee79fb96f343ccd4\",\"name\":\"We Love Cycling Spain\",\"image\":{\"@type\":\"ImageObject\",\"inLanguage\":\"es-ES\",\"@id\":\"https:\/\/www.welovecycling.com\/es\/#\/schema\/person\/image\/\",\"url\":\"https:\/\/secure.gravatar.com\/avatar\/c824b04e6df0e37a03219d0b6481672889df542894588964102459e46513159c?s=96&d=mm&r=g\",\"contentUrl\":\"https:\/\/secure.gravatar.com\/avatar\/c824b04e6df0e37a03219d0b6481672889df542894588964102459e46513159c?s=96&d=mm&r=g\",\"caption\":\"We Love Cycling Spain\"},\"url\":\"https:\/\/www.welovecycling.com\/es\/author\/amunoz\/\"}]}<\/script>\n<!-- \/ Yoast SEO Premium plugin. -->","yoast_head_json":{"title":"Tres rutas bikepacking de una semana","description":"Tres rutas bikepacking de una semana para este verano. Atraviesa los Dolomitas en BTT o los Alpes y Pirineos en bici de gravel.","robots":{"index":"index","follow":"follow","max-snippet":"max-snippet:-1","max-image-preview":"max-image-preview:large","max-video-preview":"max-video-preview:-1"},"canonical":"https:\/\/www.welovecycling.com\/es\/2024\/05\/14\/bikepacking-una-semana\/","og_locale":"es_ES","og_type":"article","og_title":"Tres desaf\u00edos de bikepacking de una semana en Europa","og_description":"Tres rutas bikepacking de una semana para este verano. Atraviesa los Dolomitas en BTT o los Alpes y Pirineos en bici de gravel.","og_url":"https:\/\/www.welovecycling.com\/es\/2024\/05\/14\/bikepacking-una-semana\/","og_site_name":"\u0160koda We Love Cycling - Spain","article_published_time":"2024-05-14T09:43:33+00:00","og_image":[{"width":990,"height":660,"url":"https:\/\/d2p6e6u75xmxt8.cloudfront.net\/6\/2024\/01\/Bikepacking-bicycles-profimedia-0361761231-CVR.webp","type":"image\/webp"}],"author":"We Love Cycling Spain","twitter_card":"summary_large_image","twitter_description":"Tres rutas bikepacking de una semana para este verano. Atraviesa los Dolomitas en BTT o los Alpes y Pirineos en bici de gravel.","twitter_misc":{"Written by":"Monica Buck","Est. reading time":"3"},"schema":{"@context":"https:\/\/schema.org","@graph":[{"@type":"WebPage","@id":"https:\/\/www.welovecycling.com\/es\/2024\/05\/14\/bikepacking-una-semana\/","url":"https:\/\/www.welovecycling.com\/es\/2024\/05\/14\/bikepacking-una-semana\/","name":"Tres rutas bikepacking de una semana","isPartOf":{"@id":"https:\/\/www.welovecycling.com\/es\/#website"},"primaryImageOfPage":{"@id":"https:\/\/www.welovecycling.com\/es\/2024\/05\/14\/bikepacking-una-semana\/#primaryimage"},"image":{"@id":"https:\/\/www.welovecycling.com\/es\/2024\/05\/14\/bikepacking-una-semana\/#primaryimage"},"thumbnailUrl":"https:\/\/d2p6e6u75xmxt8.cloudfront.net\/6\/2024\/01\/Bikepacking-bicycles-profimedia-0361761231-CVR.webp","datePublished":"2024-05-14T09:43:33+00:00","author":{"@id":"https:\/\/www.welovecycling.com\/es\/#\/schema\/person\/deb61715b5812698ee79fb96f343ccd4"},"description":"Tres rutas bikepacking de una semana para este verano. Atraviesa los Dolomitas en BTT o los Alpes y Pirineos en bici de gravel.","breadcrumb":{"@id":"https:\/\/www.welovecycling.com\/es\/2024\/05\/14\/bikepacking-una-semana\/#breadcrumb"},"inLanguage":"es-ES","potentialAction":[{"@type":"ReadAction","target":["https:\/\/www.welovecycling.com\/es\/2024\/05\/14\/bikepacking-una-semana\/"]}]},{"@type":"ImageObject","inLanguage":"es-ES","@id":"https:\/\/www.welovecycling.com\/es\/2024\/05\/14\/bikepacking-una-semana\/#primaryimage","url":"https:\/\/d2p6e6u75xmxt8.cloudfront.net\/6\/2024\/01\/Bikepacking-bicycles-profimedia-0361761231-CVR.webp","contentUrl":"https:\/\/d2p6e6u75xmxt8.cloudfront.net\/6\/2024\/01\/Bikepacking-bicycles-profimedia-0361761231-CVR.webp","width":990,"height":660,"caption":"Bikepacking"},{"@type":"BreadcrumbList","@id":"https:\/\/www.welovecycling.com\/es\/2024\/05\/14\/bikepacking-una-semana\/#breadcrumb","itemListElement":[{"@type":"ListItem","position":1,"name":"Home","item":"https:\/\/www.welovecycling.com\/es\/"},{"@type":"ListItem","position":2,"name":"Tres desaf\u00edos de bikepacking de una semana en Europa"}]},{"@type":"WebSite","@id":"https:\/\/www.welovecycling.com\/es\/#website","url":"https:\/\/www.welovecycling.com\/es\/","name":"\u0160koda We Love Cycling - Spain","description":"\u0160koda WeLoveCycling Spain","potentialAction":[{"@type":"SearchAction","target":{"@type":"EntryPoint","urlTemplate":"https:\/\/www.welovecycling.com\/es\/?s={search_term_string}"},"query-input":{"@type":"PropertyValueSpecification","valueRequired":true,"valueName":"search_term_string"}}],"inLanguage":"es-ES"},{"@type":"Person","@id":"https:\/\/www.welovecycling.com\/es\/#\/schema\/person\/deb61715b5812698ee79fb96f343ccd4","name":"We Love Cycling Spain","image":{"@type":"ImageObject","inLanguage":"es-ES","@id":"https:\/\/www.welovecycling.com\/es\/#\/schema\/person\/image\/","url":"https:\/\/secure.gravatar.com\/avatar\/c824b04e6df0e37a03219d0b6481672889df542894588964102459e46513159c?s=96&d=mm&r=g","contentUrl":"https:\/\/secure.gravatar.com\/avatar\/c824b04e6df0e37a03219d0b6481672889df542894588964102459e46513159c?s=96&d=mm&r=g","caption":"We Love Cycling Spain"},"url":"https:\/\/www.welovecycling.com\/es\/author\/amunoz\/"}]}},"_links":{"self":[{"href":"https:\/\/www.welovecycling.com\/es\/wp-json\/wp\/v2\/posts\/10846","targetHints":{"allow":["GET"]}}],"collection":[{"href":"https:\/\/www.welovecycling.com\/es\/wp-json\/wp\/v2\/posts"}],"about":[{"href":"https:\/\/www.welovecycling.com\/es\/wp-json\/wp\/v2\/types\/post"}],"author":[{"embeddable":true,"href":"https:\/\/www.welovecycling.com\/es\/wp-json\/wp\/v2\/users\/29"}],"replies":[{"embeddable":true,"href":"https:\/\/www.welovecycling.com\/es\/wp-json\/wp\/v2\/comments?post=10846"}],"version-history":[{"count":2,"href":"https:\/\/www.welovecycling.com\/es\/wp-json\/wp\/v2\/posts\/10846\/revisions"}],"predecessor-version":[{"id":10849,"href":"https:\/\/www.welovecycling.com\/es\/wp-json\/wp\/v2\/posts\/10846\/revisions\/10849"}],"wp:featuredmedia":[{"embeddable":true,"href":"https:\/\/www.welovecycling.com\/es\/wp-json\/wp\/v2\/media\/10540"}],"wp:attachment":[{"href":"https:\/\/www.welovecycling.com\/es\/wp-json\/wp\/v2\/media?parent=10846"}],"wp:term":[{"taxonomy":"category","embeddable":true,"href":"https:\/\/www.welovecycling.com\/es\/wp-json\/wp\/v2\/categories?post=10846"},{"taxonomy":"post_tag","embeddable":true,"href":"https:\/\/www.welovecycling.com\/es\/wp-json\/wp\/v2\/tags?post=10846"},{"taxonomy":"global-categories","embeddable":true,"href":"https:\/\/www.welovecycling.com\/es\/wp-json\/wp\/v2\/global-categories?post=10846"}],"curies":[{"name":"wp","href":"https:\/\/api.w.org\/{rel}","templated":true}]}}