{"id":10791,"date":"2024-05-06T16:38:21","date_gmt":"2024-05-06T14:38:21","guid":{"rendered":"https:\/\/www.welovecycling.com\/es\/?p=10791"},"modified":"2024-05-06T16:39:28","modified_gmt":"2024-05-06T14:39:28","slug":"vollering-sentada-hasta-la-victoria","status":"publish","type":"post","link":"https:\/\/www.welovecycling.com\/es\/2024\/05\/06\/vollering-sentada-hasta-la-victoria\/","title":{"rendered":"Vollering, sentada hasta la victoria"},"content":{"rendered":"<p style=\"font-weight: 400;\"><strong>Se sienta. Pone ritmo cuesta arriba. Y sus rivales se van descolgando una a una. Demi Vollering se levanta pocas veces de la bici. No le hace falta para ganar. Su estilo recuerda al de Miguel Indurain o Jan Ullrich. Eran m\u00e1s altos que sus rivales. No necesitaban el demarraje. Vatios de fuerza cuesta arriba y escaladores esprintando para al menos coger su rueda. As\u00ed gan\u00f3 Vollering la edici\u00f3n 2024 de La Vuelta Femenina.<\/strong><\/p>\n<p><!--more-->Su equipo ya hab\u00eda sido el m\u00e1s fuerte en la primera parte de La Vuelta. Contrarreloj por equipos, etapas de media monta\u00f1a y abanicos. <a href=\"https:\/\/www.sdworx.es\/es-es\/team-sd-worx\">El SD Worx<\/a> dominaba sin problema. Pero faltaba de Vollering diera su toque personal para confirmar que era la m\u00e1xima favorita a llevarse la Vuelta 2024. No quiso esperar demasiado. Con la primera llegada en alto fue suficiente. Antes se hab\u00eda subido a San Juan de la Pe\u00f1a y se hab\u00eda seleccionado el pelot\u00f3n. <strong>Rapit\u00e1n a fuego<\/strong>. No era demasiado duro. Pero a poco m\u00e1s de un kil\u00f3metro cambi\u00f3 de ritmo. Sentada. Con su estilo. Mirada atr\u00e1s hasta que se qued\u00f3 sola. Rivales lejos.<\/p>\n<p>En la quinta etapa de La Vuelta levant\u00f3 los brazos por primera vez esta temporada. Demi <a href=\"https:\/\/www.procyclingstats.com\/rider\/demi-vollering\">no es r\u00e1pida<\/a> y el SD Worx tampoco hab\u00eda funcionado como en otros a\u00f1os. Por eso no pudo con la Strade Bianche, en Amstel le toco trabajara para Wiebes y Lieja, pese a ser la m\u00e1s fuerte, corri\u00f3 todo el d\u00eda a merced de sus rivales.<\/p>\n<p>Primera victoria en Rapit\u00e1n. Solo un pu\u00f1ado de segundos sobre Elisa Longo Borghini. Su gran rival ante la &#8216;baja&#8217; de Kasia Niewiadoma. La polaca llevaba el mismo ritmo de carrera que Vollering. Todas las cl\u00e1sicas del tir\u00f3n. Explot\u00f3 en La Vuelta. Su cuerpo le pidi\u00f3 parar y se cay\u00f3 del podio.<\/p>\n<p>La Laguna Negra era la siguiente cita con la monta\u00f1a. Etapa unipuerto. Dureza similar pero m\u00e1s fuerzas en el pelot\u00f3n. Id\u00e9ntica t\u00e1ctica de Vollering. Primero FDJ poniendo velocidad para Evita Muzic. Despu\u00e9s cambio de ritmo de Vollering. Solo media docena de rivales. En el falso llano pasa su compa\u00f1era Marlen Reusser y los dos \u00faltimos kil\u00f3metros son para Vollering. Sus rivales directas para la general, Longo Borghini y Markus un poquito m\u00e1s lejos. Solo le aguanta Muzic, que remata al sprint.<\/p>\n<p><img loading=\"lazy\" decoding=\"async\" class=\"alignnone size-extra-large\" src=\"https:\/\/img.aso.fr\/core_app\/img-cycling-lvf-jpg\/arrivee\/4461\/0:0,1200:800-1000-0-70\/14adc\" width=\"1000\" height=\"667\" \/><\/p>\n<h2><strong>Valdesqu\u00ed<\/strong><\/h2>\n<p>La llegada a Sig\u00fcenza se resolvi\u00f3 al sprint con victoria de <strong>Vos (un cl\u00e1sico)<\/strong>. Quedaban<strong> La Morcuera, Cotos y Valdesqu\u00ed.<\/strong> La etapa m\u00e1s dura de La Vuelta. Un d\u00eda de alta monta\u00f1a al que todav\u00eda no se hab\u00edan enfrentado. Longo Borghini y Markus no parec\u00edan rivales, pero Vollering necesitaba demostrar que su victoria iba a ser incontestable. Como Nibali venciendo el Tour y rematando en la \u00faltima etapa de Hautacam arrancando desde abajo.<\/p>\n<p><img loading=\"lazy\" decoding=\"async\" class=\"alignnone size-extra-large\" src=\"https:\/\/img.aso.fr\/core_app\/img-cycling-lvf-jpg\/groupe\/4609\/0:0,1200:800-1000-0-70\/4ee0e\" width=\"1000\" height=\"667\" \/><\/p>\n<p>La etapa sali\u00f3 movida. Con fuga masiva en Morcuera. Ninguna rival directa, pero con <strong>Swinkels intentando llevarse la clasificaci\u00f3n de la monta\u00f1a<\/strong>. Ni eso dej\u00f3 Vollering. Una vez coronado Cotos y sin posibilidad ya casi real de perder el rojo arranc\u00f3. Se march\u00f3 sola. Terreno al 4-5%. Perfecto para ella. Nadie la sigui\u00f3. Por detr\u00e1s Markus y Longo Borghini solo peleaban por el segundo caj\u00f3n del podio. Ella por rematar vestida de rojo. Foto ic\u00f3nica. Con tiempo para soltar y levantar la bicicleta nada m\u00e1s pasar la l\u00ednea de meta.<\/p>\n<p>Vollering triunfa donde en 2023 le priv\u00f3 de la victoria <a href=\"https:\/\/www.welovecycling.com\/es\/2023\/05\/08\/una-vuelta-femenina\/\">Van Vleuten<\/a>. Esta vez sin agon\u00eda. Siendo<a href=\"https:\/\/www.lavueltafemenina.es\/es\/noticias\/2024\/etapa-8\/vollering-recobra-su-trono-en-valdesqui\/2470\"> la m\u00e1s completa en todos los terrenos.<\/a> General incontestable, con dos minutos sobre Markus y Longo Borghini y m\u00e1s de tres sobre el resto. Maillot de la monta\u00f1a, segunda en los puntos por detr\u00e1s de Marianne Vos y con el SD Worx l\u00edder por equipos. Por delante, unos d\u00edas de descanso y la opci\u00f3n del triplete con Giro y Tour.<\/p>\n","protected":false},"excerpt":{"rendered":"<p>Se sienta. Pone ritmo cuesta arriba. Y sus rivales se van descolgando una a una. Demi Vollering se levanta pocas [&hellip;]<\/p>\n","protected":false},"author":29,"featured_media":10792,"comment_status":"open","ping_status":"open","sticky":false,"template":"","format":"standard","meta":{"footnotes":""},"categories":[7],"tags":[2191],"global-categories":[1164],"class_list":["post-10791","post","type-post","status-publish","format-standard","has-post-thumbnail","hentry","category-carretera","tag-la-vuelta-femenina","global-categories-cycling"],"yoast_head":"<!-- This site is optimized with the Yoast SEO Premium plugin v25.3 (Yoast SEO v25.9) - https:\/\/yoast.com\/wordpress\/plugins\/seo\/ -->\n<title>Vollering, sentada hasta la victoria - \u0160koda We Love Cycling - Spain<\/title>\n<meta name=\"description\" content=\"Demi Vollering se llev\u00f3 la Vuelta Femenina 2024 con una exhibici\u00f3n final en Valdesqu\u00ed. Sus rivales a m\u00e1s de dos minutos.\" \/>\n<meta name=\"robots\" content=\"index, follow, max-snippet:-1, max-image-preview:large, max-video-preview:-1\" \/>\n<link rel=\"canonical\" href=\"https:\/\/www.welovecycling.com\/es\/2024\/05\/06\/vollering-sentada-hasta-la-victoria\/\" \/>\n<meta property=\"og:locale\" content=\"es_ES\" \/>\n<meta property=\"og:type\" content=\"article\" \/>\n<meta property=\"og:title\" content=\"Vollering, sentada hasta la victoria\" \/>\n<meta property=\"og:description\" content=\"Demi Vollering se llev\u00f3 la Vuelta Femenina 2024 con una exhibici\u00f3n final en Valdesqu\u00ed. Sus rivales a m\u00e1s de dos minutos.\" \/>\n<meta property=\"og:url\" content=\"https:\/\/www.welovecycling.com\/es\/2024\/05\/06\/vollering-sentada-hasta-la-victoria\/\" \/>\n<meta property=\"og:site_name\" content=\"\u0160koda We Love Cycling - Spain\" \/>\n<meta property=\"article:published_time\" content=\"2024-05-06T14:38:21+00:00\" \/>\n<meta property=\"article:modified_time\" content=\"2024-05-06T14:39:28+00:00\" \/>\n<meta property=\"og:image\" content=\"https:\/\/d2p6e6u75xmxt8.cloudfront.net\/6\/2024\/05\/vollering-vuelta.webp\" \/>\n\t<meta property=\"og:image:width\" content=\"1000\" \/>\n\t<meta property=\"og:image:height\" content=\"667\" \/>\n\t<meta property=\"og:image:type\" content=\"image\/webp\" \/>\n<meta name=\"author\" content=\"We Love Cycling Spain\" \/>\n<meta name=\"twitter:card\" content=\"summary_large_image\" \/>\n<meta name=\"twitter:description\" content=\"Demi Vollering se llev\u00f3 la Vuelta Femenina 2024 con una exhibici\u00f3n final en Valdesqu\u00ed. Sus rivales a m\u00e1s de dos minutos.\" \/>\n<meta name=\"twitter:label1\" content=\"Written by\" \/>\n\t<meta name=\"twitter:data1\" content=\"Luis Ortega @Ciclored\" \/>\n\t<meta name=\"twitter:label2\" content=\"Est. reading time\" \/>\n\t<meta name=\"twitter:data2\" content=\"3 minutes\" \/>\n<script type=\"application\/ld+json\" class=\"yoast-schema-graph\">{\"@context\":\"https:\/\/schema.org\",\"@graph\":[{\"@type\":\"WebPage\",\"@id\":\"https:\/\/www.welovecycling.com\/es\/2024\/05\/06\/vollering-sentada-hasta-la-victoria\/\",\"url\":\"https:\/\/www.welovecycling.com\/es\/2024\/05\/06\/vollering-sentada-hasta-la-victoria\/\",\"name\":\"Vollering, sentada hasta la victoria - \u0160koda We Love Cycling - Spain\",\"isPartOf\":{\"@id\":\"https:\/\/www.welovecycling.com\/es\/#website\"},\"primaryImageOfPage\":{\"@id\":\"https:\/\/www.welovecycling.com\/es\/2024\/05\/06\/vollering-sentada-hasta-la-victoria\/#primaryimage\"},\"image\":{\"@id\":\"https:\/\/www.welovecycling.com\/es\/2024\/05\/06\/vollering-sentada-hasta-la-victoria\/#primaryimage\"},\"thumbnailUrl\":\"https:\/\/d2p6e6u75xmxt8.cloudfront.net\/6\/2024\/05\/vollering-vuelta.webp\",\"datePublished\":\"2024-05-06T14:38:21+00:00\",\"dateModified\":\"2024-05-06T14:39:28+00:00\",\"author\":{\"@id\":\"https:\/\/www.welovecycling.com\/es\/#\/schema\/person\/deb61715b5812698ee79fb96f343ccd4\"},\"description\":\"Demi Vollering se llev\u00f3 la Vuelta Femenina 2024 con una exhibici\u00f3n final en Valdesqu\u00ed. Sus rivales a m\u00e1s de dos minutos.\",\"breadcrumb\":{\"@id\":\"https:\/\/www.welovecycling.com\/es\/2024\/05\/06\/vollering-sentada-hasta-la-victoria\/#breadcrumb\"},\"inLanguage\":\"es-ES\",\"potentialAction\":[{\"@type\":\"ReadAction\",\"target\":[\"https:\/\/www.welovecycling.com\/es\/2024\/05\/06\/vollering-sentada-hasta-la-victoria\/\"]}]},{\"@type\":\"ImageObject\",\"inLanguage\":\"es-ES\",\"@id\":\"https:\/\/www.welovecycling.com\/es\/2024\/05\/06\/vollering-sentada-hasta-la-victoria\/#primaryimage\",\"url\":\"https:\/\/d2p6e6u75xmxt8.cloudfront.net\/6\/2024\/05\/vollering-vuelta.webp\",\"contentUrl\":\"https:\/\/d2p6e6u75xmxt8.cloudfront.net\/6\/2024\/05\/vollering-vuelta.webp\",\"width\":1000,\"height\":667},{\"@type\":\"BreadcrumbList\",\"@id\":\"https:\/\/www.welovecycling.com\/es\/2024\/05\/06\/vollering-sentada-hasta-la-victoria\/#breadcrumb\",\"itemListElement\":[{\"@type\":\"ListItem\",\"position\":1,\"name\":\"Home\",\"item\":\"https:\/\/www.welovecycling.com\/es\/\"},{\"@type\":\"ListItem\",\"position\":2,\"name\":\"Vollering, sentada hasta la victoria\"}]},{\"@type\":\"WebSite\",\"@id\":\"https:\/\/www.welovecycling.com\/es\/#website\",\"url\":\"https:\/\/www.welovecycling.com\/es\/\",\"name\":\"\u0160koda We Love Cycling - Spain\",\"description\":\"\u0160koda WeLoveCycling Spain\",\"potentialAction\":[{\"@type\":\"SearchAction\",\"target\":{\"@type\":\"EntryPoint\",\"urlTemplate\":\"https:\/\/www.welovecycling.com\/es\/?s={search_term_string}\"},\"query-input\":{\"@type\":\"PropertyValueSpecification\",\"valueRequired\":true,\"valueName\":\"search_term_string\"}}],\"inLanguage\":\"es-ES\"},{\"@type\":\"Person\",\"@id\":\"https:\/\/www.welovecycling.com\/es\/#\/schema\/person\/deb61715b5812698ee79fb96f343ccd4\",\"name\":\"We Love Cycling Spain\",\"image\":{\"@type\":\"ImageObject\",\"inLanguage\":\"es-ES\",\"@id\":\"https:\/\/www.welovecycling.com\/es\/#\/schema\/person\/image\/\",\"url\":\"https:\/\/secure.gravatar.com\/avatar\/c824b04e6df0e37a03219d0b6481672889df542894588964102459e46513159c?s=96&d=mm&r=g\",\"contentUrl\":\"https:\/\/secure.gravatar.com\/avatar\/c824b04e6df0e37a03219d0b6481672889df542894588964102459e46513159c?s=96&d=mm&r=g\",\"caption\":\"We Love Cycling Spain\"},\"url\":\"https:\/\/www.welovecycling.com\/es\/author\/amunoz\/\"}]}<\/script>\n<!-- \/ Yoast SEO Premium plugin. -->","yoast_head_json":{"title":"Vollering, sentada hasta la victoria - \u0160koda We Love Cycling - Spain","description":"Demi Vollering se llev\u00f3 la Vuelta Femenina 2024 con una exhibici\u00f3n final en Valdesqu\u00ed. Sus rivales a m\u00e1s de dos minutos.","robots":{"index":"index","follow":"follow","max-snippet":"max-snippet:-1","max-image-preview":"max-image-preview:large","max-video-preview":"max-video-preview:-1"},"canonical":"https:\/\/www.welovecycling.com\/es\/2024\/05\/06\/vollering-sentada-hasta-la-victoria\/","og_locale":"es_ES","og_type":"article","og_title":"Vollering, sentada hasta la victoria","og_description":"Demi Vollering se llev\u00f3 la Vuelta Femenina 2024 con una exhibici\u00f3n final en Valdesqu\u00ed. Sus rivales a m\u00e1s de dos minutos.","og_url":"https:\/\/www.welovecycling.com\/es\/2024\/05\/06\/vollering-sentada-hasta-la-victoria\/","og_site_name":"\u0160koda We Love Cycling - Spain","article_published_time":"2024-05-06T14:38:21+00:00","article_modified_time":"2024-05-06T14:39:28+00:00","og_image":[{"width":1000,"height":667,"url":"https:\/\/d2p6e6u75xmxt8.cloudfront.net\/6\/2024\/05\/vollering-vuelta.webp","type":"image\/webp"}],"author":"We Love Cycling Spain","twitter_card":"summary_large_image","twitter_description":"Demi Vollering se llev\u00f3 la Vuelta Femenina 2024 con una exhibici\u00f3n final en Valdesqu\u00ed. Sus rivales a m\u00e1s de dos minutos.","twitter_misc":{"Written by":"Luis Ortega @Ciclored","Est. reading time":"3 minutes"},"schema":{"@context":"https:\/\/schema.org","@graph":[{"@type":"WebPage","@id":"https:\/\/www.welovecycling.com\/es\/2024\/05\/06\/vollering-sentada-hasta-la-victoria\/","url":"https:\/\/www.welovecycling.com\/es\/2024\/05\/06\/vollering-sentada-hasta-la-victoria\/","name":"Vollering, sentada hasta la victoria - \u0160koda We Love Cycling - Spain","isPartOf":{"@id":"https:\/\/www.welovecycling.com\/es\/#website"},"primaryImageOfPage":{"@id":"https:\/\/www.welovecycling.com\/es\/2024\/05\/06\/vollering-sentada-hasta-la-victoria\/#primaryimage"},"image":{"@id":"https:\/\/www.welovecycling.com\/es\/2024\/05\/06\/vollering-sentada-hasta-la-victoria\/#primaryimage"},"thumbnailUrl":"https:\/\/d2p6e6u75xmxt8.cloudfront.net\/6\/2024\/05\/vollering-vuelta.webp","datePublished":"2024-05-06T14:38:21+00:00","dateModified":"2024-05-06T14:39:28+00:00","author":{"@id":"https:\/\/www.welovecycling.com\/es\/#\/schema\/person\/deb61715b5812698ee79fb96f343ccd4"},"description":"Demi Vollering se llev\u00f3 la Vuelta Femenina 2024 con una exhibici\u00f3n final en Valdesqu\u00ed. Sus rivales a m\u00e1s de dos minutos.","breadcrumb":{"@id":"https:\/\/www.welovecycling.com\/es\/2024\/05\/06\/vollering-sentada-hasta-la-victoria\/#breadcrumb"},"inLanguage":"es-ES","potentialAction":[{"@type":"ReadAction","target":["https:\/\/www.welovecycling.com\/es\/2024\/05\/06\/vollering-sentada-hasta-la-victoria\/"]}]},{"@type":"ImageObject","inLanguage":"es-ES","@id":"https:\/\/www.welovecycling.com\/es\/2024\/05\/06\/vollering-sentada-hasta-la-victoria\/#primaryimage","url":"https:\/\/d2p6e6u75xmxt8.cloudfront.net\/6\/2024\/05\/vollering-vuelta.webp","contentUrl":"https:\/\/d2p6e6u75xmxt8.cloudfront.net\/6\/2024\/05\/vollering-vuelta.webp","width":1000,"height":667},{"@type":"BreadcrumbList","@id":"https:\/\/www.welovecycling.com\/es\/2024\/05\/06\/vollering-sentada-hasta-la-victoria\/#breadcrumb","itemListElement":[{"@type":"ListItem","position":1,"name":"Home","item":"https:\/\/www.welovecycling.com\/es\/"},{"@type":"ListItem","position":2,"name":"Vollering, sentada hasta la victoria"}]},{"@type":"WebSite","@id":"https:\/\/www.welovecycling.com\/es\/#website","url":"https:\/\/www.welovecycling.com\/es\/","name":"\u0160koda We Love Cycling - Spain","description":"\u0160koda WeLoveCycling Spain","potentialAction":[{"@type":"SearchAction","target":{"@type":"EntryPoint","urlTemplate":"https:\/\/www.welovecycling.com\/es\/?s={search_term_string}"},"query-input":{"@type":"PropertyValueSpecification","valueRequired":true,"valueName":"search_term_string"}}],"inLanguage":"es-ES"},{"@type":"Person","@id":"https:\/\/www.welovecycling.com\/es\/#\/schema\/person\/deb61715b5812698ee79fb96f343ccd4","name":"We Love Cycling Spain","image":{"@type":"ImageObject","inLanguage":"es-ES","@id":"https:\/\/www.welovecycling.com\/es\/#\/schema\/person\/image\/","url":"https:\/\/secure.gravatar.com\/avatar\/c824b04e6df0e37a03219d0b6481672889df542894588964102459e46513159c?s=96&d=mm&r=g","contentUrl":"https:\/\/secure.gravatar.com\/avatar\/c824b04e6df0e37a03219d0b6481672889df542894588964102459e46513159c?s=96&d=mm&r=g","caption":"We Love Cycling Spain"},"url":"https:\/\/www.welovecycling.com\/es\/author\/amunoz\/"}]}},"_links":{"self":[{"href":"https:\/\/www.welovecycling.com\/es\/wp-json\/wp\/v2\/posts\/10791","targetHints":{"allow":["GET"]}}],"collection":[{"href":"https:\/\/www.welovecycling.com\/es\/wp-json\/wp\/v2\/posts"}],"about":[{"href":"https:\/\/www.welovecycling.com\/es\/wp-json\/wp\/v2\/types\/post"}],"author":[{"embeddable":true,"href":"https:\/\/www.welovecycling.com\/es\/wp-json\/wp\/v2\/users\/29"}],"replies":[{"embeddable":true,"href":"https:\/\/www.welovecycling.com\/es\/wp-json\/wp\/v2\/comments?post=10791"}],"version-history":[{"count":1,"href":"https:\/\/www.welovecycling.com\/es\/wp-json\/wp\/v2\/posts\/10791\/revisions"}],"predecessor-version":[{"id":10793,"href":"https:\/\/www.welovecycling.com\/es\/wp-json\/wp\/v2\/posts\/10791\/revisions\/10793"}],"wp:featuredmedia":[{"embeddable":true,"href":"https:\/\/www.welovecycling.com\/es\/wp-json\/wp\/v2\/media\/10792"}],"wp:attachment":[{"href":"https:\/\/www.welovecycling.com\/es\/wp-json\/wp\/v2\/media?parent=10791"}],"wp:term":[{"taxonomy":"category","embeddable":true,"href":"https:\/\/www.welovecycling.com\/es\/wp-json\/wp\/v2\/categories?post=10791"},{"taxonomy":"post_tag","embeddable":true,"href":"https:\/\/www.welovecycling.com\/es\/wp-json\/wp\/v2\/tags?post=10791"},{"taxonomy":"global-categories","embeddable":true,"href":"https:\/\/www.welovecycling.com\/es\/wp-json\/wp\/v2\/global-categories?post=10791"}],"curies":[{"name":"wp","href":"https:\/\/api.w.org\/{rel}","templated":true}]}}