{"id":10784,"date":"2024-05-08T08:06:46","date_gmt":"2024-05-08T06:06:46","guid":{"rendered":"https:\/\/www.welovecycling.com\/es\/?p=10784"},"modified":"2024-05-08T08:06:46","modified_gmt":"2024-05-08T06:06:46","slug":"tiendas-bicicletas","status":"publish","type":"post","link":"https:\/\/www.welovecycling.com\/es\/2024\/05\/08\/tiendas-bicicletas\/","title":{"rendered":"Tiendas de bicicletas de ex ciclistas profesionales"},"content":{"rendered":"<p><strong>No s\u00e9 a ti, pero a m\u00ed me encanta visitar tiendas de bicicletas all\u00e1 donde voy. Desde las calles adoquinadas de Europa hasta Norteam\u00e9rica y m\u00e1s all\u00e1, el ciclismo no es s\u00f3lo un deporte para muchos de nosotros, sino una parte profunda de nuestras vidas. Lo mismo ocurre con algunos ex profesionales que han llevado su pasi\u00f3n por este deporte un paso m\u00e1s all\u00e1 tras su retirada, abriendo su propia tienda de bicicletas.<\/strong><\/p>\n<p><!--more--><\/p>\n<p>Con una amplia experiencia y nombres de renombre a sus espaldas, estos establecimientos ofrecen a los visitantes un vistazo a la historia del ciclismo al tiempo que ofrecen productos de alta calidad, asesoramiento experto y mucho m\u00e1s. Exploremos algunas de las mejores tiendas de bicicletas propiedad de antiguos profesionales.<\/p>\n<h2><strong>The Service Course &#8211; Chris Meier, Girona, Spain<\/strong><\/h2>\n<p><a href=\"https:\/\/theservicecoursegirona.com\/\">The Service Course <\/a>en Girona, es una idea original del ciclista canadiense Chris Meier y su esposa Amber. Chris lleg\u00f3 a Girona como profesional en ciernes y nunca se march\u00f3. Particip\u00f3 en las tres Grandes Vueltas como profesional desde 2005 hasta 2016, terminando sus \u00faltimos cuatro a\u00f1os en el pelot\u00f3n profesional con el equipo GreenEDGE.<\/p>\n<p>Girona se ha convertido en un lugar donde muchos profesionales viven y entrenan gracias a su situaci\u00f3n geogr\u00e1fica y a las tranquilas carreteras que la rodean. Como resultado, se ha convertido en un destino internacional para ciclistas serios de todas las nacionalidades. En sus inicios, The Service Course llen\u00f3 un vac\u00edo en el mercado local que atend\u00eda a estos profesionales y a los ciclistas visitantes.<\/p>\n<p>Alquilar una bicicleta de carretera de gama alta, arreglar la tuya, comprar un nuevo traje de ciclismo, recibir un masaje, encontrar alojamiento, reservar un campamento de ciclismo con todos los servicios para grupos y mucho m\u00e1s. Su \u00e9xito fue evidente y llam\u00f3 la atenci\u00f3n de inversores externos que ayudaron a internacionalizar la marca. Es una tienda s\u00f3lo para ciclistas de carretera, por si eso le ahorra un viaje a alg\u00fan amante de la tierra.<\/p>\n<blockquote class=\"instagram-media\" style=\"background: #FFF; border: 0; border-radius: 3px; box-shadow: 0 0 1px 0 rgba(0,0,0,0.5),0 1px 10px 0 rgba(0,0,0,0.15); margin: 1px; max-width: 540px; min-width: 326px; padding: 0; width: calc(100% - 2px);\" data-instgrm-permalink=\"https:\/\/www.instagram.com\/p\/C5IvqUGNdOl\/?utm_source=ig_embed&amp;utm_campaign=loading\" data-instgrm-version=\"14\">\n<div style=\"padding: 16px;\">\n<p>&nbsp;<\/p>\n<div style=\"display: flex; flex-direction: row; align-items: center;\">\n<div style=\"background-color: #f4f4f4; border-radius: 50%; flex-grow: 0; height: 40px; margin-right: 14px; width: 40px;\"><\/div>\n<div style=\"display: flex; flex-direction: column; flex-grow: 1; justify-content: center;\">\n<div style=\"background-color: #f4f4f4; border-radius: 4px; flex-grow: 0; height: 14px; margin-bottom: 6px; width: 100px;\"><\/div>\n<div style=\"background-color: #f4f4f4; border-radius: 4px; flex-grow: 0; height: 14px; width: 60px;\"><\/div>\n<\/div>\n<\/div>\n<div style=\"padding: 19% 0;\"><\/div>\n<div style=\"display: block; height: 50px; margin: 0 auto 12px; width: 50px;\"><\/div>\n<div style=\"padding-top: 8px;\">\n<div style=\"color: #3897f0; font-family: Arial,sans-serif; font-size: 14px; font-style: normal; font-weight: 550; line-height: 18px;\">Zobrazit p\u0159\u00edsp\u011bvek na Instagramu<\/div>\n<\/div>\n<div style=\"padding: 12.5% 0;\"><\/div>\n<div style=\"display: flex; flex-direction: row; margin-bottom: 14px; align-items: center;\">\n<div>\n<div style=\"background-color: #f4f4f4; border-radius: 50%; height: 12.5px; width: 12.5px; transform: translateX(0px) translateY(7px);\"><\/div>\n<div style=\"background-color: #f4f4f4; height: 12.5px; transform: rotate(-45deg) translateX(3px) translateY(1px); width: 12.5px; flex-grow: 0; margin-right: 14px; margin-left: 2px;\"><\/div>\n<div style=\"background-color: #f4f4f4; border-radius: 50%; height: 12.5px; width: 12.5px; transform: translateX(9px) translateY(-18px);\"><\/div>\n<\/div>\n<div style=\"margin-left: 8px;\">\n<div style=\"background-color: #f4f4f4; border-radius: 50%; flex-grow: 0; height: 20px; width: 20px;\"><\/div>\n<div style=\"width: 0; height: 0; border-top: 2px solid transparent; border-left: 6px solid #f4f4f4; border-bottom: 2px solid transparent; transform: translateX(16px) translateY(-4px) rotate(30deg);\"><\/div>\n<\/div>\n<div style=\"margin-left: auto;\">\n<div style=\"width: 0px; border-top: 8px solid #F4F4F4; border-right: 8px solid transparent; transform: translateY(16px);\"><\/div>\n<div style=\"background-color: #f4f4f4; flex-grow: 0; height: 12px; width: 16px; transform: translateY(-4px);\"><\/div>\n<div style=\"width: 0; height: 0; border-top: 8px solid #F4F4F4; border-left: 8px solid transparent; transform: translateY(-4px) translateX(8px);\"><\/div>\n<\/div>\n<\/div>\n<div style=\"display: flex; flex-direction: column; flex-grow: 1; justify-content: center; margin-bottom: 24px;\">\n<div style=\"background-color: #f4f4f4; border-radius: 4px; flex-grow: 0; height: 14px; margin-bottom: 6px; width: 224px;\"><\/div>\n<div style=\"background-color: #f4f4f4; border-radius: 4px; flex-grow: 0; height: 14px; width: 144px;\"><\/div>\n<\/div>\n<p>&nbsp;<\/p>\n<p style=\"color: #c9c8cd; font-family: Arial,sans-serif; font-size: 14px; line-height: 17px; margin-bottom: 0; margin-top: 8px; overflow: hidden; padding: 8px 0 7px; text-align: center; text-overflow: ellipsis; white-space: nowrap;\"><a style=\"color: #c9c8cd; font-family: Arial,sans-serif; font-size: 14px; font-style: normal; font-weight: normal; line-height: 17px; text-decoration: none;\" href=\"https:\/\/www.instagram.com\/p\/C5IvqUGNdOl\/?utm_source=ig_embed&amp;utm_campaign=loading\" target=\"_blank\" rel=\"noopener\">P\u0159\u00edsp\u011bvek sd\u00edlen\u00fd The Service Course (@theservicecourse)<\/a><\/p>\n<\/div>\n<\/blockquote>\n<p><script async src=\"\/\/www.instagram.com\/embed.js\"><\/script><\/p>\n<h2><strong>Andy Schleck Cycles &#8211; Itzig and Mertert, Luxembourg<\/strong><\/h2>\n<p>El luxemburgu\u00e9s Andy Schleck fue profesional entre 2005 y 2014. Durante ese tiempo, gan\u00f3 el Tour de Francia (2010) y se hizo con el distintivo Maillot Blanco al mejor ciclista joven en tres ocasiones. Tambi\u00e9n cuenta con m\u00faltiples victorias de etapa en el TDF, termin\u00f3 segundo en el Giro de Italia de 2007 y subi\u00f3 a lo m\u00e1s alto del podio de la Lieja-Bastogne-Lieja de 2009. Andy fue subcampe\u00f3n del TDF en dos ocasiones, en 2009 y 2011. Procede de una familia de ciclistas. Su hermano Fr\u00e4nk tambi\u00e9n fue profesional, y su padre antes que ellos.<\/p>\n<p>Andy anunci\u00f3 su retirada en 2014 y fund\u00f3 <a href=\"https:\/\/andyschleckcycles.lu\/\">Andy Schleck Cycles<\/a> en Itzig, Luxemburgo, en 2016. Ahora hay una segunda ubicaci\u00f3n en Mertert, Luxemburgo, que abri\u00f3 en 2022. Ofrecen muchas marcas l\u00edderes, accesorios y servicio para todo tipo de disciplinas sobre dos ruedas. Andy incluso comparte sus conocimientos a trav\u00e9s de talleres que imparte ocasionalmente durante el a\u00f1o llamados \u00abCuerpo\/Mente\/Bici\u00bb. Mientras est\u00e9s all\u00ed, visita el museo que exhibe algunos de los famosos premios y bicicletas de Andy.<\/p>\n<blockquote class=\"instagram-media\" style=\"background: #FFF; border: 0; border-radius: 3px; box-shadow: 0 0 1px 0 rgba(0,0,0,0.5),0 1px 10px 0 rgba(0,0,0,0.15); margin: 1px; max-width: 540px; min-width: 326px; padding: 0; width: calc(100% - 2px);\" data-instgrm-permalink=\"https:\/\/www.instagram.com\/p\/C2-ypSvMxlJ\/?utm_source=ig_embed&amp;utm_campaign=loading\" data-instgrm-version=\"14\">\n<div style=\"padding: 16px;\">\n<p>&nbsp;<\/p>\n<div style=\"display: flex; flex-direction: row; align-items: center;\">\n<div style=\"background-color: #f4f4f4; border-radius: 50%; flex-grow: 0; height: 40px; margin-right: 14px; width: 40px;\"><\/div>\n<div style=\"display: flex; flex-direction: column; flex-grow: 1; justify-content: center;\">\n<div style=\"background-color: #f4f4f4; border-radius: 4px; flex-grow: 0; height: 14px; margin-bottom: 6px; width: 100px;\"><\/div>\n<div style=\"background-color: #f4f4f4; border-radius: 4px; flex-grow: 0; height: 14px; width: 60px;\"><\/div>\n<\/div>\n<\/div>\n<div style=\"padding: 19% 0;\"><\/div>\n<div style=\"display: block; height: 50px; margin: 0 auto 12px; width: 50px;\"><\/div>\n<div style=\"padding-top: 8px;\">\n<div style=\"color: #3897f0; font-family: Arial,sans-serif; font-size: 14px; font-style: normal; font-weight: 550; line-height: 18px;\">Zobrazit p\u0159\u00edsp\u011bvek na Instagramu<\/div>\n<\/div>\n<div style=\"padding: 12.5% 0;\"><\/div>\n<div style=\"display: flex; flex-direction: row; margin-bottom: 14px; align-items: center;\">\n<div>\n<div style=\"background-color: #f4f4f4; border-radius: 50%; height: 12.5px; width: 12.5px; transform: translateX(0px) translateY(7px);\"><\/div>\n<div style=\"background-color: #f4f4f4; height: 12.5px; transform: rotate(-45deg) translateX(3px) translateY(1px); width: 12.5px; flex-grow: 0; margin-right: 14px; margin-left: 2px;\"><\/div>\n<div style=\"background-color: #f4f4f4; border-radius: 50%; height: 12.5px; width: 12.5px; transform: translateX(9px) translateY(-18px);\"><\/div>\n<\/div>\n<div style=\"margin-left: 8px;\">\n<div style=\"background-color: #f4f4f4; border-radius: 50%; flex-grow: 0; height: 20px; width: 20px;\"><\/div>\n<div style=\"width: 0; height: 0; border-top: 2px solid transparent; border-left: 6px solid #f4f4f4; border-bottom: 2px solid transparent; transform: translateX(16px) translateY(-4px) rotate(30deg);\"><\/div>\n<\/div>\n<div style=\"margin-left: auto;\">\n<div style=\"width: 0px; border-top: 8px solid #F4F4F4; border-right: 8px solid transparent; transform: translateY(16px);\"><\/div>\n<div style=\"background-color: #f4f4f4; flex-grow: 0; height: 12px; width: 16px; transform: translateY(-4px);\"><\/div>\n<div style=\"width: 0; height: 0; border-top: 8px solid #F4F4F4; border-left: 8px solid transparent; transform: translateY(-4px) translateX(8px);\"><\/div>\n<\/div>\n<\/div>\n<div style=\"display: flex; flex-direction: column; flex-grow: 1; justify-content: center; margin-bottom: 24px;\">\n<div style=\"background-color: #f4f4f4; border-radius: 4px; flex-grow: 0; height: 14px; margin-bottom: 6px; width: 224px;\"><\/div>\n<div style=\"background-color: #f4f4f4; border-radius: 4px; flex-grow: 0; height: 14px; width: 144px;\"><\/div>\n<\/div>\n<p>&nbsp;<\/p>\n<p style=\"color: #c9c8cd; font-family: Arial,sans-serif; font-size: 14px; line-height: 17px; margin-bottom: 0; margin-top: 8px; overflow: hidden; padding: 8px 0 7px; text-align: center; text-overflow: ellipsis; white-space: nowrap;\"><a style=\"color: #c9c8cd; font-family: Arial,sans-serif; font-size: 14px; font-style: normal; font-weight: normal; line-height: 17px; text-decoration: none;\" href=\"https:\/\/www.instagram.com\/p\/C2-ypSvMxlJ\/?utm_source=ig_embed&amp;utm_campaign=loading\" target=\"_blank\" rel=\"noopener\">P\u0159\u00edsp\u011bvek sd\u00edlen\u00fd Andy Schleck&#8217;s Bike Shops in Itzig &amp; Mertert LUXEMBOURG (@andyschleckcycles)<\/a><\/p>\n<\/div>\n<\/blockquote>\n<p><script async src=\"\/\/www.instagram.com\/embed.js\"><\/script><\/p>\n<h2><strong>The Bike Shop &#8211; Philippe Gilbert, Monaco<\/strong><\/h2>\n<p>Con una extensa lista de grandes victorias a su nombre, incluido el t\u00edtulo de Campe\u00f3n del Mundo de Carreras en Ruta en 2012, el corredor belga especialista en cl\u00e1sicas de un d\u00eda Philippe Gilbert no necesita mucha presentaci\u00f3n. Es uno de los dos \u00fanicos profesionales que ha ganado las tres cl\u00e1sicas de las Ardenas, la Amstel Gold, la Flecha Valona y la Lieja-Bastogne-Lieja en una misma temporada (2011).<\/p>\n<p>Residente en M\u00f3naco, ha dedicado parte de su tiempo y atenci\u00f3n a <a href=\"https:\/\/www.thebikeshop.mc\/about\">The Bike Shop Monaco.<\/a> Ofrecen bicicletas electr\u00f3nicas y de alquiler, nutrici\u00f3n, ropa, accesorios, ajuste de bicicletas, mantenimiento y sencillos consejos. As\u00ed que, tanto si eres un ciclista experimentado como un principiante, la pr\u00f3xima vez, o la primera, que est\u00e9s en M\u00f3naco, p\u00e1sate por all\u00ed. Incluso una simple visita vale la pena para presumir en tu pr\u00f3xima salida.<\/p>\n<blockquote class=\"instagram-media\" style=\"background: #FFF; border: 0; border-radius: 3px; box-shadow: 0 0 1px 0 rgba(0,0,0,0.5),0 1px 10px 0 rgba(0,0,0,0.15); margin: 1px; max-width: 540px; min-width: 326px; padding: 0; width: calc(100% - 2px);\" data-instgrm-permalink=\"https:\/\/www.instagram.com\/p\/CHAsGv6FcMI\/?utm_source=ig_embed&amp;utm_campaign=loading\" data-instgrm-version=\"14\">\n<div style=\"padding: 16px;\">\n<p>&nbsp;<\/p>\n<div style=\"display: flex; flex-direction: row; align-items: center;\">\n<div style=\"background-color: #f4f4f4; border-radius: 50%; flex-grow: 0; height: 40px; margin-right: 14px; width: 40px;\"><\/div>\n<div style=\"display: flex; flex-direction: column; flex-grow: 1; justify-content: center;\">\n<div style=\"background-color: #f4f4f4; border-radius: 4px; flex-grow: 0; height: 14px; margin-bottom: 6px; width: 100px;\"><\/div>\n<div style=\"background-color: #f4f4f4; border-radius: 4px; flex-grow: 0; height: 14px; width: 60px;\"><\/div>\n<\/div>\n<\/div>\n<div style=\"padding: 19% 0;\"><\/div>\n<div style=\"display: block; height: 50px; margin: 0 auto 12px; width: 50px;\"><\/div>\n<div style=\"padding-top: 8px;\">\n<div style=\"color: #3897f0; font-family: Arial,sans-serif; font-size: 14px; font-style: normal; font-weight: 550; line-height: 18px;\">Zobrazit p\u0159\u00edsp\u011bvek na Instagramu<\/div>\n<\/div>\n<div style=\"padding: 12.5% 0;\"><\/div>\n<div style=\"display: flex; flex-direction: row; margin-bottom: 14px; align-items: center;\">\n<div>\n<div style=\"background-color: #f4f4f4; border-radius: 50%; height: 12.5px; width: 12.5px; transform: translateX(0px) translateY(7px);\"><\/div>\n<div style=\"background-color: #f4f4f4; height: 12.5px; transform: rotate(-45deg) translateX(3px) translateY(1px); width: 12.5px; flex-grow: 0; margin-right: 14px; margin-left: 2px;\"><\/div>\n<div style=\"background-color: #f4f4f4; border-radius: 50%; height: 12.5px; width: 12.5px; transform: translateX(9px) translateY(-18px);\"><\/div>\n<\/div>\n<div style=\"margin-left: 8px;\">\n<div style=\"background-color: #f4f4f4; border-radius: 50%; flex-grow: 0; height: 20px; width: 20px;\"><\/div>\n<div style=\"width: 0; height: 0; border-top: 2px solid transparent; border-left: 6px solid #f4f4f4; border-bottom: 2px solid transparent; transform: translateX(16px) translateY(-4px) rotate(30deg);\"><\/div>\n<\/div>\n<div style=\"margin-left: auto;\">\n<div style=\"width: 0px; border-top: 8px solid #F4F4F4; border-right: 8px solid transparent; transform: translateY(16px);\"><\/div>\n<div style=\"background-color: #f4f4f4; flex-grow: 0; height: 12px; width: 16px; transform: translateY(-4px);\"><\/div>\n<div style=\"width: 0; height: 0; border-top: 8px solid #F4F4F4; border-left: 8px solid transparent; transform: translateY(-4px) translateX(8px);\"><\/div>\n<\/div>\n<\/div>\n<div style=\"display: flex; flex-direction: column; flex-grow: 1; justify-content: center; margin-bottom: 24px;\">\n<div style=\"background-color: #f4f4f4; border-radius: 4px; flex-grow: 0; height: 14px; margin-bottom: 6px; width: 224px;\"><\/div>\n<div style=\"background-color: #f4f4f4; border-radius: 4px; flex-grow: 0; height: 14px; width: 144px;\"><\/div>\n<\/div>\n<p>&nbsp;<\/p>\n<p style=\"color: #c9c8cd; font-family: Arial,sans-serif; font-size: 14px; line-height: 17px; margin-bottom: 0; margin-top: 8px; overflow: hidden; padding: 8px 0 7px; text-align: center; text-overflow: ellipsis; white-space: nowrap;\"><a style=\"color: #c9c8cd; font-family: Arial,sans-serif; font-size: 14px; font-style: normal; font-weight: normal; line-height: 17px; text-decoration: none;\" href=\"https:\/\/www.instagram.com\/p\/CHAsGv6FcMI\/?utm_source=ig_embed&amp;utm_campaign=loading\" target=\"_blank\" rel=\"noopener\">P\u0159\u00edsp\u011bvek sd\u00edlen\u00fd The Bike Shop by Phil Gilbert (@thebikeshopmonaco)<\/a><\/p>\n<\/div>\n<\/blockquote>\n<p><script async src=\"\/\/www.instagram.com\/embed.js\"><\/script><\/p>\n<h2><strong>The Bike Tailor &#8211; Stephen Roche, Brighton and London, England<\/strong><\/h2>\n<p>El irland\u00e9s Stephen Roche pas\u00f3 13 a\u00f1os en el pelot\u00f3n profesional, entre 1980 y 1993, con 58 victorias en su palmar\u00e9s. Su mejor a\u00f1o fue 1987, cuando se convirti\u00f3 en el segundo ciclista, el primero fue Eddy Merckx, en ganar la codiciada Triple Corona del Tour de Francia, el Giro de Italia y el Campeonato del Mundo de fondo en carretera en el mismo a\u00f1o. En las temporadas siguientes, Stephen sufri\u00f3 dolores cr\u00f3nicos de rodilla que le impidieron participar en las Grandes Vueltas. El hijo de Stephen, Nicolas Roche, tambi\u00e9n fue profesional, y su sobrino es el ahora retirado profesional Dan Martin.<\/p>\n<p><a href=\"https:\/\/thebiketailor.com\/\">The Bike Tailor<\/a> es m\u00e1s que una tienda de bicicletas tradicional. Tambi\u00e9n ofrece el importante servicio de un ajuste profesional de la bicicleta a tres precios. Tanto si practicas ciclismo de carretera, de pista, de ciclocross, de triatl\u00f3n o de monta\u00f1a, la tienda utiliza la captura de v\u00eddeo 3D de Velogic para encontrar tu posici\u00f3n ideal y la colocaci\u00f3n de las calas. Un ajuste adecuado de la bicicleta ayuda a los ciclistas a encontrar su pr\u00f3ximo tama\u00f1o y modelo de bicicleta, antes de la compra. The Bike Tailor colabora con un pu\u00f1ado de marcas de alta gama para ofrecerte la bicicleta de tus sue\u00f1os a tu medida. Incluso ofrecen pruebas aerodin\u00e1micas en t\u00fanel de viento en el cercano complejo del hip\u00f3dromo de Silverstone para que encuentres tu punto \u00f3ptimo y consigas esas importantes ganancias marginales.<\/p>\n<p>Sean o no propiedad de un ex profesional, las tiendas de bicicletas ofrecen algo m\u00e1s que un lugar donde comprar bicicletas y material. Hay alguien detr\u00e1s que siente pasi\u00f3n por el deporte y quiere compartirla. Tanto si buscas consejos de expertos, productos de primera calidad o un sentimiento de comunidad, las tiendas de bicicletas tienen algo que ofrecer a cada ciclista. As\u00ed que, la pr\u00f3xima vez que te encuentres cerca de las que aqu\u00ed se enumeran, o de tu tienda local favorita, t\u00f3mate el tiempo necesario para pasarte y apoyar a la tuya. \u00bfD\u00f3nde estar\u00edamos sin las tiendas de bicicletas?<\/p>\n","protected":false},"excerpt":{"rendered":"<p>No s\u00e9 a ti, pero a m\u00ed me encanta visitar tiendas de bicicletas all\u00e1 donde voy. Desde las calles adoquinadas [&hellip;]<\/p>\n","protected":false},"author":29,"featured_media":10785,"comment_status":"open","ping_status":"open","sticky":false,"template":"","format":"standard","meta":{"footnotes":""},"categories":[7,9],"tags":[2297],"global-categories":[],"class_list":["post-10784","post","type-post","status-publish","format-standard","has-post-thumbnail","hentry","category-carretera","category-mtb-aventura","tag-tiendas-de-bicis"],"yoast_head":"<!-- This site is optimized with the Yoast SEO Premium plugin v25.3 (Yoast SEO v25.9) - https:\/\/yoast.com\/wordpress\/plugins\/seo\/ -->\n<title>Tiendas de bicicletas de ex ciclistas profesionales - \u0160koda We Love Cycling - Spain<\/title>\n<meta name=\"robots\" content=\"index, follow, max-snippet:-1, max-image-preview:large, max-video-preview:-1\" \/>\n<link rel=\"canonical\" href=\"https:\/\/www.welovecycling.com\/es\/2024\/05\/08\/tiendas-bicicletas\/\" \/>\n<meta property=\"og:locale\" content=\"es_ES\" \/>\n<meta property=\"og:type\" content=\"article\" \/>\n<meta property=\"og:title\" content=\"Tiendas de bicicletas de ex ciclistas profesionales\" \/>\n<meta property=\"og:description\" content=\"No s\u00e9 a ti, pero a m\u00ed me encanta visitar tiendas de bicicletas all\u00e1 donde voy. Desde las calles adoquinadas [&hellip;]\" \/>\n<meta property=\"og:url\" content=\"https:\/\/www.welovecycling.com\/es\/2024\/05\/08\/tiendas-bicicletas\/\" \/>\n<meta property=\"og:site_name\" content=\"\u0160koda We Love Cycling - Spain\" \/>\n<meta property=\"article:published_time\" content=\"2024-05-08T06:06:46+00:00\" \/>\n<meta property=\"og:image\" content=\"https:\/\/d2p6e6u75xmxt8.cloudfront.net\/6\/2024\/05\/Bike-Shop-profimedia-0813848136-CVR.webp\" \/>\n\t<meta property=\"og:image:width\" content=\"990\" \/>\n\t<meta property=\"og:image:height\" content=\"660\" \/>\n\t<meta property=\"og:image:type\" content=\"image\/webp\" \/>\n<meta name=\"author\" content=\"We Love Cycling Spain\" \/>\n<meta name=\"twitter:card\" content=\"summary_large_image\" \/>\n<meta name=\"twitter:label1\" content=\"Written by\" \/>\n\t<meta name=\"twitter:data1\" content=\"Andrea Champredonde\" \/>\n\t<meta name=\"twitter:label2\" content=\"Est. reading time\" \/>\n\t<meta name=\"twitter:data2\" content=\"5\" \/>\n<script type=\"application\/ld+json\" class=\"yoast-schema-graph\">{\"@context\":\"https:\/\/schema.org\",\"@graph\":[{\"@type\":\"WebPage\",\"@id\":\"https:\/\/www.welovecycling.com\/es\/2024\/05\/08\/tiendas-bicicletas\/\",\"url\":\"https:\/\/www.welovecycling.com\/es\/2024\/05\/08\/tiendas-bicicletas\/\",\"name\":\"Tiendas de bicicletas de ex ciclistas profesionales - \u0160koda We Love Cycling - Spain\",\"isPartOf\":{\"@id\":\"https:\/\/www.welovecycling.com\/es\/#website\"},\"primaryImageOfPage\":{\"@id\":\"https:\/\/www.welovecycling.com\/es\/2024\/05\/08\/tiendas-bicicletas\/#primaryimage\"},\"image\":{\"@id\":\"https:\/\/www.welovecycling.com\/es\/2024\/05\/08\/tiendas-bicicletas\/#primaryimage\"},\"thumbnailUrl\":\"https:\/\/d2p6e6u75xmxt8.cloudfront.net\/6\/2024\/05\/Bike-Shop-profimedia-0813848136-CVR.webp\",\"datePublished\":\"2024-05-08T06:06:46+00:00\",\"author\":{\"@id\":\"https:\/\/www.welovecycling.com\/es\/#\/schema\/person\/deb61715b5812698ee79fb96f343ccd4\"},\"breadcrumb\":{\"@id\":\"https:\/\/www.welovecycling.com\/es\/2024\/05\/08\/tiendas-bicicletas\/#breadcrumb\"},\"inLanguage\":\"es-ES\",\"potentialAction\":[{\"@type\":\"ReadAction\",\"target\":[\"https:\/\/www.welovecycling.com\/es\/2024\/05\/08\/tiendas-bicicletas\/\"]}]},{\"@type\":\"ImageObject\",\"inLanguage\":\"es-ES\",\"@id\":\"https:\/\/www.welovecycling.com\/es\/2024\/05\/08\/tiendas-bicicletas\/#primaryimage\",\"url\":\"https:\/\/d2p6e6u75xmxt8.cloudfront.net\/6\/2024\/05\/Bike-Shop-profimedia-0813848136-CVR.webp\",\"contentUrl\":\"https:\/\/d2p6e6u75xmxt8.cloudfront.net\/6\/2024\/05\/Bike-Shop-profimedia-0813848136-CVR.webp\",\"width\":990,\"height\":660,\"caption\":\"A bicycle shop\"},{\"@type\":\"BreadcrumbList\",\"@id\":\"https:\/\/www.welovecycling.com\/es\/2024\/05\/08\/tiendas-bicicletas\/#breadcrumb\",\"itemListElement\":[{\"@type\":\"ListItem\",\"position\":1,\"name\":\"Home\",\"item\":\"https:\/\/www.welovecycling.com\/es\/\"},{\"@type\":\"ListItem\",\"position\":2,\"name\":\"Tiendas de bicicletas de ex ciclistas profesionales\"}]},{\"@type\":\"WebSite\",\"@id\":\"https:\/\/www.welovecycling.com\/es\/#website\",\"url\":\"https:\/\/www.welovecycling.com\/es\/\",\"name\":\"\u0160koda We Love Cycling - Spain\",\"description\":\"\u0160koda WeLoveCycling Spain\",\"potentialAction\":[{\"@type\":\"SearchAction\",\"target\":{\"@type\":\"EntryPoint\",\"urlTemplate\":\"https:\/\/www.welovecycling.com\/es\/?s={search_term_string}\"},\"query-input\":{\"@type\":\"PropertyValueSpecification\",\"valueRequired\":true,\"valueName\":\"search_term_string\"}}],\"inLanguage\":\"es-ES\"},{\"@type\":\"Person\",\"@id\":\"https:\/\/www.welovecycling.com\/es\/#\/schema\/person\/deb61715b5812698ee79fb96f343ccd4\",\"name\":\"We Love Cycling Spain\",\"image\":{\"@type\":\"ImageObject\",\"inLanguage\":\"es-ES\",\"@id\":\"https:\/\/www.welovecycling.com\/es\/#\/schema\/person\/image\/\",\"url\":\"https:\/\/secure.gravatar.com\/avatar\/c824b04e6df0e37a03219d0b6481672889df542894588964102459e46513159c?s=96&d=mm&r=g\",\"contentUrl\":\"https:\/\/secure.gravatar.com\/avatar\/c824b04e6df0e37a03219d0b6481672889df542894588964102459e46513159c?s=96&d=mm&r=g\",\"caption\":\"We Love Cycling Spain\"},\"url\":\"https:\/\/www.welovecycling.com\/es\/author\/amunoz\/\"}]}<\/script>\n<!-- \/ Yoast SEO Premium plugin. -->","yoast_head_json":{"title":"Tiendas de bicicletas de ex ciclistas profesionales - \u0160koda We Love Cycling - Spain","robots":{"index":"index","follow":"follow","max-snippet":"max-snippet:-1","max-image-preview":"max-image-preview:large","max-video-preview":"max-video-preview:-1"},"canonical":"https:\/\/www.welovecycling.com\/es\/2024\/05\/08\/tiendas-bicicletas\/","og_locale":"es_ES","og_type":"article","og_title":"Tiendas de bicicletas de ex ciclistas profesionales","og_description":"No s\u00e9 a ti, pero a m\u00ed me encanta visitar tiendas de bicicletas all\u00e1 donde voy. Desde las calles adoquinadas [&hellip;]","og_url":"https:\/\/www.welovecycling.com\/es\/2024\/05\/08\/tiendas-bicicletas\/","og_site_name":"\u0160koda We Love Cycling - Spain","article_published_time":"2024-05-08T06:06:46+00:00","og_image":[{"width":990,"height":660,"url":"https:\/\/d2p6e6u75xmxt8.cloudfront.net\/6\/2024\/05\/Bike-Shop-profimedia-0813848136-CVR.webp","type":"image\/webp"}],"author":"We Love Cycling Spain","twitter_card":"summary_large_image","twitter_misc":{"Written by":"Andrea Champredonde","Est. reading time":"5"},"schema":{"@context":"https:\/\/schema.org","@graph":[{"@type":"WebPage","@id":"https:\/\/www.welovecycling.com\/es\/2024\/05\/08\/tiendas-bicicletas\/","url":"https:\/\/www.welovecycling.com\/es\/2024\/05\/08\/tiendas-bicicletas\/","name":"Tiendas de bicicletas de ex ciclistas profesionales - \u0160koda We Love Cycling - Spain","isPartOf":{"@id":"https:\/\/www.welovecycling.com\/es\/#website"},"primaryImageOfPage":{"@id":"https:\/\/www.welovecycling.com\/es\/2024\/05\/08\/tiendas-bicicletas\/#primaryimage"},"image":{"@id":"https:\/\/www.welovecycling.com\/es\/2024\/05\/08\/tiendas-bicicletas\/#primaryimage"},"thumbnailUrl":"https:\/\/d2p6e6u75xmxt8.cloudfront.net\/6\/2024\/05\/Bike-Shop-profimedia-0813848136-CVR.webp","datePublished":"2024-05-08T06:06:46+00:00","author":{"@id":"https:\/\/www.welovecycling.com\/es\/#\/schema\/person\/deb61715b5812698ee79fb96f343ccd4"},"breadcrumb":{"@id":"https:\/\/www.welovecycling.com\/es\/2024\/05\/08\/tiendas-bicicletas\/#breadcrumb"},"inLanguage":"es-ES","potentialAction":[{"@type":"ReadAction","target":["https:\/\/www.welovecycling.com\/es\/2024\/05\/08\/tiendas-bicicletas\/"]}]},{"@type":"ImageObject","inLanguage":"es-ES","@id":"https:\/\/www.welovecycling.com\/es\/2024\/05\/08\/tiendas-bicicletas\/#primaryimage","url":"https:\/\/d2p6e6u75xmxt8.cloudfront.net\/6\/2024\/05\/Bike-Shop-profimedia-0813848136-CVR.webp","contentUrl":"https:\/\/d2p6e6u75xmxt8.cloudfront.net\/6\/2024\/05\/Bike-Shop-profimedia-0813848136-CVR.webp","width":990,"height":660,"caption":"A bicycle shop"},{"@type":"BreadcrumbList","@id":"https:\/\/www.welovecycling.com\/es\/2024\/05\/08\/tiendas-bicicletas\/#breadcrumb","itemListElement":[{"@type":"ListItem","position":1,"name":"Home","item":"https:\/\/www.welovecycling.com\/es\/"},{"@type":"ListItem","position":2,"name":"Tiendas de bicicletas de ex ciclistas profesionales"}]},{"@type":"WebSite","@id":"https:\/\/www.welovecycling.com\/es\/#website","url":"https:\/\/www.welovecycling.com\/es\/","name":"\u0160koda We Love Cycling - Spain","description":"\u0160koda WeLoveCycling Spain","potentialAction":[{"@type":"SearchAction","target":{"@type":"EntryPoint","urlTemplate":"https:\/\/www.welovecycling.com\/es\/?s={search_term_string}"},"query-input":{"@type":"PropertyValueSpecification","valueRequired":true,"valueName":"search_term_string"}}],"inLanguage":"es-ES"},{"@type":"Person","@id":"https:\/\/www.welovecycling.com\/es\/#\/schema\/person\/deb61715b5812698ee79fb96f343ccd4","name":"We Love Cycling Spain","image":{"@type":"ImageObject","inLanguage":"es-ES","@id":"https:\/\/www.welovecycling.com\/es\/#\/schema\/person\/image\/","url":"https:\/\/secure.gravatar.com\/avatar\/c824b04e6df0e37a03219d0b6481672889df542894588964102459e46513159c?s=96&d=mm&r=g","contentUrl":"https:\/\/secure.gravatar.com\/avatar\/c824b04e6df0e37a03219d0b6481672889df542894588964102459e46513159c?s=96&d=mm&r=g","caption":"We Love Cycling Spain"},"url":"https:\/\/www.welovecycling.com\/es\/author\/amunoz\/"}]}},"_links":{"self":[{"href":"https:\/\/www.welovecycling.com\/es\/wp-json\/wp\/v2\/posts\/10784","targetHints":{"allow":["GET"]}}],"collection":[{"href":"https:\/\/www.welovecycling.com\/es\/wp-json\/wp\/v2\/posts"}],"about":[{"href":"https:\/\/www.welovecycling.com\/es\/wp-json\/wp\/v2\/types\/post"}],"author":[{"embeddable":true,"href":"https:\/\/www.welovecycling.com\/es\/wp-json\/wp\/v2\/users\/29"}],"replies":[{"embeddable":true,"href":"https:\/\/www.welovecycling.com\/es\/wp-json\/wp\/v2\/comments?post=10784"}],"version-history":[{"count":2,"href":"https:\/\/www.welovecycling.com\/es\/wp-json\/wp\/v2\/posts\/10784\/revisions"}],"predecessor-version":[{"id":10795,"href":"https:\/\/www.welovecycling.com\/es\/wp-json\/wp\/v2\/posts\/10784\/revisions\/10795"}],"wp:featuredmedia":[{"embeddable":true,"href":"https:\/\/www.welovecycling.com\/es\/wp-json\/wp\/v2\/media\/10785"}],"wp:attachment":[{"href":"https:\/\/www.welovecycling.com\/es\/wp-json\/wp\/v2\/media?parent=10784"}],"wp:term":[{"taxonomy":"category","embeddable":true,"href":"https:\/\/www.welovecycling.com\/es\/wp-json\/wp\/v2\/categories?post=10784"},{"taxonomy":"post_tag","embeddable":true,"href":"https:\/\/www.welovecycling.com\/es\/wp-json\/wp\/v2\/tags?post=10784"},{"taxonomy":"global-categories","embeddable":true,"href":"https:\/\/www.welovecycling.com\/es\/wp-json\/wp\/v2\/global-categories?post=10784"}],"curies":[{"name":"wp","href":"https:\/\/api.w.org\/{rel}","templated":true}]}}