{"id":10779,"date":"2024-05-01T19:14:22","date_gmt":"2024-05-01T17:14:22","guid":{"rendered":"https:\/\/www.welovecycling.com\/es\/?p=10779"},"modified":"2024-05-01T19:14:22","modified_gmt":"2024-05-01T17:14:22","slug":"luisle-y-kortekaas-los-reyes-del-desierto-antes-de-las-dunas","status":"publish","type":"post","link":"https:\/\/www.welovecycling.com\/es\/2024\/05\/01\/luisle-y-kortekaas-los-reyes-del-desierto-antes-de-las-dunas\/","title":{"rendered":"Luisle y Kortekaas, los reyes del desierto antes de las dunas"},"content":{"rendered":"<p><strong>Alta monta\u00f1a, terreno pedregoso y dos etapas marat\u00f3n. A la \u0160koda Titan Desert Morocco 2024 solo le falta adentrarse en las dos \u00faltimas etapas de dunas por el <a href=\"https:\/\/skodatitandesertmorocco.com\/recorrido\/\">desierto de Erg Chebbi.<\/a> All\u00ed todo puede cambiar. Un error de navegaci\u00f3n o una duna mal tomada te pueden hacer perder una minutada, pero tanto Luis Le\u00f3n S\u00e1nchez en categor\u00eda masculina como Tessa Kortekaas en la femenina tiene margen suficiente para ganar la carrera. Aunque ojo, esto es la Titan y cualquier cosa puede ocurrir.<\/strong><\/p>\n<p><!--more--><\/p>\n<p>La gran novedad de esta edici\u00f3n de 2024 de la <strong>\u0160koda Titan Desert Morocco <\/strong>eran las bonificaciones. La organizaci\u00f3n quer\u00eda premiar a los ganadores de cada etapa para darles m\u00e1s emoci\u00f3n ante lo igualado de las \u00faltimas ediciones, sobre todo en la categor\u00eda masculina. Pero en la cuarta etapa de esta Titan, segundo d\u00eda de Maraton, Luis Le\u00f3n S\u00e1nchez y Tessa Kortekaas demostraron que con buenas piernas son capaces de no <a href=\"https:\/\/www.welovecycling.com\/es\/2024\/04\/26\/skoda-titan-desert-morocco-2024-2\/\">encontrar rivales<\/a>. Es cierto que la holandesa ya lo hab\u00eda demostrado en las tres jornadas anteriores, pero en esta fue m\u00e1s superior que nunca. El caso de Luisle es diferente. Hasta su ataque todo se mov\u00eda por segundos, ahora las <a href=\"https:\/\/skodatitandesertmorocco.com\/clasificaciones\/\">diferencias est\u00e1n en minutos.<\/a><\/p>\n<p><img loading=\"lazy\" decoding=\"async\" class=\"alignnone size-extra-large\" src=\"https:\/\/skodatitandesertmorocco.com\/wp-content\/uploads\/2024\/04\/DSC07863-2048x1365.jpg\" width=\"2048\" height=\"1365\" \/><\/p>\n<h2><strong>Monta\u00f1a, granizo y Marat\u00f3n<\/strong><\/h2>\n<p>La etapa de m\u00e1s desnivel de toda la <strong>\u0160koda Titan Desert Morocco <\/strong>era la inicial. M\u00e1s de 2.000 metros de acumulado por las monta\u00f1as del Atlas con la subida del <strong>\u0160koda Challenge <\/strong>cronometrada y bonificada a poco m\u00e1s de 30 kil\u00f3metros de la l\u00ednea de meta. En la categor\u00eda masculina venci\u00f3 Betal\u00fa, que al d\u00eda siguiente tuvo que dejar el maillot de l\u00edder por problemas m\u00e9dicos. Su relevo lo tom\u00f3 Luis Le\u00f3n S\u00e1nchez, que hab\u00eda ganado la segunda etapa al sprint despu\u00e9s de una intensa granizada. Al tercer d\u00eda fue el turno de Sergio Mantec\u00f3n. El biker tuvo margen para irse por delante y ara\u00f1ar unos segundos a Luisle. Hasta ese d\u00eda en Mssici todo eran segundos, bonificaciones y control.<\/p>\n<p>Todo salt\u00f3 por los aires en esta cuarta etapa entre M\u2019SSICI- ERG CHEBBI. Volv\u00edan a ser m\u00e1s de 100 kil\u00f3metros sin demasiado desnivel. Solo 700 metros. Terreno b\u00e1sicamente plano por lagos secos, pistas arenosas y caminos abiertos por largos oueds. Dia de fuerza y de cansancio acumulado despu\u00e9s de tres etapas, tres noches en el desierto y la \u00faltima ligero de equipaje, como mandan las normas de las etapas marat\u00f3n.<\/p>\n<p>Hab\u00eda escapada, pero <strong>Luisle abri\u00f3 gas a 30 kil\u00f3metros de meta.<\/strong> Era un grupo de unos diez ciclistas y nadie le pudo seguir. Se organizaron en su b\u00fasqueda, pero la ventaja solo fue aumentando. El murciano se acopl\u00f3 como es un sus largas cabalgadas para ganar una etapa en el Tour de Francia. Solo le vio Marz\u00e1, el escapado. Pas\u00f3 y nada pudo hacer para seguirle.<\/p>\n<p><img loading=\"lazy\" decoding=\"async\" class=\"alignnone size-extra-large\" src=\"https:\/\/skodatitandesertmorocco.com\/wp-content\/uploads\/2024\/04\/Marti_Milla-DSCF2973-2048x1365.jpg\" width=\"2048\" height=\"1365\" \/><\/p>\n<p>En meta Luisle se hab\u00eda agenciado una ventaja de siete minutos sobre <strong>Sergio Mantec\u00f3n<\/strong> y m\u00e1s de 15 sobre Ricardo Chiarini, ex profesional de carretera italiano. Konny Looser, anterior vencedor, marcha sexto a m\u00e1s de media hora. Todos fueron comentando que sab\u00edan que esto pod\u00eda suceder.<\/p>\n<p>En el caso de <strong>Tessa Kortekaas<\/strong> ha sido todo m\u00e1s progresivo. Cada una de las cuatro etapas ha supuesto una victoria y un pu\u00f1ado m\u00e1s de minutos sobre sus rivales. Su nivel es tan alto que en la cuarta firm\u00f3 un Top 20 de la general, que le dan m\u00e1s de 40 minutos sobre Pilar Fern\u00e1ndez. Greete Steinburg marcha tercera a m\u00e1s de una hora.<\/p>\n","protected":false},"excerpt":{"rendered":"<p>Alta monta\u00f1a, terreno pedregoso y dos etapas marat\u00f3n. A la \u0160koda Titan Desert Morocco 2024 solo le falta adentrarse en [&hellip;]<\/p>\n","protected":false},"author":29,"featured_media":10781,"comment_status":"open","ping_status":"open","sticky":false,"template":"","format":"standard","meta":{"footnotes":""},"categories":[1],"tags":[],"global-categories":[1164],"class_list":["post-10779","post","type-post","status-publish","format-standard","has-post-thumbnail","hentry","category-uncategorized","global-categories-cycling"],"yoast_head":"<!-- This site is optimized with the Yoast SEO Premium plugin v25.3 (Yoast SEO v25.9) - https:\/\/yoast.com\/wordpress\/plugins\/seo\/ -->\n<title>Luisle y Kortekaas, los reyes del desierto antes de las dunas - \u0160koda We Love Cycling - Spain<\/title>\n<meta name=\"description\" content=\"Luisle y Kortekaas dejan vista para sentencia la \u0160koda Titan Desert Morocco 2024 a falta de las dos etapas de dunas del desierto.\" \/>\n<meta name=\"robots\" content=\"index, follow, max-snippet:-1, max-image-preview:large, max-video-preview:-1\" \/>\n<link rel=\"canonical\" href=\"https:\/\/www.welovecycling.com\/es\/2024\/05\/01\/luisle-y-kortekaas-los-reyes-del-desierto-antes-de-las-dunas\/\" \/>\n<meta property=\"og:locale\" content=\"es_ES\" \/>\n<meta property=\"og:type\" content=\"article\" \/>\n<meta property=\"og:title\" content=\"Luisle y Kortekaas, los reyes del desierto antes de las dunas\" \/>\n<meta property=\"og:description\" content=\"Luisle y Kortekaas dejan vista para sentencia la \u0160koda Titan Desert Morocco 2024 a falta de las dos etapas de dunas del desierto.\" \/>\n<meta property=\"og:url\" content=\"https:\/\/www.welovecycling.com\/es\/2024\/05\/01\/luisle-y-kortekaas-los-reyes-del-desierto-antes-de-las-dunas\/\" \/>\n<meta property=\"og:site_name\" content=\"\u0160koda We Love Cycling - Spain\" \/>\n<meta property=\"article:published_time\" content=\"2024-05-01T17:14:22+00:00\" \/>\n<meta property=\"og:image\" content=\"https:\/\/d2p6e6u75xmxt8.cloudfront.net\/6\/2024\/05\/LuisLe.webp\" \/>\n\t<meta property=\"og:image:width\" content=\"1250\" \/>\n\t<meta property=\"og:image:height\" content=\"867\" \/>\n\t<meta property=\"og:image:type\" content=\"image\/webp\" \/>\n<meta name=\"author\" content=\"We Love Cycling Spain\" \/>\n<meta name=\"twitter:card\" content=\"summary_large_image\" \/>\n<meta name=\"twitter:description\" content=\"Luisle y Kortekaas dejan vista para sentencia la \u0160koda Titan Desert Morocco 2024 a falta de las dos etapas de dunas del desierto.\" \/>\n<meta name=\"twitter:label1\" content=\"Written by\" \/>\n\t<meta name=\"twitter:data1\" content=\"Luis Ortega @ciclored\" \/>\n\t<meta name=\"twitter:label2\" content=\"Est. reading time\" \/>\n\t<meta name=\"twitter:data2\" content=\"3 minutes\" \/>\n<script type=\"application\/ld+json\" class=\"yoast-schema-graph\">{\"@context\":\"https:\/\/schema.org\",\"@graph\":[{\"@type\":\"WebPage\",\"@id\":\"https:\/\/www.welovecycling.com\/es\/2024\/05\/01\/luisle-y-kortekaas-los-reyes-del-desierto-antes-de-las-dunas\/\",\"url\":\"https:\/\/www.welovecycling.com\/es\/2024\/05\/01\/luisle-y-kortekaas-los-reyes-del-desierto-antes-de-las-dunas\/\",\"name\":\"Luisle y Kortekaas, los reyes del desierto antes de las dunas - \u0160koda We Love Cycling - Spain\",\"isPartOf\":{\"@id\":\"https:\/\/www.welovecycling.com\/es\/#website\"},\"primaryImageOfPage\":{\"@id\":\"https:\/\/www.welovecycling.com\/es\/2024\/05\/01\/luisle-y-kortekaas-los-reyes-del-desierto-antes-de-las-dunas\/#primaryimage\"},\"image\":{\"@id\":\"https:\/\/www.welovecycling.com\/es\/2024\/05\/01\/luisle-y-kortekaas-los-reyes-del-desierto-antes-de-las-dunas\/#primaryimage\"},\"thumbnailUrl\":\"https:\/\/d2p6e6u75xmxt8.cloudfront.net\/6\/2024\/05\/LuisLe.webp\",\"datePublished\":\"2024-05-01T17:14:22+00:00\",\"author\":{\"@id\":\"https:\/\/www.welovecycling.com\/es\/#\/schema\/person\/deb61715b5812698ee79fb96f343ccd4\"},\"description\":\"Luisle y Kortekaas dejan vista para sentencia la \u0160koda Titan Desert Morocco 2024 a falta de las dos etapas de dunas del desierto.\",\"breadcrumb\":{\"@id\":\"https:\/\/www.welovecycling.com\/es\/2024\/05\/01\/luisle-y-kortekaas-los-reyes-del-desierto-antes-de-las-dunas\/#breadcrumb\"},\"inLanguage\":\"es-ES\",\"potentialAction\":[{\"@type\":\"ReadAction\",\"target\":[\"https:\/\/www.welovecycling.com\/es\/2024\/05\/01\/luisle-y-kortekaas-los-reyes-del-desierto-antes-de-las-dunas\/\"]}]},{\"@type\":\"ImageObject\",\"inLanguage\":\"es-ES\",\"@id\":\"https:\/\/www.welovecycling.com\/es\/2024\/05\/01\/luisle-y-kortekaas-los-reyes-del-desierto-antes-de-las-dunas\/#primaryimage\",\"url\":\"https:\/\/d2p6e6u75xmxt8.cloudfront.net\/6\/2024\/05\/LuisLe.webp\",\"contentUrl\":\"https:\/\/d2p6e6u75xmxt8.cloudfront.net\/6\/2024\/05\/LuisLe.webp\",\"width\":1250,\"height\":867},{\"@type\":\"BreadcrumbList\",\"@id\":\"https:\/\/www.welovecycling.com\/es\/2024\/05\/01\/luisle-y-kortekaas-los-reyes-del-desierto-antes-de-las-dunas\/#breadcrumb\",\"itemListElement\":[{\"@type\":\"ListItem\",\"position\":1,\"name\":\"Home\",\"item\":\"https:\/\/www.welovecycling.com\/es\/\"},{\"@type\":\"ListItem\",\"position\":2,\"name\":\"Luisle y Kortekaas, los reyes del desierto antes de las dunas\"}]},{\"@type\":\"WebSite\",\"@id\":\"https:\/\/www.welovecycling.com\/es\/#website\",\"url\":\"https:\/\/www.welovecycling.com\/es\/\",\"name\":\"\u0160koda We Love Cycling - Spain\",\"description\":\"\u0160koda WeLoveCycling Spain\",\"potentialAction\":[{\"@type\":\"SearchAction\",\"target\":{\"@type\":\"EntryPoint\",\"urlTemplate\":\"https:\/\/www.welovecycling.com\/es\/?s={search_term_string}\"},\"query-input\":{\"@type\":\"PropertyValueSpecification\",\"valueRequired\":true,\"valueName\":\"search_term_string\"}}],\"inLanguage\":\"es-ES\"},{\"@type\":\"Person\",\"@id\":\"https:\/\/www.welovecycling.com\/es\/#\/schema\/person\/deb61715b5812698ee79fb96f343ccd4\",\"name\":\"We Love Cycling Spain\",\"image\":{\"@type\":\"ImageObject\",\"inLanguage\":\"es-ES\",\"@id\":\"https:\/\/www.welovecycling.com\/es\/#\/schema\/person\/image\/\",\"url\":\"https:\/\/secure.gravatar.com\/avatar\/c824b04e6df0e37a03219d0b6481672889df542894588964102459e46513159c?s=96&d=mm&r=g\",\"contentUrl\":\"https:\/\/secure.gravatar.com\/avatar\/c824b04e6df0e37a03219d0b6481672889df542894588964102459e46513159c?s=96&d=mm&r=g\",\"caption\":\"We Love Cycling Spain\"},\"url\":\"https:\/\/www.welovecycling.com\/es\/author\/amunoz\/\"}]}<\/script>\n<!-- \/ Yoast SEO Premium plugin. -->","yoast_head_json":{"title":"Luisle y Kortekaas, los reyes del desierto antes de las dunas - \u0160koda We Love Cycling - Spain","description":"Luisle y Kortekaas dejan vista para sentencia la \u0160koda Titan Desert Morocco 2024 a falta de las dos etapas de dunas del desierto.","robots":{"index":"index","follow":"follow","max-snippet":"max-snippet:-1","max-image-preview":"max-image-preview:large","max-video-preview":"max-video-preview:-1"},"canonical":"https:\/\/www.welovecycling.com\/es\/2024\/05\/01\/luisle-y-kortekaas-los-reyes-del-desierto-antes-de-las-dunas\/","og_locale":"es_ES","og_type":"article","og_title":"Luisle y Kortekaas, los reyes del desierto antes de las dunas","og_description":"Luisle y Kortekaas dejan vista para sentencia la \u0160koda Titan Desert Morocco 2024 a falta de las dos etapas de dunas del desierto.","og_url":"https:\/\/www.welovecycling.com\/es\/2024\/05\/01\/luisle-y-kortekaas-los-reyes-del-desierto-antes-de-las-dunas\/","og_site_name":"\u0160koda We Love Cycling - Spain","article_published_time":"2024-05-01T17:14:22+00:00","og_image":[{"width":1250,"height":867,"url":"https:\/\/d2p6e6u75xmxt8.cloudfront.net\/6\/2024\/05\/LuisLe.webp","type":"image\/webp"}],"author":"We Love Cycling Spain","twitter_card":"summary_large_image","twitter_description":"Luisle y Kortekaas dejan vista para sentencia la \u0160koda Titan Desert Morocco 2024 a falta de las dos etapas de dunas del desierto.","twitter_misc":{"Written by":"Luis Ortega @ciclored","Est. reading time":"3 minutes"},"schema":{"@context":"https:\/\/schema.org","@graph":[{"@type":"WebPage","@id":"https:\/\/www.welovecycling.com\/es\/2024\/05\/01\/luisle-y-kortekaas-los-reyes-del-desierto-antes-de-las-dunas\/","url":"https:\/\/www.welovecycling.com\/es\/2024\/05\/01\/luisle-y-kortekaas-los-reyes-del-desierto-antes-de-las-dunas\/","name":"Luisle y Kortekaas, los reyes del desierto antes de las dunas - \u0160koda We Love Cycling - Spain","isPartOf":{"@id":"https:\/\/www.welovecycling.com\/es\/#website"},"primaryImageOfPage":{"@id":"https:\/\/www.welovecycling.com\/es\/2024\/05\/01\/luisle-y-kortekaas-los-reyes-del-desierto-antes-de-las-dunas\/#primaryimage"},"image":{"@id":"https:\/\/www.welovecycling.com\/es\/2024\/05\/01\/luisle-y-kortekaas-los-reyes-del-desierto-antes-de-las-dunas\/#primaryimage"},"thumbnailUrl":"https:\/\/d2p6e6u75xmxt8.cloudfront.net\/6\/2024\/05\/LuisLe.webp","datePublished":"2024-05-01T17:14:22+00:00","author":{"@id":"https:\/\/www.welovecycling.com\/es\/#\/schema\/person\/deb61715b5812698ee79fb96f343ccd4"},"description":"Luisle y Kortekaas dejan vista para sentencia la \u0160koda Titan Desert Morocco 2024 a falta de las dos etapas de dunas del desierto.","breadcrumb":{"@id":"https:\/\/www.welovecycling.com\/es\/2024\/05\/01\/luisle-y-kortekaas-los-reyes-del-desierto-antes-de-las-dunas\/#breadcrumb"},"inLanguage":"es-ES","potentialAction":[{"@type":"ReadAction","target":["https:\/\/www.welovecycling.com\/es\/2024\/05\/01\/luisle-y-kortekaas-los-reyes-del-desierto-antes-de-las-dunas\/"]}]},{"@type":"ImageObject","inLanguage":"es-ES","@id":"https:\/\/www.welovecycling.com\/es\/2024\/05\/01\/luisle-y-kortekaas-los-reyes-del-desierto-antes-de-las-dunas\/#primaryimage","url":"https:\/\/d2p6e6u75xmxt8.cloudfront.net\/6\/2024\/05\/LuisLe.webp","contentUrl":"https:\/\/d2p6e6u75xmxt8.cloudfront.net\/6\/2024\/05\/LuisLe.webp","width":1250,"height":867},{"@type":"BreadcrumbList","@id":"https:\/\/www.welovecycling.com\/es\/2024\/05\/01\/luisle-y-kortekaas-los-reyes-del-desierto-antes-de-las-dunas\/#breadcrumb","itemListElement":[{"@type":"ListItem","position":1,"name":"Home","item":"https:\/\/www.welovecycling.com\/es\/"},{"@type":"ListItem","position":2,"name":"Luisle y Kortekaas, los reyes del desierto antes de las dunas"}]},{"@type":"WebSite","@id":"https:\/\/www.welovecycling.com\/es\/#website","url":"https:\/\/www.welovecycling.com\/es\/","name":"\u0160koda We Love Cycling - Spain","description":"\u0160koda WeLoveCycling Spain","potentialAction":[{"@type":"SearchAction","target":{"@type":"EntryPoint","urlTemplate":"https:\/\/www.welovecycling.com\/es\/?s={search_term_string}"},"query-input":{"@type":"PropertyValueSpecification","valueRequired":true,"valueName":"search_term_string"}}],"inLanguage":"es-ES"},{"@type":"Person","@id":"https:\/\/www.welovecycling.com\/es\/#\/schema\/person\/deb61715b5812698ee79fb96f343ccd4","name":"We Love Cycling Spain","image":{"@type":"ImageObject","inLanguage":"es-ES","@id":"https:\/\/www.welovecycling.com\/es\/#\/schema\/person\/image\/","url":"https:\/\/secure.gravatar.com\/avatar\/c824b04e6df0e37a03219d0b6481672889df542894588964102459e46513159c?s=96&d=mm&r=g","contentUrl":"https:\/\/secure.gravatar.com\/avatar\/c824b04e6df0e37a03219d0b6481672889df542894588964102459e46513159c?s=96&d=mm&r=g","caption":"We Love Cycling Spain"},"url":"https:\/\/www.welovecycling.com\/es\/author\/amunoz\/"}]}},"_links":{"self":[{"href":"https:\/\/www.welovecycling.com\/es\/wp-json\/wp\/v2\/posts\/10779","targetHints":{"allow":["GET"]}}],"collection":[{"href":"https:\/\/www.welovecycling.com\/es\/wp-json\/wp\/v2\/posts"}],"about":[{"href":"https:\/\/www.welovecycling.com\/es\/wp-json\/wp\/v2\/types\/post"}],"author":[{"embeddable":true,"href":"https:\/\/www.welovecycling.com\/es\/wp-json\/wp\/v2\/users\/29"}],"replies":[{"embeddable":true,"href":"https:\/\/www.welovecycling.com\/es\/wp-json\/wp\/v2\/comments?post=10779"}],"version-history":[{"count":2,"href":"https:\/\/www.welovecycling.com\/es\/wp-json\/wp\/v2\/posts\/10779\/revisions"}],"predecessor-version":[{"id":10782,"href":"https:\/\/www.welovecycling.com\/es\/wp-json\/wp\/v2\/posts\/10779\/revisions\/10782"}],"wp:featuredmedia":[{"embeddable":true,"href":"https:\/\/www.welovecycling.com\/es\/wp-json\/wp\/v2\/media\/10781"}],"wp:attachment":[{"href":"https:\/\/www.welovecycling.com\/es\/wp-json\/wp\/v2\/media?parent=10779"}],"wp:term":[{"taxonomy":"category","embeddable":true,"href":"https:\/\/www.welovecycling.com\/es\/wp-json\/wp\/v2\/categories?post=10779"},{"taxonomy":"post_tag","embeddable":true,"href":"https:\/\/www.welovecycling.com\/es\/wp-json\/wp\/v2\/tags?post=10779"},{"taxonomy":"global-categories","embeddable":true,"href":"https:\/\/www.welovecycling.com\/es\/wp-json\/wp\/v2\/global-categories?post=10779"}],"curies":[{"name":"wp","href":"https:\/\/api.w.org\/{rel}","templated":true}]}}