{"id":10774,"date":"2024-05-01T18:09:22","date_gmt":"2024-05-01T16:09:22","guid":{"rendered":"https:\/\/www.welovecycling.com\/es\/?p=10774"},"modified":"2024-05-01T18:09:22","modified_gmt":"2024-05-01T16:09:22","slug":"el-viento-rompe-la-vuelta-femenina-2024","status":"publish","type":"post","link":"https:\/\/www.welovecycling.com\/es\/2024\/05\/01\/el-viento-rompe-la-vuelta-femenina-2024\/","title":{"rendered":"El viento rompe La Vuelta Femenina 2024"},"content":{"rendered":"<p><strong>Zaragoza y Albacete, cuando hablas de ciclismo, se traducen en viento y abanicos. En 2023 la etapa de La Roda dej\u00f3 fuera de combate a varias escaladoras. En este 2024 tampoco ha hecho falta monta\u00f1a para romper el pelot\u00f3n. Meta en Zaragoza, salida de Molina de Arag\u00f3n. Terreno llano. Viento huracanado de tormenta, favorable y algunos momentos de costado. Pelot\u00f3n roto. Gaia Realini y Mavi Garc\u00eda vuelven a caer en la trampa de los abanicos. Tambi\u00e9n casi todo el Movistar. Por delante el SD Worx y el Visma, los que provocan la batalla. Se aprovecha Vollering, pero tambi\u00e9n <a href=\"https:\/\/www.welovecycling.com\/es\/2022\/05\/27\/kasia-niewiadoma\/\">Niewiadoma<\/a> (Canyon) y Longo Borghini (Lidl &#8211; Trek), las tres eran las m\u00e1ximas favoritas y ya tienen casi dos minutos extra sobre el 90% del pelot\u00f3n.<\/strong><\/p>\n<p><!--more--><\/p>\n<p>La Vuelta Femenina solo ha llegado a su ecuador, cuarta etapa, pero como todo se decide en una semana no hay casi jornadas de transici\u00f3n. El domingo era la crono por equipos, y, aunque corta, ya se pic\u00f3 tiempo. El primer d\u00eda en l\u00ednea ya hubo diferencias en el Oronet, aunque luego se volvi\u00f3 a unir el grupo en el descenso. En la tercera etapa se atravesaba la sierra de Teruel con un mill\u00f3n de repechos y puertos cortos. Hubo hasta ataque de<a href=\"https:\/\/www.welovecycling.com\/es\/2023\/07\/30\/sorpasso-tourmalet\/\"><strong> Demi Vollering<\/strong><\/a>, la gran favorita, aunque acab\u00f3 llegando un grupo de casi un centenar de corredoras juntas para disputar el sprint.<\/p>\n<p>No hab\u00eda grandes diferencias en la general, pero la intensidad estaba provocando fatiga. Hac\u00eda falta muy poco para que el hilo se rompiese. Fue el viento. Entre Molina de Arag\u00f3n y Zaragoza hab\u00eda que recorrer 140 kil\u00f3metros y las corredoras los hicieron en poco m\u00e1s de 3 horas. Una media de 46,7 kil\u00f3metros por hora. R\u00e9cord absoluto. Jam\u00e1s un pelot\u00f3n hab\u00eda ido tan r\u00e1pido en La Vuelta Femenina. Soplaba viento a favor casi todo el rato y era terreno pr\u00e1cticamente descendente. Pero en el kil\u00f3metro 28 de carrera se cambiaba de direcci\u00f3n. Costado. Aceler\u00f3n del SD Worx, que sigue siendo el mejor equipo del mundo. <strong>Le secunda el Visma de Marianne Vos. Todo salta por los aire<\/strong>s.<\/p>\n<h3>UN CAMBIO DE CARRETERA<\/h3>\n<p>Quedaban 110 kil\u00f3metros para meta y por delante solo 19 corredoras, pero muchas con piernas para trabajar. Casi todo el SD Worx con Reusser, \u00a0Fisher-Black, Mischa Bredewold, Elena Cecchini y Vas (todav\u00eda l\u00edder) tirando para Demi Vollering. Riejanne Markus y Sophie von Berswordt (Visma) para ayudar a la victoria de etapa de Marianne Vos, que sabe que ceder\u00e1 en la monta\u00f1a, y Maike van der Duin (Canyon) pensando en las opciones de Niewiadoma. Despu\u00e9s las dos EF, Faulkner y Jackson, que pensaban en sus opciones individuales. Igual que Magnaldi o Labous. Solo quedaban como r\u00e9mora <strong>Longo Borghini<\/strong>, a la que tambi\u00e9n beneficiaba la fuga aunque dejaba atr\u00e1s a su compa\u00f1era en <strong>Lidl Trek Gaia Realini,<\/strong> las dos compa\u00f1eras de Mavi Garcia en Liv (Georgia Baker, Silke Smulders) y Sheyla Guti\u00e9rrez, con todo su Movistar detr\u00e1s.<\/p>\n<blockquote class=\"twitter-tweet\">\n<p dir=\"ltr\" lang=\"es\">\ud83d\udcaa Lidl-Trek and FDJ SUEZ are putting in the WORK in the chasing group. Tough day in the office!<\/p>\n<p>\u23f1\ufe0f 59&#8243;<\/p>\n<p>\ud83d\udc4a <a href=\"https:\/\/twitter.com\/LidlTrek?ref_src=twsrc%5Etfw\">@LidlTrek<\/a> y <a href=\"https:\/\/twitter.com\/FDJ_SUEZ?ref_src=twsrc%5Etfw\">@FDJ_SUEZ<\/a> siguen luchando en el grupo perseguidor para reducir las diferencias. \u00a1D\u00eda duro!<br \/>\n<a href=\"https:\/\/twitter.com\/hashtag\/LaVueltaFemenina?src=hash&amp;ref_src=twsrc%5Etfw\">#LaVueltaFemenina<\/a> <a href=\"https:\/\/t.co\/40DT1OBGxN\">pic.twitter.com\/40DT1OBGxN<\/a><\/p>\n<p>\u2014 La Vuelta Femenina by Carrefour.es (@LaVueltaFem) <a href=\"https:\/\/twitter.com\/LaVueltaFem\/status\/1785671186766053707?ref_src=twsrc%5Etfw\">May 1, 2024<\/a><\/p><\/blockquote>\n<p><script async src=\"https:\/\/platform.twitter.com\/widgets.js\" charset=\"utf-8\"><\/script><\/p>\n<p>La batalla arranc\u00f3 con 30 segundos y muy pronto se fue casi a los dos minutos. El tiempo que tardaron atr\u00e1s en organizarse las chicas del Lidl Trek, del Jayco Alula y del Movistar. En casi 40 kil\u00f3metros consiguieron rebajar la ventaja por debajo del minuto, justo cuando Marlen Reusser, la contrarrelojista del SD Worx, tuvo que parar por una aver\u00eda. As\u00ed se mantuvieron otros 30 kil\u00f3metros. Pulso entre bloques que se acab\u00f3 rompiendo cuando por detr\u00e1s se dieron cuenta de que no iban a enganchar.<\/p>\n<h3>FAULKNER APROVECHA EL REPECHO<\/h3>\n<p>Quedaban 12 kil\u00f3metros para meta y en el sprint especial de Santa F\u00e9 Marianne Vos consigui\u00f3 los segundos necesarios para ponerse como l\u00edder virtual por delante de Blanka Vas. Aceler\u00f3n, se anima la carrera y acaba saltando Demi Vollering en persona para ara\u00f1ar distancias en el repecho de entrada a Zaragoza. Ya se hab\u00eda ido por delante Faulkner, a la que no volver\u00edan a ver hasta meta. A Vollering le cerraron el hueco Longo Borghini y Kasia Niewiadoma, posiblemente el tr\u00edo con m\u00e1s opciones de podio en Madrid. La lucha por la general en las llanuras de Zaragoza.<\/p>\n<p>Hubo sprint por la segunda plaza despu\u00e9s de que Faulkner levantase los brazos. Gan\u00f3 Baker, tercera Vos. Ambas a 10 segundos dando paso a Vollering, Longo, Niewiadoma y Labous, las grandes beneficiadas mirando la clasificaci\u00f3n general. Mavi, Realini y Lippert se dejaron dos minutos, pero m\u00e1s de la mitad del pelot\u00f3n perdi\u00f3 m\u00e1s de diez. Carrera rota\u00a0 y nuevo escenario antes de que empiece la monta\u00f1a. Por delante cuatro etapas y tres de ellas con llegada en alto. <a href=\"https:\/\/www.welovecycling.com\/es\/2024\/04\/27\/y-ahora-por-etapas-vuelta-femenina-2024\/\">Fuerte Rapit\u00e1n en Jaca<\/a>, <strong>Laguna Negra en Soria y el \u00faltimo d\u00eda en la Sierra de Guadarrama con Morcuera y Valdesqu\u00ed.<\/p>\n<p><img loading=\"lazy\" decoding=\"async\" class=\"alignnone size-extra-large\" src=\"https:\/\/img.aso.fr\/core_app\/img-cycling-lvf-jpg\/arrivee\/4328\/0:0,1200:800-1000-0-70\/879ac\" width=\"1000\" height=\"667\" \/><br \/>\n<\/strong><\/p>\n","protected":false},"excerpt":{"rendered":"<p>Zaragoza y Albacete, cuando hablas de ciclismo, se traducen en viento y abanicos. En 2023 la etapa de La Roda [&hellip;]<\/p>\n","protected":false},"author":29,"featured_media":10776,"comment_status":"open","ping_status":"open","sticky":false,"template":"","format":"standard","meta":{"footnotes":""},"categories":[1],"tags":[],"global-categories":[1164],"class_list":["post-10774","post","type-post","status-publish","format-standard","has-post-thumbnail","hentry","category-uncategorized","global-categories-cycling"],"yoast_head":"<!-- This site is optimized with the Yoast SEO Premium plugin v25.3 (Yoast SEO v25.9) - https:\/\/yoast.com\/wordpress\/plugins\/seo\/ -->\n<title>El viento rompe La Vuelta Femenina 2024 - \u0160koda We Love Cycling - Spain<\/title>\n<meta name=\"description\" content=\"El viento rompe La Vuelta Femenina 2024. Los abanicos destrozaron el pelot\u00f3n y dieron ventaja a Vollering, Longo y Niewiadoma.\" \/>\n<meta name=\"robots\" content=\"index, follow, max-snippet:-1, max-image-preview:large, max-video-preview:-1\" \/>\n<link rel=\"canonical\" href=\"https:\/\/www.welovecycling.com\/es\/2024\/05\/01\/el-viento-rompe-la-vuelta-femenina-2024\/\" \/>\n<meta property=\"og:locale\" content=\"es_ES\" \/>\n<meta property=\"og:type\" content=\"article\" \/>\n<meta property=\"og:title\" content=\"El viento rompe La Vuelta Femenina 2024\" \/>\n<meta property=\"og:description\" content=\"El viento rompe La Vuelta Femenina 2024. Los abanicos destrozaron el pelot\u00f3n y dieron ventaja a Vollering, Longo y Niewiadoma.\" \/>\n<meta property=\"og:url\" content=\"https:\/\/www.welovecycling.com\/es\/2024\/05\/01\/el-viento-rompe-la-vuelta-femenina-2024\/\" \/>\n<meta property=\"og:site_name\" content=\"\u0160koda We Love Cycling - Spain\" \/>\n<meta property=\"article:published_time\" content=\"2024-05-01T16:09:22+00:00\" \/>\n<meta property=\"og:image\" content=\"https:\/\/d2p6e6u75xmxt8.cloudfront.net\/6\/2024\/05\/vuelta-fem-2024.webp\" \/>\n\t<meta property=\"og:image:width\" content=\"1000\" \/>\n\t<meta property=\"og:image:height\" content=\"667\" \/>\n\t<meta property=\"og:image:type\" content=\"image\/webp\" \/>\n<meta name=\"author\" content=\"We Love Cycling Spain\" \/>\n<meta name=\"twitter:card\" content=\"summary_large_image\" \/>\n<meta name=\"twitter:description\" content=\"El viento rompe La Vuelta Femenina 2024. Los abanicos destrozaron el pelot\u00f3n y dieron ventaja a Vollering, Longo y Niewiadoma.\" \/>\n<meta name=\"twitter:label1\" content=\"Written by\" \/>\n\t<meta name=\"twitter:data1\" content=\"Luis Ortega @ciclored\" \/>\n\t<meta name=\"twitter:label2\" content=\"Est. reading time\" \/>\n\t<meta name=\"twitter:data2\" content=\"4 minutes\" \/>\n<script type=\"application\/ld+json\" class=\"yoast-schema-graph\">{\"@context\":\"https:\/\/schema.org\",\"@graph\":[{\"@type\":\"WebPage\",\"@id\":\"https:\/\/www.welovecycling.com\/es\/2024\/05\/01\/el-viento-rompe-la-vuelta-femenina-2024\/\",\"url\":\"https:\/\/www.welovecycling.com\/es\/2024\/05\/01\/el-viento-rompe-la-vuelta-femenina-2024\/\",\"name\":\"El viento rompe La Vuelta Femenina 2024 - \u0160koda We Love Cycling - Spain\",\"isPartOf\":{\"@id\":\"https:\/\/www.welovecycling.com\/es\/#website\"},\"primaryImageOfPage\":{\"@id\":\"https:\/\/www.welovecycling.com\/es\/2024\/05\/01\/el-viento-rompe-la-vuelta-femenina-2024\/#primaryimage\"},\"image\":{\"@id\":\"https:\/\/www.welovecycling.com\/es\/2024\/05\/01\/el-viento-rompe-la-vuelta-femenina-2024\/#primaryimage\"},\"thumbnailUrl\":\"https:\/\/d2p6e6u75xmxt8.cloudfront.net\/6\/2024\/05\/vuelta-fem-2024.webp\",\"datePublished\":\"2024-05-01T16:09:22+00:00\",\"author\":{\"@id\":\"https:\/\/www.welovecycling.com\/es\/#\/schema\/person\/deb61715b5812698ee79fb96f343ccd4\"},\"description\":\"El viento rompe La Vuelta Femenina 2024. Los abanicos destrozaron el pelot\u00f3n y dieron ventaja a Vollering, Longo y Niewiadoma.\",\"breadcrumb\":{\"@id\":\"https:\/\/www.welovecycling.com\/es\/2024\/05\/01\/el-viento-rompe-la-vuelta-femenina-2024\/#breadcrumb\"},\"inLanguage\":\"es-ES\",\"potentialAction\":[{\"@type\":\"ReadAction\",\"target\":[\"https:\/\/www.welovecycling.com\/es\/2024\/05\/01\/el-viento-rompe-la-vuelta-femenina-2024\/\"]}]},{\"@type\":\"ImageObject\",\"inLanguage\":\"es-ES\",\"@id\":\"https:\/\/www.welovecycling.com\/es\/2024\/05\/01\/el-viento-rompe-la-vuelta-femenina-2024\/#primaryimage\",\"url\":\"https:\/\/d2p6e6u75xmxt8.cloudfront.net\/6\/2024\/05\/vuelta-fem-2024.webp\",\"contentUrl\":\"https:\/\/d2p6e6u75xmxt8.cloudfront.net\/6\/2024\/05\/vuelta-fem-2024.webp\",\"width\":1000,\"height\":667},{\"@type\":\"BreadcrumbList\",\"@id\":\"https:\/\/www.welovecycling.com\/es\/2024\/05\/01\/el-viento-rompe-la-vuelta-femenina-2024\/#breadcrumb\",\"itemListElement\":[{\"@type\":\"ListItem\",\"position\":1,\"name\":\"Home\",\"item\":\"https:\/\/www.welovecycling.com\/es\/\"},{\"@type\":\"ListItem\",\"position\":2,\"name\":\"El viento rompe La Vuelta Femenina 2024\"}]},{\"@type\":\"WebSite\",\"@id\":\"https:\/\/www.welovecycling.com\/es\/#website\",\"url\":\"https:\/\/www.welovecycling.com\/es\/\",\"name\":\"\u0160koda We Love Cycling - Spain\",\"description\":\"\u0160koda WeLoveCycling Spain\",\"potentialAction\":[{\"@type\":\"SearchAction\",\"target\":{\"@type\":\"EntryPoint\",\"urlTemplate\":\"https:\/\/www.welovecycling.com\/es\/?s={search_term_string}\"},\"query-input\":{\"@type\":\"PropertyValueSpecification\",\"valueRequired\":true,\"valueName\":\"search_term_string\"}}],\"inLanguage\":\"es-ES\"},{\"@type\":\"Person\",\"@id\":\"https:\/\/www.welovecycling.com\/es\/#\/schema\/person\/deb61715b5812698ee79fb96f343ccd4\",\"name\":\"We Love Cycling Spain\",\"image\":{\"@type\":\"ImageObject\",\"inLanguage\":\"es-ES\",\"@id\":\"https:\/\/www.welovecycling.com\/es\/#\/schema\/person\/image\/\",\"url\":\"https:\/\/secure.gravatar.com\/avatar\/c824b04e6df0e37a03219d0b6481672889df542894588964102459e46513159c?s=96&d=mm&r=g\",\"contentUrl\":\"https:\/\/secure.gravatar.com\/avatar\/c824b04e6df0e37a03219d0b6481672889df542894588964102459e46513159c?s=96&d=mm&r=g\",\"caption\":\"We Love Cycling Spain\"},\"url\":\"https:\/\/www.welovecycling.com\/es\/author\/amunoz\/\"}]}<\/script>\n<!-- \/ Yoast SEO Premium plugin. -->","yoast_head_json":{"title":"El viento rompe La Vuelta Femenina 2024 - \u0160koda We Love Cycling - Spain","description":"El viento rompe La Vuelta Femenina 2024. Los abanicos destrozaron el pelot\u00f3n y dieron ventaja a Vollering, Longo y Niewiadoma.","robots":{"index":"index","follow":"follow","max-snippet":"max-snippet:-1","max-image-preview":"max-image-preview:large","max-video-preview":"max-video-preview:-1"},"canonical":"https:\/\/www.welovecycling.com\/es\/2024\/05\/01\/el-viento-rompe-la-vuelta-femenina-2024\/","og_locale":"es_ES","og_type":"article","og_title":"El viento rompe La Vuelta Femenina 2024","og_description":"El viento rompe La Vuelta Femenina 2024. Los abanicos destrozaron el pelot\u00f3n y dieron ventaja a Vollering, Longo y Niewiadoma.","og_url":"https:\/\/www.welovecycling.com\/es\/2024\/05\/01\/el-viento-rompe-la-vuelta-femenina-2024\/","og_site_name":"\u0160koda We Love Cycling - Spain","article_published_time":"2024-05-01T16:09:22+00:00","og_image":[{"width":1000,"height":667,"url":"https:\/\/d2p6e6u75xmxt8.cloudfront.net\/6\/2024\/05\/vuelta-fem-2024.webp","type":"image\/webp"}],"author":"We Love Cycling Spain","twitter_card":"summary_large_image","twitter_description":"El viento rompe La Vuelta Femenina 2024. Los abanicos destrozaron el pelot\u00f3n y dieron ventaja a Vollering, Longo y Niewiadoma.","twitter_misc":{"Written by":"Luis Ortega @ciclored","Est. reading time":"4 minutes"},"schema":{"@context":"https:\/\/schema.org","@graph":[{"@type":"WebPage","@id":"https:\/\/www.welovecycling.com\/es\/2024\/05\/01\/el-viento-rompe-la-vuelta-femenina-2024\/","url":"https:\/\/www.welovecycling.com\/es\/2024\/05\/01\/el-viento-rompe-la-vuelta-femenina-2024\/","name":"El viento rompe La Vuelta Femenina 2024 - \u0160koda We Love Cycling - Spain","isPartOf":{"@id":"https:\/\/www.welovecycling.com\/es\/#website"},"primaryImageOfPage":{"@id":"https:\/\/www.welovecycling.com\/es\/2024\/05\/01\/el-viento-rompe-la-vuelta-femenina-2024\/#primaryimage"},"image":{"@id":"https:\/\/www.welovecycling.com\/es\/2024\/05\/01\/el-viento-rompe-la-vuelta-femenina-2024\/#primaryimage"},"thumbnailUrl":"https:\/\/d2p6e6u75xmxt8.cloudfront.net\/6\/2024\/05\/vuelta-fem-2024.webp","datePublished":"2024-05-01T16:09:22+00:00","author":{"@id":"https:\/\/www.welovecycling.com\/es\/#\/schema\/person\/deb61715b5812698ee79fb96f343ccd4"},"description":"El viento rompe La Vuelta Femenina 2024. Los abanicos destrozaron el pelot\u00f3n y dieron ventaja a Vollering, Longo y Niewiadoma.","breadcrumb":{"@id":"https:\/\/www.welovecycling.com\/es\/2024\/05\/01\/el-viento-rompe-la-vuelta-femenina-2024\/#breadcrumb"},"inLanguage":"es-ES","potentialAction":[{"@type":"ReadAction","target":["https:\/\/www.welovecycling.com\/es\/2024\/05\/01\/el-viento-rompe-la-vuelta-femenina-2024\/"]}]},{"@type":"ImageObject","inLanguage":"es-ES","@id":"https:\/\/www.welovecycling.com\/es\/2024\/05\/01\/el-viento-rompe-la-vuelta-femenina-2024\/#primaryimage","url":"https:\/\/d2p6e6u75xmxt8.cloudfront.net\/6\/2024\/05\/vuelta-fem-2024.webp","contentUrl":"https:\/\/d2p6e6u75xmxt8.cloudfront.net\/6\/2024\/05\/vuelta-fem-2024.webp","width":1000,"height":667},{"@type":"BreadcrumbList","@id":"https:\/\/www.welovecycling.com\/es\/2024\/05\/01\/el-viento-rompe-la-vuelta-femenina-2024\/#breadcrumb","itemListElement":[{"@type":"ListItem","position":1,"name":"Home","item":"https:\/\/www.welovecycling.com\/es\/"},{"@type":"ListItem","position":2,"name":"El viento rompe La Vuelta Femenina 2024"}]},{"@type":"WebSite","@id":"https:\/\/www.welovecycling.com\/es\/#website","url":"https:\/\/www.welovecycling.com\/es\/","name":"\u0160koda We Love Cycling - Spain","description":"\u0160koda WeLoveCycling Spain","potentialAction":[{"@type":"SearchAction","target":{"@type":"EntryPoint","urlTemplate":"https:\/\/www.welovecycling.com\/es\/?s={search_term_string}"},"query-input":{"@type":"PropertyValueSpecification","valueRequired":true,"valueName":"search_term_string"}}],"inLanguage":"es-ES"},{"@type":"Person","@id":"https:\/\/www.welovecycling.com\/es\/#\/schema\/person\/deb61715b5812698ee79fb96f343ccd4","name":"We Love Cycling Spain","image":{"@type":"ImageObject","inLanguage":"es-ES","@id":"https:\/\/www.welovecycling.com\/es\/#\/schema\/person\/image\/","url":"https:\/\/secure.gravatar.com\/avatar\/c824b04e6df0e37a03219d0b6481672889df542894588964102459e46513159c?s=96&d=mm&r=g","contentUrl":"https:\/\/secure.gravatar.com\/avatar\/c824b04e6df0e37a03219d0b6481672889df542894588964102459e46513159c?s=96&d=mm&r=g","caption":"We Love Cycling Spain"},"url":"https:\/\/www.welovecycling.com\/es\/author\/amunoz\/"}]}},"_links":{"self":[{"href":"https:\/\/www.welovecycling.com\/es\/wp-json\/wp\/v2\/posts\/10774","targetHints":{"allow":["GET"]}}],"collection":[{"href":"https:\/\/www.welovecycling.com\/es\/wp-json\/wp\/v2\/posts"}],"about":[{"href":"https:\/\/www.welovecycling.com\/es\/wp-json\/wp\/v2\/types\/post"}],"author":[{"embeddable":true,"href":"https:\/\/www.welovecycling.com\/es\/wp-json\/wp\/v2\/users\/29"}],"replies":[{"embeddable":true,"href":"https:\/\/www.welovecycling.com\/es\/wp-json\/wp\/v2\/comments?post=10774"}],"version-history":[{"count":3,"href":"https:\/\/www.welovecycling.com\/es\/wp-json\/wp\/v2\/posts\/10774\/revisions"}],"predecessor-version":[{"id":10778,"href":"https:\/\/www.welovecycling.com\/es\/wp-json\/wp\/v2\/posts\/10774\/revisions\/10778"}],"wp:featuredmedia":[{"embeddable":true,"href":"https:\/\/www.welovecycling.com\/es\/wp-json\/wp\/v2\/media\/10776"}],"wp:attachment":[{"href":"https:\/\/www.welovecycling.com\/es\/wp-json\/wp\/v2\/media?parent=10774"}],"wp:term":[{"taxonomy":"category","embeddable":true,"href":"https:\/\/www.welovecycling.com\/es\/wp-json\/wp\/v2\/categories?post=10774"},{"taxonomy":"post_tag","embeddable":true,"href":"https:\/\/www.welovecycling.com\/es\/wp-json\/wp\/v2\/tags?post=10774"},{"taxonomy":"global-categories","embeddable":true,"href":"https:\/\/www.welovecycling.com\/es\/wp-json\/wp\/v2\/global-categories?post=10774"}],"curies":[{"name":"wp","href":"https:\/\/api.w.org\/{rel}","templated":true}]}}