{"id":10769,"date":"2024-04-29T21:28:53","date_gmt":"2024-04-29T19:28:53","guid":{"rendered":"https:\/\/www.welovecycling.com\/es\/?p=10769"},"modified":"2024-04-28T21:41:42","modified_gmt":"2024-04-28T19:41:42","slug":"generacion-z-ciclismo","status":"publish","type":"post","link":"https:\/\/www.welovecycling.com\/es\/2024\/04\/29\/generacion-z-ciclismo\/","title":{"rendered":"\u00bfCambiar\u00e1 la Generaci\u00f3n Z el ciclismo?"},"content":{"rendered":"<p><strong>Los que nacieron antes suelen sorprenderse de que los miembros de la generaci\u00f3n m\u00e1s joven hagan las cosas de otra manera. Se cree que los j\u00f3venes ven el mundo de otra manera, se comportan de forma diferente y tienen prioridades e intereses distintos. Varias encuestas demuestran que tienen actitudes diferentes ante los viajes, la comida, las compras y las relaciones en general. Los datos publicados recientemente por Strava arrojan luz sobre la relaci\u00f3n de la Generaci\u00f3n Z con el ciclismo. \u00bfLos j\u00f3venes montan m\u00e1s o menos en bicicleta? \u00bfDeber\u00eda preocuparnos que el ciclismo est\u00e9 en declive?<\/strong><\/p>\n<p><!--more--><\/p>\n<p>Las encuestas pueden ser enga\u00f1osas y no deben interpretarse con confianza, pero sugieren algunas tendencias. La informaci\u00f3n recogida por Strava muestra algunos datos interesantes sobre las diferencias en las preferencias de los distintos grupos de edad, incluida la llamada Generaci\u00f3n Z.<\/p>\n<p>Una encuesta realizada a 7.000 usuarios de la aplicaci\u00f3n m\u00f3vil, que mide la actividad f\u00edsica desde 2009, muestra que los miembros de la Generaci\u00f3n Z prefieren montar en bicicletas de gravel y bicicletas el\u00e9ctricas. En general, la popularidad del ejercicio al aire libre est\u00e1 creciendo, y la elecci\u00f3n de la bicicleta lo refleja. Por ejemplo, la popularidad del ciclismo en caminos de grava ha aumentado un 55%, s<a href=\"https:\/\/press.strava.com\/articles\/strava-releases-year-in-sport-trend-report\">eg\u00fan el informe<\/a>.<\/p>\n<h2><strong>La Generacion Z y su relaci\u00f3n con la movilidad<\/strong><\/h2>\n<p>La <a href=\"https:\/\/en.wikipedia.org\/wiki\/Generation_Z\">Generaci\u00f3n Z,<\/a> a menudo abreviada como Gen Z, se refiere al grupo demogr\u00e1fico que sigue a los Millennials y precede a la generaci\u00f3n Alpha. Aunque no existe un consenso estricto sobre los a\u00f1os exactos de nacimiento que definen a la Generaci\u00f3n Z, en general se acepta que nacieron entre mediados y finales de la d\u00e9cada de 1990 y principios de la d\u00e9cada de 2010.<\/p>\n<p>La Generaci\u00f3n Z es la primera generaci\u00f3n que ha crecido completamente en la era digital, rodeada de tel\u00e9fonos inteligentes, redes sociales y conectividad constante. Como tales, tienen una gran experiencia con la tecnolog\u00eda y la utilizan en diversos aspectos de su vida, incluido el deporte, por lo que no es una gran sorpresa que sean aficionados a la movilidad el\u00e9ctrica, que creci\u00f3 un 23 % en general seg\u00fan los registros de Strava.<\/p>\n<p>La explicaci\u00f3n puede estar en que muchos miembros de la Generaci\u00f3n Z viven en zonas urbanas donde la congesti\u00f3n del tr\u00e1fico y la contaminaci\u00f3n son problemas habituales. Para los miembros de la Generaci\u00f3n Z, concienciados con el medio ambiente, las <a href=\"https:\/\/www.welovecycling.com\/wide\/2022\/04\/12\/e-bikes-open-up-new-opportunities-for-open-terrain-riding\/\">e-bikes<\/a> representan un modo de transporte sostenible que se alinea con sus valores y les proporciona un medio c\u00f3modo y eficiente de desplazarse por las calles de la ciudad como alternativa a la conducci\u00f3n o al uso del transporte p\u00fablico.<\/p>\n<h2><strong>\u00bfDonde est\u00e1 la generaci\u00f3n Z?<\/strong><\/h2>\n<p>Es la primera vez que Strava decide clasificar a sus usuarios por generaciones. Ha evaluado los resultados obtenidos por fecha de nacimiento y los ha dividido en Boomers, Gen X, Millennials y Gen Z. Strava insiste en que la Gen Z tiene h\u00e1bitos de rodaje diferentes a los de sus predecesores. En concreto, Strava analiz\u00f3 la velocidad media de los trayectos registrados, as\u00ed como la distancia media recorrida por los miembros de cada generaci\u00f3n. Por ejemplo, los datos muestran que los miembros de la Generaci\u00f3n Z conducen ligeramente m\u00e1s r\u00e1pido (20,9 km\/h frente a 20,2 km\/h) pero por distancias m\u00e1s cortas que los Boomers (22,6 km frente a 33,2 km).<\/p>\n<h2><strong>Gusto por los desplazamientos<\/strong><\/h2>\n<p>Seg\u00fan Strava, la generaci\u00f3n amante de TikTok ha desarrollado un gusto por ir en bicicleta a la escuela (o al trabajo), constituyendo el 17% de las personas que se desplazan en bicicleta en todo el mundo. La generaci\u00f3n del milenio es la m\u00e1s numerosa, con un 47%. Strava afirma que los miembros de la Generaci\u00f3n Z se encuentran entre los m\u00e1s sociables en el deporte, tanto dentro de la aplicaci\u00f3n como en el mundo real. Esto significa que no s\u00f3lo son m\u00e1s activos a la hora de compartir sus experiencias en l\u00ednea, sino que tambi\u00e9n son m\u00e1s propensos a buscar la compa\u00f1\u00eda de otros en sus paseos; en otras palabras, la tendencia es hacia menos ciclistas en solitario y m\u00e1s ciclistas que disfrutan montando con al menos dos personas. Seg\u00fan los resultados de Strava, los miembros de la Generaci\u00f3n Z son un 29% m\u00e1s propensos a montar en bicicleta con otra persona que los Millennials. Seg\u00fan Strava, fueron principalmente los miembros de la Generaci\u00f3n Z los que contribuyeron a un aumento del 11% en el n\u00famero de nuevos \u00abclubes ciclistas\u00bb virtuales.<\/p>\n<p>El estudio tambi\u00e9n revel\u00f3 que Trek es la marca de bicicletas m\u00e1s utilizada, seguida de Specialized y Giant. El accesorio de ciclismo m\u00e1s utilizado fue la unidad principal Garmin Edge 530. Seg\u00fan Strava, el \u00abboom del ciclismo contin\u00faa\u00bb, ya que la proporci\u00f3n de ciclistas que recorrieron al menos 100 km aument\u00f3 un 5%, pero el ciclismo cay\u00f3 al segundo puesto, por detr\u00e1s del running, en la clasificaci\u00f3n general de popularidad. Le siguen el senderismo, el trail running, el ciclismo de gravel y el ciclismo de monta\u00f1a, mientras que los entrenamientos virtuales ocupan el s\u00e9ptimo lugar.<\/p>\n<p>\u00bfQu\u00e9 pueden decirnos los datos de Strava sobre el futuro del ciclismo? El ciclismo es popular incluso entre los m\u00e1s j\u00f3venes, pero en general se est\u00e1 convirtiendo m\u00e1s en un medio de transporte que en un deporte. Esto puede tener algo que ver con el estilo de vida y, en parte, con el coste. Como generaci\u00f3n que ha experimentado la incertidumbre econ\u00f3mica, la Generaci\u00f3n Z suele ser consciente del gasto. La bicicleta puede ofrecer un ahorro de costes a largo plazo en comparaci\u00f3n con otros medios de transporte, al tiempo que brinda a los j\u00f3venes ciclistas la oportunidad de pasar m\u00e1s tiempo juntos.<\/p>\n","protected":false},"excerpt":{"rendered":"<p>Los que nacieron antes suelen sorprenderse de que los miembros de la generaci\u00f3n m\u00e1s joven hagan las cosas de otra [&hellip;]<\/p>\n","protected":false},"author":29,"featured_media":10771,"comment_status":"open","ping_status":"open","sticky":false,"template":"","format":"standard","meta":{"footnotes":""},"categories":[7,8,6],"tags":[],"global-categories":[],"class_list":["post-10769","post","type-post","status-publish","format-standard","has-post-thumbnail","hentry","category-carretera","category-life-style","category-urban"],"yoast_head":"<!-- This site is optimized with the Yoast SEO Premium plugin v25.3 (Yoast SEO v25.9) - https:\/\/yoast.com\/wordpress\/plugins\/seo\/ -->\n<title>\u00bfCambiar\u00e1 la Generaci\u00f3n Z el ciclismo? - \u0160koda We Love Cycling - Spain<\/title>\n<meta name=\"description\" content=\"\u00bfCambiar\u00e1 la Generaci\u00f3n Z el ciclismo? La relaci\u00f3n de los m\u00e1s j\u00f3venes con el mundo de la bicicleta pasa por las e-bikes.\" \/>\n<meta name=\"robots\" content=\"index, follow, max-snippet:-1, max-image-preview:large, max-video-preview:-1\" \/>\n<link rel=\"canonical\" href=\"https:\/\/www.welovecycling.com\/es\/2024\/04\/29\/generacion-z-ciclismo\/\" \/>\n<meta property=\"og:locale\" content=\"es_ES\" \/>\n<meta property=\"og:type\" content=\"article\" \/>\n<meta property=\"og:title\" content=\"\u00bfCambiar\u00e1 la Generaci\u00f3n Z el ciclismo?\" \/>\n<meta property=\"og:description\" content=\"\u00bfCambiar\u00e1 la Generaci\u00f3n Z el ciclismo? La relaci\u00f3n de los m\u00e1s j\u00f3venes con el mundo de la bicicleta pasa por las e-bikes.\" \/>\n<meta property=\"og:url\" content=\"https:\/\/www.welovecycling.com\/es\/2024\/04\/29\/generacion-z-ciclismo\/\" \/>\n<meta property=\"og:site_name\" content=\"\u0160koda We Love Cycling - Spain\" \/>\n<meta property=\"article:published_time\" content=\"2024-04-29T19:28:53+00:00\" \/>\n<meta property=\"og:image\" content=\"https:\/\/d2p6e6u75xmxt8.cloudfront.net\/6\/2024\/04\/Copehagen-Cycling-profimedia-0785584714-CVR.webp\" \/>\n\t<meta property=\"og:image:width\" content=\"990\" \/>\n\t<meta property=\"og:image:height\" content=\"660\" \/>\n\t<meta property=\"og:image:type\" content=\"image\/webp\" \/>\n<meta name=\"author\" content=\"We Love Cycling Spain\" \/>\n<meta name=\"twitter:card\" content=\"summary_large_image\" \/>\n<meta name=\"twitter:description\" content=\"\u00bfCambiar\u00e1 la Generaci\u00f3n Z el ciclismo? La relaci\u00f3n de los m\u00e1s j\u00f3venes con el mundo de la bicicleta pasa por las e-bikes.\" \/>\n<meta name=\"twitter:label1\" content=\"Written by\" \/>\n\t<meta name=\"twitter:data1\" content=\"Adam Marsal\" \/>\n\t<meta name=\"twitter:label2\" content=\"Est. reading time\" \/>\n\t<meta name=\"twitter:data2\" content=\"4\" \/>\n<script type=\"application\/ld+json\" class=\"yoast-schema-graph\">{\"@context\":\"https:\/\/schema.org\",\"@graph\":[{\"@type\":\"WebPage\",\"@id\":\"https:\/\/www.welovecycling.com\/es\/2024\/04\/29\/generacion-z-ciclismo\/\",\"url\":\"https:\/\/www.welovecycling.com\/es\/2024\/04\/29\/generacion-z-ciclismo\/\",\"name\":\"\u00bfCambiar\u00e1 la Generaci\u00f3n Z el ciclismo? - \u0160koda We Love Cycling - Spain\",\"isPartOf\":{\"@id\":\"https:\/\/www.welovecycling.com\/es\/#website\"},\"primaryImageOfPage\":{\"@id\":\"https:\/\/www.welovecycling.com\/es\/2024\/04\/29\/generacion-z-ciclismo\/#primaryimage\"},\"image\":{\"@id\":\"https:\/\/www.welovecycling.com\/es\/2024\/04\/29\/generacion-z-ciclismo\/#primaryimage\"},\"thumbnailUrl\":\"https:\/\/d2p6e6u75xmxt8.cloudfront.net\/6\/2024\/04\/Copehagen-Cycling-profimedia-0785584714-CVR.webp\",\"datePublished\":\"2024-04-29T19:28:53+00:00\",\"author\":{\"@id\":\"https:\/\/www.welovecycling.com\/es\/#\/schema\/person\/deb61715b5812698ee79fb96f343ccd4\"},\"description\":\"\u00bfCambiar\u00e1 la Generaci\u00f3n Z el ciclismo? La relaci\u00f3n de los m\u00e1s j\u00f3venes con el mundo de la bicicleta pasa por las e-bikes.\",\"breadcrumb\":{\"@id\":\"https:\/\/www.welovecycling.com\/es\/2024\/04\/29\/generacion-z-ciclismo\/#breadcrumb\"},\"inLanguage\":\"es-ES\",\"potentialAction\":[{\"@type\":\"ReadAction\",\"target\":[\"https:\/\/www.welovecycling.com\/es\/2024\/04\/29\/generacion-z-ciclismo\/\"]}]},{\"@type\":\"ImageObject\",\"inLanguage\":\"es-ES\",\"@id\":\"https:\/\/www.welovecycling.com\/es\/2024\/04\/29\/generacion-z-ciclismo\/#primaryimage\",\"url\":\"https:\/\/d2p6e6u75xmxt8.cloudfront.net\/6\/2024\/04\/Copehagen-Cycling-profimedia-0785584714-CVR.webp\",\"contentUrl\":\"https:\/\/d2p6e6u75xmxt8.cloudfront.net\/6\/2024\/04\/Copehagen-Cycling-profimedia-0785584714-CVR.webp\",\"width\":990,\"height\":660,\"caption\":\"Cycling in Copenhagen\"},{\"@type\":\"BreadcrumbList\",\"@id\":\"https:\/\/www.welovecycling.com\/es\/2024\/04\/29\/generacion-z-ciclismo\/#breadcrumb\",\"itemListElement\":[{\"@type\":\"ListItem\",\"position\":1,\"name\":\"Home\",\"item\":\"https:\/\/www.welovecycling.com\/es\/\"},{\"@type\":\"ListItem\",\"position\":2,\"name\":\"\u00bfCambiar\u00e1 la Generaci\u00f3n Z el ciclismo?\"}]},{\"@type\":\"WebSite\",\"@id\":\"https:\/\/www.welovecycling.com\/es\/#website\",\"url\":\"https:\/\/www.welovecycling.com\/es\/\",\"name\":\"\u0160koda We Love Cycling - Spain\",\"description\":\"\u0160koda WeLoveCycling Spain\",\"potentialAction\":[{\"@type\":\"SearchAction\",\"target\":{\"@type\":\"EntryPoint\",\"urlTemplate\":\"https:\/\/www.welovecycling.com\/es\/?s={search_term_string}\"},\"query-input\":{\"@type\":\"PropertyValueSpecification\",\"valueRequired\":true,\"valueName\":\"search_term_string\"}}],\"inLanguage\":\"es-ES\"},{\"@type\":\"Person\",\"@id\":\"https:\/\/www.welovecycling.com\/es\/#\/schema\/person\/deb61715b5812698ee79fb96f343ccd4\",\"name\":\"We Love Cycling Spain\",\"image\":{\"@type\":\"ImageObject\",\"inLanguage\":\"es-ES\",\"@id\":\"https:\/\/www.welovecycling.com\/es\/#\/schema\/person\/image\/\",\"url\":\"https:\/\/secure.gravatar.com\/avatar\/c824b04e6df0e37a03219d0b6481672889df542894588964102459e46513159c?s=96&d=mm&r=g\",\"contentUrl\":\"https:\/\/secure.gravatar.com\/avatar\/c824b04e6df0e37a03219d0b6481672889df542894588964102459e46513159c?s=96&d=mm&r=g\",\"caption\":\"We Love Cycling Spain\"},\"url\":\"https:\/\/www.welovecycling.com\/es\/author\/amunoz\/\"}]}<\/script>\n<!-- \/ Yoast SEO Premium plugin. -->","yoast_head_json":{"title":"\u00bfCambiar\u00e1 la Generaci\u00f3n Z el ciclismo? - \u0160koda We Love Cycling - Spain","description":"\u00bfCambiar\u00e1 la Generaci\u00f3n Z el ciclismo? La relaci\u00f3n de los m\u00e1s j\u00f3venes con el mundo de la bicicleta pasa por las e-bikes.","robots":{"index":"index","follow":"follow","max-snippet":"max-snippet:-1","max-image-preview":"max-image-preview:large","max-video-preview":"max-video-preview:-1"},"canonical":"https:\/\/www.welovecycling.com\/es\/2024\/04\/29\/generacion-z-ciclismo\/","og_locale":"es_ES","og_type":"article","og_title":"\u00bfCambiar\u00e1 la Generaci\u00f3n Z el ciclismo?","og_description":"\u00bfCambiar\u00e1 la Generaci\u00f3n Z el ciclismo? La relaci\u00f3n de los m\u00e1s j\u00f3venes con el mundo de la bicicleta pasa por las e-bikes.","og_url":"https:\/\/www.welovecycling.com\/es\/2024\/04\/29\/generacion-z-ciclismo\/","og_site_name":"\u0160koda We Love Cycling - Spain","article_published_time":"2024-04-29T19:28:53+00:00","og_image":[{"width":990,"height":660,"url":"https:\/\/d2p6e6u75xmxt8.cloudfront.net\/6\/2024\/04\/Copehagen-Cycling-profimedia-0785584714-CVR.webp","type":"image\/webp"}],"author":"We Love Cycling Spain","twitter_card":"summary_large_image","twitter_description":"\u00bfCambiar\u00e1 la Generaci\u00f3n Z el ciclismo? La relaci\u00f3n de los m\u00e1s j\u00f3venes con el mundo de la bicicleta pasa por las e-bikes.","twitter_misc":{"Written by":"Adam Marsal","Est. reading time":"4"},"schema":{"@context":"https:\/\/schema.org","@graph":[{"@type":"WebPage","@id":"https:\/\/www.welovecycling.com\/es\/2024\/04\/29\/generacion-z-ciclismo\/","url":"https:\/\/www.welovecycling.com\/es\/2024\/04\/29\/generacion-z-ciclismo\/","name":"\u00bfCambiar\u00e1 la Generaci\u00f3n Z el ciclismo? - \u0160koda We Love Cycling - Spain","isPartOf":{"@id":"https:\/\/www.welovecycling.com\/es\/#website"},"primaryImageOfPage":{"@id":"https:\/\/www.welovecycling.com\/es\/2024\/04\/29\/generacion-z-ciclismo\/#primaryimage"},"image":{"@id":"https:\/\/www.welovecycling.com\/es\/2024\/04\/29\/generacion-z-ciclismo\/#primaryimage"},"thumbnailUrl":"https:\/\/d2p6e6u75xmxt8.cloudfront.net\/6\/2024\/04\/Copehagen-Cycling-profimedia-0785584714-CVR.webp","datePublished":"2024-04-29T19:28:53+00:00","author":{"@id":"https:\/\/www.welovecycling.com\/es\/#\/schema\/person\/deb61715b5812698ee79fb96f343ccd4"},"description":"\u00bfCambiar\u00e1 la Generaci\u00f3n Z el ciclismo? La relaci\u00f3n de los m\u00e1s j\u00f3venes con el mundo de la bicicleta pasa por las e-bikes.","breadcrumb":{"@id":"https:\/\/www.welovecycling.com\/es\/2024\/04\/29\/generacion-z-ciclismo\/#breadcrumb"},"inLanguage":"es-ES","potentialAction":[{"@type":"ReadAction","target":["https:\/\/www.welovecycling.com\/es\/2024\/04\/29\/generacion-z-ciclismo\/"]}]},{"@type":"ImageObject","inLanguage":"es-ES","@id":"https:\/\/www.welovecycling.com\/es\/2024\/04\/29\/generacion-z-ciclismo\/#primaryimage","url":"https:\/\/d2p6e6u75xmxt8.cloudfront.net\/6\/2024\/04\/Copehagen-Cycling-profimedia-0785584714-CVR.webp","contentUrl":"https:\/\/d2p6e6u75xmxt8.cloudfront.net\/6\/2024\/04\/Copehagen-Cycling-profimedia-0785584714-CVR.webp","width":990,"height":660,"caption":"Cycling in Copenhagen"},{"@type":"BreadcrumbList","@id":"https:\/\/www.welovecycling.com\/es\/2024\/04\/29\/generacion-z-ciclismo\/#breadcrumb","itemListElement":[{"@type":"ListItem","position":1,"name":"Home","item":"https:\/\/www.welovecycling.com\/es\/"},{"@type":"ListItem","position":2,"name":"\u00bfCambiar\u00e1 la Generaci\u00f3n Z el ciclismo?"}]},{"@type":"WebSite","@id":"https:\/\/www.welovecycling.com\/es\/#website","url":"https:\/\/www.welovecycling.com\/es\/","name":"\u0160koda We Love Cycling - Spain","description":"\u0160koda WeLoveCycling Spain","potentialAction":[{"@type":"SearchAction","target":{"@type":"EntryPoint","urlTemplate":"https:\/\/www.welovecycling.com\/es\/?s={search_term_string}"},"query-input":{"@type":"PropertyValueSpecification","valueRequired":true,"valueName":"search_term_string"}}],"inLanguage":"es-ES"},{"@type":"Person","@id":"https:\/\/www.welovecycling.com\/es\/#\/schema\/person\/deb61715b5812698ee79fb96f343ccd4","name":"We Love Cycling Spain","image":{"@type":"ImageObject","inLanguage":"es-ES","@id":"https:\/\/www.welovecycling.com\/es\/#\/schema\/person\/image\/","url":"https:\/\/secure.gravatar.com\/avatar\/c824b04e6df0e37a03219d0b6481672889df542894588964102459e46513159c?s=96&d=mm&r=g","contentUrl":"https:\/\/secure.gravatar.com\/avatar\/c824b04e6df0e37a03219d0b6481672889df542894588964102459e46513159c?s=96&d=mm&r=g","caption":"We Love Cycling Spain"},"url":"https:\/\/www.welovecycling.com\/es\/author\/amunoz\/"}]}},"_links":{"self":[{"href":"https:\/\/www.welovecycling.com\/es\/wp-json\/wp\/v2\/posts\/10769","targetHints":{"allow":["GET"]}}],"collection":[{"href":"https:\/\/www.welovecycling.com\/es\/wp-json\/wp\/v2\/posts"}],"about":[{"href":"https:\/\/www.welovecycling.com\/es\/wp-json\/wp\/v2\/types\/post"}],"author":[{"embeddable":true,"href":"https:\/\/www.welovecycling.com\/es\/wp-json\/wp\/v2\/users\/29"}],"replies":[{"embeddable":true,"href":"https:\/\/www.welovecycling.com\/es\/wp-json\/wp\/v2\/comments?post=10769"}],"version-history":[{"count":1,"href":"https:\/\/www.welovecycling.com\/es\/wp-json\/wp\/v2\/posts\/10769\/revisions"}],"predecessor-version":[{"id":10773,"href":"https:\/\/www.welovecycling.com\/es\/wp-json\/wp\/v2\/posts\/10769\/revisions\/10773"}],"wp:featuredmedia":[{"embeddable":true,"href":"https:\/\/www.welovecycling.com\/es\/wp-json\/wp\/v2\/media\/10771"}],"wp:attachment":[{"href":"https:\/\/www.welovecycling.com\/es\/wp-json\/wp\/v2\/media?parent=10769"}],"wp:term":[{"taxonomy":"category","embeddable":true,"href":"https:\/\/www.welovecycling.com\/es\/wp-json\/wp\/v2\/categories?post=10769"},{"taxonomy":"post_tag","embeddable":true,"href":"https:\/\/www.welovecycling.com\/es\/wp-json\/wp\/v2\/tags?post=10769"},{"taxonomy":"global-categories","embeddable":true,"href":"https:\/\/www.welovecycling.com\/es\/wp-json\/wp\/v2\/global-categories?post=10769"}],"curies":[{"name":"wp","href":"https:\/\/api.w.org\/{rel}","templated":true}]}}