{"id":10765,"date":"2024-04-27T12:07:33","date_gmt":"2024-04-27T10:07:33","guid":{"rendered":"https:\/\/www.welovecycling.com\/es\/?p=10765"},"modified":"2024-04-24T12:50:53","modified_gmt":"2024-04-24T10:50:53","slug":"y-ahora-por-etapas-vuelta-femenina-2024","status":"publish","type":"post","link":"https:\/\/www.welovecycling.com\/es\/2024\/04\/27\/y-ahora-por-etapas-vuelta-femenina-2024\/","title":{"rendered":"Y ahora, por etapas. Vuelta Femenina 2024"},"content":{"rendered":"<p style=\"font-weight: 400;\"><strong>El calendario World Tour femenino empieza a coger costumbres. Despu\u00e9s de un mes de abril repleto de cl\u00e1sicas de un d\u00eda a cara de perro, al pelot\u00f3n le toca cambiar el chip y empezar a pensar a largo plazo. La Vuelta a Espa\u00f1a Femenina 2024 repite fechas y arrancar\u00e1 el pr\u00f3ximo domingo 28 de abril, solo una semana despu\u00e9s de La Lieja Bastogne Lieja m\u00e1s emocionante de los \u00faltimos a\u00f1os. Del fr\u00edo del norte al previsible buen tiempo de Valencia.\u00a0<\/strong><\/p>\n<p><!--more--><br \/>\nLa Vuelta Femenina 2024 tendr\u00e1 ocho etapas, siete de ellas en l\u00ednea y un pr\u00f3logo de 14 kil\u00f3metros en forma de contrarreloj llana por equipos que servir\u00e1 para inaugurar la edici\u00f3n por las calles de Valencia. Como suele ser habitual el organizador ha previsto un recorrido in crescendo en emoci\u00f3n. De menor a mayor dureza, pero sin un puerto con los desniveles de Lagos de Covadonga, que en 2023 acab\u00f3 siendo decisivo.<\/p>\n<p>Tampoco estar\u00e1 la vigente vencedora, <a href=\"https:\/\/www.welovecycling.com\/es\/2023\/07\/30\/sorpasso-tourmalet\/\">Van Vleuten<\/a>, que colg\u00f3 la bicicleta al final de 2023. Ese d\u00eda, en Lagos, estuvo a un pu\u00f1ado de segundos de perder La Vuelta con Demi Vollering en un final digno de una pel\u00edcula de suspense. La ex Movistar aguant\u00f3, pero el sorpasso lleg\u00f3 un para de meses despu\u00e9s en el Tour de Francia. All\u00ed Vollering y su SD Worx estuvieron incontestables.<\/p>\n<p>Pero esa superioridad no se ha trasladado a 2024. Es cierto que el <strong>SD Worx<\/strong> sigue siendo el equipo m\u00e1s fuerte del pelot\u00f3n internacional, pero de las cinco \u00faltimas cl\u00e1sicas solo han podido ganar una, Paris Roubaix con Lotte Kopecky, y en el sprint final. Cedieron en Flandes, <a href=\"https:\/\/www.welovecycling.com\/wide\/2024\/04\/18\/niewiadoma-and-williams-survive-weather-to-win-the-brutal-fleche-wallonne\/\">Flecha Valona<\/a>, Amstel Gold Race y en la pasada<a href=\"https:\/\/www.welovecycling.com\/wide\/2024\/04\/22\/grace-brown-triumphs-at-liege-bastogne-liege-i-waited-and-came-with-speed\/\"> Lieja Bastogne Lieja<\/a>, en la que, pese a ser Vollering la m\u00e1s fuerte, no pudo con la australiana Grace Brown, que ven\u00eda de la escapada previa.<\/p>\n<p><a href=\"https:\/\/d2p6e6u75xmxt8.cloudfront.net\/6\/2023\/07\/vollering.webp\"><img loading=\"lazy\" decoding=\"async\" class=\"aligncenter size-full wp-image-10152\" src=\"https:\/\/d2p6e6u75xmxt8.cloudfront.net\/6\/2023\/07\/vollering.webp\" alt=\"\" width=\"1000\" height=\"667\" srcset=\"https:\/\/d2p6e6u75xmxt8.cloudfront.net\/6\/2023\/07\/vollering.webp 1000w, https:\/\/d2p6e6u75xmxt8.cloudfront.net\/6\/2023\/07\/vollering-300x200.webp 300w, https:\/\/d2p6e6u75xmxt8.cloudfront.net\/6\/2023\/07\/vollering-768x512.webp 768w, https:\/\/d2p6e6u75xmxt8.cloudfront.net\/6\/2023\/07\/vollering-400x267.webp 400w, https:\/\/d2p6e6u75xmxt8.cloudfront.net\/6\/2023\/07\/vollering-272x182.webp 272w\" sizes=\"auto, (max-width: 1000px) 100vw, 1000px\" \/><\/a><\/p>\n<p>As\u00ed que en la n\u00f3mina de favoritas para esta Vuelta hay que tener como mayor aspirante a Demi Vollering, pero tambi\u00e9n a Elisa Longo Borghini, Gaia Realini y su Lidl Trek. A <strong>Kasia Niewiadoma (Canyon)<\/strong> que gan\u00f3 a la propia Vollering en la g\u00e9lida Flecha Valona. Un pasito m\u00e1s atr\u00e1s esta Liane Lippert (Movistar) que todav\u00eda no ha brillado este a\u00f1o y Mavi Garc\u00eda, que pese a que las cl\u00e1sicas no le han salido como ella quer\u00eda siempre suele responder en vueltas de una semana.<\/p>\n<h3 style=\"font-weight: 400;\">EL RECORRIDO<\/h3>\n<p>Despu\u00e9s del inicio en Valencia con la crono, que al ser de 14 kil\u00f3metros ya marcar\u00e1 diferencias, por delante quedar\u00e1n dos etapas con previsible final al sprint, <a href=\"https:\/\/www.lavueltafemenina.es\/es\">dos con terreno complicado<\/a> y tres con desniveles por encima de 2.000 metros acumulados.<\/p>\n<p><strong>El lunes 29 de abril<\/strong>\u00a0la etapa sale de Bu\u00f1ol por el terreno quebrado de la Sierra de la Calderona y 118 kil\u00f3metros despu\u00e9s termina en Monc\u00f3far. A 40 de meta se corona el conocid\u00edsimo Oronet, un tercera que suelen patear los fines de semana los cicloturistas valencianos y que puede romper la carrera.<\/p>\n<p><strong>El martes 30 de abril l<\/strong>a competici\u00f3n entra en Teruel por Mora de Rubielos, una zona muy quebrada que ya en 2023 dej\u00f3 fuera de combate a favoritos de la general en la Vuelta masculina. No termina en alto, sino en la capital turolense, pero hay terreno de sobra para que no lleguen m\u00e1s de 30 ciclistas en cabeza a la meta. Ser\u00e1 el primer d\u00eda con m\u00e1s de 2.000 metros de desnivel acumulado.<\/p>\n<p>La primera etapa\u00a0<strong>realmente llana<\/strong>, y casi en bajada, es la cuarta. 142 kil\u00f3metros desde los 1.200 metros de altitud de Molina de Arag\u00f3n a los 200 de Zaragoza. Habr\u00e1 seguramente final al sprint y tambi\u00e9n opci\u00f3n de mucho viento de costado para romper la carrera.<\/p>\n<p>El\u00a0<strong>quinto d\u00eda llega la monta\u00f1a en los Pirineos.<\/strong> No ser\u00e1n los grandes puertos, pero si dos que ya fueron protagonistas en La Vuelta hace 12. En Jaca est\u00e1 el Fuerte Rapit\u00e1n, una subida de cuatro kil\u00f3metros al 7,9% donde venci\u00f3 Purito. Por las caracter\u00edstica del vencedor, corta y explosiva. Eso s\u00ed, antes hay que subir a San Juan de la Pe\u00f1a, un puerto de casi 20 kil\u00f3metros tendidos y superar los 2.000 metros de desnivel acumulado.<br \/>\n<img loading=\"lazy\" decoding=\"async\" class=\"alignnone size-extra-large\" src=\"https:\/\/img.aso.fr\/core_app\/img-cycling-lvf-jpg\/5\/3544\/0:0,1720:1507-960-0-70\/483f2\" width=\"960\" height=\"841\" \/>El segundo final en alto de la Vuelta ser\u00e1 al d\u00eda siguiente, viernes 3 de mayo, con una etapa de 132 kil\u00f3metros entre Tarazona y la\u00a0<strong><a href=\"https:\/\/www.lavueltafemenina.es\/es\/etapa-6\" target=\"_blank\" rel=\"noopener\">Laguna Negra de Vinuesa en Soria<\/a>.<\/strong>\u00a0Un recorrido pr\u00e1cticamente llano, que pasa por la capital soriana y con un final ya conocido en subida con alguna rampa del 12%.<\/p>\n<p>El s\u00e1bado 4 de mayo vuelve la tensi\u00f3n del viento entre\u00a0<a href=\"https:\/\/www.lavueltafemenina.es\/es\/etapa-7\" target=\"_blank\" rel=\"noopener\">San Esteban del Gormaz y Sig\u00fcenza<\/a>. 126 kil\u00f3metros totalmente planos por la llanura castellana pero con un final explosivo en la ciudad del Doncel, 500 metros al 10% para decidir a la ganadora (y ojo a las bonificaciones si la general va muy apretada)<\/p>\n<p>Y el plato fuerte de La Vuelta Femenina 2024 se vivir\u00e1 en la Sierra de Guadarrama, escenario de multitud de batallas de La Vuelta a Espa\u00f1a. El domingo 5 de mayo la etapa sale de Telef\u00f3nica, igual que la \u00faltima etapa de La Vuelta Masculina, pero va hacia Colmenar Viejo para subir el Cerro de San Pedro y despu\u00e9s La Morcuera por la vertiente de Miraflores de la Sierra (s\u00ed, la misma que utilizaron Aru y Landa para romper a Dumoulin) y acabar con el largo Puerto de Cotos, m\u00e1s de 15 kil\u00f3metros y el tramo final practicamente llano de dos kil\u00f3metros hasta la meta de Valdesqu\u00ed.<br \/>\n<img loading=\"lazy\" decoding=\"async\" class=\"alignnone size-extra-large\" src=\"https:\/\/img.aso.fr\/core_app\/img-cycling-lvf-jpg\/8\/3546\/0:0,1696:1433-960-0-70\/5e3fe\" width=\"960\" height=\"811\" \/><\/p>\n","protected":false},"excerpt":{"rendered":"<p>El calendario World Tour femenino empieza a coger costumbres. Despu\u00e9s de un mes de abril repleto de cl\u00e1sicas de un [&hellip;]<\/p>\n","protected":false},"author":29,"featured_media":10766,"comment_status":"open","ping_status":"open","sticky":false,"template":"","format":"standard","meta":{"footnotes":""},"categories":[7],"tags":[2238],"global-categories":[],"class_list":["post-10765","post","type-post","status-publish","format-standard","has-post-thumbnail","hentry","category-carretera","tag-vuelta-femenina"],"yoast_head":"<!-- This site is optimized with the Yoast SEO Premium plugin v25.3 (Yoast SEO v25.9) - https:\/\/yoast.com\/wordpress\/plugins\/seo\/ -->\n<title>Y ahora, por etapas. Vuelta Femenina 2024 - \u0160koda We Love Cycling - Spain<\/title>\n<meta name=\"description\" content=\"Y ahora, por etapas. Vuelta Femenina 2024. Recorrido y favoritas para La Vuelta 2024, que arranca del domingo 28 de abril en Valencia.\" \/>\n<meta name=\"robots\" content=\"index, follow, max-snippet:-1, max-image-preview:large, max-video-preview:-1\" \/>\n<link rel=\"canonical\" href=\"https:\/\/www.welovecycling.com\/es\/2024\/04\/27\/y-ahora-por-etapas-vuelta-femenina-2024\/\" \/>\n<meta property=\"og:locale\" content=\"es_ES\" \/>\n<meta property=\"og:type\" content=\"article\" \/>\n<meta property=\"og:title\" content=\"Y ahora, por etapas. Vuelta Femenina 2024\" \/>\n<meta property=\"og:description\" content=\"Y ahora, por etapas. Vuelta Femenina 2024. Recorrido y favoritas para La Vuelta 2024, que arranca del domingo 28 de abril en Valencia.\" \/>\n<meta property=\"og:url\" content=\"https:\/\/www.welovecycling.com\/es\/2024\/04\/27\/y-ahora-por-etapas-vuelta-femenina-2024\/\" \/>\n<meta property=\"og:site_name\" content=\"\u0160koda We Love Cycling - Spain\" \/>\n<meta property=\"article:published_time\" content=\"2024-04-27T10:07:33+00:00\" \/>\n<meta property=\"og:image\" content=\"https:\/\/d2p6e6u75xmxt8.cloudfront.net\/6\/2024\/04\/vollering_lieja.webp\" \/>\n\t<meta property=\"og:image:width\" content=\"1000\" \/>\n\t<meta property=\"og:image:height\" content=\"666\" \/>\n\t<meta property=\"og:image:type\" content=\"image\/webp\" \/>\n<meta name=\"author\" content=\"We Love Cycling Spain\" \/>\n<meta name=\"twitter:card\" content=\"summary_large_image\" \/>\n<meta name=\"twitter:description\" content=\"Y ahora, por etapas. Vuelta Femenina 2024. Recorrido y favoritas para La Vuelta 2024, que arranca del domingo 28 de abril en Valencia.\" \/>\n<meta name=\"twitter:label1\" content=\"Written by\" \/>\n\t<meta name=\"twitter:data1\" content=\"Luis Ortega @Ciclored\" \/>\n\t<meta name=\"twitter:label2\" content=\"Est. reading time\" \/>\n\t<meta name=\"twitter:data2\" content=\"5 minutes\" \/>\n<script type=\"application\/ld+json\" class=\"yoast-schema-graph\">{\"@context\":\"https:\/\/schema.org\",\"@graph\":[{\"@type\":\"WebPage\",\"@id\":\"https:\/\/www.welovecycling.com\/es\/2024\/04\/27\/y-ahora-por-etapas-vuelta-femenina-2024\/\",\"url\":\"https:\/\/www.welovecycling.com\/es\/2024\/04\/27\/y-ahora-por-etapas-vuelta-femenina-2024\/\",\"name\":\"Y ahora, por etapas. Vuelta Femenina 2024 - \u0160koda We Love Cycling - Spain\",\"isPartOf\":{\"@id\":\"https:\/\/www.welovecycling.com\/es\/#website\"},\"primaryImageOfPage\":{\"@id\":\"https:\/\/www.welovecycling.com\/es\/2024\/04\/27\/y-ahora-por-etapas-vuelta-femenina-2024\/#primaryimage\"},\"image\":{\"@id\":\"https:\/\/www.welovecycling.com\/es\/2024\/04\/27\/y-ahora-por-etapas-vuelta-femenina-2024\/#primaryimage\"},\"thumbnailUrl\":\"https:\/\/d2p6e6u75xmxt8.cloudfront.net\/6\/2024\/04\/vollering_lieja.webp\",\"datePublished\":\"2024-04-27T10:07:33+00:00\",\"author\":{\"@id\":\"https:\/\/www.welovecycling.com\/es\/#\/schema\/person\/deb61715b5812698ee79fb96f343ccd4\"},\"description\":\"Y ahora, por etapas. Vuelta Femenina 2024. Recorrido y favoritas para La Vuelta 2024, que arranca del domingo 28 de abril en Valencia.\",\"breadcrumb\":{\"@id\":\"https:\/\/www.welovecycling.com\/es\/2024\/04\/27\/y-ahora-por-etapas-vuelta-femenina-2024\/#breadcrumb\"},\"inLanguage\":\"es-ES\",\"potentialAction\":[{\"@type\":\"ReadAction\",\"target\":[\"https:\/\/www.welovecycling.com\/es\/2024\/04\/27\/y-ahora-por-etapas-vuelta-femenina-2024\/\"]}]},{\"@type\":\"ImageObject\",\"inLanguage\":\"es-ES\",\"@id\":\"https:\/\/www.welovecycling.com\/es\/2024\/04\/27\/y-ahora-por-etapas-vuelta-femenina-2024\/#primaryimage\",\"url\":\"https:\/\/d2p6e6u75xmxt8.cloudfront.net\/6\/2024\/04\/vollering_lieja.webp\",\"contentUrl\":\"https:\/\/d2p6e6u75xmxt8.cloudfront.net\/6\/2024\/04\/vollering_lieja.webp\",\"width\":1000,\"height\":666},{\"@type\":\"BreadcrumbList\",\"@id\":\"https:\/\/www.welovecycling.com\/es\/2024\/04\/27\/y-ahora-por-etapas-vuelta-femenina-2024\/#breadcrumb\",\"itemListElement\":[{\"@type\":\"ListItem\",\"position\":1,\"name\":\"Home\",\"item\":\"https:\/\/www.welovecycling.com\/es\/\"},{\"@type\":\"ListItem\",\"position\":2,\"name\":\"Y ahora, por etapas. Vuelta Femenina 2024\"}]},{\"@type\":\"WebSite\",\"@id\":\"https:\/\/www.welovecycling.com\/es\/#website\",\"url\":\"https:\/\/www.welovecycling.com\/es\/\",\"name\":\"\u0160koda We Love Cycling - Spain\",\"description\":\"\u0160koda WeLoveCycling Spain\",\"potentialAction\":[{\"@type\":\"SearchAction\",\"target\":{\"@type\":\"EntryPoint\",\"urlTemplate\":\"https:\/\/www.welovecycling.com\/es\/?s={search_term_string}\"},\"query-input\":{\"@type\":\"PropertyValueSpecification\",\"valueRequired\":true,\"valueName\":\"search_term_string\"}}],\"inLanguage\":\"es-ES\"},{\"@type\":\"Person\",\"@id\":\"https:\/\/www.welovecycling.com\/es\/#\/schema\/person\/deb61715b5812698ee79fb96f343ccd4\",\"name\":\"We Love Cycling Spain\",\"image\":{\"@type\":\"ImageObject\",\"inLanguage\":\"es-ES\",\"@id\":\"https:\/\/www.welovecycling.com\/es\/#\/schema\/person\/image\/\",\"url\":\"https:\/\/secure.gravatar.com\/avatar\/c824b04e6df0e37a03219d0b6481672889df542894588964102459e46513159c?s=96&d=mm&r=g\",\"contentUrl\":\"https:\/\/secure.gravatar.com\/avatar\/c824b04e6df0e37a03219d0b6481672889df542894588964102459e46513159c?s=96&d=mm&r=g\",\"caption\":\"We Love Cycling Spain\"},\"url\":\"https:\/\/www.welovecycling.com\/es\/author\/amunoz\/\"}]}<\/script>\n<!-- \/ Yoast SEO Premium plugin. -->","yoast_head_json":{"title":"Y ahora, por etapas. Vuelta Femenina 2024 - \u0160koda We Love Cycling - Spain","description":"Y ahora, por etapas. Vuelta Femenina 2024. Recorrido y favoritas para La Vuelta 2024, que arranca del domingo 28 de abril en Valencia.","robots":{"index":"index","follow":"follow","max-snippet":"max-snippet:-1","max-image-preview":"max-image-preview:large","max-video-preview":"max-video-preview:-1"},"canonical":"https:\/\/www.welovecycling.com\/es\/2024\/04\/27\/y-ahora-por-etapas-vuelta-femenina-2024\/","og_locale":"es_ES","og_type":"article","og_title":"Y ahora, por etapas. Vuelta Femenina 2024","og_description":"Y ahora, por etapas. Vuelta Femenina 2024. Recorrido y favoritas para La Vuelta 2024, que arranca del domingo 28 de abril en Valencia.","og_url":"https:\/\/www.welovecycling.com\/es\/2024\/04\/27\/y-ahora-por-etapas-vuelta-femenina-2024\/","og_site_name":"\u0160koda We Love Cycling - Spain","article_published_time":"2024-04-27T10:07:33+00:00","og_image":[{"width":1000,"height":666,"url":"https:\/\/d2p6e6u75xmxt8.cloudfront.net\/6\/2024\/04\/vollering_lieja.webp","type":"image\/webp"}],"author":"We Love Cycling Spain","twitter_card":"summary_large_image","twitter_description":"Y ahora, por etapas. Vuelta Femenina 2024. Recorrido y favoritas para La Vuelta 2024, que arranca del domingo 28 de abril en Valencia.","twitter_misc":{"Written by":"Luis Ortega @Ciclored","Est. reading time":"5 minutes"},"schema":{"@context":"https:\/\/schema.org","@graph":[{"@type":"WebPage","@id":"https:\/\/www.welovecycling.com\/es\/2024\/04\/27\/y-ahora-por-etapas-vuelta-femenina-2024\/","url":"https:\/\/www.welovecycling.com\/es\/2024\/04\/27\/y-ahora-por-etapas-vuelta-femenina-2024\/","name":"Y ahora, por etapas. Vuelta Femenina 2024 - \u0160koda We Love Cycling - Spain","isPartOf":{"@id":"https:\/\/www.welovecycling.com\/es\/#website"},"primaryImageOfPage":{"@id":"https:\/\/www.welovecycling.com\/es\/2024\/04\/27\/y-ahora-por-etapas-vuelta-femenina-2024\/#primaryimage"},"image":{"@id":"https:\/\/www.welovecycling.com\/es\/2024\/04\/27\/y-ahora-por-etapas-vuelta-femenina-2024\/#primaryimage"},"thumbnailUrl":"https:\/\/d2p6e6u75xmxt8.cloudfront.net\/6\/2024\/04\/vollering_lieja.webp","datePublished":"2024-04-27T10:07:33+00:00","author":{"@id":"https:\/\/www.welovecycling.com\/es\/#\/schema\/person\/deb61715b5812698ee79fb96f343ccd4"},"description":"Y ahora, por etapas. Vuelta Femenina 2024. Recorrido y favoritas para La Vuelta 2024, que arranca del domingo 28 de abril en Valencia.","breadcrumb":{"@id":"https:\/\/www.welovecycling.com\/es\/2024\/04\/27\/y-ahora-por-etapas-vuelta-femenina-2024\/#breadcrumb"},"inLanguage":"es-ES","potentialAction":[{"@type":"ReadAction","target":["https:\/\/www.welovecycling.com\/es\/2024\/04\/27\/y-ahora-por-etapas-vuelta-femenina-2024\/"]}]},{"@type":"ImageObject","inLanguage":"es-ES","@id":"https:\/\/www.welovecycling.com\/es\/2024\/04\/27\/y-ahora-por-etapas-vuelta-femenina-2024\/#primaryimage","url":"https:\/\/d2p6e6u75xmxt8.cloudfront.net\/6\/2024\/04\/vollering_lieja.webp","contentUrl":"https:\/\/d2p6e6u75xmxt8.cloudfront.net\/6\/2024\/04\/vollering_lieja.webp","width":1000,"height":666},{"@type":"BreadcrumbList","@id":"https:\/\/www.welovecycling.com\/es\/2024\/04\/27\/y-ahora-por-etapas-vuelta-femenina-2024\/#breadcrumb","itemListElement":[{"@type":"ListItem","position":1,"name":"Home","item":"https:\/\/www.welovecycling.com\/es\/"},{"@type":"ListItem","position":2,"name":"Y ahora, por etapas. Vuelta Femenina 2024"}]},{"@type":"WebSite","@id":"https:\/\/www.welovecycling.com\/es\/#website","url":"https:\/\/www.welovecycling.com\/es\/","name":"\u0160koda We Love Cycling - Spain","description":"\u0160koda WeLoveCycling Spain","potentialAction":[{"@type":"SearchAction","target":{"@type":"EntryPoint","urlTemplate":"https:\/\/www.welovecycling.com\/es\/?s={search_term_string}"},"query-input":{"@type":"PropertyValueSpecification","valueRequired":true,"valueName":"search_term_string"}}],"inLanguage":"es-ES"},{"@type":"Person","@id":"https:\/\/www.welovecycling.com\/es\/#\/schema\/person\/deb61715b5812698ee79fb96f343ccd4","name":"We Love Cycling Spain","image":{"@type":"ImageObject","inLanguage":"es-ES","@id":"https:\/\/www.welovecycling.com\/es\/#\/schema\/person\/image\/","url":"https:\/\/secure.gravatar.com\/avatar\/c824b04e6df0e37a03219d0b6481672889df542894588964102459e46513159c?s=96&d=mm&r=g","contentUrl":"https:\/\/secure.gravatar.com\/avatar\/c824b04e6df0e37a03219d0b6481672889df542894588964102459e46513159c?s=96&d=mm&r=g","caption":"We Love Cycling Spain"},"url":"https:\/\/www.welovecycling.com\/es\/author\/amunoz\/"}]}},"_links":{"self":[{"href":"https:\/\/www.welovecycling.com\/es\/wp-json\/wp\/v2\/posts\/10765","targetHints":{"allow":["GET"]}}],"collection":[{"href":"https:\/\/www.welovecycling.com\/es\/wp-json\/wp\/v2\/posts"}],"about":[{"href":"https:\/\/www.welovecycling.com\/es\/wp-json\/wp\/v2\/types\/post"}],"author":[{"embeddable":true,"href":"https:\/\/www.welovecycling.com\/es\/wp-json\/wp\/v2\/users\/29"}],"replies":[{"embeddable":true,"href":"https:\/\/www.welovecycling.com\/es\/wp-json\/wp\/v2\/comments?post=10765"}],"version-history":[{"count":1,"href":"https:\/\/www.welovecycling.com\/es\/wp-json\/wp\/v2\/posts\/10765\/revisions"}],"predecessor-version":[{"id":10767,"href":"https:\/\/www.welovecycling.com\/es\/wp-json\/wp\/v2\/posts\/10765\/revisions\/10767"}],"wp:featuredmedia":[{"embeddable":true,"href":"https:\/\/www.welovecycling.com\/es\/wp-json\/wp\/v2\/media\/10766"}],"wp:attachment":[{"href":"https:\/\/www.welovecycling.com\/es\/wp-json\/wp\/v2\/media?parent=10765"}],"wp:term":[{"taxonomy":"category","embeddable":true,"href":"https:\/\/www.welovecycling.com\/es\/wp-json\/wp\/v2\/categories?post=10765"},{"taxonomy":"post_tag","embeddable":true,"href":"https:\/\/www.welovecycling.com\/es\/wp-json\/wp\/v2\/tags?post=10765"},{"taxonomy":"global-categories","embeddable":true,"href":"https:\/\/www.welovecycling.com\/es\/wp-json\/wp\/v2\/global-categories?post=10765"}],"curies":[{"name":"wp","href":"https:\/\/api.w.org\/{rel}","templated":true}]}}